{"id":3725,"date":"2012-01-07T10:49:22","date_gmt":"2012-01-07T08:49:22","guid":{"rendered":"http:\/\/www.tafeldeko.de\/news\/?p=3725"},"modified":"2012-01-07T10:49:22","modified_gmt":"2012-01-07T08:49:22","slug":"deko-fuer-ostern-ein-muss-fuer-jedermann","status":"publish","type":"post","link":"https:\/\/www.tafeldeko.de\/news\/deko-fuer-ostern-ein-muss-fuer-jedermann\/","title":{"rendered":"Deko f\u00fcr Ostern &#8211; ein Muss f\u00fcr jedermann"},"content":{"rendered":"<p>Die <b>Dekoration in der Osterzeit<\/b> geh\u00f6rt f\u00fcr viele Menschen genauso dazu, wie das Verpacken von Geschenken, das F\u00e4rben der Ostereier und das Backen der kleinen Osterl\u00e4mmer. Die Deko vers\u00fc\u00dft die Vorfreude auf Ostern. Wie gro\u00df die <b>Deko <\/b>ausf\u00e4llt, ist von Haushalt zu Haushalt unterschiedlich. Aber das ist das Sch\u00f6ne daran, weil keine Deko im gleichen Ma\u00df ausf\u00e4llt.<br \/>\nBei der <b><a href=\"https:\/\/www.tafeldeko.de\/shop_content.php\/coID\/212_Deko.html\">Deko<\/a> zu Ostern<\/b> kann man viele Dinge ins Spiel bringen, das kann mit dem <i>Osterstrau\u00df mit den Ostereiern<\/i> beginnen und mit \u00f6sterlichen Arrangements f\u00fcr Tische und M\u00f6bel enden.<br \/>\nJeder hat eine andere Vorstellung der <b>Oster-Deko<\/b> und somit kann man mit der Deko etwas ganz Besonderes ausdr\u00fccken. Nicht nur <i>Ostereier <\/i>oder andere Deko-Accessoires in einer Vase oder <i>Gestecke mit Osterhasen und Ostereiern<\/i> lassen Osterstimmung aufkommen, sondern auch der Duft der ersten Fr\u00fchlingsboten aus dem Garten. Alles tr\u00e4gt zu einer sch\u00f6nen Osterzeit bei und Vorfreude ist bekanntlich die sch\u00f6nste Freude.<br \/>\nWie man sieht, kann man mit der <b>Deko <\/b>ein \u00f6sterliches Flair in die Wohnung zaubern und die Farben k\u00f6nnen so ausgew\u00e4hlt werden, dass sie zum entsprechenden Raum passen. Das Farbkonzept der Wohnung kann sich ebenfalls in der Dekoration widerspiegeln und f\u00fcr eine gem\u00fctliche Atmosph\u00e4re sorgen. Auch in Punkto <b>Osterdekoration <\/b>kann man sich etwas Nettes einfallen lassen und in einer feierlichen Atmosph\u00e4re die Zeit genie\u00dfen.<br \/>\n<b>Eine sch\u00f6n dekorierte Wohnung<\/b> bietet einen idealen R\u00fcckzugsort nach einem stressigen Arbeitstag oder zum Entspannen. Musik kann den Effekt verst\u00e4rken und das Wohlgef\u00fchl verbessern und sogar steigern. Die <b>Dekoration <\/b>hat eine gr\u00f6\u00dfere Wirkung, als man glauben mag und deshalb sollte man schnellstm\u00f6glich mit dem Dekorieren beginnen, ob f\u00fcr Ostern oder einen anderen Anlass.<\/p>\n","protected":false},"excerpt":{"rendered":"<p>Die Dekoration in der Osterzeit geh\u00f6rt f\u00fcr viele Menschen genauso dazu, wie das Verpacken von Geschenken, das F\u00e4rben der Ostereier und das Backen der kleinen Osterl\u00e4mmer. Die Deko vers\u00fc\u00dft die Vorfreude auf Ostern. Wie gro\u00df die Deko ausf\u00e4llt, ist von Haushalt zu Haushalt unterschiedlich. Aber das ist das Sch\u00f6ne daran, weil keine Deko im gleichen [&hellip;]<\/p>\n","protected":false},"author":2,"featured_media":0,"comment_status":"open","ping_status":"open","sticky":false,"template":"","format":"standard","meta":{"footnotes":""},"categories":[1],"tags":[],"yoast_head":"<!-- This site is optimized with the Yoast SEO plugin v20.4 - https:\/\/yoast.com\/wordpress\/plugins\/seo\/ -->\n<title>Deko f\u00fcr Ostern - ein Muss f\u00fcr jedermann - Tafeldeko<\/title>\n<meta name=\"description\" content=\"Die Dekoration in der Osterzeit geh\u00f6rt f\u00fcr viele Menschen genauso dazu, wie das Verpacken von Geschenken, das F\u00e4rben der Ostereier und das Backen der\" \/>\n<meta name=\"robots\" content=\"index, follow, max-snippet:-1, max-image-preview:large, max-video-preview:-1\" \/>\n<link rel=\"canonical\" href=\"https:\/\/www.tafeldeko.de\/news\/deko-fuer-ostern-ein-muss-fuer-jedermann\/\" \/>\n<meta property=\"og:locale\" content=\"de_DE\" \/>\n<meta property=\"og:type\" content=\"article\" \/>\n<meta property=\"og:title\" content=\"Deko f\u00fcr Ostern - ein Muss f\u00fcr jedermann - Tafeldeko\" \/>\n<meta property=\"og:description\" content=\"Die Dekoration in der Osterzeit geh\u00f6rt f\u00fcr viele Menschen genauso dazu, wie das Verpacken von Geschenken, das F\u00e4rben der Ostereier und das Backen der\" \/>\n<meta property=\"og:url\" content=\"https:\/\/www.tafeldeko.de\/news\/deko-fuer-ostern-ein-muss-fuer-jedermann\/\" \/>\n<meta property=\"og:site_name\" content=\"Tafeldeko\" \/>\n<meta property=\"article:publisher\" content=\"https:\/\/www.facebook.com\/pages\/Tafeldeko-einzigartige-Tischdekoration\/174202655894\" \/>\n<meta property=\"article:published_time\" content=\"2012-01-07T08:49:22+00:00\" \/>\n<meta name=\"author\" content=\"Christiane Stein\" \/>\n<meta name=\"twitter:label1\" content=\"Verfasst von\" \/>\n\t<meta name=\"twitter:data1\" content=\"Christiane Stein\" \/>\n\t<meta name=\"twitter:label2\" content=\"Gesch\u00e4tzte Lesezeit\" \/>\n\t<meta name=\"twitter:data2\" content=\"1 Minute\" \/>\n<script type=\"application\/ld+json\" class=\"yoast-schema-graph\">{\"@context\":\"https:\/\/schema.org\",\"@graph\":[{\"@type\":\"WebPage\",\"@id\":\"https:\/\/www.tafeldeko.de\/news\/deko-fuer-ostern-ein-muss-fuer-jedermann\/\",\"url\":\"https:\/\/www.tafeldeko.de\/news\/deko-fuer-ostern-ein-muss-fuer-jedermann\/\",\"name\":\"Deko f\u00fcr Ostern - ein Muss f\u00fcr jedermann - Tafeldeko\",\"isPartOf\":{\"@id\":\"https:\/\/www.tafeldeko.de\/news\/#website\"},\"datePublished\":\"2012-01-07T08:49:22+00:00\",\"dateModified\":\"2012-01-07T08:49:22+00:00\",\"author\":{\"@id\":\"https:\/\/www.tafeldeko.de\/news\/#\/schema\/person\/d2acd86447ed0b6336089a8ba83164a0\"},\"description\":\"Die Dekoration in der Osterzeit geh\u00f6rt f\u00fcr viele Menschen genauso dazu, wie das Verpacken von Geschenken, das F\u00e4rben der Ostereier und das Backen der\",\"breadcrumb\":{\"@id\":\"https:\/\/www.tafeldeko.de\/news\/deko-fuer-ostern-ein-muss-fuer-jedermann\/#breadcrumb\"},\"inLanguage\":\"de-DE\",\"potentialAction\":[{\"@type\":\"ReadAction\",\"target\":[\"https:\/\/www.tafeldeko.de\/news\/deko-fuer-ostern-ein-muss-fuer-jedermann\/\"]}]},{\"@type\":\"BreadcrumbList\",\"@id\":\"https:\/\/www.tafeldeko.de\/news\/deko-fuer-ostern-ein-muss-fuer-jedermann\/#breadcrumb\",\"itemListElement\":[{\"@type\":\"ListItem\",\"position\":1,\"name\":\"Tafeldeko\",\"item\":\"https:\/\/www.tafeldeko.de\/news\/\"},{\"@type\":\"ListItem\",\"position\":2,\"name\":\"Alte Beitr\u00e4ge\",\"item\":\"https:\/\/www.tafeldeko.de\/news\/alte-beitraege\/\"},{\"@type\":\"ListItem\",\"position\":3,\"name\":\"Tischdeko - Blog\",\"item\":\"https:\/\/www.tafeldeko.de\/news\/alte-beitraege\/tischdeko-blog\/\"},{\"@type\":\"ListItem\",\"position\":4,\"name\":\"Deko f\u00fcr Ostern &#8211; ein Muss f\u00fcr jedermann\"}]},{\"@type\":\"WebSite\",\"@id\":\"https:\/\/www.tafeldeko.de\/news\/#website\",\"url\":\"https:\/\/www.tafeldeko.de\/news\/\",\"name\":\"Tafeldeko\",\"description\":\"Blog mit Tischdeko und Tischdekoration Ideen\",\"potentialAction\":[{\"@type\":\"SearchAction\",\"target\":{\"@type\":\"EntryPoint\",\"urlTemplate\":\"https:\/\/www.tafeldeko.de\/news\/?s={search_term_string}\"},\"query-input\":\"required name=search_term_string\"}],\"inLanguage\":\"de-DE\"},{\"@type\":\"Person\",\"@id\":\"https:\/\/www.tafeldeko.de\/news\/#\/schema\/person\/d2acd86447ed0b6336089a8ba83164a0\",\"name\":\"Christiane Stein\",\"image\":{\"@type\":\"ImageObject\",\"inLanguage\":\"de-DE\",\"@id\":\"https:\/\/www.tafeldeko.de\/news\/#\/schema\/person\/image\/\",\"url\":\"https:\/\/secure.gravatar.com\/avatar\/2054729fbfd1ebc9d3cf1fd55361d0b6?s=96&d=mm&r=g\",\"contentUrl\":\"https:\/\/secure.gravatar.com\/avatar\/2054729fbfd1ebc9d3cf1fd55361d0b6?s=96&d=mm&r=g\",\"caption\":\"Christiane Stein\"}}]}<\/script>\n<!-- \/ Yoast SEO plugin. -->","yoast_head_json":{"title":"Deko f\u00fcr Ostern - ein Muss f\u00fcr jedermann - Tafeldeko","description":"Die Dekoration in der Osterzeit geh\u00f6rt f\u00fcr viele Menschen genauso dazu, wie das Verpacken von Geschenken, das F\u00e4rben der Ostereier und das Backen der","robots":{"index":"index","follow":"follow","max-snippet":"max-snippet:-1","max-image-preview":"max-image-preview:large","max-video-preview":"max-video-preview:-1"},"canonical":"https:\/\/www.tafeldeko.de\/news\/deko-fuer-ostern-ein-muss-fuer-jedermann\/","og_locale":"de_DE","og_type":"article","og_title":"Deko f\u00fcr Ostern - ein Muss f\u00fcr jedermann - Tafeldeko","og_description":"Die Dekoration in der Osterzeit geh\u00f6rt f\u00fcr viele Menschen genauso dazu, wie das Verpacken von Geschenken, das F\u00e4rben der Ostereier und das Backen der","og_url":"https:\/\/www.tafeldeko.de\/news\/deko-fuer-ostern-ein-muss-fuer-jedermann\/","og_site_name":"Tafeldeko","article_publisher":"https:\/\/www.facebook.com\/pages\/Tafeldeko-einzigartige-Tischdekoration\/174202655894","article_published_time":"2012-01-07T08:49:22+00:00","author":"Christiane Stein","twitter_misc":{"Verfasst von":"Christiane Stein","Gesch\u00e4tzte Lesezeit":"1 Minute"},"schema":{"@context":"https:\/\/schema.org","@graph":[{"@type":"WebPage","@id":"https:\/\/www.tafeldeko.de\/news\/deko-fuer-ostern-ein-muss-fuer-jedermann\/","url":"https:\/\/www.tafeldeko.de\/news\/deko-fuer-ostern-ein-muss-fuer-jedermann\/","name":"Deko f\u00fcr Ostern - ein Muss f\u00fcr jedermann - Tafeldeko","isPartOf":{"@id":"https:\/\/www.tafeldeko.de\/news\/#website"},"datePublished":"2012-01-07T08:49:22+00:00","dateModified":"2012-01-07T08:49:22+00:00","author":{"@id":"https:\/\/www.tafeldeko.de\/news\/#\/schema\/person\/d2acd86447ed0b6336089a8ba83164a0"},"description":"Die Dekoration in der Osterzeit geh\u00f6rt f\u00fcr viele Menschen genauso dazu, wie das Verpacken von Geschenken, das F\u00e4rben der Ostereier und das Backen der","breadcrumb":{"@id":"https:\/\/www.tafeldeko.de\/news\/deko-fuer-ostern-ein-muss-fuer-jedermann\/#breadcrumb"},"inLanguage":"de-DE","potentialAction":[{"@type":"ReadAction","target":["https:\/\/www.tafeldeko.de\/news\/deko-fuer-ostern-ein-muss-fuer-jedermann\/"]}]},{"@type":"BreadcrumbList","@id":"https:\/\/www.tafeldeko.de\/news\/deko-fuer-ostern-ein-muss-fuer-jedermann\/#breadcrumb","itemListElement":[{"@type":"ListItem","position":1,"name":"Tafeldeko","item":"https:\/\/www.tafeldeko.de\/news\/"},{"@type":"ListItem","position":2,"name":"Alte Beitr\u00e4ge","item":"https:\/\/www.tafeldeko.de\/news\/alte-beitraege\/"},{"@type":"ListItem","position":3,"name":"Tischdeko - Blog","item":"https:\/\/www.tafeldeko.de\/news\/alte-beitraege\/tischdeko-blog\/"},{"@type":"ListItem","position":4,"name":"Deko f\u00fcr Ostern &#8211; ein Muss f\u00fcr jedermann"}]},{"@type":"WebSite","@id":"https:\/\/www.tafeldeko.de\/news\/#website","url":"https:\/\/www.tafeldeko.de\/news\/","name":"Tafeldeko","description":"Blog mit Tischdeko und Tischdekoration Ideen","potentialAction":[{"@type":"SearchAction","target":{"@type":"EntryPoint","urlTemplate":"https:\/\/www.tafeldeko.de\/news\/?s={search_term_string}"},"query-input":"required name=search_term_string"}],"inLanguage":"de-DE"},{"@type":"Person","@id":"https:\/\/www.tafeldeko.de\/news\/#\/schema\/person\/d2acd86447ed0b6336089a8ba83164a0","name":"Christiane Stein","image":{"@type":"ImageObject","inLanguage":"de-DE","@id":"https:\/\/www.tafeldeko.de\/news\/#\/schema\/person\/image\/","url":"https:\/\/secure.gravatar.com\/avatar\/2054729fbfd1ebc9d3cf1fd55361d0b6?s=96&d=mm&r=g","contentUrl":"https:\/\/secure.gravatar.com\/avatar\/2054729fbfd1ebc9d3cf1fd55361d0b6?s=96&d=mm&r=g","caption":"Christiane Stein"}}]}},"_links":{"self":[{"href":"https:\/\/www.tafeldeko.de\/news\/wp-json\/wp\/v2\/posts\/3725"}],"collection":[{"href":"https:\/\/www.tafeldeko.de\/news\/wp-json\/wp\/v2\/posts"}],"about":[{"href":"https:\/\/www.tafeldeko.de\/news\/wp-json\/wp\/v2\/types\/post"}],"author":[{"embeddable":true,"href":"https:\/\/www.tafeldeko.de\/news\/wp-json\/wp\/v2\/users\/2"}],"replies":[{"embeddable":true,"href":"https:\/\/www.tafeldeko.de\/news\/wp-json\/wp\/v2\/comments?post=3725"}],"version-history":[{"count":0,"href":"https:\/\/www.tafeldeko.de\/news\/wp-json\/wp\/v2\/posts\/3725\/revisions"}],"wp:attachment":[{"href":"https:\/\/www.tafeldeko.de\/news\/wp-json\/wp\/v2\/media?parent=3725"}],"wp:term":[{"taxonomy":"category","embeddable":true,"href":"https:\/\/www.tafeldeko.de\/news\/wp-json\/wp\/v2\/categories?post=3725"},{"taxonomy":"post_tag","embeddable":true,"href":"https:\/\/www.tafeldeko.de\/news\/wp-json\/wp\/v2\/tags?post=3725"}],"curies":[{"name":"wp","href":"https:\/\/api.w.org\/{rel}","templated":true}]}}