{"id":3723,"date":"2012-01-05T20:30:07","date_gmt":"2012-01-05T18:30:07","guid":{"rendered":"http:\/\/www.tafeldeko.de\/news\/?p=3723"},"modified":"2012-01-05T20:30:07","modified_gmt":"2012-01-05T18:30:07","slug":"dekorationen-mit-fotos-schoene-und-individuelle-waende","status":"publish","type":"post","link":"https:\/\/www.tafeldeko.de\/news\/dekorationen-mit-fotos-schoene-und-individuelle-waende\/","title":{"rendered":"Dekorationen mit Fotos \u2013 sch\u00f6ne und individuelle W\u00e4nde"},"content":{"rendered":"<p>Eine Wohnung lebt auf eine gewisse Art und Weise mit der <b>Deko<\/b>.<br \/>\n<b>Dekorationen innerhalb der R\u00e4ume<\/b> k\u00f6nnen wundervolle Akzente setzen und das gewisse pers\u00f6nliche Ma\u00df verk\u00f6rpern. Ein Raum, der dekoriert ist, wirkt<i> w\u00e4rmer und sch\u00f6ner<\/i> als ein Raum, der lediglich mit M\u00f6beln best\u00fcckt ist.<br \/>\nWie die <b>Deko <\/b>des Raumes aussieht, ist ganz verschieden und richtig sich in erster Linie nach dem Geschmack der Bewohner. Manche lieben die <b><a href=\"https:\/\/www.tafeldeko.de\/shop_content.php\/coID\/212_Deko.html\">Deko<\/a> <\/b>schlicht und einfach, andere m\u00f6chten mit der Deko dem Raum ein ganz besonderes Bild verleihen.<br \/>\n<b>Verschiedene Trends<\/b> spielen auch in der Dekoration eine gro\u00dfe Rolle, beispielsweise die <i>Flower-Power-Zeit<\/i>, in der alles bunt und blumig war. Auch solche Dekorationen findet man in manchen Wohnungen \u2013 eben ganz nach der Stilrichtung ihrer Bewohner geschm\u00fcckt.<br \/>\nAuf der Suche nach diversen <b>Deko-M\u00f6glichkeiten<\/b> nutzt man heute gerne das Internet. Durch die Eingabe der Suchbegriffe wird man in aller Regel schnell f\u00fcndig und findet die eine oder andere Anregung f\u00fcr die Deko der eigenen vier W\u00e4nde.<br \/>\n<b>Bildergalerien <\/b>geh\u00f6ren beispielsweise oftmals zu den <b>Dekorationen <\/b>innerhalb eines Raumes. Eine oder auch mehrere W\u00e4nde werden mit Bildern von Kindertagen, Verwandten, Eltern, Freunden und anderen Schnappsch\u00fcssen behangen, doch meistens mit verschiedenen Bilderrahmen.<br \/>\nDies bringt nat\u00fcrlich eine gewisse Unruhe in die Deko, das Gesamtbild ist nicht stimmig.<br \/>\nDeshalb k\u00f6nnte man sich einer besonderen Art der <b>Deko mit Fotos<\/b> bedienen.<br \/>\nEine Wand wird mit Tapete beklebt und auf diese Tapete werden die verschiedenen Fotos geklebt. Dies hat den Vorteil, dass man zum einen sozusagen die <b>Ahnengalerie als Deko <\/b>hat und zum anderen, dass nicht verschieden farbige Bilderrahmen st\u00f6rend wirken.<br \/>\nWer m\u00f6chte und sich sozusagen \u201egestalterisch\u201c etwas austoben m\u00f6chte, kann um die einzelnen Bilder angedeutete Bilderrahmen malen. So ergibt sich ein tolles Gesamtbild, die einzelnen Fotos kommen hervorragend zur Geltung und vor allen Dingen hat man die <b>Deko mit Fotos<\/b> schnell gestaltet. <\/p>\n","protected":false},"excerpt":{"rendered":"<p>Eine Wohnung lebt auf eine gewisse Art und Weise mit der Deko. Dekorationen innerhalb der R\u00e4ume k\u00f6nnen wundervolle Akzente setzen und das gewisse pers\u00f6nliche Ma\u00df verk\u00f6rpern. Ein Raum, der dekoriert ist, wirkt w\u00e4rmer und sch\u00f6ner als ein Raum, der lediglich mit M\u00f6beln best\u00fcckt ist. Wie die Deko des Raumes aussieht, ist ganz verschieden und richtig [&hellip;]<\/p>\n","protected":false},"author":2,"featured_media":0,"comment_status":"open","ping_status":"open","sticky":false,"template":"","format":"standard","meta":{"footnotes":""},"categories":[1],"tags":[],"yoast_head":"<!-- This site is optimized with the Yoast SEO plugin v20.4 - https:\/\/yoast.com\/wordpress\/plugins\/seo\/ -->\n<title>Dekorationen mit Fotos \u2013 sch\u00f6ne und individuelle W\u00e4nde - Tafeldeko<\/title>\n<meta name=\"description\" content=\"Eine Wohnung lebt auf eine gewisse Art und Weise mit der Deko. Dekorationen innerhalb der R\u00e4ume k\u00f6nnen wundervolle Akzente setzen und das gewisse\" \/>\n<meta name=\"robots\" content=\"index, follow, max-snippet:-1, max-image-preview:large, max-video-preview:-1\" \/>\n<link rel=\"canonical\" href=\"https:\/\/www.tafeldeko.de\/news\/dekorationen-mit-fotos-schoene-und-individuelle-waende\/\" \/>\n<meta property=\"og:locale\" content=\"de_DE\" \/>\n<meta property=\"og:type\" content=\"article\" \/>\n<meta property=\"og:title\" content=\"Dekorationen mit Fotos \u2013 sch\u00f6ne und individuelle W\u00e4nde - Tafeldeko\" \/>\n<meta property=\"og:description\" content=\"Eine Wohnung lebt auf eine gewisse Art und Weise mit der Deko. Dekorationen innerhalb der R\u00e4ume k\u00f6nnen wundervolle Akzente setzen und das gewisse\" \/>\n<meta property=\"og:url\" content=\"https:\/\/www.tafeldeko.de\/news\/dekorationen-mit-fotos-schoene-und-individuelle-waende\/\" \/>\n<meta property=\"og:site_name\" content=\"Tafeldeko\" \/>\n<meta property=\"article:publisher\" content=\"https:\/\/www.facebook.com\/pages\/Tafeldeko-einzigartige-Tischdekoration\/174202655894\" \/>\n<meta property=\"article:published_time\" content=\"2012-01-05T18:30:07+00:00\" \/>\n<meta name=\"author\" content=\"Christiane Stein\" \/>\n<meta name=\"twitter:label1\" content=\"Verfasst von\" \/>\n\t<meta name=\"twitter:data1\" content=\"Christiane Stein\" \/>\n\t<meta name=\"twitter:label2\" content=\"Gesch\u00e4tzte Lesezeit\" \/>\n\t<meta name=\"twitter:data2\" content=\"2 Minuten\" \/>\n<script type=\"application\/ld+json\" class=\"yoast-schema-graph\">{\"@context\":\"https:\/\/schema.org\",\"@graph\":[{\"@type\":\"WebPage\",\"@id\":\"https:\/\/www.tafeldeko.de\/news\/dekorationen-mit-fotos-schoene-und-individuelle-waende\/\",\"url\":\"https:\/\/www.tafeldeko.de\/news\/dekorationen-mit-fotos-schoene-und-individuelle-waende\/\",\"name\":\"Dekorationen mit Fotos \u2013 sch\u00f6ne und individuelle W\u00e4nde - Tafeldeko\",\"isPartOf\":{\"@id\":\"https:\/\/www.tafeldeko.de\/news\/#website\"},\"datePublished\":\"2012-01-05T18:30:07+00:00\",\"dateModified\":\"2012-01-05T18:30:07+00:00\",\"author\":{\"@id\":\"https:\/\/www.tafeldeko.de\/news\/#\/schema\/person\/d2acd86447ed0b6336089a8ba83164a0\"},\"description\":\"Eine Wohnung lebt auf eine gewisse Art und Weise mit der Deko. Dekorationen innerhalb der R\u00e4ume k\u00f6nnen wundervolle Akzente setzen und das gewisse\",\"breadcrumb\":{\"@id\":\"https:\/\/www.tafeldeko.de\/news\/dekorationen-mit-fotos-schoene-und-individuelle-waende\/#breadcrumb\"},\"inLanguage\":\"de-DE\",\"potentialAction\":[{\"@type\":\"ReadAction\",\"target\":[\"https:\/\/www.tafeldeko.de\/news\/dekorationen-mit-fotos-schoene-und-individuelle-waende\/\"]}]},{\"@type\":\"BreadcrumbList\",\"@id\":\"https:\/\/www.tafeldeko.de\/news\/dekorationen-mit-fotos-schoene-und-individuelle-waende\/#breadcrumb\",\"itemListElement\":[{\"@type\":\"ListItem\",\"position\":1,\"name\":\"Tafeldeko\",\"item\":\"https:\/\/www.tafeldeko.de\/news\/\"},{\"@type\":\"ListItem\",\"position\":2,\"name\":\"Alte Beitr\u00e4ge\",\"item\":\"https:\/\/www.tafeldeko.de\/news\/alte-beitraege\/\"},{\"@type\":\"ListItem\",\"position\":3,\"name\":\"Tischdeko - Blog\",\"item\":\"https:\/\/www.tafeldeko.de\/news\/alte-beitraege\/tischdeko-blog\/\"},{\"@type\":\"ListItem\",\"position\":4,\"name\":\"Dekorationen mit Fotos \u2013 sch\u00f6ne und individuelle W\u00e4nde\"}]},{\"@type\":\"WebSite\",\"@id\":\"https:\/\/www.tafeldeko.de\/news\/#website\",\"url\":\"https:\/\/www.tafeldeko.de\/news\/\",\"name\":\"Tafeldeko\",\"description\":\"Blog mit Tischdeko und Tischdekoration Ideen\",\"potentialAction\":[{\"@type\":\"SearchAction\",\"target\":{\"@type\":\"EntryPoint\",\"urlTemplate\":\"https:\/\/www.tafeldeko.de\/news\/?s={search_term_string}\"},\"query-input\":\"required name=search_term_string\"}],\"inLanguage\":\"de-DE\"},{\"@type\":\"Person\",\"@id\":\"https:\/\/www.tafeldeko.de\/news\/#\/schema\/person\/d2acd86447ed0b6336089a8ba83164a0\",\"name\":\"Christiane Stein\",\"image\":{\"@type\":\"ImageObject\",\"inLanguage\":\"de-DE\",\"@id\":\"https:\/\/www.tafeldeko.de\/news\/#\/schema\/person\/image\/\",\"url\":\"https:\/\/secure.gravatar.com\/avatar\/2054729fbfd1ebc9d3cf1fd55361d0b6?s=96&d=mm&r=g\",\"contentUrl\":\"https:\/\/secure.gravatar.com\/avatar\/2054729fbfd1ebc9d3cf1fd55361d0b6?s=96&d=mm&r=g\",\"caption\":\"Christiane Stein\"}}]}<\/script>\n<!-- \/ Yoast SEO plugin. -->","yoast_head_json":{"title":"Dekorationen mit Fotos \u2013 sch\u00f6ne und individuelle W\u00e4nde - Tafeldeko","description":"Eine Wohnung lebt auf eine gewisse Art und Weise mit der Deko. Dekorationen innerhalb der R\u00e4ume k\u00f6nnen wundervolle Akzente setzen und das gewisse","robots":{"index":"index","follow":"follow","max-snippet":"max-snippet:-1","max-image-preview":"max-image-preview:large","max-video-preview":"max-video-preview:-1"},"canonical":"https:\/\/www.tafeldeko.de\/news\/dekorationen-mit-fotos-schoene-und-individuelle-waende\/","og_locale":"de_DE","og_type":"article","og_title":"Dekorationen mit Fotos \u2013 sch\u00f6ne und individuelle W\u00e4nde - Tafeldeko","og_description":"Eine Wohnung lebt auf eine gewisse Art und Weise mit der Deko. Dekorationen innerhalb der R\u00e4ume k\u00f6nnen wundervolle Akzente setzen und das gewisse","og_url":"https:\/\/www.tafeldeko.de\/news\/dekorationen-mit-fotos-schoene-und-individuelle-waende\/","og_site_name":"Tafeldeko","article_publisher":"https:\/\/www.facebook.com\/pages\/Tafeldeko-einzigartige-Tischdekoration\/174202655894","article_published_time":"2012-01-05T18:30:07+00:00","author":"Christiane Stein","twitter_misc":{"Verfasst von":"Christiane Stein","Gesch\u00e4tzte Lesezeit":"2 Minuten"},"schema":{"@context":"https:\/\/schema.org","@graph":[{"@type":"WebPage","@id":"https:\/\/www.tafeldeko.de\/news\/dekorationen-mit-fotos-schoene-und-individuelle-waende\/","url":"https:\/\/www.tafeldeko.de\/news\/dekorationen-mit-fotos-schoene-und-individuelle-waende\/","name":"Dekorationen mit Fotos \u2013 sch\u00f6ne und individuelle W\u00e4nde - Tafeldeko","isPartOf":{"@id":"https:\/\/www.tafeldeko.de\/news\/#website"},"datePublished":"2012-01-05T18:30:07+00:00","dateModified":"2012-01-05T18:30:07+00:00","author":{"@id":"https:\/\/www.tafeldeko.de\/news\/#\/schema\/person\/d2acd86447ed0b6336089a8ba83164a0"},"description":"Eine Wohnung lebt auf eine gewisse Art und Weise mit der Deko. Dekorationen innerhalb der R\u00e4ume k\u00f6nnen wundervolle Akzente setzen und das gewisse","breadcrumb":{"@id":"https:\/\/www.tafeldeko.de\/news\/dekorationen-mit-fotos-schoene-und-individuelle-waende\/#breadcrumb"},"inLanguage":"de-DE","potentialAction":[{"@type":"ReadAction","target":["https:\/\/www.tafeldeko.de\/news\/dekorationen-mit-fotos-schoene-und-individuelle-waende\/"]}]},{"@type":"BreadcrumbList","@id":"https:\/\/www.tafeldeko.de\/news\/dekorationen-mit-fotos-schoene-und-individuelle-waende\/#breadcrumb","itemListElement":[{"@type":"ListItem","position":1,"name":"Tafeldeko","item":"https:\/\/www.tafeldeko.de\/news\/"},{"@type":"ListItem","position":2,"name":"Alte Beitr\u00e4ge","item":"https:\/\/www.tafeldeko.de\/news\/alte-beitraege\/"},{"@type":"ListItem","position":3,"name":"Tischdeko - Blog","item":"https:\/\/www.tafeldeko.de\/news\/alte-beitraege\/tischdeko-blog\/"},{"@type":"ListItem","position":4,"name":"Dekorationen mit Fotos \u2013 sch\u00f6ne und individuelle W\u00e4nde"}]},{"@type":"WebSite","@id":"https:\/\/www.tafeldeko.de\/news\/#website","url":"https:\/\/www.tafeldeko.de\/news\/","name":"Tafeldeko","description":"Blog mit Tischdeko und Tischdekoration Ideen","potentialAction":[{"@type":"SearchAction","target":{"@type":"EntryPoint","urlTemplate":"https:\/\/www.tafeldeko.de\/news\/?s={search_term_string}"},"query-input":"required name=search_term_string"}],"inLanguage":"de-DE"},{"@type":"Person","@id":"https:\/\/www.tafeldeko.de\/news\/#\/schema\/person\/d2acd86447ed0b6336089a8ba83164a0","name":"Christiane Stein","image":{"@type":"ImageObject","inLanguage":"de-DE","@id":"https:\/\/www.tafeldeko.de\/news\/#\/schema\/person\/image\/","url":"https:\/\/secure.gravatar.com\/avatar\/2054729fbfd1ebc9d3cf1fd55361d0b6?s=96&d=mm&r=g","contentUrl":"https:\/\/secure.gravatar.com\/avatar\/2054729fbfd1ebc9d3cf1fd55361d0b6?s=96&d=mm&r=g","caption":"Christiane Stein"}}]}},"_links":{"self":[{"href":"https:\/\/www.tafeldeko.de\/news\/wp-json\/wp\/v2\/posts\/3723"}],"collection":[{"href":"https:\/\/www.tafeldeko.de\/news\/wp-json\/wp\/v2\/posts"}],"about":[{"href":"https:\/\/www.tafeldeko.de\/news\/wp-json\/wp\/v2\/types\/post"}],"author":[{"embeddable":true,"href":"https:\/\/www.tafeldeko.de\/news\/wp-json\/wp\/v2\/users\/2"}],"replies":[{"embeddable":true,"href":"https:\/\/www.tafeldeko.de\/news\/wp-json\/wp\/v2\/comments?post=3723"}],"version-history":[{"count":0,"href":"https:\/\/www.tafeldeko.de\/news\/wp-json\/wp\/v2\/posts\/3723\/revisions"}],"wp:attachment":[{"href":"https:\/\/www.tafeldeko.de\/news\/wp-json\/wp\/v2\/media?parent=3723"}],"wp:term":[{"taxonomy":"category","embeddable":true,"href":"https:\/\/www.tafeldeko.de\/news\/wp-json\/wp\/v2\/categories?post=3723"},{"taxonomy":"post_tag","embeddable":true,"href":"https:\/\/www.tafeldeko.de\/news\/wp-json\/wp\/v2\/tags?post=3723"}],"curies":[{"name":"wp","href":"https:\/\/api.w.org\/{rel}","templated":true}]}}