{"id":3718,"date":"2011-12-23T16:43:32","date_gmt":"2011-12-23T14:43:32","guid":{"rendered":"http:\/\/www.tafeldeko.de\/news\/?p=3718"},"modified":"2011-12-23T16:43:32","modified_gmt":"2011-12-23T14:43:32","slug":"schlichte-deko-fuer-die-wohnung","status":"publish","type":"post","link":"https:\/\/www.tafeldeko.de\/news\/schlichte-deko-fuer-die-wohnung\/","title":{"rendered":"Schlichte Deko f\u00fcr die Wohnung"},"content":{"rendered":"<p><b>Die Wohnung <\/b>\u2013 durch ihre Bewohner erh\u00e4lt jede Wohnung und auch jeder Raum den ganz pers\u00f6nlichen Stil \u2013 sei es durch die Auswahl der M\u00f6bel, der Tapeten, der Bodenbel\u00e4ge und der <b>Deko-Accessoires<\/b>.<br \/>\nAll diese Dinge und nat\u00fcrlich noch einiges mehr, tragen dazu bei, dass ein Raum die <i>Individualit\u00e4t <\/i>der Bewohner ausdr\u00fcckt und das Ganze wohnlich macht.<br \/>\nAuch wenn man nicht der Freund der oftmals ganz salopp bezeichneten \u201eStaubf\u00e4nger\u201c ist, etwas <b>Deko <\/b>sollte schon sein. Es muss ja nicht die \u00fcppige und \u00fcbertriebene <a href=\"https:\/\/www.tafeldeko.de\/shop_content.php\/coID\/212_Deko.html\">Deko<\/a> eines Raumes sein, sondern die <b>schlichte Deko<\/b>.<br \/>\nOft sagt man: weniger ist mehr und das kann man auch in Bezug auf die Deko eines Raumes oder einer Wohnung sehen. Zu viele<b> Deko-Accessoires<\/b> auf den M\u00f6beln, Fensterb\u00e4nken und sonstigen Stellfl\u00e4chen wirkt zu \u00fcbertrieben und voll, man erh\u00e4lt oft den Eindruck, von den Deko-Materialien erdr\u00fcckt zu werden.<br \/>\nAus diesem Grund sollte man die <b>Deko-Accessoires<\/b> sozusagen mit Bedacht ausw\u00e4hlen, und vielleicht auch anfangs mit nur wenigen Accessoires beginnen. Im Laufe der Zeit kann man sich weitere Accessoires dazu kaufen, denn oft sieht man etwas, das man gerne haben m\u00f6chte \u2013 was auch Abwechslung in die <b>Deko <\/b>einbringt.<br \/>\n<b>Die schlichte Deko<\/b> f\u00fcr die Wohnung muss keinesfalls als langweilig erscheinen, mit den richtigen Accessoires, die man richtig platziert, erh\u00e4lt man eine tolle Deko.<br \/>\n<i>Glasschalen, Teller, Vasen, gro\u00dfe Glasgef\u00e4\u00dfe, Kerzen, Laternen und diverse Deko-Figuren<\/i> sind mitunter M\u00f6glichkeiten, die Wohnung eindrucksvoll zu dekorieren, jedoch eben auf gewisse Weise schlicht.<br \/>\n<b>Schlichte Eleganz<\/b> \u2013 ein Punkt, der auch bei der <b>Deko <\/b>des Raumes passt.<br \/>\nSo wirkt zum Beispiel die moderne und gerade angesagte Gestaltung einer <i>gro\u00dfen Glasvase mit Kugeln aus Rattan, Draht oder anderen Materialien<\/i> sehr sch\u00f6n und passt auch fast \u00fcberall dazu.<br \/>\nEine Abwandlung dieser <b>Deko <\/b>kann sein, dass man zum Beispiel eine <i>kleine Lichterkette <\/i>hinein gibt, die f\u00fcr eine ganz besondere Beleuchtung sorgt \u2013 und das nicht nur zur <i>Weihnachtszeit<\/i>. <\/p>\n","protected":false},"excerpt":{"rendered":"<p>Die Wohnung \u2013 durch ihre Bewohner erh\u00e4lt jede Wohnung und auch jeder Raum den ganz pers\u00f6nlichen Stil \u2013 sei es durch die Auswahl der M\u00f6bel, der Tapeten, der Bodenbel\u00e4ge und der Deko-Accessoires. All diese Dinge und nat\u00fcrlich noch einiges mehr, tragen dazu bei, dass ein Raum die Individualit\u00e4t der Bewohner ausdr\u00fcckt und das Ganze wohnlich [&hellip;]<\/p>\n","protected":false},"author":2,"featured_media":0,"comment_status":"open","ping_status":"open","sticky":false,"template":"","format":"standard","meta":{"footnotes":""},"categories":[1],"tags":[],"yoast_head":"<!-- This site is optimized with the Yoast SEO plugin v20.4 - https:\/\/yoast.com\/wordpress\/plugins\/seo\/ -->\n<title>Schlichte Deko f\u00fcr die Wohnung - Tafeldeko<\/title>\n<meta name=\"description\" content=\"Die Wohnung \u2013 durch ihre Bewohner erh\u00e4lt jede Wohnung und auch jeder Raum den ganz pers\u00f6nlichen Stil \u2013 sei es durch die Auswahl der M\u00f6bel, der Tapeten,\" \/>\n<meta name=\"robots\" content=\"index, follow, max-snippet:-1, max-image-preview:large, max-video-preview:-1\" \/>\n<link rel=\"canonical\" href=\"https:\/\/www.tafeldeko.de\/news\/schlichte-deko-fuer-die-wohnung\/\" \/>\n<meta property=\"og:locale\" content=\"de_DE\" \/>\n<meta property=\"og:type\" content=\"article\" \/>\n<meta property=\"og:title\" content=\"Schlichte Deko f\u00fcr die Wohnung - Tafeldeko\" \/>\n<meta property=\"og:description\" content=\"Die Wohnung \u2013 durch ihre Bewohner erh\u00e4lt jede Wohnung und auch jeder Raum den ganz pers\u00f6nlichen Stil \u2013 sei es durch die Auswahl der M\u00f6bel, der Tapeten,\" \/>\n<meta property=\"og:url\" content=\"https:\/\/www.tafeldeko.de\/news\/schlichte-deko-fuer-die-wohnung\/\" \/>\n<meta property=\"og:site_name\" content=\"Tafeldeko\" \/>\n<meta property=\"article:publisher\" content=\"https:\/\/www.facebook.com\/pages\/Tafeldeko-einzigartige-Tischdekoration\/174202655894\" \/>\n<meta property=\"article:published_time\" content=\"2011-12-23T14:43:32+00:00\" \/>\n<meta name=\"author\" content=\"Christiane Stein\" \/>\n<meta name=\"twitter:label1\" content=\"Verfasst von\" \/>\n\t<meta name=\"twitter:data1\" content=\"Christiane Stein\" \/>\n\t<meta name=\"twitter:label2\" content=\"Gesch\u00e4tzte Lesezeit\" \/>\n\t<meta name=\"twitter:data2\" content=\"2 Minuten\" \/>\n<script type=\"application\/ld+json\" class=\"yoast-schema-graph\">{\"@context\":\"https:\/\/schema.org\",\"@graph\":[{\"@type\":\"WebPage\",\"@id\":\"https:\/\/www.tafeldeko.de\/news\/schlichte-deko-fuer-die-wohnung\/\",\"url\":\"https:\/\/www.tafeldeko.de\/news\/schlichte-deko-fuer-die-wohnung\/\",\"name\":\"Schlichte Deko f\u00fcr die Wohnung - Tafeldeko\",\"isPartOf\":{\"@id\":\"https:\/\/www.tafeldeko.de\/news\/#website\"},\"datePublished\":\"2011-12-23T14:43:32+00:00\",\"dateModified\":\"2011-12-23T14:43:32+00:00\",\"author\":{\"@id\":\"https:\/\/www.tafeldeko.de\/news\/#\/schema\/person\/d2acd86447ed0b6336089a8ba83164a0\"},\"description\":\"Die Wohnung \u2013 durch ihre Bewohner erh\u00e4lt jede Wohnung und auch jeder Raum den ganz pers\u00f6nlichen Stil \u2013 sei es durch die Auswahl der M\u00f6bel, der Tapeten,\",\"breadcrumb\":{\"@id\":\"https:\/\/www.tafeldeko.de\/news\/schlichte-deko-fuer-die-wohnung\/#breadcrumb\"},\"inLanguage\":\"de-DE\",\"potentialAction\":[{\"@type\":\"ReadAction\",\"target\":[\"https:\/\/www.tafeldeko.de\/news\/schlichte-deko-fuer-die-wohnung\/\"]}]},{\"@type\":\"BreadcrumbList\",\"@id\":\"https:\/\/www.tafeldeko.de\/news\/schlichte-deko-fuer-die-wohnung\/#breadcrumb\",\"itemListElement\":[{\"@type\":\"ListItem\",\"position\":1,\"name\":\"Tafeldeko\",\"item\":\"https:\/\/www.tafeldeko.de\/news\/\"},{\"@type\":\"ListItem\",\"position\":2,\"name\":\"Alte Beitr\u00e4ge\",\"item\":\"https:\/\/www.tafeldeko.de\/news\/alte-beitraege\/\"},{\"@type\":\"ListItem\",\"position\":3,\"name\":\"Tischdeko - Blog\",\"item\":\"https:\/\/www.tafeldeko.de\/news\/alte-beitraege\/tischdeko-blog\/\"},{\"@type\":\"ListItem\",\"position\":4,\"name\":\"Schlichte Deko f\u00fcr die Wohnung\"}]},{\"@type\":\"WebSite\",\"@id\":\"https:\/\/www.tafeldeko.de\/news\/#website\",\"url\":\"https:\/\/www.tafeldeko.de\/news\/\",\"name\":\"Tafeldeko\",\"description\":\"Blog mit Tischdeko und Tischdekoration Ideen\",\"potentialAction\":[{\"@type\":\"SearchAction\",\"target\":{\"@type\":\"EntryPoint\",\"urlTemplate\":\"https:\/\/www.tafeldeko.de\/news\/?s={search_term_string}\"},\"query-input\":\"required name=search_term_string\"}],\"inLanguage\":\"de-DE\"},{\"@type\":\"Person\",\"@id\":\"https:\/\/www.tafeldeko.de\/news\/#\/schema\/person\/d2acd86447ed0b6336089a8ba83164a0\",\"name\":\"Christiane Stein\",\"image\":{\"@type\":\"ImageObject\",\"inLanguage\":\"de-DE\",\"@id\":\"https:\/\/www.tafeldeko.de\/news\/#\/schema\/person\/image\/\",\"url\":\"https:\/\/secure.gravatar.com\/avatar\/2054729fbfd1ebc9d3cf1fd55361d0b6?s=96&d=mm&r=g\",\"contentUrl\":\"https:\/\/secure.gravatar.com\/avatar\/2054729fbfd1ebc9d3cf1fd55361d0b6?s=96&d=mm&r=g\",\"caption\":\"Christiane Stein\"}}]}<\/script>\n<!-- \/ Yoast SEO plugin. -->","yoast_head_json":{"title":"Schlichte Deko f\u00fcr die Wohnung - Tafeldeko","description":"Die Wohnung \u2013 durch ihre Bewohner erh\u00e4lt jede Wohnung und auch jeder Raum den ganz pers\u00f6nlichen Stil \u2013 sei es durch die Auswahl der M\u00f6bel, der Tapeten,","robots":{"index":"index","follow":"follow","max-snippet":"max-snippet:-1","max-image-preview":"max-image-preview:large","max-video-preview":"max-video-preview:-1"},"canonical":"https:\/\/www.tafeldeko.de\/news\/schlichte-deko-fuer-die-wohnung\/","og_locale":"de_DE","og_type":"article","og_title":"Schlichte Deko f\u00fcr die Wohnung - Tafeldeko","og_description":"Die Wohnung \u2013 durch ihre Bewohner erh\u00e4lt jede Wohnung und auch jeder Raum den ganz pers\u00f6nlichen Stil \u2013 sei es durch die Auswahl der M\u00f6bel, der Tapeten,","og_url":"https:\/\/www.tafeldeko.de\/news\/schlichte-deko-fuer-die-wohnung\/","og_site_name":"Tafeldeko","article_publisher":"https:\/\/www.facebook.com\/pages\/Tafeldeko-einzigartige-Tischdekoration\/174202655894","article_published_time":"2011-12-23T14:43:32+00:00","author":"Christiane Stein","twitter_misc":{"Verfasst von":"Christiane Stein","Gesch\u00e4tzte Lesezeit":"2 Minuten"},"schema":{"@context":"https:\/\/schema.org","@graph":[{"@type":"WebPage","@id":"https:\/\/www.tafeldeko.de\/news\/schlichte-deko-fuer-die-wohnung\/","url":"https:\/\/www.tafeldeko.de\/news\/schlichte-deko-fuer-die-wohnung\/","name":"Schlichte Deko f\u00fcr die Wohnung - Tafeldeko","isPartOf":{"@id":"https:\/\/www.tafeldeko.de\/news\/#website"},"datePublished":"2011-12-23T14:43:32+00:00","dateModified":"2011-12-23T14:43:32+00:00","author":{"@id":"https:\/\/www.tafeldeko.de\/news\/#\/schema\/person\/d2acd86447ed0b6336089a8ba83164a0"},"description":"Die Wohnung \u2013 durch ihre Bewohner erh\u00e4lt jede Wohnung und auch jeder Raum den ganz pers\u00f6nlichen Stil \u2013 sei es durch die Auswahl der M\u00f6bel, der Tapeten,","breadcrumb":{"@id":"https:\/\/www.tafeldeko.de\/news\/schlichte-deko-fuer-die-wohnung\/#breadcrumb"},"inLanguage":"de-DE","potentialAction":[{"@type":"ReadAction","target":["https:\/\/www.tafeldeko.de\/news\/schlichte-deko-fuer-die-wohnung\/"]}]},{"@type":"BreadcrumbList","@id":"https:\/\/www.tafeldeko.de\/news\/schlichte-deko-fuer-die-wohnung\/#breadcrumb","itemListElement":[{"@type":"ListItem","position":1,"name":"Tafeldeko","item":"https:\/\/www.tafeldeko.de\/news\/"},{"@type":"ListItem","position":2,"name":"Alte Beitr\u00e4ge","item":"https:\/\/www.tafeldeko.de\/news\/alte-beitraege\/"},{"@type":"ListItem","position":3,"name":"Tischdeko - Blog","item":"https:\/\/www.tafeldeko.de\/news\/alte-beitraege\/tischdeko-blog\/"},{"@type":"ListItem","position":4,"name":"Schlichte Deko f\u00fcr die Wohnung"}]},{"@type":"WebSite","@id":"https:\/\/www.tafeldeko.de\/news\/#website","url":"https:\/\/www.tafeldeko.de\/news\/","name":"Tafeldeko","description":"Blog mit Tischdeko und Tischdekoration Ideen","potentialAction":[{"@type":"SearchAction","target":{"@type":"EntryPoint","urlTemplate":"https:\/\/www.tafeldeko.de\/news\/?s={search_term_string}"},"query-input":"required name=search_term_string"}],"inLanguage":"de-DE"},{"@type":"Person","@id":"https:\/\/www.tafeldeko.de\/news\/#\/schema\/person\/d2acd86447ed0b6336089a8ba83164a0","name":"Christiane Stein","image":{"@type":"ImageObject","inLanguage":"de-DE","@id":"https:\/\/www.tafeldeko.de\/news\/#\/schema\/person\/image\/","url":"https:\/\/secure.gravatar.com\/avatar\/2054729fbfd1ebc9d3cf1fd55361d0b6?s=96&d=mm&r=g","contentUrl":"https:\/\/secure.gravatar.com\/avatar\/2054729fbfd1ebc9d3cf1fd55361d0b6?s=96&d=mm&r=g","caption":"Christiane Stein"}}]}},"_links":{"self":[{"href":"https:\/\/www.tafeldeko.de\/news\/wp-json\/wp\/v2\/posts\/3718"}],"collection":[{"href":"https:\/\/www.tafeldeko.de\/news\/wp-json\/wp\/v2\/posts"}],"about":[{"href":"https:\/\/www.tafeldeko.de\/news\/wp-json\/wp\/v2\/types\/post"}],"author":[{"embeddable":true,"href":"https:\/\/www.tafeldeko.de\/news\/wp-json\/wp\/v2\/users\/2"}],"replies":[{"embeddable":true,"href":"https:\/\/www.tafeldeko.de\/news\/wp-json\/wp\/v2\/comments?post=3718"}],"version-history":[{"count":0,"href":"https:\/\/www.tafeldeko.de\/news\/wp-json\/wp\/v2\/posts\/3718\/revisions"}],"wp:attachment":[{"href":"https:\/\/www.tafeldeko.de\/news\/wp-json\/wp\/v2\/media?parent=3718"}],"wp:term":[{"taxonomy":"category","embeddable":true,"href":"https:\/\/www.tafeldeko.de\/news\/wp-json\/wp\/v2\/categories?post=3718"},{"taxonomy":"post_tag","embeddable":true,"href":"https:\/\/www.tafeldeko.de\/news\/wp-json\/wp\/v2\/tags?post=3718"}],"curies":[{"name":"wp","href":"https:\/\/api.w.org\/{rel}","templated":true}]}}