{"id":3715,"date":"2011-12-23T16:38:37","date_gmt":"2011-12-23T14:38:37","guid":{"rendered":"http:\/\/www.tafeldeko.de\/news\/?p=3715"},"modified":"2011-12-23T16:38:37","modified_gmt":"2011-12-23T14:38:37","slug":"deko-im-glas-viele-deko-varianten","status":"publish","type":"post","link":"https:\/\/www.tafeldeko.de\/news\/deko-im-glas-viele-deko-varianten\/","title":{"rendered":"Deko im Glas \u2013 viele Deko-Varianten"},"content":{"rendered":"<p>M\u00f6bel und R\u00e4ume erhalten durch die <b>Deko <\/b>ein besonderes Aussehen und durch den ausgew\u00e4hlten Stil und die verschiedenen<b> Deko-Accessoires <\/b>auch einen gewissen pers\u00f6nlichen Touch. Jede Wohnung ist auf ihre ganz eigene Art und Weise dekoriert, die eine etwas schlichter, die andere \u00fcppiger und teilweise prunkvoll.<br \/>\n<b>Wie man dekoriert<\/b>, welche Accessoires man verwendet, h\u00e4ngt mit von der pers\u00f6nlichen Einstellung gegen\u00fcber der <b><a href=\"https:\/\/www.tafeldeko.de\/shop_content.php\/coID\/212_Deko.html\">Deko<\/a> <\/b>und dem pers\u00f6nlichen Stil ab. Personen, die sich selbst schlichter kleiden, werden ihren gesamten Lebensstil in aller Regel auch schlicht gestalten und so auch die Deko.<br \/>\nDoch ganz gleich, ob schlicht oder \u00fcppig, <b>Dekorationen im Glas und Dekorationen mit Glas <\/b>passen zu allen Stilrichtungen und Pers\u00f6nlichkeiten.<br \/>\n<b>Die Deko im Glas<\/b> kann sehr vielf\u00e4ltig gestaltet werden, auch saisonale Gestaltungsm\u00f6glichkeiten sind an der Tagesordnung.<br \/>\nDas Glas an sich kann beispielsweise in Form von Vasen, Schalen, Gl\u00e4sern oder Tellern ausgew\u00e4hlt werden, und bildet sozusagen die Grundlage der <b>Deko<\/b>.<br \/>\nGanz modern und angesagt sind momentan gro\u00dfe Gl\u00e4ser, die mit allerlei Deko-Accessoires best\u00fcckt werden.<br \/>\nZur <b>Weihnachtszeit <\/b>k\u00f6nnen <i>Weihnachtskugeln, Lametta, Kunstschnee und andere weihnachtliche Accessoires <\/i>in dem Glas leuchten, vielleicht verleiht eine <i>Lichterkette <\/i>der <b>Deko im Glas<\/b> das stimmungsvolle Licht.<br \/>\nZur <b>Osterzeit <\/b>kann die <b>Deko im Glas<\/b> mit <i>Osterhasen und auch Blumen <\/i>best\u00fcckt werden. Entweder k\u00f6nnen <i>\u00c4ste von den B\u00e4umen<\/i> aus dem Garten als Basis f\u00fcr die Osterdeko verwendet werden oder man pflanzt sogar eine Blume in das Glas hinein. Beide Varianten sind sehr sch\u00f6n und vor allen Dingen nicht allt\u00e4glich.<br \/>\n<b>Die Deko im Glas<\/b> \u2013 w\u00e4hrend des gesamten Jahres kann Dekosand, best\u00fcckt mit einer sch\u00f6nen Kerze \u2013 als Deko auf den M\u00f6beln oder Tischen stehen, oder auch im Garten auf dem Terrassentisch.<br \/>\nM\u00f6glichkeiten, wie man die <b>Deko im Glas <\/b>einsetzt, gibt es wohl ebenso viele wie die Gestaltungsm\u00f6glichkeit des Glases an sich.<br \/>\nWer unbedingt eine solche <b>Deko im Glas<\/b> besitzen m\u00f6chte, jedoch nicht die Idee hat, wie man diese Deko gestalten kann, sollte auf jeden Fall einen Blick ins World Wide Web werfen \u2013 hier gibt es Bilder, <b>Musterdekorationen <\/b>und viele Beispiele. <\/p>\n","protected":false},"excerpt":{"rendered":"<p>M\u00f6bel und R\u00e4ume erhalten durch die Deko ein besonderes Aussehen und durch den ausgew\u00e4hlten Stil und die verschiedenen Deko-Accessoires auch einen gewissen pers\u00f6nlichen Touch. Jede Wohnung ist auf ihre ganz eigene Art und Weise dekoriert, die eine etwas schlichter, die andere \u00fcppiger und teilweise prunkvoll. Wie man dekoriert, welche Accessoires man verwendet, h\u00e4ngt mit von [&hellip;]<\/p>\n","protected":false},"author":2,"featured_media":0,"comment_status":"open","ping_status":"open","sticky":false,"template":"","format":"standard","meta":{"footnotes":""},"categories":[1],"tags":[],"yoast_head":"<!-- This site is optimized with the Yoast SEO plugin v20.4 - https:\/\/yoast.com\/wordpress\/plugins\/seo\/ -->\n<title>Deko im Glas \u2013 viele Deko-Varianten - Tafeldeko<\/title>\n<meta name=\"description\" content=\"M\u00f6bel und R\u00e4ume erhalten durch die Deko ein besonderes Aussehen und durch den ausgew\u00e4hlten Stil und die verschiedenen Deko-Accessoires auch einen gewissen\" \/>\n<meta name=\"robots\" content=\"index, follow, max-snippet:-1, max-image-preview:large, max-video-preview:-1\" \/>\n<link rel=\"canonical\" href=\"https:\/\/www.tafeldeko.de\/news\/deko-im-glas-viele-deko-varianten\/\" \/>\n<meta property=\"og:locale\" content=\"de_DE\" \/>\n<meta property=\"og:type\" content=\"article\" \/>\n<meta property=\"og:title\" content=\"Deko im Glas \u2013 viele Deko-Varianten - Tafeldeko\" \/>\n<meta property=\"og:description\" content=\"M\u00f6bel und R\u00e4ume erhalten durch die Deko ein besonderes Aussehen und durch den ausgew\u00e4hlten Stil und die verschiedenen Deko-Accessoires auch einen gewissen\" \/>\n<meta property=\"og:url\" content=\"https:\/\/www.tafeldeko.de\/news\/deko-im-glas-viele-deko-varianten\/\" \/>\n<meta property=\"og:site_name\" content=\"Tafeldeko\" \/>\n<meta property=\"article:publisher\" content=\"https:\/\/www.facebook.com\/pages\/Tafeldeko-einzigartige-Tischdekoration\/174202655894\" \/>\n<meta property=\"article:published_time\" content=\"2011-12-23T14:38:37+00:00\" \/>\n<meta name=\"author\" content=\"Christiane Stein\" \/>\n<meta name=\"twitter:label1\" content=\"Verfasst von\" \/>\n\t<meta name=\"twitter:data1\" content=\"Christiane Stein\" \/>\n\t<meta name=\"twitter:label2\" content=\"Gesch\u00e4tzte Lesezeit\" \/>\n\t<meta name=\"twitter:data2\" content=\"2 Minuten\" \/>\n<script type=\"application\/ld+json\" class=\"yoast-schema-graph\">{\"@context\":\"https:\/\/schema.org\",\"@graph\":[{\"@type\":\"WebPage\",\"@id\":\"https:\/\/www.tafeldeko.de\/news\/deko-im-glas-viele-deko-varianten\/\",\"url\":\"https:\/\/www.tafeldeko.de\/news\/deko-im-glas-viele-deko-varianten\/\",\"name\":\"Deko im Glas \u2013 viele Deko-Varianten - Tafeldeko\",\"isPartOf\":{\"@id\":\"https:\/\/www.tafeldeko.de\/news\/#website\"},\"datePublished\":\"2011-12-23T14:38:37+00:00\",\"dateModified\":\"2011-12-23T14:38:37+00:00\",\"author\":{\"@id\":\"https:\/\/www.tafeldeko.de\/news\/#\/schema\/person\/d2acd86447ed0b6336089a8ba83164a0\"},\"description\":\"M\u00f6bel und R\u00e4ume erhalten durch die Deko ein besonderes Aussehen und durch den ausgew\u00e4hlten Stil und die verschiedenen Deko-Accessoires auch einen gewissen\",\"breadcrumb\":{\"@id\":\"https:\/\/www.tafeldeko.de\/news\/deko-im-glas-viele-deko-varianten\/#breadcrumb\"},\"inLanguage\":\"de-DE\",\"potentialAction\":[{\"@type\":\"ReadAction\",\"target\":[\"https:\/\/www.tafeldeko.de\/news\/deko-im-glas-viele-deko-varianten\/\"]}]},{\"@type\":\"BreadcrumbList\",\"@id\":\"https:\/\/www.tafeldeko.de\/news\/deko-im-glas-viele-deko-varianten\/#breadcrumb\",\"itemListElement\":[{\"@type\":\"ListItem\",\"position\":1,\"name\":\"Tafeldeko\",\"item\":\"https:\/\/www.tafeldeko.de\/news\/\"},{\"@type\":\"ListItem\",\"position\":2,\"name\":\"Alte Beitr\u00e4ge\",\"item\":\"https:\/\/www.tafeldeko.de\/news\/alte-beitraege\/\"},{\"@type\":\"ListItem\",\"position\":3,\"name\":\"Tischdeko - Blog\",\"item\":\"https:\/\/www.tafeldeko.de\/news\/alte-beitraege\/tischdeko-blog\/\"},{\"@type\":\"ListItem\",\"position\":4,\"name\":\"Deko im Glas \u2013 viele Deko-Varianten\"}]},{\"@type\":\"WebSite\",\"@id\":\"https:\/\/www.tafeldeko.de\/news\/#website\",\"url\":\"https:\/\/www.tafeldeko.de\/news\/\",\"name\":\"Tafeldeko\",\"description\":\"Blog mit Tischdeko und Tischdekoration Ideen\",\"potentialAction\":[{\"@type\":\"SearchAction\",\"target\":{\"@type\":\"EntryPoint\",\"urlTemplate\":\"https:\/\/www.tafeldeko.de\/news\/?s={search_term_string}\"},\"query-input\":\"required name=search_term_string\"}],\"inLanguage\":\"de-DE\"},{\"@type\":\"Person\",\"@id\":\"https:\/\/www.tafeldeko.de\/news\/#\/schema\/person\/d2acd86447ed0b6336089a8ba83164a0\",\"name\":\"Christiane Stein\",\"image\":{\"@type\":\"ImageObject\",\"inLanguage\":\"de-DE\",\"@id\":\"https:\/\/www.tafeldeko.de\/news\/#\/schema\/person\/image\/\",\"url\":\"https:\/\/secure.gravatar.com\/avatar\/2054729fbfd1ebc9d3cf1fd55361d0b6?s=96&d=mm&r=g\",\"contentUrl\":\"https:\/\/secure.gravatar.com\/avatar\/2054729fbfd1ebc9d3cf1fd55361d0b6?s=96&d=mm&r=g\",\"caption\":\"Christiane Stein\"}}]}<\/script>\n<!-- \/ Yoast SEO plugin. -->","yoast_head_json":{"title":"Deko im Glas \u2013 viele Deko-Varianten - Tafeldeko","description":"M\u00f6bel und R\u00e4ume erhalten durch die Deko ein besonderes Aussehen und durch den ausgew\u00e4hlten Stil und die verschiedenen Deko-Accessoires auch einen gewissen","robots":{"index":"index","follow":"follow","max-snippet":"max-snippet:-1","max-image-preview":"max-image-preview:large","max-video-preview":"max-video-preview:-1"},"canonical":"https:\/\/www.tafeldeko.de\/news\/deko-im-glas-viele-deko-varianten\/","og_locale":"de_DE","og_type":"article","og_title":"Deko im Glas \u2013 viele Deko-Varianten - Tafeldeko","og_description":"M\u00f6bel und R\u00e4ume erhalten durch die Deko ein besonderes Aussehen und durch den ausgew\u00e4hlten Stil und die verschiedenen Deko-Accessoires auch einen gewissen","og_url":"https:\/\/www.tafeldeko.de\/news\/deko-im-glas-viele-deko-varianten\/","og_site_name":"Tafeldeko","article_publisher":"https:\/\/www.facebook.com\/pages\/Tafeldeko-einzigartige-Tischdekoration\/174202655894","article_published_time":"2011-12-23T14:38:37+00:00","author":"Christiane Stein","twitter_misc":{"Verfasst von":"Christiane Stein","Gesch\u00e4tzte Lesezeit":"2 Minuten"},"schema":{"@context":"https:\/\/schema.org","@graph":[{"@type":"WebPage","@id":"https:\/\/www.tafeldeko.de\/news\/deko-im-glas-viele-deko-varianten\/","url":"https:\/\/www.tafeldeko.de\/news\/deko-im-glas-viele-deko-varianten\/","name":"Deko im Glas \u2013 viele Deko-Varianten - Tafeldeko","isPartOf":{"@id":"https:\/\/www.tafeldeko.de\/news\/#website"},"datePublished":"2011-12-23T14:38:37+00:00","dateModified":"2011-12-23T14:38:37+00:00","author":{"@id":"https:\/\/www.tafeldeko.de\/news\/#\/schema\/person\/d2acd86447ed0b6336089a8ba83164a0"},"description":"M\u00f6bel und R\u00e4ume erhalten durch die Deko ein besonderes Aussehen und durch den ausgew\u00e4hlten Stil und die verschiedenen Deko-Accessoires auch einen gewissen","breadcrumb":{"@id":"https:\/\/www.tafeldeko.de\/news\/deko-im-glas-viele-deko-varianten\/#breadcrumb"},"inLanguage":"de-DE","potentialAction":[{"@type":"ReadAction","target":["https:\/\/www.tafeldeko.de\/news\/deko-im-glas-viele-deko-varianten\/"]}]},{"@type":"BreadcrumbList","@id":"https:\/\/www.tafeldeko.de\/news\/deko-im-glas-viele-deko-varianten\/#breadcrumb","itemListElement":[{"@type":"ListItem","position":1,"name":"Tafeldeko","item":"https:\/\/www.tafeldeko.de\/news\/"},{"@type":"ListItem","position":2,"name":"Alte Beitr\u00e4ge","item":"https:\/\/www.tafeldeko.de\/news\/alte-beitraege\/"},{"@type":"ListItem","position":3,"name":"Tischdeko - Blog","item":"https:\/\/www.tafeldeko.de\/news\/alte-beitraege\/tischdeko-blog\/"},{"@type":"ListItem","position":4,"name":"Deko im Glas \u2013 viele Deko-Varianten"}]},{"@type":"WebSite","@id":"https:\/\/www.tafeldeko.de\/news\/#website","url":"https:\/\/www.tafeldeko.de\/news\/","name":"Tafeldeko","description":"Blog mit Tischdeko und Tischdekoration Ideen","potentialAction":[{"@type":"SearchAction","target":{"@type":"EntryPoint","urlTemplate":"https:\/\/www.tafeldeko.de\/news\/?s={search_term_string}"},"query-input":"required name=search_term_string"}],"inLanguage":"de-DE"},{"@type":"Person","@id":"https:\/\/www.tafeldeko.de\/news\/#\/schema\/person\/d2acd86447ed0b6336089a8ba83164a0","name":"Christiane Stein","image":{"@type":"ImageObject","inLanguage":"de-DE","@id":"https:\/\/www.tafeldeko.de\/news\/#\/schema\/person\/image\/","url":"https:\/\/secure.gravatar.com\/avatar\/2054729fbfd1ebc9d3cf1fd55361d0b6?s=96&d=mm&r=g","contentUrl":"https:\/\/secure.gravatar.com\/avatar\/2054729fbfd1ebc9d3cf1fd55361d0b6?s=96&d=mm&r=g","caption":"Christiane Stein"}}]}},"_links":{"self":[{"href":"https:\/\/www.tafeldeko.de\/news\/wp-json\/wp\/v2\/posts\/3715"}],"collection":[{"href":"https:\/\/www.tafeldeko.de\/news\/wp-json\/wp\/v2\/posts"}],"about":[{"href":"https:\/\/www.tafeldeko.de\/news\/wp-json\/wp\/v2\/types\/post"}],"author":[{"embeddable":true,"href":"https:\/\/www.tafeldeko.de\/news\/wp-json\/wp\/v2\/users\/2"}],"replies":[{"embeddable":true,"href":"https:\/\/www.tafeldeko.de\/news\/wp-json\/wp\/v2\/comments?post=3715"}],"version-history":[{"count":0,"href":"https:\/\/www.tafeldeko.de\/news\/wp-json\/wp\/v2\/posts\/3715\/revisions"}],"wp:attachment":[{"href":"https:\/\/www.tafeldeko.de\/news\/wp-json\/wp\/v2\/media?parent=3715"}],"wp:term":[{"taxonomy":"category","embeddable":true,"href":"https:\/\/www.tafeldeko.de\/news\/wp-json\/wp\/v2\/categories?post=3715"},{"taxonomy":"post_tag","embeddable":true,"href":"https:\/\/www.tafeldeko.de\/news\/wp-json\/wp\/v2\/tags?post=3715"}],"curies":[{"name":"wp","href":"https:\/\/api.w.org\/{rel}","templated":true}]}}