{"id":3709,"date":"2011-12-22T20:43:00","date_gmt":"2011-12-22T18:43:00","guid":{"rendered":"http:\/\/www.tafeldeko.de\/news\/?p=3709"},"modified":"2011-12-22T20:43:00","modified_gmt":"2011-12-22T18:43:00","slug":"fuer-blumenfans-dekolandschaft-fuers-fenster","status":"publish","type":"post","link":"https:\/\/www.tafeldeko.de\/news\/fuer-blumenfans-dekolandschaft-fuers-fenster\/","title":{"rendered":"F\u00fcr Blumenfans &#8211; Dekolandschaft f\u00fcrs Fenster"},"content":{"rendered":"<p>Die <b>Dekolandschaft im Fenster <\/b>wird viele Blicke auf sich ziehen. Wer eine sch\u00f6ne Fensterbank zur Verf\u00fcgung hat, sollte dies auch dementsprechend in den Vordergrund bringen.<br \/>\nDie <b>Dekolandschaft im Fenster <\/b>kann mit den Lieblingsblumen ausgeschm\u00fcckt sein oder man greift zur saisonalen Ware. Hier kann sich jeder nach Herzenslust austoben und seine pers\u00f6nlichen Lieblingssch\u00e4tze aussuchen. Des Weiteren kann man sich f\u00fcr sch\u00f6ne <i>Blument\u00f6pfe oder Vasen<\/i> entscheiden.<br \/>\nDie Blument\u00f6pfe k\u00f6nnen verziert sein oder ein Farbenspiel darstellen. Jeder so, wie er es mag &#8211; lautet das Geheimrezept. Die Vase kann zum Beispiel komplett aus Glas sein und weitere dekorative Artikel enthalten. <i>Rattan-Kugeln, Dekosteine oder Wasserkugeln<\/i> eignen sich f\u00fcr eine solche Art von Vase.<br \/>\nDie <b>\u201eDekolandschaft Fenster\u201c<\/b> braucht keinesfalls nur aus Blumen zu bestehen. Sch\u00f6ne Vorh\u00e4nge wirken sich ebenfalls positiv auf das Gesamtbild aus oder auch Fensterschmuck sorgt f\u00fcr die pers\u00f6nliche Note.<br \/>\nAuf <b>Dekoration <\/b>sollte keiner verzichten, denn wer bereits in einer Wohnung war, die lieblos eingerichtet war, hat sich mit Sicherheit nicht sehr wohl gef\u00fchlt. Eine Wohnung braucht nicht mit <a href=\"https:\/\/www.tafeldeko.de\/shop_content.php\/coID\/212_Deko.html\">Deko<\/a> \u00fcberladen sein, aber gewisse <b>dekorative Aspekte<\/b> sollten vorhanden sein. Man kann die Fensterbank sch\u00f6n dekorieren oder setzt auf andere Dekoartikel. Kerzen sind immer beliebt und bieten viele Variationen, die zur Wohnung passen werden.<br \/>\nOb man eine<b> Dekolandschaft ins Fenster<\/b>, <i>auf den Balkon, auf die Terrasse oder in den Garten <\/i>zaubert, ist ganz von der Wohnsituation abh\u00e4ngig. Wer mit Lust und Kreativit\u00e4t an die Sache heran geht, wird gewiss ein sch\u00f6nes und befriedigendes Endergebnis zusammenstellen. <b>Das gemeinsame Dekorieren<\/b> mit Freunden ist ebenfalls eine M\u00f6glichkeit, die man in Erw\u00e4gung ziehen kann. <\/p>\n","protected":false},"excerpt":{"rendered":"<p>Die Dekolandschaft im Fenster wird viele Blicke auf sich ziehen. Wer eine sch\u00f6ne Fensterbank zur Verf\u00fcgung hat, sollte dies auch dementsprechend in den Vordergrund bringen. Die Dekolandschaft im Fenster kann mit den Lieblingsblumen ausgeschm\u00fcckt sein oder man greift zur saisonalen Ware. Hier kann sich jeder nach Herzenslust austoben und seine pers\u00f6nlichen Lieblingssch\u00e4tze aussuchen. Des Weiteren [&hellip;]<\/p>\n","protected":false},"author":2,"featured_media":0,"comment_status":"open","ping_status":"open","sticky":false,"template":"","format":"standard","meta":{"footnotes":""},"categories":[1],"tags":[],"yoast_head":"<!-- This site is optimized with the Yoast SEO plugin v20.4 - https:\/\/yoast.com\/wordpress\/plugins\/seo\/ -->\n<title>F\u00fcr Blumenfans - Dekolandschaft f\u00fcrs Fenster - Tafeldeko<\/title>\n<meta name=\"description\" content=\"Die Dekolandschaft im Fenster wird viele Blicke auf sich ziehen. Wer eine sch\u00f6ne Fensterbank zur Verf\u00fcgung hat, sollte dies auch dementsprechend in den\" \/>\n<meta name=\"robots\" content=\"index, follow, max-snippet:-1, max-image-preview:large, max-video-preview:-1\" \/>\n<link rel=\"canonical\" href=\"https:\/\/www.tafeldeko.de\/news\/fuer-blumenfans-dekolandschaft-fuers-fenster\/\" \/>\n<meta property=\"og:locale\" content=\"de_DE\" \/>\n<meta property=\"og:type\" content=\"article\" \/>\n<meta property=\"og:title\" content=\"F\u00fcr Blumenfans - Dekolandschaft f\u00fcrs Fenster - Tafeldeko\" \/>\n<meta property=\"og:description\" content=\"Die Dekolandschaft im Fenster wird viele Blicke auf sich ziehen. Wer eine sch\u00f6ne Fensterbank zur Verf\u00fcgung hat, sollte dies auch dementsprechend in den\" \/>\n<meta property=\"og:url\" content=\"https:\/\/www.tafeldeko.de\/news\/fuer-blumenfans-dekolandschaft-fuers-fenster\/\" \/>\n<meta property=\"og:site_name\" content=\"Tafeldeko\" \/>\n<meta property=\"article:publisher\" content=\"https:\/\/www.facebook.com\/pages\/Tafeldeko-einzigartige-Tischdekoration\/174202655894\" \/>\n<meta property=\"article:published_time\" content=\"2011-12-22T18:43:00+00:00\" \/>\n<meta name=\"author\" content=\"Christiane Stein\" \/>\n<meta name=\"twitter:label1\" content=\"Verfasst von\" \/>\n\t<meta name=\"twitter:data1\" content=\"Christiane Stein\" \/>\n\t<meta name=\"twitter:label2\" content=\"Gesch\u00e4tzte Lesezeit\" \/>\n\t<meta name=\"twitter:data2\" content=\"1 Minute\" \/>\n<script type=\"application\/ld+json\" class=\"yoast-schema-graph\">{\"@context\":\"https:\/\/schema.org\",\"@graph\":[{\"@type\":\"WebPage\",\"@id\":\"https:\/\/www.tafeldeko.de\/news\/fuer-blumenfans-dekolandschaft-fuers-fenster\/\",\"url\":\"https:\/\/www.tafeldeko.de\/news\/fuer-blumenfans-dekolandschaft-fuers-fenster\/\",\"name\":\"F\u00fcr Blumenfans - Dekolandschaft f\u00fcrs Fenster - Tafeldeko\",\"isPartOf\":{\"@id\":\"https:\/\/www.tafeldeko.de\/news\/#website\"},\"datePublished\":\"2011-12-22T18:43:00+00:00\",\"dateModified\":\"2011-12-22T18:43:00+00:00\",\"author\":{\"@id\":\"https:\/\/www.tafeldeko.de\/news\/#\/schema\/person\/d2acd86447ed0b6336089a8ba83164a0\"},\"description\":\"Die Dekolandschaft im Fenster wird viele Blicke auf sich ziehen. Wer eine sch\u00f6ne Fensterbank zur Verf\u00fcgung hat, sollte dies auch dementsprechend in den\",\"breadcrumb\":{\"@id\":\"https:\/\/www.tafeldeko.de\/news\/fuer-blumenfans-dekolandschaft-fuers-fenster\/#breadcrumb\"},\"inLanguage\":\"de-DE\",\"potentialAction\":[{\"@type\":\"ReadAction\",\"target\":[\"https:\/\/www.tafeldeko.de\/news\/fuer-blumenfans-dekolandschaft-fuers-fenster\/\"]}]},{\"@type\":\"BreadcrumbList\",\"@id\":\"https:\/\/www.tafeldeko.de\/news\/fuer-blumenfans-dekolandschaft-fuers-fenster\/#breadcrumb\",\"itemListElement\":[{\"@type\":\"ListItem\",\"position\":1,\"name\":\"Tafeldeko\",\"item\":\"https:\/\/www.tafeldeko.de\/news\/\"},{\"@type\":\"ListItem\",\"position\":2,\"name\":\"Alte Beitr\u00e4ge\",\"item\":\"https:\/\/www.tafeldeko.de\/news\/alte-beitraege\/\"},{\"@type\":\"ListItem\",\"position\":3,\"name\":\"Tischdeko - Blog\",\"item\":\"https:\/\/www.tafeldeko.de\/news\/alte-beitraege\/tischdeko-blog\/\"},{\"@type\":\"ListItem\",\"position\":4,\"name\":\"F\u00fcr Blumenfans &#8211; Dekolandschaft f\u00fcrs Fenster\"}]},{\"@type\":\"WebSite\",\"@id\":\"https:\/\/www.tafeldeko.de\/news\/#website\",\"url\":\"https:\/\/www.tafeldeko.de\/news\/\",\"name\":\"Tafeldeko\",\"description\":\"Blog mit Tischdeko und Tischdekoration Ideen\",\"potentialAction\":[{\"@type\":\"SearchAction\",\"target\":{\"@type\":\"EntryPoint\",\"urlTemplate\":\"https:\/\/www.tafeldeko.de\/news\/?s={search_term_string}\"},\"query-input\":\"required name=search_term_string\"}],\"inLanguage\":\"de-DE\"},{\"@type\":\"Person\",\"@id\":\"https:\/\/www.tafeldeko.de\/news\/#\/schema\/person\/d2acd86447ed0b6336089a8ba83164a0\",\"name\":\"Christiane Stein\",\"image\":{\"@type\":\"ImageObject\",\"inLanguage\":\"de-DE\",\"@id\":\"https:\/\/www.tafeldeko.de\/news\/#\/schema\/person\/image\/\",\"url\":\"https:\/\/secure.gravatar.com\/avatar\/2054729fbfd1ebc9d3cf1fd55361d0b6?s=96&d=mm&r=g\",\"contentUrl\":\"https:\/\/secure.gravatar.com\/avatar\/2054729fbfd1ebc9d3cf1fd55361d0b6?s=96&d=mm&r=g\",\"caption\":\"Christiane Stein\"}}]}<\/script>\n<!-- \/ Yoast SEO plugin. -->","yoast_head_json":{"title":"F\u00fcr Blumenfans - Dekolandschaft f\u00fcrs Fenster - Tafeldeko","description":"Die Dekolandschaft im Fenster wird viele Blicke auf sich ziehen. Wer eine sch\u00f6ne Fensterbank zur Verf\u00fcgung hat, sollte dies auch dementsprechend in den","robots":{"index":"index","follow":"follow","max-snippet":"max-snippet:-1","max-image-preview":"max-image-preview:large","max-video-preview":"max-video-preview:-1"},"canonical":"https:\/\/www.tafeldeko.de\/news\/fuer-blumenfans-dekolandschaft-fuers-fenster\/","og_locale":"de_DE","og_type":"article","og_title":"F\u00fcr Blumenfans - Dekolandschaft f\u00fcrs Fenster - Tafeldeko","og_description":"Die Dekolandschaft im Fenster wird viele Blicke auf sich ziehen. Wer eine sch\u00f6ne Fensterbank zur Verf\u00fcgung hat, sollte dies auch dementsprechend in den","og_url":"https:\/\/www.tafeldeko.de\/news\/fuer-blumenfans-dekolandschaft-fuers-fenster\/","og_site_name":"Tafeldeko","article_publisher":"https:\/\/www.facebook.com\/pages\/Tafeldeko-einzigartige-Tischdekoration\/174202655894","article_published_time":"2011-12-22T18:43:00+00:00","author":"Christiane Stein","twitter_misc":{"Verfasst von":"Christiane Stein","Gesch\u00e4tzte Lesezeit":"1 Minute"},"schema":{"@context":"https:\/\/schema.org","@graph":[{"@type":"WebPage","@id":"https:\/\/www.tafeldeko.de\/news\/fuer-blumenfans-dekolandschaft-fuers-fenster\/","url":"https:\/\/www.tafeldeko.de\/news\/fuer-blumenfans-dekolandschaft-fuers-fenster\/","name":"F\u00fcr Blumenfans - Dekolandschaft f\u00fcrs Fenster - Tafeldeko","isPartOf":{"@id":"https:\/\/www.tafeldeko.de\/news\/#website"},"datePublished":"2011-12-22T18:43:00+00:00","dateModified":"2011-12-22T18:43:00+00:00","author":{"@id":"https:\/\/www.tafeldeko.de\/news\/#\/schema\/person\/d2acd86447ed0b6336089a8ba83164a0"},"description":"Die Dekolandschaft im Fenster wird viele Blicke auf sich ziehen. Wer eine sch\u00f6ne Fensterbank zur Verf\u00fcgung hat, sollte dies auch dementsprechend in den","breadcrumb":{"@id":"https:\/\/www.tafeldeko.de\/news\/fuer-blumenfans-dekolandschaft-fuers-fenster\/#breadcrumb"},"inLanguage":"de-DE","potentialAction":[{"@type":"ReadAction","target":["https:\/\/www.tafeldeko.de\/news\/fuer-blumenfans-dekolandschaft-fuers-fenster\/"]}]},{"@type":"BreadcrumbList","@id":"https:\/\/www.tafeldeko.de\/news\/fuer-blumenfans-dekolandschaft-fuers-fenster\/#breadcrumb","itemListElement":[{"@type":"ListItem","position":1,"name":"Tafeldeko","item":"https:\/\/www.tafeldeko.de\/news\/"},{"@type":"ListItem","position":2,"name":"Alte Beitr\u00e4ge","item":"https:\/\/www.tafeldeko.de\/news\/alte-beitraege\/"},{"@type":"ListItem","position":3,"name":"Tischdeko - Blog","item":"https:\/\/www.tafeldeko.de\/news\/alte-beitraege\/tischdeko-blog\/"},{"@type":"ListItem","position":4,"name":"F\u00fcr Blumenfans &#8211; Dekolandschaft f\u00fcrs Fenster"}]},{"@type":"WebSite","@id":"https:\/\/www.tafeldeko.de\/news\/#website","url":"https:\/\/www.tafeldeko.de\/news\/","name":"Tafeldeko","description":"Blog mit Tischdeko und Tischdekoration Ideen","potentialAction":[{"@type":"SearchAction","target":{"@type":"EntryPoint","urlTemplate":"https:\/\/www.tafeldeko.de\/news\/?s={search_term_string}"},"query-input":"required name=search_term_string"}],"inLanguage":"de-DE"},{"@type":"Person","@id":"https:\/\/www.tafeldeko.de\/news\/#\/schema\/person\/d2acd86447ed0b6336089a8ba83164a0","name":"Christiane Stein","image":{"@type":"ImageObject","inLanguage":"de-DE","@id":"https:\/\/www.tafeldeko.de\/news\/#\/schema\/person\/image\/","url":"https:\/\/secure.gravatar.com\/avatar\/2054729fbfd1ebc9d3cf1fd55361d0b6?s=96&d=mm&r=g","contentUrl":"https:\/\/secure.gravatar.com\/avatar\/2054729fbfd1ebc9d3cf1fd55361d0b6?s=96&d=mm&r=g","caption":"Christiane Stein"}}]}},"_links":{"self":[{"href":"https:\/\/www.tafeldeko.de\/news\/wp-json\/wp\/v2\/posts\/3709"}],"collection":[{"href":"https:\/\/www.tafeldeko.de\/news\/wp-json\/wp\/v2\/posts"}],"about":[{"href":"https:\/\/www.tafeldeko.de\/news\/wp-json\/wp\/v2\/types\/post"}],"author":[{"embeddable":true,"href":"https:\/\/www.tafeldeko.de\/news\/wp-json\/wp\/v2\/users\/2"}],"replies":[{"embeddable":true,"href":"https:\/\/www.tafeldeko.de\/news\/wp-json\/wp\/v2\/comments?post=3709"}],"version-history":[{"count":0,"href":"https:\/\/www.tafeldeko.de\/news\/wp-json\/wp\/v2\/posts\/3709\/revisions"}],"wp:attachment":[{"href":"https:\/\/www.tafeldeko.de\/news\/wp-json\/wp\/v2\/media?parent=3709"}],"wp:term":[{"taxonomy":"category","embeddable":true,"href":"https:\/\/www.tafeldeko.de\/news\/wp-json\/wp\/v2\/categories?post=3709"},{"taxonomy":"post_tag","embeddable":true,"href":"https:\/\/www.tafeldeko.de\/news\/wp-json\/wp\/v2\/tags?post=3709"}],"curies":[{"name":"wp","href":"https:\/\/api.w.org\/{rel}","templated":true}]}}