{"id":3707,"date":"2011-12-20T20:57:54","date_gmt":"2011-12-20T18:57:54","guid":{"rendered":"http:\/\/www.tafeldeko.de\/news\/?p=3707"},"modified":"2011-12-20T20:57:54","modified_gmt":"2011-12-20T18:57:54","slug":"naturdeko-im-glas-wundervolle-dekoration","status":"publish","type":"post","link":"https:\/\/www.tafeldeko.de\/news\/naturdeko-im-glas-wundervolle-dekoration\/","title":{"rendered":"Naturdeko im Glas \u2013 wundervolle Dekoration"},"content":{"rendered":"<p>Wer eine eigene Wohnung besitzt oder auch ein eigenes Haus, ist immer wieder mal auf der Suche nach sch\u00f6nen <b>Deko-M\u00f6glichkeiten<\/b>. Richtet man sich erstmalig die Wohnung oder das Haus ein, verhei\u00dft das f\u00fcr viele Frauen unter uns: <i>Spa\u00df und pure Einkaufslust<\/i>.<br \/>\nMan hat in aller Regel so seine Vorstellung von der Deko eines speziellen Raumes, vor allem dann, wenn die M\u00f6bel bereits ausgesucht sind und an Ort und Stelle stehen. Nun werden nur noch sch\u00f6ne <b>Deko-Accessoires <\/b>ben\u00f6tigt, die f\u00fcr die gewisse Pers\u00f6nlichkeit des Raumes sorgen.<br \/>\nBeliebt bei den <b>Dekorationen sind Gl\u00e4ser und Naturmaterialien<\/b> \u2013 beides miteinander kombiniert, ergibt eine <b>wundersch\u00f6ne und ausgefallene Dekoration<\/b>.<br \/>\n<b>Die Naturdeko im Glas <\/b>\u2013 allein schon durch die verschiedenen Glasformen sehr divers im Aussehen und der Gestaltung. Hinzu kommen noch die verschiedenen Deko-Accessoires, mit denen die Glasvasen und Schalen best\u00fcckt werden k\u00f6nnen, auch das saisonale Thema kommt bei der <b>Naturdeko im Glas <\/b>nicht zu kurz.<br \/>\nVor allem haben die <b><a href=\"https:\/\/www.tafeldeko.de\/shop_content.php\/coID\/212_Deko.html\">Deko<\/a> im Glas <\/b>den Vorteil, dass man sie zum einen immer variieren kann und zum anderen sieht es sehr sch\u00f6n aus \u2013 vor allem dann, wenn das Glas-Arrangement alleine steht und die Blicke der G\u00e4ste auf sich lenkt. Wie Sie das erreichen?<br \/>\nIndem Sie ein <i>au\u00dfergew\u00f6hnliches Glas<\/i> als Grundlage dieser Deko ausw\u00e4hlen und ebenso <i>ausgefallene Deko-Elemente<\/i> ausw\u00e4hlen. Beispielsweise k\u00f6nnen kleine \u00c4ste, Wurzeln und Baumrindenst\u00fccke eine Art Basis in dem Glas bilden und darauf wird eine Blume gepflanzt. <i>Hyazinthen und Amaryllis<\/i> eignen sich hierf\u00fcr hervorragend und alles in allem ergibt ein ganz tolles Bild. Je nach Gr\u00f6\u00dfe des Glases wird dieses Arrangement entweder auf dem Tisch, einem Sideboard oder auf dem Boden sch\u00f6n arrangiert.<br \/>\n<b>Die saisonalen Dekorationen im Glas <\/b>k\u00f6nnen zur <i>Weihnachtszeit aus Weihnachtskugeln, Tannenzapfen, Streuschnee<\/i> und anderen sch\u00f6nen Accessoires bestehen und zur <i>Herbstzeit kann die Deko im Glas auf Halloween <\/i>angepasst sein.<br \/>\nM\u00f6glichkeiten gibt es wirklich sehr viele und das <b>Dekorieren <\/b>bereitet immer wieder gro\u00dfe Freude. <\/p>\n","protected":false},"excerpt":{"rendered":"<p>Wer eine eigene Wohnung besitzt oder auch ein eigenes Haus, ist immer wieder mal auf der Suche nach sch\u00f6nen Deko-M\u00f6glichkeiten. Richtet man sich erstmalig die Wohnung oder das Haus ein, verhei\u00dft das f\u00fcr viele Frauen unter uns: Spa\u00df und pure Einkaufslust. Man hat in aller Regel so seine Vorstellung von der Deko eines speziellen Raumes, [&hellip;]<\/p>\n","protected":false},"author":2,"featured_media":0,"comment_status":"open","ping_status":"open","sticky":false,"template":"","format":"standard","meta":{"footnotes":""},"categories":[1],"tags":[],"yoast_head":"<!-- This site is optimized with the Yoast SEO plugin v20.4 - https:\/\/yoast.com\/wordpress\/plugins\/seo\/ -->\n<title>Naturdeko im Glas \u2013 wundervolle Dekoration - Tafeldeko<\/title>\n<meta name=\"description\" content=\"Wer eine eigene Wohnung besitzt oder auch ein eigenes Haus, ist immer wieder mal auf der Suche nach sch\u00f6nen Deko-M\u00f6glichkeiten. Richtet man sich erstmalig\" \/>\n<meta name=\"robots\" content=\"index, follow, max-snippet:-1, max-image-preview:large, max-video-preview:-1\" \/>\n<link rel=\"canonical\" href=\"https:\/\/www.tafeldeko.de\/news\/naturdeko-im-glas-wundervolle-dekoration\/\" \/>\n<meta property=\"og:locale\" content=\"de_DE\" \/>\n<meta property=\"og:type\" content=\"article\" \/>\n<meta property=\"og:title\" content=\"Naturdeko im Glas \u2013 wundervolle Dekoration - Tafeldeko\" \/>\n<meta property=\"og:description\" content=\"Wer eine eigene Wohnung besitzt oder auch ein eigenes Haus, ist immer wieder mal auf der Suche nach sch\u00f6nen Deko-M\u00f6glichkeiten. Richtet man sich erstmalig\" \/>\n<meta property=\"og:url\" content=\"https:\/\/www.tafeldeko.de\/news\/naturdeko-im-glas-wundervolle-dekoration\/\" \/>\n<meta property=\"og:site_name\" content=\"Tafeldeko\" \/>\n<meta property=\"article:publisher\" content=\"https:\/\/www.facebook.com\/pages\/Tafeldeko-einzigartige-Tischdekoration\/174202655894\" \/>\n<meta property=\"article:published_time\" content=\"2011-12-20T18:57:54+00:00\" \/>\n<meta name=\"author\" content=\"Christiane Stein\" \/>\n<meta name=\"twitter:label1\" content=\"Verfasst von\" \/>\n\t<meta name=\"twitter:data1\" content=\"Christiane Stein\" \/>\n\t<meta name=\"twitter:label2\" content=\"Gesch\u00e4tzte Lesezeit\" \/>\n\t<meta name=\"twitter:data2\" content=\"2 Minuten\" \/>\n<script type=\"application\/ld+json\" class=\"yoast-schema-graph\">{\"@context\":\"https:\/\/schema.org\",\"@graph\":[{\"@type\":\"WebPage\",\"@id\":\"https:\/\/www.tafeldeko.de\/news\/naturdeko-im-glas-wundervolle-dekoration\/\",\"url\":\"https:\/\/www.tafeldeko.de\/news\/naturdeko-im-glas-wundervolle-dekoration\/\",\"name\":\"Naturdeko im Glas \u2013 wundervolle Dekoration - Tafeldeko\",\"isPartOf\":{\"@id\":\"https:\/\/www.tafeldeko.de\/news\/#website\"},\"datePublished\":\"2011-12-20T18:57:54+00:00\",\"dateModified\":\"2011-12-20T18:57:54+00:00\",\"author\":{\"@id\":\"https:\/\/www.tafeldeko.de\/news\/#\/schema\/person\/d2acd86447ed0b6336089a8ba83164a0\"},\"description\":\"Wer eine eigene Wohnung besitzt oder auch ein eigenes Haus, ist immer wieder mal auf der Suche nach sch\u00f6nen Deko-M\u00f6glichkeiten. Richtet man sich erstmalig\",\"breadcrumb\":{\"@id\":\"https:\/\/www.tafeldeko.de\/news\/naturdeko-im-glas-wundervolle-dekoration\/#breadcrumb\"},\"inLanguage\":\"de-DE\",\"potentialAction\":[{\"@type\":\"ReadAction\",\"target\":[\"https:\/\/www.tafeldeko.de\/news\/naturdeko-im-glas-wundervolle-dekoration\/\"]}]},{\"@type\":\"BreadcrumbList\",\"@id\":\"https:\/\/www.tafeldeko.de\/news\/naturdeko-im-glas-wundervolle-dekoration\/#breadcrumb\",\"itemListElement\":[{\"@type\":\"ListItem\",\"position\":1,\"name\":\"Tafeldeko\",\"item\":\"https:\/\/www.tafeldeko.de\/news\/\"},{\"@type\":\"ListItem\",\"position\":2,\"name\":\"Alte Beitr\u00e4ge\",\"item\":\"https:\/\/www.tafeldeko.de\/news\/alte-beitraege\/\"},{\"@type\":\"ListItem\",\"position\":3,\"name\":\"Tischdeko - Blog\",\"item\":\"https:\/\/www.tafeldeko.de\/news\/alte-beitraege\/tischdeko-blog\/\"},{\"@type\":\"ListItem\",\"position\":4,\"name\":\"Naturdeko im Glas \u2013 wundervolle Dekoration\"}]},{\"@type\":\"WebSite\",\"@id\":\"https:\/\/www.tafeldeko.de\/news\/#website\",\"url\":\"https:\/\/www.tafeldeko.de\/news\/\",\"name\":\"Tafeldeko\",\"description\":\"Blog mit Tischdeko und Tischdekoration Ideen\",\"potentialAction\":[{\"@type\":\"SearchAction\",\"target\":{\"@type\":\"EntryPoint\",\"urlTemplate\":\"https:\/\/www.tafeldeko.de\/news\/?s={search_term_string}\"},\"query-input\":\"required name=search_term_string\"}],\"inLanguage\":\"de-DE\"},{\"@type\":\"Person\",\"@id\":\"https:\/\/www.tafeldeko.de\/news\/#\/schema\/person\/d2acd86447ed0b6336089a8ba83164a0\",\"name\":\"Christiane Stein\",\"image\":{\"@type\":\"ImageObject\",\"inLanguage\":\"de-DE\",\"@id\":\"https:\/\/www.tafeldeko.de\/news\/#\/schema\/person\/image\/\",\"url\":\"https:\/\/secure.gravatar.com\/avatar\/2054729fbfd1ebc9d3cf1fd55361d0b6?s=96&d=mm&r=g\",\"contentUrl\":\"https:\/\/secure.gravatar.com\/avatar\/2054729fbfd1ebc9d3cf1fd55361d0b6?s=96&d=mm&r=g\",\"caption\":\"Christiane Stein\"}}]}<\/script>\n<!-- \/ Yoast SEO plugin. -->","yoast_head_json":{"title":"Naturdeko im Glas \u2013 wundervolle Dekoration - Tafeldeko","description":"Wer eine eigene Wohnung besitzt oder auch ein eigenes Haus, ist immer wieder mal auf der Suche nach sch\u00f6nen Deko-M\u00f6glichkeiten. Richtet man sich erstmalig","robots":{"index":"index","follow":"follow","max-snippet":"max-snippet:-1","max-image-preview":"max-image-preview:large","max-video-preview":"max-video-preview:-1"},"canonical":"https:\/\/www.tafeldeko.de\/news\/naturdeko-im-glas-wundervolle-dekoration\/","og_locale":"de_DE","og_type":"article","og_title":"Naturdeko im Glas \u2013 wundervolle Dekoration - Tafeldeko","og_description":"Wer eine eigene Wohnung besitzt oder auch ein eigenes Haus, ist immer wieder mal auf der Suche nach sch\u00f6nen Deko-M\u00f6glichkeiten. Richtet man sich erstmalig","og_url":"https:\/\/www.tafeldeko.de\/news\/naturdeko-im-glas-wundervolle-dekoration\/","og_site_name":"Tafeldeko","article_publisher":"https:\/\/www.facebook.com\/pages\/Tafeldeko-einzigartige-Tischdekoration\/174202655894","article_published_time":"2011-12-20T18:57:54+00:00","author":"Christiane Stein","twitter_misc":{"Verfasst von":"Christiane Stein","Gesch\u00e4tzte Lesezeit":"2 Minuten"},"schema":{"@context":"https:\/\/schema.org","@graph":[{"@type":"WebPage","@id":"https:\/\/www.tafeldeko.de\/news\/naturdeko-im-glas-wundervolle-dekoration\/","url":"https:\/\/www.tafeldeko.de\/news\/naturdeko-im-glas-wundervolle-dekoration\/","name":"Naturdeko im Glas \u2013 wundervolle Dekoration - Tafeldeko","isPartOf":{"@id":"https:\/\/www.tafeldeko.de\/news\/#website"},"datePublished":"2011-12-20T18:57:54+00:00","dateModified":"2011-12-20T18:57:54+00:00","author":{"@id":"https:\/\/www.tafeldeko.de\/news\/#\/schema\/person\/d2acd86447ed0b6336089a8ba83164a0"},"description":"Wer eine eigene Wohnung besitzt oder auch ein eigenes Haus, ist immer wieder mal auf der Suche nach sch\u00f6nen Deko-M\u00f6glichkeiten. Richtet man sich erstmalig","breadcrumb":{"@id":"https:\/\/www.tafeldeko.de\/news\/naturdeko-im-glas-wundervolle-dekoration\/#breadcrumb"},"inLanguage":"de-DE","potentialAction":[{"@type":"ReadAction","target":["https:\/\/www.tafeldeko.de\/news\/naturdeko-im-glas-wundervolle-dekoration\/"]}]},{"@type":"BreadcrumbList","@id":"https:\/\/www.tafeldeko.de\/news\/naturdeko-im-glas-wundervolle-dekoration\/#breadcrumb","itemListElement":[{"@type":"ListItem","position":1,"name":"Tafeldeko","item":"https:\/\/www.tafeldeko.de\/news\/"},{"@type":"ListItem","position":2,"name":"Alte Beitr\u00e4ge","item":"https:\/\/www.tafeldeko.de\/news\/alte-beitraege\/"},{"@type":"ListItem","position":3,"name":"Tischdeko - Blog","item":"https:\/\/www.tafeldeko.de\/news\/alte-beitraege\/tischdeko-blog\/"},{"@type":"ListItem","position":4,"name":"Naturdeko im Glas \u2013 wundervolle Dekoration"}]},{"@type":"WebSite","@id":"https:\/\/www.tafeldeko.de\/news\/#website","url":"https:\/\/www.tafeldeko.de\/news\/","name":"Tafeldeko","description":"Blog mit Tischdeko und Tischdekoration Ideen","potentialAction":[{"@type":"SearchAction","target":{"@type":"EntryPoint","urlTemplate":"https:\/\/www.tafeldeko.de\/news\/?s={search_term_string}"},"query-input":"required name=search_term_string"}],"inLanguage":"de-DE"},{"@type":"Person","@id":"https:\/\/www.tafeldeko.de\/news\/#\/schema\/person\/d2acd86447ed0b6336089a8ba83164a0","name":"Christiane Stein","image":{"@type":"ImageObject","inLanguage":"de-DE","@id":"https:\/\/www.tafeldeko.de\/news\/#\/schema\/person\/image\/","url":"https:\/\/secure.gravatar.com\/avatar\/2054729fbfd1ebc9d3cf1fd55361d0b6?s=96&d=mm&r=g","contentUrl":"https:\/\/secure.gravatar.com\/avatar\/2054729fbfd1ebc9d3cf1fd55361d0b6?s=96&d=mm&r=g","caption":"Christiane Stein"}}]}},"_links":{"self":[{"href":"https:\/\/www.tafeldeko.de\/news\/wp-json\/wp\/v2\/posts\/3707"}],"collection":[{"href":"https:\/\/www.tafeldeko.de\/news\/wp-json\/wp\/v2\/posts"}],"about":[{"href":"https:\/\/www.tafeldeko.de\/news\/wp-json\/wp\/v2\/types\/post"}],"author":[{"embeddable":true,"href":"https:\/\/www.tafeldeko.de\/news\/wp-json\/wp\/v2\/users\/2"}],"replies":[{"embeddable":true,"href":"https:\/\/www.tafeldeko.de\/news\/wp-json\/wp\/v2\/comments?post=3707"}],"version-history":[{"count":0,"href":"https:\/\/www.tafeldeko.de\/news\/wp-json\/wp\/v2\/posts\/3707\/revisions"}],"wp:attachment":[{"href":"https:\/\/www.tafeldeko.de\/news\/wp-json\/wp\/v2\/media?parent=3707"}],"wp:term":[{"taxonomy":"category","embeddable":true,"href":"https:\/\/www.tafeldeko.de\/news\/wp-json\/wp\/v2\/categories?post=3707"},{"taxonomy":"post_tag","embeddable":true,"href":"https:\/\/www.tafeldeko.de\/news\/wp-json\/wp\/v2\/tags?post=3707"}],"curies":[{"name":"wp","href":"https:\/\/api.w.org\/{rel}","templated":true}]}}