{"id":3706,"date":"2011-12-19T22:04:39","date_gmt":"2011-12-19T20:04:39","guid":{"rendered":"http:\/\/www.tafeldeko.de\/news\/?p=3706"},"modified":"2011-12-19T22:04:39","modified_gmt":"2011-12-19T20:04:39","slug":"deko-fuer-den-januar","status":"publish","type":"post","link":"https:\/\/www.tafeldeko.de\/news\/deko-fuer-den-januar\/","title":{"rendered":"Deko f\u00fcr den Januar"},"content":{"rendered":"<p><b>Mit dem Januar <\/b>beginnt wieder ein neues Jahr und die \u00fcppige Weihnachtsdeko muss der <b>Deko f\u00fcr den Januar<\/b> weichen.<br \/>\nOftmals bleibt die <b>Weihnachtsdeko <\/b>noch bis um den 6. Januar h\u00e4ngen, doch dann wird sie durch eine andere <b>Deko <\/b>ersetzt. Wie diese Deko aussieht, ist nat\u00fcrlich ganz unterschiedlich und kommt auf die Stelle an, die dekoriert werden soll.<br \/>\nDa wir im Januar noch Winter haben, wird oftmals der<i> Eingangsbereich oder auch im Innenteil des Hauses<\/i> winterlich dekoriert. <i>Schlitten, Schlittschuhe, mit Schnee bespr\u00fchte Tannenzweige und andere winterliche Utensilien<\/i> k\u00f6nnen als Accessoires f\u00fcr die <b><a href=\"https:\/\/www.tafeldeko.de\/shop_content.php\/coID\/212_Deko.html\">Deko<\/a> im Januar <\/b>eingesetzt werden.<br \/>\nWas kann man f\u00fcr die <b>Januar-Deko<\/b> verwenden, was sieht sch\u00f6n aus und l\u00e4sst sich zudem<b> im Handumdrehen kreieren<\/b>?<br \/>\n<i>Winterliche Kr\u00e4nze<\/i> sind sch\u00f6ne M\u00f6glichkeiten, die Eingangst\u00fcr oder auch Wohnungst\u00fcren durch die Weihnachtsdeko zu ersetzen. <i>Mit kleinen \u00c4sten, best\u00fcckt mit Naturmaterialien, die beispielsweise aus Potpourri-T\u00fcten<\/i> entstammen, und eventuell mit Kunstschnee bespr\u00fcht, sind tolle Accessoires, um einen <b>winterlichen T\u00fcrkranz <\/b>selbst zu basteln. Es muss ja noch nicht einmal ein<i> runder Kranz<\/i> sein, gerade mit kleinen \u00c4stchen wird durch die Unregelm\u00e4\u00dfigkeiten des Astwerks an sich, auch andere Formen \u201egeboren\u201c, die in der Regel nicht weniger sch\u00f6n aussehen. Mit bunten B\u00e4ndern oder auch wei\u00dfen Schleifen kann der T&#xFC;rkranz noch versch\u00f6nert werden.<br \/>\nGenerell kann man sagen, dass <b>Dekorationen aus der Natur<\/b>, etwas winterlich \u201eaufgepeppt\u201c, wundersch\u00f6n aussehen und mit etwas Spr\u00fchschnee zu <b>tollen winterlichen Arrangements <\/b>verzaubert werden k\u00f6nnen. Auch <i>Schneem\u00e4nner<\/i>, die man in den Gesch\u00e4ften kaufen kann, sind passende Dekorationen f\u00fcr den Januar.<br \/>\nIm Innenbereich sieht die<b> winterliche Deko f\u00fcr den Januar<\/b> nicht viel anders aus. Schalen und Vasen, bef\u00fcllt mit <i>Naturmaterialien <\/i>und eventuell den <i>Deko-Teilen aus dem Potpourri<\/i> sind die Basis dieser Deko, etwas Schneeglitter und fertig ist das Arrangement f\u00fcr den Ess- oder Wohnzimmertisch.<br \/>\n<b>Dekorationen im Januar<\/b> \u2013 sie haben in der Regel etwas mit dem Winter zu tun \u2013 die Fr\u00fchlingsboten kommen erst etwas sp\u00e4ter.<br \/>\nUnd je nachdem, wie Fasching f\u00e4llt, dekorieren die echten \u201eFaschingsjecken\u201c bereits Ende Januar f\u00fcr den Fasching. <\/p>\n","protected":false},"excerpt":{"rendered":"<p>Mit dem Januar beginnt wieder ein neues Jahr und die \u00fcppige Weihnachtsdeko muss der Deko f\u00fcr den Januar weichen. Oftmals bleibt die Weihnachtsdeko noch bis um den 6. Januar h\u00e4ngen, doch dann wird sie durch eine andere Deko ersetzt. Wie diese Deko aussieht, ist nat\u00fcrlich ganz unterschiedlich und kommt auf die Stelle an, die dekoriert [&hellip;]<\/p>\n","protected":false},"author":2,"featured_media":0,"comment_status":"open","ping_status":"open","sticky":false,"template":"","format":"standard","meta":{"footnotes":""},"categories":[1],"tags":[],"yoast_head":"<!-- This site is optimized with the Yoast SEO plugin v20.4 - https:\/\/yoast.com\/wordpress\/plugins\/seo\/ -->\n<title>Deko f\u00fcr den Januar - Tafeldeko<\/title>\n<meta name=\"description\" content=\"Mit dem Januar beginnt wieder ein neues Jahr und die \u00fcppige Weihnachtsdeko muss der Deko f\u00fcr den Januar weichen. Oftmals bleibt die Weihnachtsdeko noch\" \/>\n<meta name=\"robots\" content=\"index, follow, max-snippet:-1, max-image-preview:large, max-video-preview:-1\" \/>\n<link rel=\"canonical\" href=\"https:\/\/www.tafeldeko.de\/news\/deko-fuer-den-januar\/\" \/>\n<meta property=\"og:locale\" content=\"de_DE\" \/>\n<meta property=\"og:type\" content=\"article\" \/>\n<meta property=\"og:title\" content=\"Deko f\u00fcr den Januar - Tafeldeko\" \/>\n<meta property=\"og:description\" content=\"Mit dem Januar beginnt wieder ein neues Jahr und die \u00fcppige Weihnachtsdeko muss der Deko f\u00fcr den Januar weichen. Oftmals bleibt die Weihnachtsdeko noch\" \/>\n<meta property=\"og:url\" content=\"https:\/\/www.tafeldeko.de\/news\/deko-fuer-den-januar\/\" \/>\n<meta property=\"og:site_name\" content=\"Tafeldeko\" \/>\n<meta property=\"article:publisher\" content=\"https:\/\/www.facebook.com\/pages\/Tafeldeko-einzigartige-Tischdekoration\/174202655894\" \/>\n<meta property=\"article:published_time\" content=\"2011-12-19T20:04:39+00:00\" \/>\n<meta name=\"author\" content=\"Christiane Stein\" \/>\n<meta name=\"twitter:label1\" content=\"Verfasst von\" \/>\n\t<meta name=\"twitter:data1\" content=\"Christiane Stein\" \/>\n\t<meta name=\"twitter:label2\" content=\"Gesch\u00e4tzte Lesezeit\" \/>\n\t<meta name=\"twitter:data2\" content=\"2 Minuten\" \/>\n<script type=\"application\/ld+json\" class=\"yoast-schema-graph\">{\"@context\":\"https:\/\/schema.org\",\"@graph\":[{\"@type\":\"WebPage\",\"@id\":\"https:\/\/www.tafeldeko.de\/news\/deko-fuer-den-januar\/\",\"url\":\"https:\/\/www.tafeldeko.de\/news\/deko-fuer-den-januar\/\",\"name\":\"Deko f\u00fcr den Januar - Tafeldeko\",\"isPartOf\":{\"@id\":\"https:\/\/www.tafeldeko.de\/news\/#website\"},\"datePublished\":\"2011-12-19T20:04:39+00:00\",\"dateModified\":\"2011-12-19T20:04:39+00:00\",\"author\":{\"@id\":\"https:\/\/www.tafeldeko.de\/news\/#\/schema\/person\/d2acd86447ed0b6336089a8ba83164a0\"},\"description\":\"Mit dem Januar beginnt wieder ein neues Jahr und die \u00fcppige Weihnachtsdeko muss der Deko f\u00fcr den Januar weichen. Oftmals bleibt die Weihnachtsdeko noch\",\"breadcrumb\":{\"@id\":\"https:\/\/www.tafeldeko.de\/news\/deko-fuer-den-januar\/#breadcrumb\"},\"inLanguage\":\"de-DE\",\"potentialAction\":[{\"@type\":\"ReadAction\",\"target\":[\"https:\/\/www.tafeldeko.de\/news\/deko-fuer-den-januar\/\"]}]},{\"@type\":\"BreadcrumbList\",\"@id\":\"https:\/\/www.tafeldeko.de\/news\/deko-fuer-den-januar\/#breadcrumb\",\"itemListElement\":[{\"@type\":\"ListItem\",\"position\":1,\"name\":\"Tafeldeko\",\"item\":\"https:\/\/www.tafeldeko.de\/news\/\"},{\"@type\":\"ListItem\",\"position\":2,\"name\":\"Alte Beitr\u00e4ge\",\"item\":\"https:\/\/www.tafeldeko.de\/news\/alte-beitraege\/\"},{\"@type\":\"ListItem\",\"position\":3,\"name\":\"Tischdeko - Blog\",\"item\":\"https:\/\/www.tafeldeko.de\/news\/alte-beitraege\/tischdeko-blog\/\"},{\"@type\":\"ListItem\",\"position\":4,\"name\":\"Deko f\u00fcr den Januar\"}]},{\"@type\":\"WebSite\",\"@id\":\"https:\/\/www.tafeldeko.de\/news\/#website\",\"url\":\"https:\/\/www.tafeldeko.de\/news\/\",\"name\":\"Tafeldeko\",\"description\":\"Blog mit Tischdeko und Tischdekoration Ideen\",\"potentialAction\":[{\"@type\":\"SearchAction\",\"target\":{\"@type\":\"EntryPoint\",\"urlTemplate\":\"https:\/\/www.tafeldeko.de\/news\/?s={search_term_string}\"},\"query-input\":\"required name=search_term_string\"}],\"inLanguage\":\"de-DE\"},{\"@type\":\"Person\",\"@id\":\"https:\/\/www.tafeldeko.de\/news\/#\/schema\/person\/d2acd86447ed0b6336089a8ba83164a0\",\"name\":\"Christiane Stein\",\"image\":{\"@type\":\"ImageObject\",\"inLanguage\":\"de-DE\",\"@id\":\"https:\/\/www.tafeldeko.de\/news\/#\/schema\/person\/image\/\",\"url\":\"https:\/\/secure.gravatar.com\/avatar\/2054729fbfd1ebc9d3cf1fd55361d0b6?s=96&d=mm&r=g\",\"contentUrl\":\"https:\/\/secure.gravatar.com\/avatar\/2054729fbfd1ebc9d3cf1fd55361d0b6?s=96&d=mm&r=g\",\"caption\":\"Christiane Stein\"}}]}<\/script>\n<!-- \/ Yoast SEO plugin. -->","yoast_head_json":{"title":"Deko f\u00fcr den Januar - Tafeldeko","description":"Mit dem Januar beginnt wieder ein neues Jahr und die \u00fcppige Weihnachtsdeko muss der Deko f\u00fcr den Januar weichen. Oftmals bleibt die Weihnachtsdeko noch","robots":{"index":"index","follow":"follow","max-snippet":"max-snippet:-1","max-image-preview":"max-image-preview:large","max-video-preview":"max-video-preview:-1"},"canonical":"https:\/\/www.tafeldeko.de\/news\/deko-fuer-den-januar\/","og_locale":"de_DE","og_type":"article","og_title":"Deko f\u00fcr den Januar - Tafeldeko","og_description":"Mit dem Januar beginnt wieder ein neues Jahr und die \u00fcppige Weihnachtsdeko muss der Deko f\u00fcr den Januar weichen. Oftmals bleibt die Weihnachtsdeko noch","og_url":"https:\/\/www.tafeldeko.de\/news\/deko-fuer-den-januar\/","og_site_name":"Tafeldeko","article_publisher":"https:\/\/www.facebook.com\/pages\/Tafeldeko-einzigartige-Tischdekoration\/174202655894","article_published_time":"2011-12-19T20:04:39+00:00","author":"Christiane Stein","twitter_misc":{"Verfasst von":"Christiane Stein","Gesch\u00e4tzte Lesezeit":"2 Minuten"},"schema":{"@context":"https:\/\/schema.org","@graph":[{"@type":"WebPage","@id":"https:\/\/www.tafeldeko.de\/news\/deko-fuer-den-januar\/","url":"https:\/\/www.tafeldeko.de\/news\/deko-fuer-den-januar\/","name":"Deko f\u00fcr den Januar - Tafeldeko","isPartOf":{"@id":"https:\/\/www.tafeldeko.de\/news\/#website"},"datePublished":"2011-12-19T20:04:39+00:00","dateModified":"2011-12-19T20:04:39+00:00","author":{"@id":"https:\/\/www.tafeldeko.de\/news\/#\/schema\/person\/d2acd86447ed0b6336089a8ba83164a0"},"description":"Mit dem Januar beginnt wieder ein neues Jahr und die \u00fcppige Weihnachtsdeko muss der Deko f\u00fcr den Januar weichen. Oftmals bleibt die Weihnachtsdeko noch","breadcrumb":{"@id":"https:\/\/www.tafeldeko.de\/news\/deko-fuer-den-januar\/#breadcrumb"},"inLanguage":"de-DE","potentialAction":[{"@type":"ReadAction","target":["https:\/\/www.tafeldeko.de\/news\/deko-fuer-den-januar\/"]}]},{"@type":"BreadcrumbList","@id":"https:\/\/www.tafeldeko.de\/news\/deko-fuer-den-januar\/#breadcrumb","itemListElement":[{"@type":"ListItem","position":1,"name":"Tafeldeko","item":"https:\/\/www.tafeldeko.de\/news\/"},{"@type":"ListItem","position":2,"name":"Alte Beitr\u00e4ge","item":"https:\/\/www.tafeldeko.de\/news\/alte-beitraege\/"},{"@type":"ListItem","position":3,"name":"Tischdeko - Blog","item":"https:\/\/www.tafeldeko.de\/news\/alte-beitraege\/tischdeko-blog\/"},{"@type":"ListItem","position":4,"name":"Deko f\u00fcr den Januar"}]},{"@type":"WebSite","@id":"https:\/\/www.tafeldeko.de\/news\/#website","url":"https:\/\/www.tafeldeko.de\/news\/","name":"Tafeldeko","description":"Blog mit Tischdeko und Tischdekoration Ideen","potentialAction":[{"@type":"SearchAction","target":{"@type":"EntryPoint","urlTemplate":"https:\/\/www.tafeldeko.de\/news\/?s={search_term_string}"},"query-input":"required name=search_term_string"}],"inLanguage":"de-DE"},{"@type":"Person","@id":"https:\/\/www.tafeldeko.de\/news\/#\/schema\/person\/d2acd86447ed0b6336089a8ba83164a0","name":"Christiane Stein","image":{"@type":"ImageObject","inLanguage":"de-DE","@id":"https:\/\/www.tafeldeko.de\/news\/#\/schema\/person\/image\/","url":"https:\/\/secure.gravatar.com\/avatar\/2054729fbfd1ebc9d3cf1fd55361d0b6?s=96&d=mm&r=g","contentUrl":"https:\/\/secure.gravatar.com\/avatar\/2054729fbfd1ebc9d3cf1fd55361d0b6?s=96&d=mm&r=g","caption":"Christiane Stein"}}]}},"_links":{"self":[{"href":"https:\/\/www.tafeldeko.de\/news\/wp-json\/wp\/v2\/posts\/3706"}],"collection":[{"href":"https:\/\/www.tafeldeko.de\/news\/wp-json\/wp\/v2\/posts"}],"about":[{"href":"https:\/\/www.tafeldeko.de\/news\/wp-json\/wp\/v2\/types\/post"}],"author":[{"embeddable":true,"href":"https:\/\/www.tafeldeko.de\/news\/wp-json\/wp\/v2\/users\/2"}],"replies":[{"embeddable":true,"href":"https:\/\/www.tafeldeko.de\/news\/wp-json\/wp\/v2\/comments?post=3706"}],"version-history":[{"count":0,"href":"https:\/\/www.tafeldeko.de\/news\/wp-json\/wp\/v2\/posts\/3706\/revisions"}],"wp:attachment":[{"href":"https:\/\/www.tafeldeko.de\/news\/wp-json\/wp\/v2\/media?parent=3706"}],"wp:term":[{"taxonomy":"category","embeddable":true,"href":"https:\/\/www.tafeldeko.de\/news\/wp-json\/wp\/v2\/categories?post=3706"},{"taxonomy":"post_tag","embeddable":true,"href":"https:\/\/www.tafeldeko.de\/news\/wp-json\/wp\/v2\/tags?post=3706"}],"curies":[{"name":"wp","href":"https:\/\/api.w.org\/{rel}","templated":true}]}}