{"id":3705,"date":"2011-12-18T16:35:24","date_gmt":"2011-12-18T14:35:24","guid":{"rendered":"http:\/\/www.tafeldeko.de\/news\/?p=3705"},"modified":"2011-12-18T16:35:24","modified_gmt":"2011-12-18T14:35:24","slug":"die-deko-am-treppengelaender","status":"publish","type":"post","link":"https:\/\/www.tafeldeko.de\/news\/die-deko-am-treppengelaender\/","title":{"rendered":"Die Deko am Treppengel\u00e4nder"},"content":{"rendered":"<p>Die heutigen <b>H\u00e4user <\/b>werden von den R\u00e4umen recht offen geplant und gestaltet, die Treppenbereiche sind gro\u00dfz\u00fcgig und gro\u00dffl\u00e4chig bemessen und auch meistens offen gehalten. Die geschlossenen <b>Treppenaufg\u00e4nge<\/b>, wie man sie fr\u00fcher in den H\u00e4usern eingebaut hat, gibt es heute eher selten.<br \/>\nDer Wunsch nach offenen Baul\u00f6sungen ist gr\u00f6\u00dfer und dadurch ergeben sich auch verschiedene <b>Gestaltungsm\u00f6glichkeiten<\/b>. Durch diese Bauweise ist das Treppengel\u00e4nder in der Regel freistehend und bietet somit auch etliche Dekorationsm\u00f6glichkeiten.<br \/>\n<b>Gerade an Weihnachten<\/b> sieht man oft Gel\u00e4nder, im Au\u00dfen- und auch im Innenbereich, die mit <b>Tannengirlanden und Schleifen<\/b> sch\u00f6n verziert wurden. Teilweise geben <b>kleine Lichterketten <\/b>dieser Deko am Treppengel\u00e4nder das gewisse Etwas.<br \/>\nWenn mal nicht gerade Weihnachten ist, und man dennoch das Treppengel\u00e4nder versch\u00f6nern m\u00f6chte, bieten sich auch andere M\u00f6glichkeiten an. <i>Blumengirlanden <\/i>k\u00f6nnen ebenfalls das Treppengel\u00e4nder und somit den Aufgang versch\u00f6nern.<br \/>\nBei der <b><a href=\"https:\/\/www.tafeldeko.de\/shop_content.php\/coID\/212_Deko.html\">Deko<\/a> f\u00fcr das Treppengel\u00e4nder <\/b>sollte man k\u00fcnstliche Blumengirlanden verwenden, damit die Freude an dieser sch\u00f6nen Deko etwas l\u00e4nger anh\u00e4lt. Echte Blumengirlanden, um das Treppengel\u00e4nder gewickelt, sind zu schnell verwelkt und die Freude w\u00e4hrt nur von kurzer Dauer.<br \/>\n<b>Dekoriert man das Treppengel\u00e4nder<\/b> f\u00fcr eine <b>Hochzeit<\/b>, das hei\u00dft, die Deko des Treppengel\u00e4nders muss auch nur einen oder maximal zwei Tage halten, sollte man echte Blumen verwenden. Denn dieser Anlass ist doch ein besonderer und die Deko wird eigens daf\u00fcr angebracht und gestaltet.<br \/>\nAndere Dekorationen, eben die, die \u00fcber einen l\u00e4ngeren Zeitraum am Treppengel\u00e4nder zu sehen sein soll, sollten mit k\u00fcnstlichen Ranken und Blumen gestaltet sein.<br \/>\n<b>Auch im Herbst ist das Treppengel\u00e4nder<\/b> eine sch\u00f6ne Basis f\u00fcr die Deko. Herbstliche Bl\u00e4ttergirlanden k\u00f6nnen um den Handlauf oder die Stelzen des Treppengel\u00e4nders gewickelt werden. Kleine Schleifen oder auch Naturmaterialien k\u00f6nnen an die Girlande angeheftet werden und im Nu hat man eine wundervolle Deko des Treppengel\u00e4nders erschaffen.<br \/>\nNat\u00fcrlich sieht die <b>Deko des Treppengel\u00e4nders<\/b> im Au\u00dfenbereich ebenfalls sehr sch\u00f6n aus und M\u00f6glichkeiten gibt es, wie bereits geschrieben, einige. <\/p>\n","protected":false},"excerpt":{"rendered":"<p>Die heutigen H\u00e4user werden von den R\u00e4umen recht offen geplant und gestaltet, die Treppenbereiche sind gro\u00dfz\u00fcgig und gro\u00dffl\u00e4chig bemessen und auch meistens offen gehalten. Die geschlossenen Treppenaufg\u00e4nge, wie man sie fr\u00fcher in den H\u00e4usern eingebaut hat, gibt es heute eher selten. Der Wunsch nach offenen Baul\u00f6sungen ist gr\u00f6\u00dfer und dadurch ergeben sich auch verschiedene Gestaltungsm\u00f6glichkeiten. [&hellip;]<\/p>\n","protected":false},"author":2,"featured_media":0,"comment_status":"open","ping_status":"open","sticky":false,"template":"","format":"standard","meta":{"footnotes":""},"categories":[1],"tags":[],"yoast_head":"<!-- This site is optimized with the Yoast SEO plugin v20.4 - https:\/\/yoast.com\/wordpress\/plugins\/seo\/ -->\n<title>Die Deko am Treppengel\u00e4nder - Tafeldeko<\/title>\n<meta name=\"description\" content=\"Die heutigen H\u00e4user werden von den R\u00e4umen recht offen geplant und gestaltet, die Treppenbereiche sind gro\u00dfz\u00fcgig und gro\u00dffl\u00e4chig bemessen und auch meistens\" \/>\n<meta name=\"robots\" content=\"index, follow, max-snippet:-1, max-image-preview:large, max-video-preview:-1\" \/>\n<link rel=\"canonical\" href=\"https:\/\/www.tafeldeko.de\/news\/die-deko-am-treppengelaender\/\" \/>\n<meta property=\"og:locale\" content=\"de_DE\" \/>\n<meta property=\"og:type\" content=\"article\" \/>\n<meta property=\"og:title\" content=\"Die Deko am Treppengel\u00e4nder - Tafeldeko\" \/>\n<meta property=\"og:description\" content=\"Die heutigen H\u00e4user werden von den R\u00e4umen recht offen geplant und gestaltet, die Treppenbereiche sind gro\u00dfz\u00fcgig und gro\u00dffl\u00e4chig bemessen und auch meistens\" \/>\n<meta property=\"og:url\" content=\"https:\/\/www.tafeldeko.de\/news\/die-deko-am-treppengelaender\/\" \/>\n<meta property=\"og:site_name\" content=\"Tafeldeko\" \/>\n<meta property=\"article:publisher\" content=\"https:\/\/www.facebook.com\/pages\/Tafeldeko-einzigartige-Tischdekoration\/174202655894\" \/>\n<meta property=\"article:published_time\" content=\"2011-12-18T14:35:24+00:00\" \/>\n<meta name=\"author\" content=\"Christiane Stein\" \/>\n<meta name=\"twitter:label1\" content=\"Verfasst von\" \/>\n\t<meta name=\"twitter:data1\" content=\"Christiane Stein\" \/>\n\t<meta name=\"twitter:label2\" content=\"Gesch\u00e4tzte Lesezeit\" \/>\n\t<meta name=\"twitter:data2\" content=\"2 Minuten\" \/>\n<script type=\"application\/ld+json\" class=\"yoast-schema-graph\">{\"@context\":\"https:\/\/schema.org\",\"@graph\":[{\"@type\":\"WebPage\",\"@id\":\"https:\/\/www.tafeldeko.de\/news\/die-deko-am-treppengelaender\/\",\"url\":\"https:\/\/www.tafeldeko.de\/news\/die-deko-am-treppengelaender\/\",\"name\":\"Die Deko am Treppengel\u00e4nder - Tafeldeko\",\"isPartOf\":{\"@id\":\"https:\/\/www.tafeldeko.de\/news\/#website\"},\"datePublished\":\"2011-12-18T14:35:24+00:00\",\"dateModified\":\"2011-12-18T14:35:24+00:00\",\"author\":{\"@id\":\"https:\/\/www.tafeldeko.de\/news\/#\/schema\/person\/d2acd86447ed0b6336089a8ba83164a0\"},\"description\":\"Die heutigen H\u00e4user werden von den R\u00e4umen recht offen geplant und gestaltet, die Treppenbereiche sind gro\u00dfz\u00fcgig und gro\u00dffl\u00e4chig bemessen und auch meistens\",\"breadcrumb\":{\"@id\":\"https:\/\/www.tafeldeko.de\/news\/die-deko-am-treppengelaender\/#breadcrumb\"},\"inLanguage\":\"de-DE\",\"potentialAction\":[{\"@type\":\"ReadAction\",\"target\":[\"https:\/\/www.tafeldeko.de\/news\/die-deko-am-treppengelaender\/\"]}]},{\"@type\":\"BreadcrumbList\",\"@id\":\"https:\/\/www.tafeldeko.de\/news\/die-deko-am-treppengelaender\/#breadcrumb\",\"itemListElement\":[{\"@type\":\"ListItem\",\"position\":1,\"name\":\"Tafeldeko\",\"item\":\"https:\/\/www.tafeldeko.de\/news\/\"},{\"@type\":\"ListItem\",\"position\":2,\"name\":\"Alte Beitr\u00e4ge\",\"item\":\"https:\/\/www.tafeldeko.de\/news\/alte-beitraege\/\"},{\"@type\":\"ListItem\",\"position\":3,\"name\":\"Tischdeko - Blog\",\"item\":\"https:\/\/www.tafeldeko.de\/news\/alte-beitraege\/tischdeko-blog\/\"},{\"@type\":\"ListItem\",\"position\":4,\"name\":\"Die Deko am Treppengel\u00e4nder\"}]},{\"@type\":\"WebSite\",\"@id\":\"https:\/\/www.tafeldeko.de\/news\/#website\",\"url\":\"https:\/\/www.tafeldeko.de\/news\/\",\"name\":\"Tafeldeko\",\"description\":\"Blog mit Tischdeko und Tischdekoration Ideen\",\"potentialAction\":[{\"@type\":\"SearchAction\",\"target\":{\"@type\":\"EntryPoint\",\"urlTemplate\":\"https:\/\/www.tafeldeko.de\/news\/?s={search_term_string}\"},\"query-input\":\"required name=search_term_string\"}],\"inLanguage\":\"de-DE\"},{\"@type\":\"Person\",\"@id\":\"https:\/\/www.tafeldeko.de\/news\/#\/schema\/person\/d2acd86447ed0b6336089a8ba83164a0\",\"name\":\"Christiane Stein\",\"image\":{\"@type\":\"ImageObject\",\"inLanguage\":\"de-DE\",\"@id\":\"https:\/\/www.tafeldeko.de\/news\/#\/schema\/person\/image\/\",\"url\":\"https:\/\/secure.gravatar.com\/avatar\/2054729fbfd1ebc9d3cf1fd55361d0b6?s=96&d=mm&r=g\",\"contentUrl\":\"https:\/\/secure.gravatar.com\/avatar\/2054729fbfd1ebc9d3cf1fd55361d0b6?s=96&d=mm&r=g\",\"caption\":\"Christiane Stein\"}}]}<\/script>\n<!-- \/ Yoast SEO plugin. -->","yoast_head_json":{"title":"Die Deko am Treppengel\u00e4nder - Tafeldeko","description":"Die heutigen H\u00e4user werden von den R\u00e4umen recht offen geplant und gestaltet, die Treppenbereiche sind gro\u00dfz\u00fcgig und gro\u00dffl\u00e4chig bemessen und auch meistens","robots":{"index":"index","follow":"follow","max-snippet":"max-snippet:-1","max-image-preview":"max-image-preview:large","max-video-preview":"max-video-preview:-1"},"canonical":"https:\/\/www.tafeldeko.de\/news\/die-deko-am-treppengelaender\/","og_locale":"de_DE","og_type":"article","og_title":"Die Deko am Treppengel\u00e4nder - Tafeldeko","og_description":"Die heutigen H\u00e4user werden von den R\u00e4umen recht offen geplant und gestaltet, die Treppenbereiche sind gro\u00dfz\u00fcgig und gro\u00dffl\u00e4chig bemessen und auch meistens","og_url":"https:\/\/www.tafeldeko.de\/news\/die-deko-am-treppengelaender\/","og_site_name":"Tafeldeko","article_publisher":"https:\/\/www.facebook.com\/pages\/Tafeldeko-einzigartige-Tischdekoration\/174202655894","article_published_time":"2011-12-18T14:35:24+00:00","author":"Christiane Stein","twitter_misc":{"Verfasst von":"Christiane Stein","Gesch\u00e4tzte Lesezeit":"2 Minuten"},"schema":{"@context":"https:\/\/schema.org","@graph":[{"@type":"WebPage","@id":"https:\/\/www.tafeldeko.de\/news\/die-deko-am-treppengelaender\/","url":"https:\/\/www.tafeldeko.de\/news\/die-deko-am-treppengelaender\/","name":"Die Deko am Treppengel\u00e4nder - Tafeldeko","isPartOf":{"@id":"https:\/\/www.tafeldeko.de\/news\/#website"},"datePublished":"2011-12-18T14:35:24+00:00","dateModified":"2011-12-18T14:35:24+00:00","author":{"@id":"https:\/\/www.tafeldeko.de\/news\/#\/schema\/person\/d2acd86447ed0b6336089a8ba83164a0"},"description":"Die heutigen H\u00e4user werden von den R\u00e4umen recht offen geplant und gestaltet, die Treppenbereiche sind gro\u00dfz\u00fcgig und gro\u00dffl\u00e4chig bemessen und auch meistens","breadcrumb":{"@id":"https:\/\/www.tafeldeko.de\/news\/die-deko-am-treppengelaender\/#breadcrumb"},"inLanguage":"de-DE","potentialAction":[{"@type":"ReadAction","target":["https:\/\/www.tafeldeko.de\/news\/die-deko-am-treppengelaender\/"]}]},{"@type":"BreadcrumbList","@id":"https:\/\/www.tafeldeko.de\/news\/die-deko-am-treppengelaender\/#breadcrumb","itemListElement":[{"@type":"ListItem","position":1,"name":"Tafeldeko","item":"https:\/\/www.tafeldeko.de\/news\/"},{"@type":"ListItem","position":2,"name":"Alte Beitr\u00e4ge","item":"https:\/\/www.tafeldeko.de\/news\/alte-beitraege\/"},{"@type":"ListItem","position":3,"name":"Tischdeko - Blog","item":"https:\/\/www.tafeldeko.de\/news\/alte-beitraege\/tischdeko-blog\/"},{"@type":"ListItem","position":4,"name":"Die Deko am Treppengel\u00e4nder"}]},{"@type":"WebSite","@id":"https:\/\/www.tafeldeko.de\/news\/#website","url":"https:\/\/www.tafeldeko.de\/news\/","name":"Tafeldeko","description":"Blog mit Tischdeko und Tischdekoration Ideen","potentialAction":[{"@type":"SearchAction","target":{"@type":"EntryPoint","urlTemplate":"https:\/\/www.tafeldeko.de\/news\/?s={search_term_string}"},"query-input":"required name=search_term_string"}],"inLanguage":"de-DE"},{"@type":"Person","@id":"https:\/\/www.tafeldeko.de\/news\/#\/schema\/person\/d2acd86447ed0b6336089a8ba83164a0","name":"Christiane Stein","image":{"@type":"ImageObject","inLanguage":"de-DE","@id":"https:\/\/www.tafeldeko.de\/news\/#\/schema\/person\/image\/","url":"https:\/\/secure.gravatar.com\/avatar\/2054729fbfd1ebc9d3cf1fd55361d0b6?s=96&d=mm&r=g","contentUrl":"https:\/\/secure.gravatar.com\/avatar\/2054729fbfd1ebc9d3cf1fd55361d0b6?s=96&d=mm&r=g","caption":"Christiane Stein"}}]}},"_links":{"self":[{"href":"https:\/\/www.tafeldeko.de\/news\/wp-json\/wp\/v2\/posts\/3705"}],"collection":[{"href":"https:\/\/www.tafeldeko.de\/news\/wp-json\/wp\/v2\/posts"}],"about":[{"href":"https:\/\/www.tafeldeko.de\/news\/wp-json\/wp\/v2\/types\/post"}],"author":[{"embeddable":true,"href":"https:\/\/www.tafeldeko.de\/news\/wp-json\/wp\/v2\/users\/2"}],"replies":[{"embeddable":true,"href":"https:\/\/www.tafeldeko.de\/news\/wp-json\/wp\/v2\/comments?post=3705"}],"version-history":[{"count":0,"href":"https:\/\/www.tafeldeko.de\/news\/wp-json\/wp\/v2\/posts\/3705\/revisions"}],"wp:attachment":[{"href":"https:\/\/www.tafeldeko.de\/news\/wp-json\/wp\/v2\/media?parent=3705"}],"wp:term":[{"taxonomy":"category","embeddable":true,"href":"https:\/\/www.tafeldeko.de\/news\/wp-json\/wp\/v2\/categories?post=3705"},{"taxonomy":"post_tag","embeddable":true,"href":"https:\/\/www.tafeldeko.de\/news\/wp-json\/wp\/v2\/tags?post=3705"}],"curies":[{"name":"wp","href":"https:\/\/api.w.org\/{rel}","templated":true}]}}