{"id":3704,"date":"2011-12-17T16:03:40","date_gmt":"2011-12-17T14:03:40","guid":{"rendered":"http:\/\/www.tafeldeko.de\/news\/?p=3704"},"modified":"2011-12-17T16:03:40","modified_gmt":"2011-12-17T14:03:40","slug":"die-deko-im-garten-zu-jeder-jahreszeit-gibt-es-dekorationen","status":"publish","type":"post","link":"https:\/\/www.tafeldeko.de\/news\/die-deko-im-garten-zu-jeder-jahreszeit-gibt-es-dekorationen\/","title":{"rendered":"Die Deko im Garten \u2013 zu jeder Jahreszeit gibt es Dekorationen"},"content":{"rendered":"<p>Bestimmte Wohnbereiche werden durch <b>Dekorationen <\/b>zu wundersch\u00f6nen Oasen der Ruhe und strahlen ein gewisses Ma\u00df an Pers\u00f6nlichkeit aus. Ob es sich nun um <b>Dekorationen im Innenbereich oder im Au\u00dfenbereich<\/b>, wie beispielsweise dem Garten handelt, spielt dabei keine gro\u00dfe Rolle. Die Deko sieht einfach wundersch\u00f6n aus, und verleiht den einzelnen \u00d6rtlichkeiten das gewisse Etwas.<br \/>\n<b>Die <a href=\"https:\/\/www.tafeldeko.de\/shop_content.php\/coID\/212_Deko.html\">Deko<\/a> im Garten kann jeder Jahreszeit angepasst werden<\/b>, was zum einen ein sch\u00f6nes Bild ergibt und zum anderen nat\u00fcrlich auch Abwechslung in die Deko und den Garten bringt.<br \/>\nAllein schon durch das Pflanzen von Blumen erh\u00e4lt man eine ansprechende Deko, so k\u00f6nnen die ersten <b>Fr\u00fchlingsboten im Fr\u00fchjahr<\/b> in Form von Blumenzwiebeln gepflanzt worden sein und verk\u00fcnden nun die neue Jahreszeit. Die Tage werden wieder l\u00e4nger, die ersten kleinen <i>Fr\u00fchlingsblumen <\/i>sprie\u00dfen im eigenen Garten und der eine oder andere <i>kleine Osterhase<\/i> blickt neugierig aus den Blumenbeeten hervor \u2013 denn schlie\u00dflich ist doch auch bald Ostern.<br \/>\nDie n\u00e4chste <b>saisonale Deko im Garten<\/b> kann sich auf den Sommer beziehen \u2013 die Gartenst\u00fchle und Gartenm\u00f6bel werden wieder sozusagen aus dem Winterschlaf hervor geholt und stehen nun auf der Terrasse oder dem Balkon, um sch\u00f6ne Stunden zu bescheren.<br \/>\n<i>Sommerblumen in sch\u00f6nen T\u00f6pfen, diverse Deko-Accessoires in Form von Figuren, Blument\u00f6pfen, Blumenampeln und Kugeln, Laternen und Lampen<\/i> sind <b>Dekorationen<\/b>, die f\u00fcr die Sommermonate ideal sind. Verbringt man viele Abende drau\u00dfen, macht sich eine sch\u00f6ne Lichterkette hervorragend. Nat\u00fcrlich k\u00f6nnen auch gr\u00f6\u00dfere <i>Laternen<\/i>, die man mit Kerzen best\u00fcckt, f\u00fcr das entsprechende, vor allen Dingen, romantische Licht sorgen.<br \/>\nGerade im Gartenbereich bieten sich f\u00fcr die <b>Deko <\/b>viele M\u00f6glichkeiten. Altbekannt sind wohl die Gartenzwerge, die man schon seit vielen, vielen Jahren kennt und die gerade in den Schreberg\u00e4rten oft zu sehen sind. Auch diese z\u00e4hlen zu den M\u00f6glichkeiten der Deko im Garten. Heute gibt es auch andere Figuren, mit denen man den Gartenbereich versch\u00f6nern kann.<br \/>\n<b>Die Deko im Garten<\/b> \u2013 viele M\u00f6glichkeiten,<b> im Garten Akzente zu setzen<\/b>. <\/p>\n","protected":false},"excerpt":{"rendered":"<p>Bestimmte Wohnbereiche werden durch Dekorationen zu wundersch\u00f6nen Oasen der Ruhe und strahlen ein gewisses Ma\u00df an Pers\u00f6nlichkeit aus. Ob es sich nun um Dekorationen im Innenbereich oder im Au\u00dfenbereich, wie beispielsweise dem Garten handelt, spielt dabei keine gro\u00dfe Rolle. Die Deko sieht einfach wundersch\u00f6n aus, und verleiht den einzelnen \u00d6rtlichkeiten das gewisse Etwas. Die Deko [&hellip;]<\/p>\n","protected":false},"author":2,"featured_media":0,"comment_status":"open","ping_status":"open","sticky":false,"template":"","format":"standard","meta":{"footnotes":""},"categories":[1],"tags":[],"yoast_head":"<!-- This site is optimized with the Yoast SEO plugin v20.4 - https:\/\/yoast.com\/wordpress\/plugins\/seo\/ -->\n<title>Die Deko im Garten \u2013 zu jeder Jahreszeit gibt es Dekorationen - Tafeldeko<\/title>\n<meta name=\"description\" content=\"Bestimmte Wohnbereiche werden durch Dekorationen zu wundersch\u00f6nen Oasen der Ruhe und strahlen ein gewisses Ma\u00df an Pers\u00f6nlichkeit aus. Ob es sich nun um\" \/>\n<meta name=\"robots\" content=\"index, follow, max-snippet:-1, max-image-preview:large, max-video-preview:-1\" \/>\n<link rel=\"canonical\" href=\"https:\/\/www.tafeldeko.de\/news\/die-deko-im-garten-zu-jeder-jahreszeit-gibt-es-dekorationen\/\" \/>\n<meta property=\"og:locale\" content=\"de_DE\" \/>\n<meta property=\"og:type\" content=\"article\" \/>\n<meta property=\"og:title\" content=\"Die Deko im Garten \u2013 zu jeder Jahreszeit gibt es Dekorationen - Tafeldeko\" \/>\n<meta property=\"og:description\" content=\"Bestimmte Wohnbereiche werden durch Dekorationen zu wundersch\u00f6nen Oasen der Ruhe und strahlen ein gewisses Ma\u00df an Pers\u00f6nlichkeit aus. Ob es sich nun um\" \/>\n<meta property=\"og:url\" content=\"https:\/\/www.tafeldeko.de\/news\/die-deko-im-garten-zu-jeder-jahreszeit-gibt-es-dekorationen\/\" \/>\n<meta property=\"og:site_name\" content=\"Tafeldeko\" \/>\n<meta property=\"article:publisher\" content=\"https:\/\/www.facebook.com\/pages\/Tafeldeko-einzigartige-Tischdekoration\/174202655894\" \/>\n<meta property=\"article:published_time\" content=\"2011-12-17T14:03:40+00:00\" \/>\n<meta name=\"author\" content=\"Christiane Stein\" \/>\n<meta name=\"twitter:label1\" content=\"Verfasst von\" \/>\n\t<meta name=\"twitter:data1\" content=\"Christiane Stein\" \/>\n\t<meta name=\"twitter:label2\" content=\"Gesch\u00e4tzte Lesezeit\" \/>\n\t<meta name=\"twitter:data2\" content=\"2 Minuten\" \/>\n<script type=\"application\/ld+json\" class=\"yoast-schema-graph\">{\"@context\":\"https:\/\/schema.org\",\"@graph\":[{\"@type\":\"WebPage\",\"@id\":\"https:\/\/www.tafeldeko.de\/news\/die-deko-im-garten-zu-jeder-jahreszeit-gibt-es-dekorationen\/\",\"url\":\"https:\/\/www.tafeldeko.de\/news\/die-deko-im-garten-zu-jeder-jahreszeit-gibt-es-dekorationen\/\",\"name\":\"Die Deko im Garten \u2013 zu jeder Jahreszeit gibt es Dekorationen - Tafeldeko\",\"isPartOf\":{\"@id\":\"https:\/\/www.tafeldeko.de\/news\/#website\"},\"datePublished\":\"2011-12-17T14:03:40+00:00\",\"dateModified\":\"2011-12-17T14:03:40+00:00\",\"author\":{\"@id\":\"https:\/\/www.tafeldeko.de\/news\/#\/schema\/person\/d2acd86447ed0b6336089a8ba83164a0\"},\"description\":\"Bestimmte Wohnbereiche werden durch Dekorationen zu wundersch\u00f6nen Oasen der Ruhe und strahlen ein gewisses Ma\u00df an Pers\u00f6nlichkeit aus. Ob es sich nun um\",\"breadcrumb\":{\"@id\":\"https:\/\/www.tafeldeko.de\/news\/die-deko-im-garten-zu-jeder-jahreszeit-gibt-es-dekorationen\/#breadcrumb\"},\"inLanguage\":\"de-DE\",\"potentialAction\":[{\"@type\":\"ReadAction\",\"target\":[\"https:\/\/www.tafeldeko.de\/news\/die-deko-im-garten-zu-jeder-jahreszeit-gibt-es-dekorationen\/\"]}]},{\"@type\":\"BreadcrumbList\",\"@id\":\"https:\/\/www.tafeldeko.de\/news\/die-deko-im-garten-zu-jeder-jahreszeit-gibt-es-dekorationen\/#breadcrumb\",\"itemListElement\":[{\"@type\":\"ListItem\",\"position\":1,\"name\":\"Tafeldeko\",\"item\":\"https:\/\/www.tafeldeko.de\/news\/\"},{\"@type\":\"ListItem\",\"position\":2,\"name\":\"Alte Beitr\u00e4ge\",\"item\":\"https:\/\/www.tafeldeko.de\/news\/alte-beitraege\/\"},{\"@type\":\"ListItem\",\"position\":3,\"name\":\"Tischdeko - Blog\",\"item\":\"https:\/\/www.tafeldeko.de\/news\/alte-beitraege\/tischdeko-blog\/\"},{\"@type\":\"ListItem\",\"position\":4,\"name\":\"Die Deko im Garten \u2013 zu jeder Jahreszeit gibt es Dekorationen\"}]},{\"@type\":\"WebSite\",\"@id\":\"https:\/\/www.tafeldeko.de\/news\/#website\",\"url\":\"https:\/\/www.tafeldeko.de\/news\/\",\"name\":\"Tafeldeko\",\"description\":\"Blog mit Tischdeko und Tischdekoration Ideen\",\"potentialAction\":[{\"@type\":\"SearchAction\",\"target\":{\"@type\":\"EntryPoint\",\"urlTemplate\":\"https:\/\/www.tafeldeko.de\/news\/?s={search_term_string}\"},\"query-input\":\"required name=search_term_string\"}],\"inLanguage\":\"de-DE\"},{\"@type\":\"Person\",\"@id\":\"https:\/\/www.tafeldeko.de\/news\/#\/schema\/person\/d2acd86447ed0b6336089a8ba83164a0\",\"name\":\"Christiane Stein\",\"image\":{\"@type\":\"ImageObject\",\"inLanguage\":\"de-DE\",\"@id\":\"https:\/\/www.tafeldeko.de\/news\/#\/schema\/person\/image\/\",\"url\":\"https:\/\/secure.gravatar.com\/avatar\/2054729fbfd1ebc9d3cf1fd55361d0b6?s=96&d=mm&r=g\",\"contentUrl\":\"https:\/\/secure.gravatar.com\/avatar\/2054729fbfd1ebc9d3cf1fd55361d0b6?s=96&d=mm&r=g\",\"caption\":\"Christiane Stein\"}}]}<\/script>\n<!-- \/ Yoast SEO plugin. -->","yoast_head_json":{"title":"Die Deko im Garten \u2013 zu jeder Jahreszeit gibt es Dekorationen - Tafeldeko","description":"Bestimmte Wohnbereiche werden durch Dekorationen zu wundersch\u00f6nen Oasen der Ruhe und strahlen ein gewisses Ma\u00df an Pers\u00f6nlichkeit aus. Ob es sich nun um","robots":{"index":"index","follow":"follow","max-snippet":"max-snippet:-1","max-image-preview":"max-image-preview:large","max-video-preview":"max-video-preview:-1"},"canonical":"https:\/\/www.tafeldeko.de\/news\/die-deko-im-garten-zu-jeder-jahreszeit-gibt-es-dekorationen\/","og_locale":"de_DE","og_type":"article","og_title":"Die Deko im Garten \u2013 zu jeder Jahreszeit gibt es Dekorationen - Tafeldeko","og_description":"Bestimmte Wohnbereiche werden durch Dekorationen zu wundersch\u00f6nen Oasen der Ruhe und strahlen ein gewisses Ma\u00df an Pers\u00f6nlichkeit aus. Ob es sich nun um","og_url":"https:\/\/www.tafeldeko.de\/news\/die-deko-im-garten-zu-jeder-jahreszeit-gibt-es-dekorationen\/","og_site_name":"Tafeldeko","article_publisher":"https:\/\/www.facebook.com\/pages\/Tafeldeko-einzigartige-Tischdekoration\/174202655894","article_published_time":"2011-12-17T14:03:40+00:00","author":"Christiane Stein","twitter_misc":{"Verfasst von":"Christiane Stein","Gesch\u00e4tzte Lesezeit":"2 Minuten"},"schema":{"@context":"https:\/\/schema.org","@graph":[{"@type":"WebPage","@id":"https:\/\/www.tafeldeko.de\/news\/die-deko-im-garten-zu-jeder-jahreszeit-gibt-es-dekorationen\/","url":"https:\/\/www.tafeldeko.de\/news\/die-deko-im-garten-zu-jeder-jahreszeit-gibt-es-dekorationen\/","name":"Die Deko im Garten \u2013 zu jeder Jahreszeit gibt es Dekorationen - Tafeldeko","isPartOf":{"@id":"https:\/\/www.tafeldeko.de\/news\/#website"},"datePublished":"2011-12-17T14:03:40+00:00","dateModified":"2011-12-17T14:03:40+00:00","author":{"@id":"https:\/\/www.tafeldeko.de\/news\/#\/schema\/person\/d2acd86447ed0b6336089a8ba83164a0"},"description":"Bestimmte Wohnbereiche werden durch Dekorationen zu wundersch\u00f6nen Oasen der Ruhe und strahlen ein gewisses Ma\u00df an Pers\u00f6nlichkeit aus. Ob es sich nun um","breadcrumb":{"@id":"https:\/\/www.tafeldeko.de\/news\/die-deko-im-garten-zu-jeder-jahreszeit-gibt-es-dekorationen\/#breadcrumb"},"inLanguage":"de-DE","potentialAction":[{"@type":"ReadAction","target":["https:\/\/www.tafeldeko.de\/news\/die-deko-im-garten-zu-jeder-jahreszeit-gibt-es-dekorationen\/"]}]},{"@type":"BreadcrumbList","@id":"https:\/\/www.tafeldeko.de\/news\/die-deko-im-garten-zu-jeder-jahreszeit-gibt-es-dekorationen\/#breadcrumb","itemListElement":[{"@type":"ListItem","position":1,"name":"Tafeldeko","item":"https:\/\/www.tafeldeko.de\/news\/"},{"@type":"ListItem","position":2,"name":"Alte Beitr\u00e4ge","item":"https:\/\/www.tafeldeko.de\/news\/alte-beitraege\/"},{"@type":"ListItem","position":3,"name":"Tischdeko - Blog","item":"https:\/\/www.tafeldeko.de\/news\/alte-beitraege\/tischdeko-blog\/"},{"@type":"ListItem","position":4,"name":"Die Deko im Garten \u2013 zu jeder Jahreszeit gibt es Dekorationen"}]},{"@type":"WebSite","@id":"https:\/\/www.tafeldeko.de\/news\/#website","url":"https:\/\/www.tafeldeko.de\/news\/","name":"Tafeldeko","description":"Blog mit Tischdeko und Tischdekoration Ideen","potentialAction":[{"@type":"SearchAction","target":{"@type":"EntryPoint","urlTemplate":"https:\/\/www.tafeldeko.de\/news\/?s={search_term_string}"},"query-input":"required name=search_term_string"}],"inLanguage":"de-DE"},{"@type":"Person","@id":"https:\/\/www.tafeldeko.de\/news\/#\/schema\/person\/d2acd86447ed0b6336089a8ba83164a0","name":"Christiane Stein","image":{"@type":"ImageObject","inLanguage":"de-DE","@id":"https:\/\/www.tafeldeko.de\/news\/#\/schema\/person\/image\/","url":"https:\/\/secure.gravatar.com\/avatar\/2054729fbfd1ebc9d3cf1fd55361d0b6?s=96&d=mm&r=g","contentUrl":"https:\/\/secure.gravatar.com\/avatar\/2054729fbfd1ebc9d3cf1fd55361d0b6?s=96&d=mm&r=g","caption":"Christiane Stein"}}]}},"_links":{"self":[{"href":"https:\/\/www.tafeldeko.de\/news\/wp-json\/wp\/v2\/posts\/3704"}],"collection":[{"href":"https:\/\/www.tafeldeko.de\/news\/wp-json\/wp\/v2\/posts"}],"about":[{"href":"https:\/\/www.tafeldeko.de\/news\/wp-json\/wp\/v2\/types\/post"}],"author":[{"embeddable":true,"href":"https:\/\/www.tafeldeko.de\/news\/wp-json\/wp\/v2\/users\/2"}],"replies":[{"embeddable":true,"href":"https:\/\/www.tafeldeko.de\/news\/wp-json\/wp\/v2\/comments?post=3704"}],"version-history":[{"count":0,"href":"https:\/\/www.tafeldeko.de\/news\/wp-json\/wp\/v2\/posts\/3704\/revisions"}],"wp:attachment":[{"href":"https:\/\/www.tafeldeko.de\/news\/wp-json\/wp\/v2\/media?parent=3704"}],"wp:term":[{"taxonomy":"category","embeddable":true,"href":"https:\/\/www.tafeldeko.de\/news\/wp-json\/wp\/v2\/categories?post=3704"},{"taxonomy":"post_tag","embeddable":true,"href":"https:\/\/www.tafeldeko.de\/news\/wp-json\/wp\/v2\/tags?post=3704"}],"curies":[{"name":"wp","href":"https:\/\/api.w.org\/{rel}","templated":true}]}}