{"id":3703,"date":"2011-12-16T21:58:34","date_gmt":"2011-12-16T19:58:34","guid":{"rendered":"http:\/\/www.tafeldeko.de\/news\/?p=3703"},"modified":"2011-12-16T21:58:34","modified_gmt":"2011-12-16T19:58:34","slug":"deko-im-flur-der-erste-eindruck-einer-wohnung","status":"publish","type":"post","link":"https:\/\/www.tafeldeko.de\/news\/deko-im-flur-der-erste-eindruck-einer-wohnung\/","title":{"rendered":"Deko im Flur \u2013 der erste Eindruck einer Wohnung"},"content":{"rendered":"<p><b>Der Flur in einem Haus oder einer Wohnung<\/b> ist in der Regel der Bereich, den ein Gast als erstes betritt. Das hei\u00dft auch, dass dieses Bild, das sich dem Besucher pr\u00e4sentiert, der erste Eindruck ist, den sie oder er erh\u00e4lt. Und wie hei\u00dft es: <b>der erste Eindruck ist der Entscheidende<\/b> \u2013 ob es sich nun um eine Person handelt oder um den Ersteindruck innerhalb der Wohnung.<br \/>\nEin Flur sollte den Besucher empfangen, das hei\u00dft, <b>entsprechend gestaltet <\/b>sein.<br \/>\nGenerell ist es so, dass Mobiliar und <b>Dekorationen <\/b>die Pers\u00f6nlichkeit der Bewohner der Wohnung oder des Hauses widerspiegeln und aus diesem Grund sollte man auch schon die<b> <a href=\"https:\/\/www.tafeldeko.de\/shop_content.php\/coID\/212_Deko.html\">Deko<\/a> im Flur<\/b> entsprechend ausw\u00e4hlen. <b>Deko <\/b>geh\u00f6rt sozusagen in jeden Raum \u2013 ob man nun diesen Raum bewohnt oder er eher als eine Art Durchgang anzusehen ist.<br \/>\nAuch wenn der Flur oftmals nur als Durchgang zu den Zimmern innerhalb der Wohnung oder des Hauses dient, <b>etwas Deko sollte auch er \u201eabbekommen\u201c<\/b>.<br \/>\nSelbst die M\u00f6bel, wie beispielsweise die Garderobe sind als gewisse <b>Deko <\/b>anzusehen. Ein sch\u00f6ner <i>Dielenschrank <\/i>oder eine <i>wundersch\u00f6ne Garderobe<\/i> mit Spiegelfl\u00e4chen und in ansprechender Farbe ist Deko. Deshalb sollte man nicht immer direkt denken, dass man diverse Deko-Accessoires kaufen muss, um den Flur \u2013 oder eben auch andere R\u00e4ume zu gestalten \u2013 kaufen muss. M\u00f6bel sind auch eine gewisse Deko, auch wenn sie oft als Gebrauchsgegenst\u00e4nde gesehen werden. Doch \u00fcberlegt man sich diese Aussage genauer, dann wird man feststellen, dass die M\u00f6bel wirklich eine gewisse Deko sind. In Kombination mit diversen <b>Deko-Accessoires<\/b> in Form von<i> Blumen, Figuren, Schirmst\u00e4ndern, Vasen und Schalen<\/i> erh\u00e4lt man einen sch\u00f6nen Eingangsbereich innerhalb der Wohnung.<br \/>\n<b>Die Pr\u00e4sentation der Wohnung und deren Pers\u00f6nlichkeit <\/b>\u2013 verliehen durch die Bewohner des Hauses \u2013 zeugen einen gewissen Stil und sind auch mitunter der Spiegel der Bewohner.<br \/>\nNicht nur eine ordentliche und aufger\u00e4umte Wohnung ist f\u00fcr einen Besucher ein wichtiger Faktor, sondern auch die Deko und die Gegenst\u00e4nde, mit denen die <b>Deko <\/b>ausgestattet wird.<\/p>\n","protected":false},"excerpt":{"rendered":"<p>Der Flur in einem Haus oder einer Wohnung ist in der Regel der Bereich, den ein Gast als erstes betritt. Das hei\u00dft auch, dass dieses Bild, das sich dem Besucher pr\u00e4sentiert, der erste Eindruck ist, den sie oder er erh\u00e4lt. Und wie hei\u00dft es: der erste Eindruck ist der Entscheidende \u2013 ob es sich nun [&hellip;]<\/p>\n","protected":false},"author":2,"featured_media":0,"comment_status":"open","ping_status":"open","sticky":false,"template":"","format":"standard","meta":{"footnotes":""},"categories":[1],"tags":[],"yoast_head":"<!-- This site is optimized with the Yoast SEO plugin v20.4 - https:\/\/yoast.com\/wordpress\/plugins\/seo\/ -->\n<title>Deko im Flur \u2013 der erste Eindruck einer Wohnung - Tafeldeko<\/title>\n<meta name=\"description\" content=\"Der Flur in einem Haus oder einer Wohnung ist in der Regel der Bereich, den ein Gast als erstes betritt. Das hei\u00dft auch, dass dieses Bild, das sich dem\" \/>\n<meta name=\"robots\" content=\"index, follow, max-snippet:-1, max-image-preview:large, max-video-preview:-1\" \/>\n<link rel=\"canonical\" href=\"https:\/\/www.tafeldeko.de\/news\/deko-im-flur-der-erste-eindruck-einer-wohnung\/\" \/>\n<meta property=\"og:locale\" content=\"de_DE\" \/>\n<meta property=\"og:type\" content=\"article\" \/>\n<meta property=\"og:title\" content=\"Deko im Flur \u2013 der erste Eindruck einer Wohnung - Tafeldeko\" \/>\n<meta property=\"og:description\" content=\"Der Flur in einem Haus oder einer Wohnung ist in der Regel der Bereich, den ein Gast als erstes betritt. Das hei\u00dft auch, dass dieses Bild, das sich dem\" \/>\n<meta property=\"og:url\" content=\"https:\/\/www.tafeldeko.de\/news\/deko-im-flur-der-erste-eindruck-einer-wohnung\/\" \/>\n<meta property=\"og:site_name\" content=\"Tafeldeko\" \/>\n<meta property=\"article:publisher\" content=\"https:\/\/www.facebook.com\/pages\/Tafeldeko-einzigartige-Tischdekoration\/174202655894\" \/>\n<meta property=\"article:published_time\" content=\"2011-12-16T19:58:34+00:00\" \/>\n<meta name=\"author\" content=\"Christiane Stein\" \/>\n<meta name=\"twitter:label1\" content=\"Verfasst von\" \/>\n\t<meta name=\"twitter:data1\" content=\"Christiane Stein\" \/>\n\t<meta name=\"twitter:label2\" content=\"Gesch\u00e4tzte Lesezeit\" \/>\n\t<meta name=\"twitter:data2\" content=\"2 Minuten\" \/>\n<script type=\"application\/ld+json\" class=\"yoast-schema-graph\">{\"@context\":\"https:\/\/schema.org\",\"@graph\":[{\"@type\":\"WebPage\",\"@id\":\"https:\/\/www.tafeldeko.de\/news\/deko-im-flur-der-erste-eindruck-einer-wohnung\/\",\"url\":\"https:\/\/www.tafeldeko.de\/news\/deko-im-flur-der-erste-eindruck-einer-wohnung\/\",\"name\":\"Deko im Flur \u2013 der erste Eindruck einer Wohnung - Tafeldeko\",\"isPartOf\":{\"@id\":\"https:\/\/www.tafeldeko.de\/news\/#website\"},\"datePublished\":\"2011-12-16T19:58:34+00:00\",\"dateModified\":\"2011-12-16T19:58:34+00:00\",\"author\":{\"@id\":\"https:\/\/www.tafeldeko.de\/news\/#\/schema\/person\/d2acd86447ed0b6336089a8ba83164a0\"},\"description\":\"Der Flur in einem Haus oder einer Wohnung ist in der Regel der Bereich, den ein Gast als erstes betritt. Das hei\u00dft auch, dass dieses Bild, das sich dem\",\"breadcrumb\":{\"@id\":\"https:\/\/www.tafeldeko.de\/news\/deko-im-flur-der-erste-eindruck-einer-wohnung\/#breadcrumb\"},\"inLanguage\":\"de-DE\",\"potentialAction\":[{\"@type\":\"ReadAction\",\"target\":[\"https:\/\/www.tafeldeko.de\/news\/deko-im-flur-der-erste-eindruck-einer-wohnung\/\"]}]},{\"@type\":\"BreadcrumbList\",\"@id\":\"https:\/\/www.tafeldeko.de\/news\/deko-im-flur-der-erste-eindruck-einer-wohnung\/#breadcrumb\",\"itemListElement\":[{\"@type\":\"ListItem\",\"position\":1,\"name\":\"Tafeldeko\",\"item\":\"https:\/\/www.tafeldeko.de\/news\/\"},{\"@type\":\"ListItem\",\"position\":2,\"name\":\"Alte Beitr\u00e4ge\",\"item\":\"https:\/\/www.tafeldeko.de\/news\/alte-beitraege\/\"},{\"@type\":\"ListItem\",\"position\":3,\"name\":\"Tischdeko - Blog\",\"item\":\"https:\/\/www.tafeldeko.de\/news\/alte-beitraege\/tischdeko-blog\/\"},{\"@type\":\"ListItem\",\"position\":4,\"name\":\"Deko im Flur \u2013 der erste Eindruck einer Wohnung\"}]},{\"@type\":\"WebSite\",\"@id\":\"https:\/\/www.tafeldeko.de\/news\/#website\",\"url\":\"https:\/\/www.tafeldeko.de\/news\/\",\"name\":\"Tafeldeko\",\"description\":\"Blog mit Tischdeko und Tischdekoration Ideen\",\"potentialAction\":[{\"@type\":\"SearchAction\",\"target\":{\"@type\":\"EntryPoint\",\"urlTemplate\":\"https:\/\/www.tafeldeko.de\/news\/?s={search_term_string}\"},\"query-input\":\"required name=search_term_string\"}],\"inLanguage\":\"de-DE\"},{\"@type\":\"Person\",\"@id\":\"https:\/\/www.tafeldeko.de\/news\/#\/schema\/person\/d2acd86447ed0b6336089a8ba83164a0\",\"name\":\"Christiane Stein\",\"image\":{\"@type\":\"ImageObject\",\"inLanguage\":\"de-DE\",\"@id\":\"https:\/\/www.tafeldeko.de\/news\/#\/schema\/person\/image\/\",\"url\":\"https:\/\/secure.gravatar.com\/avatar\/2054729fbfd1ebc9d3cf1fd55361d0b6?s=96&d=mm&r=g\",\"contentUrl\":\"https:\/\/secure.gravatar.com\/avatar\/2054729fbfd1ebc9d3cf1fd55361d0b6?s=96&d=mm&r=g\",\"caption\":\"Christiane Stein\"}}]}<\/script>\n<!-- \/ Yoast SEO plugin. -->","yoast_head_json":{"title":"Deko im Flur \u2013 der erste Eindruck einer Wohnung - Tafeldeko","description":"Der Flur in einem Haus oder einer Wohnung ist in der Regel der Bereich, den ein Gast als erstes betritt. Das hei\u00dft auch, dass dieses Bild, das sich dem","robots":{"index":"index","follow":"follow","max-snippet":"max-snippet:-1","max-image-preview":"max-image-preview:large","max-video-preview":"max-video-preview:-1"},"canonical":"https:\/\/www.tafeldeko.de\/news\/deko-im-flur-der-erste-eindruck-einer-wohnung\/","og_locale":"de_DE","og_type":"article","og_title":"Deko im Flur \u2013 der erste Eindruck einer Wohnung - Tafeldeko","og_description":"Der Flur in einem Haus oder einer Wohnung ist in der Regel der Bereich, den ein Gast als erstes betritt. Das hei\u00dft auch, dass dieses Bild, das sich dem","og_url":"https:\/\/www.tafeldeko.de\/news\/deko-im-flur-der-erste-eindruck-einer-wohnung\/","og_site_name":"Tafeldeko","article_publisher":"https:\/\/www.facebook.com\/pages\/Tafeldeko-einzigartige-Tischdekoration\/174202655894","article_published_time":"2011-12-16T19:58:34+00:00","author":"Christiane Stein","twitter_misc":{"Verfasst von":"Christiane Stein","Gesch\u00e4tzte Lesezeit":"2 Minuten"},"schema":{"@context":"https:\/\/schema.org","@graph":[{"@type":"WebPage","@id":"https:\/\/www.tafeldeko.de\/news\/deko-im-flur-der-erste-eindruck-einer-wohnung\/","url":"https:\/\/www.tafeldeko.de\/news\/deko-im-flur-der-erste-eindruck-einer-wohnung\/","name":"Deko im Flur \u2013 der erste Eindruck einer Wohnung - Tafeldeko","isPartOf":{"@id":"https:\/\/www.tafeldeko.de\/news\/#website"},"datePublished":"2011-12-16T19:58:34+00:00","dateModified":"2011-12-16T19:58:34+00:00","author":{"@id":"https:\/\/www.tafeldeko.de\/news\/#\/schema\/person\/d2acd86447ed0b6336089a8ba83164a0"},"description":"Der Flur in einem Haus oder einer Wohnung ist in der Regel der Bereich, den ein Gast als erstes betritt. Das hei\u00dft auch, dass dieses Bild, das sich dem","breadcrumb":{"@id":"https:\/\/www.tafeldeko.de\/news\/deko-im-flur-der-erste-eindruck-einer-wohnung\/#breadcrumb"},"inLanguage":"de-DE","potentialAction":[{"@type":"ReadAction","target":["https:\/\/www.tafeldeko.de\/news\/deko-im-flur-der-erste-eindruck-einer-wohnung\/"]}]},{"@type":"BreadcrumbList","@id":"https:\/\/www.tafeldeko.de\/news\/deko-im-flur-der-erste-eindruck-einer-wohnung\/#breadcrumb","itemListElement":[{"@type":"ListItem","position":1,"name":"Tafeldeko","item":"https:\/\/www.tafeldeko.de\/news\/"},{"@type":"ListItem","position":2,"name":"Alte Beitr\u00e4ge","item":"https:\/\/www.tafeldeko.de\/news\/alte-beitraege\/"},{"@type":"ListItem","position":3,"name":"Tischdeko - Blog","item":"https:\/\/www.tafeldeko.de\/news\/alte-beitraege\/tischdeko-blog\/"},{"@type":"ListItem","position":4,"name":"Deko im Flur \u2013 der erste Eindruck einer Wohnung"}]},{"@type":"WebSite","@id":"https:\/\/www.tafeldeko.de\/news\/#website","url":"https:\/\/www.tafeldeko.de\/news\/","name":"Tafeldeko","description":"Blog mit Tischdeko und Tischdekoration Ideen","potentialAction":[{"@type":"SearchAction","target":{"@type":"EntryPoint","urlTemplate":"https:\/\/www.tafeldeko.de\/news\/?s={search_term_string}"},"query-input":"required name=search_term_string"}],"inLanguage":"de-DE"},{"@type":"Person","@id":"https:\/\/www.tafeldeko.de\/news\/#\/schema\/person\/d2acd86447ed0b6336089a8ba83164a0","name":"Christiane Stein","image":{"@type":"ImageObject","inLanguage":"de-DE","@id":"https:\/\/www.tafeldeko.de\/news\/#\/schema\/person\/image\/","url":"https:\/\/secure.gravatar.com\/avatar\/2054729fbfd1ebc9d3cf1fd55361d0b6?s=96&d=mm&r=g","contentUrl":"https:\/\/secure.gravatar.com\/avatar\/2054729fbfd1ebc9d3cf1fd55361d0b6?s=96&d=mm&r=g","caption":"Christiane Stein"}}]}},"_links":{"self":[{"href":"https:\/\/www.tafeldeko.de\/news\/wp-json\/wp\/v2\/posts\/3703"}],"collection":[{"href":"https:\/\/www.tafeldeko.de\/news\/wp-json\/wp\/v2\/posts"}],"about":[{"href":"https:\/\/www.tafeldeko.de\/news\/wp-json\/wp\/v2\/types\/post"}],"author":[{"embeddable":true,"href":"https:\/\/www.tafeldeko.de\/news\/wp-json\/wp\/v2\/users\/2"}],"replies":[{"embeddable":true,"href":"https:\/\/www.tafeldeko.de\/news\/wp-json\/wp\/v2\/comments?post=3703"}],"version-history":[{"count":0,"href":"https:\/\/www.tafeldeko.de\/news\/wp-json\/wp\/v2\/posts\/3703\/revisions"}],"wp:attachment":[{"href":"https:\/\/www.tafeldeko.de\/news\/wp-json\/wp\/v2\/media?parent=3703"}],"wp:term":[{"taxonomy":"category","embeddable":true,"href":"https:\/\/www.tafeldeko.de\/news\/wp-json\/wp\/v2\/categories?post=3703"},{"taxonomy":"post_tag","embeddable":true,"href":"https:\/\/www.tafeldeko.de\/news\/wp-json\/wp\/v2\/tags?post=3703"}],"curies":[{"name":"wp","href":"https:\/\/api.w.org\/{rel}","templated":true}]}}