{"id":3702,"date":"2011-12-15T19:21:23","date_gmt":"2011-12-15T17:21:23","guid":{"rendered":"http:\/\/www.tafeldeko.de\/news\/?p=3702"},"modified":"2011-12-15T19:21:23","modified_gmt":"2011-12-15T17:21:23","slug":"die-deko-im-badezimmer-maritime-deko-passt-hier-wunderbar","status":"publish","type":"post","link":"https:\/\/www.tafeldeko.de\/news\/die-deko-im-badezimmer-maritime-deko-passt-hier-wunderbar\/","title":{"rendered":"Die Deko im Badezimmer \u2013 maritime Deko passt hier wunderbar"},"content":{"rendered":"<p><b>Das Badezimmer<\/b> ist mit einer der Orte, in denen man sich einige Zeit aufh\u00e4lt. Sei es, um sich morgens f\u00fcr die Arbeit fertig zu machen, sich nach Feierabend einer ausgedehnten kleinen Erholung in der Badewanne zu verw\u00f6hnen oder sich vor dem Schlafengehen fertig zu machen.<br \/>\nUnd aus diesem Grund ist es sch\u00f6n, wenn das <b>Bad mit etwas Deko ausgestattet<\/b> ist. Ein Raum wirkt gleich viel ansprechender und wohnlicher, wenn einige <b>Deko-Accessoires W\u00e4nde und Fensterb\u00e4nke schm\u00fccken<\/b>. Es muss nicht viel sein, was man dekoriert, es kommt eher darauf an, wie und mit was man den Raum wohnlicher macht.<br \/>\nGerade die <b>maritime <a href=\"https:\/\/www.tafeldeko.de\/shop_content.php\/coID\/212_Deko.html\">Deko<\/a><\/b> bietet sich im Badezimmer hervorragend an. <i>Sand, Muscheln, Fische, Leuchtt\u00fcrme, Seesterne, Palmen und andere maritime Gegenst\u00e4nde<\/i> sind Deko-M\u00f6glichkeiten, die ihre Pl\u00e4tze auf der Fensterbank oder diversen Ablagefl\u00e4chen finden, die nicht genutzt werden. Je nach Gr\u00f6\u00dfe des Badezimmer kann auch der Fu\u00dfboden mit in die <b>Deko <\/b>einbezogen werden.<br \/>\nEine Ecke kann mit diversen Deko-Accessoires \u2013 f\u00fcr Wagemutige darf es auch Sand sein \u2013 best\u00fcckt und darauf finden sich die kleinen <b>Deko-Accessoires<\/b>, vielleicht sogar eine Palme. Sand ist f\u00fcr Dekozwecke nicht gerade ideal und deshalb kann man f\u00fcr die <b>maritime Deko im Badezimmer<\/b> auch <i>Deko-Netze<\/i> verwenden, die man als Grundlage f\u00fcr die Deko verwendet. So kann auch dieses Deko-Netz an der Wand angebracht und mit <i>Muscheln, Seesternen und Seepferdchen<\/i> \u2013 die es als Nachgebilde zu kaufen gibt \u2013 best\u00fcckt werden. Fische und Muscheln passen ebenfalls hervorragend in dieses Deko-Arrangement und so hat man im Handumdrehen eine sch\u00f6ne Deko im Badezimmer geschaffen.<br \/>\nAuch wenn die <b>Deko<\/b>, selbst gestaltet mit <i>Windows Color<\/i> schon etwas veraltet ist, sie sieht immer noch sch\u00f6n aus und ist dekorativ. Mit den Farben k\u00f6nnen Fische, Muscheln, Seesterne und andere maritime Figuren und Formen gemalt und dann an den Fliesen aufgeklebt werden.<br \/>\nMit einigen Ideen \u2013 ob neuerer oder \u00e4lterer Art \u2013 hat man sch\u00f6ne M\u00f6glichkeiten, die <b>maritime Deko f\u00fcr das Badezimmer<\/b> auszurichten. <\/p>\n","protected":false},"excerpt":{"rendered":"<p>Das Badezimmer ist mit einer der Orte, in denen man sich einige Zeit aufh\u00e4lt. Sei es, um sich morgens f\u00fcr die Arbeit fertig zu machen, sich nach Feierabend einer ausgedehnten kleinen Erholung in der Badewanne zu verw\u00f6hnen oder sich vor dem Schlafengehen fertig zu machen. Und aus diesem Grund ist es sch\u00f6n, wenn das Bad [&hellip;]<\/p>\n","protected":false},"author":2,"featured_media":0,"comment_status":"open","ping_status":"open","sticky":false,"template":"","format":"standard","meta":{"footnotes":""},"categories":[1],"tags":[],"yoast_head":"<!-- This site is optimized with the Yoast SEO plugin v20.4 - https:\/\/yoast.com\/wordpress\/plugins\/seo\/ -->\n<title>Die Deko im Badezimmer \u2013 maritime Deko passt hier wunderbar - Tafeldeko<\/title>\n<meta name=\"description\" content=\"Das Badezimmer ist mit einer der Orte, in denen man sich einige Zeit aufh\u00e4lt. Sei es, um sich morgens f\u00fcr die Arbeit fertig zu machen, sich nach\" \/>\n<meta name=\"robots\" content=\"index, follow, max-snippet:-1, max-image-preview:large, max-video-preview:-1\" \/>\n<link rel=\"canonical\" href=\"https:\/\/www.tafeldeko.de\/news\/die-deko-im-badezimmer-maritime-deko-passt-hier-wunderbar\/\" \/>\n<meta property=\"og:locale\" content=\"de_DE\" \/>\n<meta property=\"og:type\" content=\"article\" \/>\n<meta property=\"og:title\" content=\"Die Deko im Badezimmer \u2013 maritime Deko passt hier wunderbar - Tafeldeko\" \/>\n<meta property=\"og:description\" content=\"Das Badezimmer ist mit einer der Orte, in denen man sich einige Zeit aufh\u00e4lt. Sei es, um sich morgens f\u00fcr die Arbeit fertig zu machen, sich nach\" \/>\n<meta property=\"og:url\" content=\"https:\/\/www.tafeldeko.de\/news\/die-deko-im-badezimmer-maritime-deko-passt-hier-wunderbar\/\" \/>\n<meta property=\"og:site_name\" content=\"Tafeldeko\" \/>\n<meta property=\"article:publisher\" content=\"https:\/\/www.facebook.com\/pages\/Tafeldeko-einzigartige-Tischdekoration\/174202655894\" \/>\n<meta property=\"article:published_time\" content=\"2011-12-15T17:21:23+00:00\" \/>\n<meta name=\"author\" content=\"Christiane Stein\" \/>\n<meta name=\"twitter:label1\" content=\"Verfasst von\" \/>\n\t<meta name=\"twitter:data1\" content=\"Christiane Stein\" \/>\n\t<meta name=\"twitter:label2\" content=\"Gesch\u00e4tzte Lesezeit\" \/>\n\t<meta name=\"twitter:data2\" content=\"2 Minuten\" \/>\n<script type=\"application\/ld+json\" class=\"yoast-schema-graph\">{\"@context\":\"https:\/\/schema.org\",\"@graph\":[{\"@type\":\"WebPage\",\"@id\":\"https:\/\/www.tafeldeko.de\/news\/die-deko-im-badezimmer-maritime-deko-passt-hier-wunderbar\/\",\"url\":\"https:\/\/www.tafeldeko.de\/news\/die-deko-im-badezimmer-maritime-deko-passt-hier-wunderbar\/\",\"name\":\"Die Deko im Badezimmer \u2013 maritime Deko passt hier wunderbar - Tafeldeko\",\"isPartOf\":{\"@id\":\"https:\/\/www.tafeldeko.de\/news\/#website\"},\"datePublished\":\"2011-12-15T17:21:23+00:00\",\"dateModified\":\"2011-12-15T17:21:23+00:00\",\"author\":{\"@id\":\"https:\/\/www.tafeldeko.de\/news\/#\/schema\/person\/d2acd86447ed0b6336089a8ba83164a0\"},\"description\":\"Das Badezimmer ist mit einer der Orte, in denen man sich einige Zeit aufh\u00e4lt. Sei es, um sich morgens f\u00fcr die Arbeit fertig zu machen, sich nach\",\"breadcrumb\":{\"@id\":\"https:\/\/www.tafeldeko.de\/news\/die-deko-im-badezimmer-maritime-deko-passt-hier-wunderbar\/#breadcrumb\"},\"inLanguage\":\"de-DE\",\"potentialAction\":[{\"@type\":\"ReadAction\",\"target\":[\"https:\/\/www.tafeldeko.de\/news\/die-deko-im-badezimmer-maritime-deko-passt-hier-wunderbar\/\"]}]},{\"@type\":\"BreadcrumbList\",\"@id\":\"https:\/\/www.tafeldeko.de\/news\/die-deko-im-badezimmer-maritime-deko-passt-hier-wunderbar\/#breadcrumb\",\"itemListElement\":[{\"@type\":\"ListItem\",\"position\":1,\"name\":\"Tafeldeko\",\"item\":\"https:\/\/www.tafeldeko.de\/news\/\"},{\"@type\":\"ListItem\",\"position\":2,\"name\":\"Alte Beitr\u00e4ge\",\"item\":\"https:\/\/www.tafeldeko.de\/news\/alte-beitraege\/\"},{\"@type\":\"ListItem\",\"position\":3,\"name\":\"Tischdeko - Blog\",\"item\":\"https:\/\/www.tafeldeko.de\/news\/alte-beitraege\/tischdeko-blog\/\"},{\"@type\":\"ListItem\",\"position\":4,\"name\":\"Die Deko im Badezimmer \u2013 maritime Deko passt hier wunderbar\"}]},{\"@type\":\"WebSite\",\"@id\":\"https:\/\/www.tafeldeko.de\/news\/#website\",\"url\":\"https:\/\/www.tafeldeko.de\/news\/\",\"name\":\"Tafeldeko\",\"description\":\"Blog mit Tischdeko und Tischdekoration Ideen\",\"potentialAction\":[{\"@type\":\"SearchAction\",\"target\":{\"@type\":\"EntryPoint\",\"urlTemplate\":\"https:\/\/www.tafeldeko.de\/news\/?s={search_term_string}\"},\"query-input\":\"required name=search_term_string\"}],\"inLanguage\":\"de-DE\"},{\"@type\":\"Person\",\"@id\":\"https:\/\/www.tafeldeko.de\/news\/#\/schema\/person\/d2acd86447ed0b6336089a8ba83164a0\",\"name\":\"Christiane Stein\",\"image\":{\"@type\":\"ImageObject\",\"inLanguage\":\"de-DE\",\"@id\":\"https:\/\/www.tafeldeko.de\/news\/#\/schema\/person\/image\/\",\"url\":\"https:\/\/secure.gravatar.com\/avatar\/2054729fbfd1ebc9d3cf1fd55361d0b6?s=96&d=mm&r=g\",\"contentUrl\":\"https:\/\/secure.gravatar.com\/avatar\/2054729fbfd1ebc9d3cf1fd55361d0b6?s=96&d=mm&r=g\",\"caption\":\"Christiane Stein\"}}]}<\/script>\n<!-- \/ Yoast SEO plugin. -->","yoast_head_json":{"title":"Die Deko im Badezimmer \u2013 maritime Deko passt hier wunderbar - Tafeldeko","description":"Das Badezimmer ist mit einer der Orte, in denen man sich einige Zeit aufh\u00e4lt. Sei es, um sich morgens f\u00fcr die Arbeit fertig zu machen, sich nach","robots":{"index":"index","follow":"follow","max-snippet":"max-snippet:-1","max-image-preview":"max-image-preview:large","max-video-preview":"max-video-preview:-1"},"canonical":"https:\/\/www.tafeldeko.de\/news\/die-deko-im-badezimmer-maritime-deko-passt-hier-wunderbar\/","og_locale":"de_DE","og_type":"article","og_title":"Die Deko im Badezimmer \u2013 maritime Deko passt hier wunderbar - Tafeldeko","og_description":"Das Badezimmer ist mit einer der Orte, in denen man sich einige Zeit aufh\u00e4lt. Sei es, um sich morgens f\u00fcr die Arbeit fertig zu machen, sich nach","og_url":"https:\/\/www.tafeldeko.de\/news\/die-deko-im-badezimmer-maritime-deko-passt-hier-wunderbar\/","og_site_name":"Tafeldeko","article_publisher":"https:\/\/www.facebook.com\/pages\/Tafeldeko-einzigartige-Tischdekoration\/174202655894","article_published_time":"2011-12-15T17:21:23+00:00","author":"Christiane Stein","twitter_misc":{"Verfasst von":"Christiane Stein","Gesch\u00e4tzte Lesezeit":"2 Minuten"},"schema":{"@context":"https:\/\/schema.org","@graph":[{"@type":"WebPage","@id":"https:\/\/www.tafeldeko.de\/news\/die-deko-im-badezimmer-maritime-deko-passt-hier-wunderbar\/","url":"https:\/\/www.tafeldeko.de\/news\/die-deko-im-badezimmer-maritime-deko-passt-hier-wunderbar\/","name":"Die Deko im Badezimmer \u2013 maritime Deko passt hier wunderbar - Tafeldeko","isPartOf":{"@id":"https:\/\/www.tafeldeko.de\/news\/#website"},"datePublished":"2011-12-15T17:21:23+00:00","dateModified":"2011-12-15T17:21:23+00:00","author":{"@id":"https:\/\/www.tafeldeko.de\/news\/#\/schema\/person\/d2acd86447ed0b6336089a8ba83164a0"},"description":"Das Badezimmer ist mit einer der Orte, in denen man sich einige Zeit aufh\u00e4lt. Sei es, um sich morgens f\u00fcr die Arbeit fertig zu machen, sich nach","breadcrumb":{"@id":"https:\/\/www.tafeldeko.de\/news\/die-deko-im-badezimmer-maritime-deko-passt-hier-wunderbar\/#breadcrumb"},"inLanguage":"de-DE","potentialAction":[{"@type":"ReadAction","target":["https:\/\/www.tafeldeko.de\/news\/die-deko-im-badezimmer-maritime-deko-passt-hier-wunderbar\/"]}]},{"@type":"BreadcrumbList","@id":"https:\/\/www.tafeldeko.de\/news\/die-deko-im-badezimmer-maritime-deko-passt-hier-wunderbar\/#breadcrumb","itemListElement":[{"@type":"ListItem","position":1,"name":"Tafeldeko","item":"https:\/\/www.tafeldeko.de\/news\/"},{"@type":"ListItem","position":2,"name":"Alte Beitr\u00e4ge","item":"https:\/\/www.tafeldeko.de\/news\/alte-beitraege\/"},{"@type":"ListItem","position":3,"name":"Tischdeko - Blog","item":"https:\/\/www.tafeldeko.de\/news\/alte-beitraege\/tischdeko-blog\/"},{"@type":"ListItem","position":4,"name":"Die Deko im Badezimmer \u2013 maritime Deko passt hier wunderbar"}]},{"@type":"WebSite","@id":"https:\/\/www.tafeldeko.de\/news\/#website","url":"https:\/\/www.tafeldeko.de\/news\/","name":"Tafeldeko","description":"Blog mit Tischdeko und Tischdekoration Ideen","potentialAction":[{"@type":"SearchAction","target":{"@type":"EntryPoint","urlTemplate":"https:\/\/www.tafeldeko.de\/news\/?s={search_term_string}"},"query-input":"required name=search_term_string"}],"inLanguage":"de-DE"},{"@type":"Person","@id":"https:\/\/www.tafeldeko.de\/news\/#\/schema\/person\/d2acd86447ed0b6336089a8ba83164a0","name":"Christiane Stein","image":{"@type":"ImageObject","inLanguage":"de-DE","@id":"https:\/\/www.tafeldeko.de\/news\/#\/schema\/person\/image\/","url":"https:\/\/secure.gravatar.com\/avatar\/2054729fbfd1ebc9d3cf1fd55361d0b6?s=96&d=mm&r=g","contentUrl":"https:\/\/secure.gravatar.com\/avatar\/2054729fbfd1ebc9d3cf1fd55361d0b6?s=96&d=mm&r=g","caption":"Christiane Stein"}}]}},"_links":{"self":[{"href":"https:\/\/www.tafeldeko.de\/news\/wp-json\/wp\/v2\/posts\/3702"}],"collection":[{"href":"https:\/\/www.tafeldeko.de\/news\/wp-json\/wp\/v2\/posts"}],"about":[{"href":"https:\/\/www.tafeldeko.de\/news\/wp-json\/wp\/v2\/types\/post"}],"author":[{"embeddable":true,"href":"https:\/\/www.tafeldeko.de\/news\/wp-json\/wp\/v2\/users\/2"}],"replies":[{"embeddable":true,"href":"https:\/\/www.tafeldeko.de\/news\/wp-json\/wp\/v2\/comments?post=3702"}],"version-history":[{"count":0,"href":"https:\/\/www.tafeldeko.de\/news\/wp-json\/wp\/v2\/posts\/3702\/revisions"}],"wp:attachment":[{"href":"https:\/\/www.tafeldeko.de\/news\/wp-json\/wp\/v2\/media?parent=3702"}],"wp:term":[{"taxonomy":"category","embeddable":true,"href":"https:\/\/www.tafeldeko.de\/news\/wp-json\/wp\/v2\/categories?post=3702"},{"taxonomy":"post_tag","embeddable":true,"href":"https:\/\/www.tafeldeko.de\/news\/wp-json\/wp\/v2\/tags?post=3702"}],"curies":[{"name":"wp","href":"https:\/\/api.w.org\/{rel}","templated":true}]}}