{"id":3701,"date":"2011-12-14T20:59:08","date_gmt":"2011-12-14T18:59:08","guid":{"rendered":"http:\/\/www.tafeldeko.de\/news\/?p=3701"},"modified":"2011-12-14T20:59:08","modified_gmt":"2011-12-14T18:59:08","slug":"die-farbauswahl-bei-der-deko","status":"publish","type":"post","link":"https:\/\/www.tafeldeko.de\/news\/die-farbauswahl-bei-der-deko\/","title":{"rendered":"Die Farbauswahl bei der Deko"},"content":{"rendered":"<p><b>Dekorationen <\/b>sind st\u00e4ndig gefragt, ganz gleich, f\u00fcr welche Bereiche. Ob es sich nun um die Deko f\u00fcr die privaten R\u00e4umlichkeiten geht oder um die gesch\u00e4ftlichen \u2013 eine <a href=\"https:\/\/www.tafeldeko.de\/shop_content.php\/coID\/212_Deko.html\">Deko<\/a> geh\u00f6rt \u00fcberall dorthin, wo man sich mehrere Stunden am Tag aufh\u00e4lt. <b>Dekorationen <\/b>verleihen einem Raum eine gewisse Pers\u00f6nlichkeit und da man sich innerhalb dieses Raumes mehrere Stunden am Tag aufh\u00e4lt, sollte dieser ansprechend gestaltet sein. Bereits die Auswahl der <i>Wandfarben<\/i>, ob nun in Form der Tapete oder als Anstrich, ist f\u00fcr das gewisse Wohlf\u00fchl-Gef\u00fchl entscheidend.<br \/>\n<b>Warme Farben oder auch kr\u00e4ftige Farben <\/b>verleihen einem Raum eine gewisse W\u00e4rme und Behaglichkeit und Menschen, die diesen Raum betreten oder darin sitzen oder arbeiten, f\u00fchlen sich wohl.<br \/>\nMit <b>Deko-Accessoires<\/b> kann das Aussehen eines Raumes zudem beeinflusst werden, einzelne Akzente k\u00f6nnen <i>durch Licht und diverse Lichtquellen<\/i> gesetzt werden.<br \/>\n<b>Figuren und Deko-Gegenst\u00e4nde <\/b>sind weitere M\u00f6glichkeiten, bestimmte Bereiche zu versch\u00f6nern oder den Raum generell etwas wohnlicher zu gestalten. So k\u00f6nnen diese <b>Deko-Gegenst\u00e4nde<\/b> zum Beispiel auf <i>M\u00f6beln, Tischen, Fensterb\u00e4nken oder auch auf dem Fu\u00dfboden <\/i>arrangiert werden, je nach Gr\u00f6\u00dfe und Art des Deko-Gegenstandes.<br \/>\nEin Raum muss zwar nicht unbedingt mit Farbe an den W\u00e4nden gestaltet sein. W\u00e4hlt man kr\u00e4ftige Farben f\u00fcr die Ausstattung des Raumes, sprich also auch bei den M\u00f6beln, erh\u00e4lt dieser wei\u00dfe Raum ebenfalls einen tollen Effekt.<br \/>\n<i>Stellen wir uns nur einen wei\u00df gestrichenen Raum vor<\/i>, in dem eine <i>orangefarbene oder rote Couch<\/i> zu sehen ist \u2013 <b>ein Blickfang und Farbeffekt<\/b>, der dem Raum ein ganz anderes Aussehen verleiht. Steht in dem wei\u00dfen Raum zudem noch eine wei\u00dfe Couch, wirkt das Ganze in aller Regel recht steril \u2013 nicht jedermanns Geschmack. Legt man dagegen auch diese wei\u00dfe Couch wiederum <i>bunte Kissen und Decken<\/i>, stellt dazu einen farbigen Couchtisch, dann sieht die Sache wieder ganz anders aus.<br \/>\nSie sehen, mit Farben kann man wunderbar spielen und so einem Raum durch gewisse <b>Deko-Elemente<\/b> perfekt in Szene setzen.<\/p>\n","protected":false},"excerpt":{"rendered":"<p>Dekorationen sind st\u00e4ndig gefragt, ganz gleich, f\u00fcr welche Bereiche. Ob es sich nun um die Deko f\u00fcr die privaten R\u00e4umlichkeiten geht oder um die gesch\u00e4ftlichen \u2013 eine Deko geh\u00f6rt \u00fcberall dorthin, wo man sich mehrere Stunden am Tag aufh\u00e4lt. Dekorationen verleihen einem Raum eine gewisse Pers\u00f6nlichkeit und da man sich innerhalb dieses Raumes mehrere Stunden [&hellip;]<\/p>\n","protected":false},"author":2,"featured_media":0,"comment_status":"open","ping_status":"open","sticky":false,"template":"","format":"standard","meta":{"footnotes":""},"categories":[1],"tags":[],"yoast_head":"<!-- This site is optimized with the Yoast SEO plugin v20.4 - https:\/\/yoast.com\/wordpress\/plugins\/seo\/ -->\n<title>Die Farbauswahl bei der Deko - Tafeldeko<\/title>\n<meta name=\"description\" content=\"Dekorationen sind st\u00e4ndig gefragt, ganz gleich, f\u00fcr welche Bereiche. Ob es sich nun um die Deko f\u00fcr die privaten R\u00e4umlichkeiten geht oder um die\" \/>\n<meta name=\"robots\" content=\"index, follow, max-snippet:-1, max-image-preview:large, max-video-preview:-1\" \/>\n<link rel=\"canonical\" href=\"https:\/\/www.tafeldeko.de\/news\/die-farbauswahl-bei-der-deko\/\" \/>\n<meta property=\"og:locale\" content=\"de_DE\" \/>\n<meta property=\"og:type\" content=\"article\" \/>\n<meta property=\"og:title\" content=\"Die Farbauswahl bei der Deko - Tafeldeko\" \/>\n<meta property=\"og:description\" content=\"Dekorationen sind st\u00e4ndig gefragt, ganz gleich, f\u00fcr welche Bereiche. Ob es sich nun um die Deko f\u00fcr die privaten R\u00e4umlichkeiten geht oder um die\" \/>\n<meta property=\"og:url\" content=\"https:\/\/www.tafeldeko.de\/news\/die-farbauswahl-bei-der-deko\/\" \/>\n<meta property=\"og:site_name\" content=\"Tafeldeko\" \/>\n<meta property=\"article:publisher\" content=\"https:\/\/www.facebook.com\/pages\/Tafeldeko-einzigartige-Tischdekoration\/174202655894\" \/>\n<meta property=\"article:published_time\" content=\"2011-12-14T18:59:08+00:00\" \/>\n<meta name=\"author\" content=\"Christiane Stein\" \/>\n<meta name=\"twitter:label1\" content=\"Verfasst von\" \/>\n\t<meta name=\"twitter:data1\" content=\"Christiane Stein\" \/>\n\t<meta name=\"twitter:label2\" content=\"Gesch\u00e4tzte Lesezeit\" \/>\n\t<meta name=\"twitter:data2\" content=\"2 Minuten\" \/>\n<script type=\"application\/ld+json\" class=\"yoast-schema-graph\">{\"@context\":\"https:\/\/schema.org\",\"@graph\":[{\"@type\":\"WebPage\",\"@id\":\"https:\/\/www.tafeldeko.de\/news\/die-farbauswahl-bei-der-deko\/\",\"url\":\"https:\/\/www.tafeldeko.de\/news\/die-farbauswahl-bei-der-deko\/\",\"name\":\"Die Farbauswahl bei der Deko - Tafeldeko\",\"isPartOf\":{\"@id\":\"https:\/\/www.tafeldeko.de\/news\/#website\"},\"datePublished\":\"2011-12-14T18:59:08+00:00\",\"dateModified\":\"2011-12-14T18:59:08+00:00\",\"author\":{\"@id\":\"https:\/\/www.tafeldeko.de\/news\/#\/schema\/person\/d2acd86447ed0b6336089a8ba83164a0\"},\"description\":\"Dekorationen sind st\u00e4ndig gefragt, ganz gleich, f\u00fcr welche Bereiche. Ob es sich nun um die Deko f\u00fcr die privaten R\u00e4umlichkeiten geht oder um die\",\"breadcrumb\":{\"@id\":\"https:\/\/www.tafeldeko.de\/news\/die-farbauswahl-bei-der-deko\/#breadcrumb\"},\"inLanguage\":\"de-DE\",\"potentialAction\":[{\"@type\":\"ReadAction\",\"target\":[\"https:\/\/www.tafeldeko.de\/news\/die-farbauswahl-bei-der-deko\/\"]}]},{\"@type\":\"BreadcrumbList\",\"@id\":\"https:\/\/www.tafeldeko.de\/news\/die-farbauswahl-bei-der-deko\/#breadcrumb\",\"itemListElement\":[{\"@type\":\"ListItem\",\"position\":1,\"name\":\"Tafeldeko\",\"item\":\"https:\/\/www.tafeldeko.de\/news\/\"},{\"@type\":\"ListItem\",\"position\":2,\"name\":\"Alte Beitr\u00e4ge\",\"item\":\"https:\/\/www.tafeldeko.de\/news\/alte-beitraege\/\"},{\"@type\":\"ListItem\",\"position\":3,\"name\":\"Tischdeko - Blog\",\"item\":\"https:\/\/www.tafeldeko.de\/news\/alte-beitraege\/tischdeko-blog\/\"},{\"@type\":\"ListItem\",\"position\":4,\"name\":\"Die Farbauswahl bei der Deko\"}]},{\"@type\":\"WebSite\",\"@id\":\"https:\/\/www.tafeldeko.de\/news\/#website\",\"url\":\"https:\/\/www.tafeldeko.de\/news\/\",\"name\":\"Tafeldeko\",\"description\":\"Blog mit Tischdeko und Tischdekoration Ideen\",\"potentialAction\":[{\"@type\":\"SearchAction\",\"target\":{\"@type\":\"EntryPoint\",\"urlTemplate\":\"https:\/\/www.tafeldeko.de\/news\/?s={search_term_string}\"},\"query-input\":\"required name=search_term_string\"}],\"inLanguage\":\"de-DE\"},{\"@type\":\"Person\",\"@id\":\"https:\/\/www.tafeldeko.de\/news\/#\/schema\/person\/d2acd86447ed0b6336089a8ba83164a0\",\"name\":\"Christiane Stein\",\"image\":{\"@type\":\"ImageObject\",\"inLanguage\":\"de-DE\",\"@id\":\"https:\/\/www.tafeldeko.de\/news\/#\/schema\/person\/image\/\",\"url\":\"https:\/\/secure.gravatar.com\/avatar\/2054729fbfd1ebc9d3cf1fd55361d0b6?s=96&d=mm&r=g\",\"contentUrl\":\"https:\/\/secure.gravatar.com\/avatar\/2054729fbfd1ebc9d3cf1fd55361d0b6?s=96&d=mm&r=g\",\"caption\":\"Christiane Stein\"}}]}<\/script>\n<!-- \/ Yoast SEO plugin. -->","yoast_head_json":{"title":"Die Farbauswahl bei der Deko - Tafeldeko","description":"Dekorationen sind st\u00e4ndig gefragt, ganz gleich, f\u00fcr welche Bereiche. Ob es sich nun um die Deko f\u00fcr die privaten R\u00e4umlichkeiten geht oder um die","robots":{"index":"index","follow":"follow","max-snippet":"max-snippet:-1","max-image-preview":"max-image-preview:large","max-video-preview":"max-video-preview:-1"},"canonical":"https:\/\/www.tafeldeko.de\/news\/die-farbauswahl-bei-der-deko\/","og_locale":"de_DE","og_type":"article","og_title":"Die Farbauswahl bei der Deko - Tafeldeko","og_description":"Dekorationen sind st\u00e4ndig gefragt, ganz gleich, f\u00fcr welche Bereiche. Ob es sich nun um die Deko f\u00fcr die privaten R\u00e4umlichkeiten geht oder um die","og_url":"https:\/\/www.tafeldeko.de\/news\/die-farbauswahl-bei-der-deko\/","og_site_name":"Tafeldeko","article_publisher":"https:\/\/www.facebook.com\/pages\/Tafeldeko-einzigartige-Tischdekoration\/174202655894","article_published_time":"2011-12-14T18:59:08+00:00","author":"Christiane Stein","twitter_misc":{"Verfasst von":"Christiane Stein","Gesch\u00e4tzte Lesezeit":"2 Minuten"},"schema":{"@context":"https:\/\/schema.org","@graph":[{"@type":"WebPage","@id":"https:\/\/www.tafeldeko.de\/news\/die-farbauswahl-bei-der-deko\/","url":"https:\/\/www.tafeldeko.de\/news\/die-farbauswahl-bei-der-deko\/","name":"Die Farbauswahl bei der Deko - Tafeldeko","isPartOf":{"@id":"https:\/\/www.tafeldeko.de\/news\/#website"},"datePublished":"2011-12-14T18:59:08+00:00","dateModified":"2011-12-14T18:59:08+00:00","author":{"@id":"https:\/\/www.tafeldeko.de\/news\/#\/schema\/person\/d2acd86447ed0b6336089a8ba83164a0"},"description":"Dekorationen sind st\u00e4ndig gefragt, ganz gleich, f\u00fcr welche Bereiche. Ob es sich nun um die Deko f\u00fcr die privaten R\u00e4umlichkeiten geht oder um die","breadcrumb":{"@id":"https:\/\/www.tafeldeko.de\/news\/die-farbauswahl-bei-der-deko\/#breadcrumb"},"inLanguage":"de-DE","potentialAction":[{"@type":"ReadAction","target":["https:\/\/www.tafeldeko.de\/news\/die-farbauswahl-bei-der-deko\/"]}]},{"@type":"BreadcrumbList","@id":"https:\/\/www.tafeldeko.de\/news\/die-farbauswahl-bei-der-deko\/#breadcrumb","itemListElement":[{"@type":"ListItem","position":1,"name":"Tafeldeko","item":"https:\/\/www.tafeldeko.de\/news\/"},{"@type":"ListItem","position":2,"name":"Alte Beitr\u00e4ge","item":"https:\/\/www.tafeldeko.de\/news\/alte-beitraege\/"},{"@type":"ListItem","position":3,"name":"Tischdeko - Blog","item":"https:\/\/www.tafeldeko.de\/news\/alte-beitraege\/tischdeko-blog\/"},{"@type":"ListItem","position":4,"name":"Die Farbauswahl bei der Deko"}]},{"@type":"WebSite","@id":"https:\/\/www.tafeldeko.de\/news\/#website","url":"https:\/\/www.tafeldeko.de\/news\/","name":"Tafeldeko","description":"Blog mit Tischdeko und Tischdekoration Ideen","potentialAction":[{"@type":"SearchAction","target":{"@type":"EntryPoint","urlTemplate":"https:\/\/www.tafeldeko.de\/news\/?s={search_term_string}"},"query-input":"required name=search_term_string"}],"inLanguage":"de-DE"},{"@type":"Person","@id":"https:\/\/www.tafeldeko.de\/news\/#\/schema\/person\/d2acd86447ed0b6336089a8ba83164a0","name":"Christiane Stein","image":{"@type":"ImageObject","inLanguage":"de-DE","@id":"https:\/\/www.tafeldeko.de\/news\/#\/schema\/person\/image\/","url":"https:\/\/secure.gravatar.com\/avatar\/2054729fbfd1ebc9d3cf1fd55361d0b6?s=96&d=mm&r=g","contentUrl":"https:\/\/secure.gravatar.com\/avatar\/2054729fbfd1ebc9d3cf1fd55361d0b6?s=96&d=mm&r=g","caption":"Christiane Stein"}}]}},"_links":{"self":[{"href":"https:\/\/www.tafeldeko.de\/news\/wp-json\/wp\/v2\/posts\/3701"}],"collection":[{"href":"https:\/\/www.tafeldeko.de\/news\/wp-json\/wp\/v2\/posts"}],"about":[{"href":"https:\/\/www.tafeldeko.de\/news\/wp-json\/wp\/v2\/types\/post"}],"author":[{"embeddable":true,"href":"https:\/\/www.tafeldeko.de\/news\/wp-json\/wp\/v2\/users\/2"}],"replies":[{"embeddable":true,"href":"https:\/\/www.tafeldeko.de\/news\/wp-json\/wp\/v2\/comments?post=3701"}],"version-history":[{"count":0,"href":"https:\/\/www.tafeldeko.de\/news\/wp-json\/wp\/v2\/posts\/3701\/revisions"}],"wp:attachment":[{"href":"https:\/\/www.tafeldeko.de\/news\/wp-json\/wp\/v2\/media?parent=3701"}],"wp:term":[{"taxonomy":"category","embeddable":true,"href":"https:\/\/www.tafeldeko.de\/news\/wp-json\/wp\/v2\/categories?post=3701"},{"taxonomy":"post_tag","embeddable":true,"href":"https:\/\/www.tafeldeko.de\/news\/wp-json\/wp\/v2\/tags?post=3701"}],"curies":[{"name":"wp","href":"https:\/\/api.w.org\/{rel}","templated":true}]}}