{"id":3698,"date":"2011-12-11T18:50:54","date_gmt":"2011-12-11T16:50:54","guid":{"rendered":"http:\/\/www.tafeldeko.de\/news\/?p=3698"},"modified":"2011-12-11T18:50:54","modified_gmt":"2011-12-11T16:50:54","slug":"die-deko-mit-moebeln-eine-nette-dekorationsmoeglichkeit","status":"publish","type":"post","link":"https:\/\/www.tafeldeko.de\/news\/die-deko-mit-moebeln-eine-nette-dekorationsmoeglichkeit\/","title":{"rendered":"Die Deko mit M\u00f6beln &#8211; eine nette Dekorationsm\u00f6glichkeit"},"content":{"rendered":"<p>Wer glaubt, die <b><a href=\"https:\/\/www.tafeldeko.de\/shop_content.php\/coID\/212_Deko.html\">Deko<\/a> mit M\u00f6beln<\/b> ist nicht m\u00f6glich, der t\u00e4uscht sich. Die Deko mit M\u00f6beln l\u00e4sst sich durchaus in die Tat umsetzen und dies mit gro\u00dfem Effekt. Man kann die unterschiedlichsten M\u00f6belst\u00fccke f\u00fcr die <b>Dekoration <\/b>einsetzen. So kann zum Beispiel ein <i>au\u00dfergew\u00f6hnliches Regal<\/i> sowohl f\u00fcr die Deko, als auch als Platzwunder eingesetzt werden. Es kommt eben darauf an, wie man die unterschiedlichen M\u00f6bel in Szene setzt. Au\u00dferdem gibt es so genannte <i>\u201eCube-Regale\u201c<\/i>, die ebenfalls <b>dekorativ <\/b>in der Wohnung sind. Warum also nicht zwei Fliegen mit einer Klappe schlagen. Wenn man sich schon neue M\u00f6bel zulegt, kann man ruhig auf den dekorativen Aspekt schauen.<br \/>\nDie <b>Deko mit M\u00f6beln<\/b> l\u00e4sst sich sehr wohl in die Realit\u00e4t umsetzen und dadurch sorgt man f\u00fcr mehr Gem\u00fctlichkeit in der eigenen Wohnung.<br \/>\nDas sollte jedem am Herzen liegen, denn die Wohnung ist ein Ort, an dem man sich des \u00d6fteren aufh\u00e4lt. Wer sich auf zu Hause freut, kann sicher sein, dass er bereits eine sch\u00f6ne Ambiente geschaffen hat. Man wird bereits merken, dass etwas Farbe an den W\u00e4nden, Bilder, Dekoration im Allgemeinen und gut kombinierbare M\u00f6bel wahre Wunder bewirken k\u00f6nnen. Des Weiteren machen sich Blumen und Kerzen hervorragend in Punkto <b>\u201eDeko\u201c<\/b>.<br \/>\nOb man eine Deko mit M\u00f6beln in die Wege leitet oder lieber die Wohnung mit gewissen <b>Wohn-Accessoires<\/b> ins rechte Licht r\u00fcckt, ist eine Geschmacksfrage. Pauschal l\u00e4sst sich kein Konzept f\u00fcr die<b> Dekoration der Wohnung<\/b> verraten, denn jeder muss f\u00fcr sich entscheiden, was er in seiner Wohnung haben bzw. nicht haben m\u00f6chte. Wichtig ist, dass man auf ein stimmiges Gesamtbild achtet. Wenn man dies beachtet, kann nicht viel schief gehen und auf einen Versuch kommt es definitiv an.<\/p>\n","protected":false},"excerpt":{"rendered":"<p>Wer glaubt, die Deko mit M\u00f6beln ist nicht m\u00f6glich, der t\u00e4uscht sich. Die Deko mit M\u00f6beln l\u00e4sst sich durchaus in die Tat umsetzen und dies mit gro\u00dfem Effekt. Man kann die unterschiedlichsten M\u00f6belst\u00fccke f\u00fcr die Dekoration einsetzen. So kann zum Beispiel ein au\u00dfergew\u00f6hnliches Regal sowohl f\u00fcr die Deko, als auch als Platzwunder eingesetzt werden. Es [&hellip;]<\/p>\n","protected":false},"author":2,"featured_media":0,"comment_status":"open","ping_status":"open","sticky":false,"template":"","format":"standard","meta":{"footnotes":""},"categories":[1],"tags":[],"yoast_head":"<!-- This site is optimized with the Yoast SEO plugin v20.4 - https:\/\/yoast.com\/wordpress\/plugins\/seo\/ -->\n<title>Die Deko mit M\u00f6beln - eine nette Dekorationsm\u00f6glichkeit - Tafeldeko<\/title>\n<meta name=\"description\" content=\"Wer glaubt, die Deko mit M\u00f6beln ist nicht m\u00f6glich, der t\u00e4uscht sich. Die Deko mit M\u00f6beln l\u00e4sst sich durchaus in die Tat umsetzen und dies mit gro\u00dfem\" \/>\n<meta name=\"robots\" content=\"index, follow, max-snippet:-1, max-image-preview:large, max-video-preview:-1\" \/>\n<link rel=\"canonical\" href=\"https:\/\/www.tafeldeko.de\/news\/die-deko-mit-moebeln-eine-nette-dekorationsmoeglichkeit\/\" \/>\n<meta property=\"og:locale\" content=\"de_DE\" \/>\n<meta property=\"og:type\" content=\"article\" \/>\n<meta property=\"og:title\" content=\"Die Deko mit M\u00f6beln - eine nette Dekorationsm\u00f6glichkeit - Tafeldeko\" \/>\n<meta property=\"og:description\" content=\"Wer glaubt, die Deko mit M\u00f6beln ist nicht m\u00f6glich, der t\u00e4uscht sich. Die Deko mit M\u00f6beln l\u00e4sst sich durchaus in die Tat umsetzen und dies mit gro\u00dfem\" \/>\n<meta property=\"og:url\" content=\"https:\/\/www.tafeldeko.de\/news\/die-deko-mit-moebeln-eine-nette-dekorationsmoeglichkeit\/\" \/>\n<meta property=\"og:site_name\" content=\"Tafeldeko\" \/>\n<meta property=\"article:publisher\" content=\"https:\/\/www.facebook.com\/pages\/Tafeldeko-einzigartige-Tischdekoration\/174202655894\" \/>\n<meta property=\"article:published_time\" content=\"2011-12-11T16:50:54+00:00\" \/>\n<meta name=\"author\" content=\"Christiane Stein\" \/>\n<meta name=\"twitter:label1\" content=\"Verfasst von\" \/>\n\t<meta name=\"twitter:data1\" content=\"Christiane Stein\" \/>\n\t<meta name=\"twitter:label2\" content=\"Gesch\u00e4tzte Lesezeit\" \/>\n\t<meta name=\"twitter:data2\" content=\"2 Minuten\" \/>\n<script type=\"application\/ld+json\" class=\"yoast-schema-graph\">{\"@context\":\"https:\/\/schema.org\",\"@graph\":[{\"@type\":\"WebPage\",\"@id\":\"https:\/\/www.tafeldeko.de\/news\/die-deko-mit-moebeln-eine-nette-dekorationsmoeglichkeit\/\",\"url\":\"https:\/\/www.tafeldeko.de\/news\/die-deko-mit-moebeln-eine-nette-dekorationsmoeglichkeit\/\",\"name\":\"Die Deko mit M\u00f6beln - eine nette Dekorationsm\u00f6glichkeit - Tafeldeko\",\"isPartOf\":{\"@id\":\"https:\/\/www.tafeldeko.de\/news\/#website\"},\"datePublished\":\"2011-12-11T16:50:54+00:00\",\"dateModified\":\"2011-12-11T16:50:54+00:00\",\"author\":{\"@id\":\"https:\/\/www.tafeldeko.de\/news\/#\/schema\/person\/d2acd86447ed0b6336089a8ba83164a0\"},\"description\":\"Wer glaubt, die Deko mit M\u00f6beln ist nicht m\u00f6glich, der t\u00e4uscht sich. Die Deko mit M\u00f6beln l\u00e4sst sich durchaus in die Tat umsetzen und dies mit gro\u00dfem\",\"breadcrumb\":{\"@id\":\"https:\/\/www.tafeldeko.de\/news\/die-deko-mit-moebeln-eine-nette-dekorationsmoeglichkeit\/#breadcrumb\"},\"inLanguage\":\"de-DE\",\"potentialAction\":[{\"@type\":\"ReadAction\",\"target\":[\"https:\/\/www.tafeldeko.de\/news\/die-deko-mit-moebeln-eine-nette-dekorationsmoeglichkeit\/\"]}]},{\"@type\":\"BreadcrumbList\",\"@id\":\"https:\/\/www.tafeldeko.de\/news\/die-deko-mit-moebeln-eine-nette-dekorationsmoeglichkeit\/#breadcrumb\",\"itemListElement\":[{\"@type\":\"ListItem\",\"position\":1,\"name\":\"Tafeldeko\",\"item\":\"https:\/\/www.tafeldeko.de\/news\/\"},{\"@type\":\"ListItem\",\"position\":2,\"name\":\"Alte Beitr\u00e4ge\",\"item\":\"https:\/\/www.tafeldeko.de\/news\/alte-beitraege\/\"},{\"@type\":\"ListItem\",\"position\":3,\"name\":\"Tischdeko - Blog\",\"item\":\"https:\/\/www.tafeldeko.de\/news\/alte-beitraege\/tischdeko-blog\/\"},{\"@type\":\"ListItem\",\"position\":4,\"name\":\"Die Deko mit M\u00f6beln &#8211; eine nette Dekorationsm\u00f6glichkeit\"}]},{\"@type\":\"WebSite\",\"@id\":\"https:\/\/www.tafeldeko.de\/news\/#website\",\"url\":\"https:\/\/www.tafeldeko.de\/news\/\",\"name\":\"Tafeldeko\",\"description\":\"Blog mit Tischdeko und Tischdekoration Ideen\",\"potentialAction\":[{\"@type\":\"SearchAction\",\"target\":{\"@type\":\"EntryPoint\",\"urlTemplate\":\"https:\/\/www.tafeldeko.de\/news\/?s={search_term_string}\"},\"query-input\":\"required name=search_term_string\"}],\"inLanguage\":\"de-DE\"},{\"@type\":\"Person\",\"@id\":\"https:\/\/www.tafeldeko.de\/news\/#\/schema\/person\/d2acd86447ed0b6336089a8ba83164a0\",\"name\":\"Christiane Stein\",\"image\":{\"@type\":\"ImageObject\",\"inLanguage\":\"de-DE\",\"@id\":\"https:\/\/www.tafeldeko.de\/news\/#\/schema\/person\/image\/\",\"url\":\"https:\/\/secure.gravatar.com\/avatar\/2054729fbfd1ebc9d3cf1fd55361d0b6?s=96&d=mm&r=g\",\"contentUrl\":\"https:\/\/secure.gravatar.com\/avatar\/2054729fbfd1ebc9d3cf1fd55361d0b6?s=96&d=mm&r=g\",\"caption\":\"Christiane Stein\"}}]}<\/script>\n<!-- \/ Yoast SEO plugin. -->","yoast_head_json":{"title":"Die Deko mit M\u00f6beln - eine nette Dekorationsm\u00f6glichkeit - Tafeldeko","description":"Wer glaubt, die Deko mit M\u00f6beln ist nicht m\u00f6glich, der t\u00e4uscht sich. Die Deko mit M\u00f6beln l\u00e4sst sich durchaus in die Tat umsetzen und dies mit gro\u00dfem","robots":{"index":"index","follow":"follow","max-snippet":"max-snippet:-1","max-image-preview":"max-image-preview:large","max-video-preview":"max-video-preview:-1"},"canonical":"https:\/\/www.tafeldeko.de\/news\/die-deko-mit-moebeln-eine-nette-dekorationsmoeglichkeit\/","og_locale":"de_DE","og_type":"article","og_title":"Die Deko mit M\u00f6beln - eine nette Dekorationsm\u00f6glichkeit - Tafeldeko","og_description":"Wer glaubt, die Deko mit M\u00f6beln ist nicht m\u00f6glich, der t\u00e4uscht sich. Die Deko mit M\u00f6beln l\u00e4sst sich durchaus in die Tat umsetzen und dies mit gro\u00dfem","og_url":"https:\/\/www.tafeldeko.de\/news\/die-deko-mit-moebeln-eine-nette-dekorationsmoeglichkeit\/","og_site_name":"Tafeldeko","article_publisher":"https:\/\/www.facebook.com\/pages\/Tafeldeko-einzigartige-Tischdekoration\/174202655894","article_published_time":"2011-12-11T16:50:54+00:00","author":"Christiane Stein","twitter_misc":{"Verfasst von":"Christiane Stein","Gesch\u00e4tzte Lesezeit":"2 Minuten"},"schema":{"@context":"https:\/\/schema.org","@graph":[{"@type":"WebPage","@id":"https:\/\/www.tafeldeko.de\/news\/die-deko-mit-moebeln-eine-nette-dekorationsmoeglichkeit\/","url":"https:\/\/www.tafeldeko.de\/news\/die-deko-mit-moebeln-eine-nette-dekorationsmoeglichkeit\/","name":"Die Deko mit M\u00f6beln - eine nette Dekorationsm\u00f6glichkeit - Tafeldeko","isPartOf":{"@id":"https:\/\/www.tafeldeko.de\/news\/#website"},"datePublished":"2011-12-11T16:50:54+00:00","dateModified":"2011-12-11T16:50:54+00:00","author":{"@id":"https:\/\/www.tafeldeko.de\/news\/#\/schema\/person\/d2acd86447ed0b6336089a8ba83164a0"},"description":"Wer glaubt, die Deko mit M\u00f6beln ist nicht m\u00f6glich, der t\u00e4uscht sich. Die Deko mit M\u00f6beln l\u00e4sst sich durchaus in die Tat umsetzen und dies mit gro\u00dfem","breadcrumb":{"@id":"https:\/\/www.tafeldeko.de\/news\/die-deko-mit-moebeln-eine-nette-dekorationsmoeglichkeit\/#breadcrumb"},"inLanguage":"de-DE","potentialAction":[{"@type":"ReadAction","target":["https:\/\/www.tafeldeko.de\/news\/die-deko-mit-moebeln-eine-nette-dekorationsmoeglichkeit\/"]}]},{"@type":"BreadcrumbList","@id":"https:\/\/www.tafeldeko.de\/news\/die-deko-mit-moebeln-eine-nette-dekorationsmoeglichkeit\/#breadcrumb","itemListElement":[{"@type":"ListItem","position":1,"name":"Tafeldeko","item":"https:\/\/www.tafeldeko.de\/news\/"},{"@type":"ListItem","position":2,"name":"Alte Beitr\u00e4ge","item":"https:\/\/www.tafeldeko.de\/news\/alte-beitraege\/"},{"@type":"ListItem","position":3,"name":"Tischdeko - Blog","item":"https:\/\/www.tafeldeko.de\/news\/alte-beitraege\/tischdeko-blog\/"},{"@type":"ListItem","position":4,"name":"Die Deko mit M\u00f6beln &#8211; eine nette Dekorationsm\u00f6glichkeit"}]},{"@type":"WebSite","@id":"https:\/\/www.tafeldeko.de\/news\/#website","url":"https:\/\/www.tafeldeko.de\/news\/","name":"Tafeldeko","description":"Blog mit Tischdeko und Tischdekoration Ideen","potentialAction":[{"@type":"SearchAction","target":{"@type":"EntryPoint","urlTemplate":"https:\/\/www.tafeldeko.de\/news\/?s={search_term_string}"},"query-input":"required name=search_term_string"}],"inLanguage":"de-DE"},{"@type":"Person","@id":"https:\/\/www.tafeldeko.de\/news\/#\/schema\/person\/d2acd86447ed0b6336089a8ba83164a0","name":"Christiane Stein","image":{"@type":"ImageObject","inLanguage":"de-DE","@id":"https:\/\/www.tafeldeko.de\/news\/#\/schema\/person\/image\/","url":"https:\/\/secure.gravatar.com\/avatar\/2054729fbfd1ebc9d3cf1fd55361d0b6?s=96&d=mm&r=g","contentUrl":"https:\/\/secure.gravatar.com\/avatar\/2054729fbfd1ebc9d3cf1fd55361d0b6?s=96&d=mm&r=g","caption":"Christiane Stein"}}]}},"_links":{"self":[{"href":"https:\/\/www.tafeldeko.de\/news\/wp-json\/wp\/v2\/posts\/3698"}],"collection":[{"href":"https:\/\/www.tafeldeko.de\/news\/wp-json\/wp\/v2\/posts"}],"about":[{"href":"https:\/\/www.tafeldeko.de\/news\/wp-json\/wp\/v2\/types\/post"}],"author":[{"embeddable":true,"href":"https:\/\/www.tafeldeko.de\/news\/wp-json\/wp\/v2\/users\/2"}],"replies":[{"embeddable":true,"href":"https:\/\/www.tafeldeko.de\/news\/wp-json\/wp\/v2\/comments?post=3698"}],"version-history":[{"count":0,"href":"https:\/\/www.tafeldeko.de\/news\/wp-json\/wp\/v2\/posts\/3698\/revisions"}],"wp:attachment":[{"href":"https:\/\/www.tafeldeko.de\/news\/wp-json\/wp\/v2\/media?parent=3698"}],"wp:term":[{"taxonomy":"category","embeddable":true,"href":"https:\/\/www.tafeldeko.de\/news\/wp-json\/wp\/v2\/categories?post=3698"},{"taxonomy":"post_tag","embeddable":true,"href":"https:\/\/www.tafeldeko.de\/news\/wp-json\/wp\/v2\/tags?post=3698"}],"curies":[{"name":"wp","href":"https:\/\/api.w.org\/{rel}","templated":true}]}}