{"id":3696,"date":"2011-12-09T17:19:43","date_gmt":"2011-12-09T15:19:43","guid":{"rendered":"http:\/\/www.tafeldeko.de\/news\/?p=3696"},"modified":"2011-12-09T17:19:43","modified_gmt":"2011-12-09T15:19:43","slug":"die-deko-im-wohnzimmer-darf-nicht-fehlen","status":"publish","type":"post","link":"https:\/\/www.tafeldeko.de\/news\/die-deko-im-wohnzimmer-darf-nicht-fehlen\/","title":{"rendered":"Die Deko im Wohnzimmer darf nicht fehlen"},"content":{"rendered":"<p><b>Sch\u00f6nheit liegt immer im Auge des Betrachters<\/b> und dies z\u00e4hlt auch f\u00fcr die Dekoration zu Hause. Jeder hat seinen eigenen Geschmack und eigenen Stil.<br \/>\n<b>Die <a href=\"https:\/\/www.tafeldeko.de\/shop_content.php\/coID\/212_Deko.html\">Deko<\/a> im Wohnzimmer <\/b>ist somit von Haus zu Haus verschieden. Die einen setzten auf eine aussagekr\u00e4ftige Wandfarbe und andere dagegen legen gro\u00dfen Wert auf sch\u00f6ne Dekorations-Utensilien. Wohnaccessoires sind sehr unterschiedlich und man kann sich in vieler Hinsicht austoben. Man kann zu praktischen Dingen greifen oder man entscheidet sich f\u00fcr Glamour und Glitzer. Wie man sieht, kann man bei der<b> Deko im Wohnzimmer<\/b> der Fantasie freien Lauf lassen. Es muss denjenigen gefallen, die in den R\u00e4umen leben und der Rest ist zweitranging. Schlie\u00dflich richtet man seine Wohnung nach dem eigenen Geschmack ein und wer seinem Wohnzimmer eine pers\u00f6nliche Note verleiht, ist auf der richtigen F\u00e4hrte. Die eigene Pers\u00f6nlichkeit sollte sich in der<b> Wohnungseinrichtung und Dekoration<\/b> wiederfinden.<br \/>\n<b>Die Deko im Wohnzimmer<\/b> sollte definitiv nicht vernachl\u00e4ssigt werden und es ist zu empfehlen, ein paar <i>Dekorationsartikel <\/i>ins rechte Licht zu r\u00fccken.<br \/>\n\u00dcberladen braucht das Wohnzimmer keinesfalls auszusehen, aber eine gewisse Auswahl in Punkto \u201eDeko\u201c sollte gegeben sein. Das sorgt f\u00fcr Gem\u00fctlichkeit und W\u00e4rme in den eigenen vier W\u00e4nden. In einer sterilen Wohnung m\u00f6chte keiner leben und schon keiner als Gast geladen sein. G\u00e4ste freuen sich, wenn sie in einer sch\u00f6nen Wohnung willkommen sind und sind immer wieder gerne Gast.<br \/>\nWer noch keine <b>Deko <\/b><b>im Wohnzimmer<\/b> hat, sollte sich um einige Utensilien bem\u00fchen. Ob man <i>Kerzen <\/i>aufstellt oder zu <i>Fotos <\/i>von der Familie und Freunden greift, ist eine Geschmacksfrage. Weitere Anregungen findet man zum Beispiel \u00fcber das Internet und dann kann man sich in aller Ruhe entscheiden, zu welchen <b>Dekorationsartikeln <\/b>man letztlich greift.<\/p>\n","protected":false},"excerpt":{"rendered":"<p>Sch\u00f6nheit liegt immer im Auge des Betrachters und dies z\u00e4hlt auch f\u00fcr die Dekoration zu Hause. Jeder hat seinen eigenen Geschmack und eigenen Stil. Die Deko im Wohnzimmer ist somit von Haus zu Haus verschieden. Die einen setzten auf eine aussagekr\u00e4ftige Wandfarbe und andere dagegen legen gro\u00dfen Wert auf sch\u00f6ne Dekorations-Utensilien. Wohnaccessoires sind sehr unterschiedlich [&hellip;]<\/p>\n","protected":false},"author":2,"featured_media":0,"comment_status":"open","ping_status":"open","sticky":false,"template":"","format":"standard","meta":{"footnotes":""},"categories":[1],"tags":[],"yoast_head":"<!-- This site is optimized with the Yoast SEO plugin v20.4 - https:\/\/yoast.com\/wordpress\/plugins\/seo\/ -->\n<title>Die Deko im Wohnzimmer darf nicht fehlen - Tafeldeko<\/title>\n<meta name=\"description\" content=\"Sch\u00f6nheit liegt immer im Auge des Betrachters und dies z\u00e4hlt auch f\u00fcr die Dekoration zu Hause. Jeder hat seinen eigenen Geschmack und eigenen Stil. Die\" \/>\n<meta name=\"robots\" content=\"index, follow, max-snippet:-1, max-image-preview:large, max-video-preview:-1\" \/>\n<link rel=\"canonical\" href=\"https:\/\/www.tafeldeko.de\/news\/die-deko-im-wohnzimmer-darf-nicht-fehlen\/\" \/>\n<meta property=\"og:locale\" content=\"de_DE\" \/>\n<meta property=\"og:type\" content=\"article\" \/>\n<meta property=\"og:title\" content=\"Die Deko im Wohnzimmer darf nicht fehlen - Tafeldeko\" \/>\n<meta property=\"og:description\" content=\"Sch\u00f6nheit liegt immer im Auge des Betrachters und dies z\u00e4hlt auch f\u00fcr die Dekoration zu Hause. Jeder hat seinen eigenen Geschmack und eigenen Stil. Die\" \/>\n<meta property=\"og:url\" content=\"https:\/\/www.tafeldeko.de\/news\/die-deko-im-wohnzimmer-darf-nicht-fehlen\/\" \/>\n<meta property=\"og:site_name\" content=\"Tafeldeko\" \/>\n<meta property=\"article:publisher\" content=\"https:\/\/www.facebook.com\/pages\/Tafeldeko-einzigartige-Tischdekoration\/174202655894\" \/>\n<meta property=\"article:published_time\" content=\"2011-12-09T15:19:43+00:00\" \/>\n<meta name=\"author\" content=\"Christiane Stein\" \/>\n<meta name=\"twitter:label1\" content=\"Verfasst von\" \/>\n\t<meta name=\"twitter:data1\" content=\"Christiane Stein\" \/>\n\t<meta name=\"twitter:label2\" content=\"Gesch\u00e4tzte Lesezeit\" \/>\n\t<meta name=\"twitter:data2\" content=\"1 Minute\" \/>\n<script type=\"application\/ld+json\" class=\"yoast-schema-graph\">{\"@context\":\"https:\/\/schema.org\",\"@graph\":[{\"@type\":\"WebPage\",\"@id\":\"https:\/\/www.tafeldeko.de\/news\/die-deko-im-wohnzimmer-darf-nicht-fehlen\/\",\"url\":\"https:\/\/www.tafeldeko.de\/news\/die-deko-im-wohnzimmer-darf-nicht-fehlen\/\",\"name\":\"Die Deko im Wohnzimmer darf nicht fehlen - Tafeldeko\",\"isPartOf\":{\"@id\":\"https:\/\/www.tafeldeko.de\/news\/#website\"},\"datePublished\":\"2011-12-09T15:19:43+00:00\",\"dateModified\":\"2011-12-09T15:19:43+00:00\",\"author\":{\"@id\":\"https:\/\/www.tafeldeko.de\/news\/#\/schema\/person\/d2acd86447ed0b6336089a8ba83164a0\"},\"description\":\"Sch\u00f6nheit liegt immer im Auge des Betrachters und dies z\u00e4hlt auch f\u00fcr die Dekoration zu Hause. Jeder hat seinen eigenen Geschmack und eigenen Stil. Die\",\"breadcrumb\":{\"@id\":\"https:\/\/www.tafeldeko.de\/news\/die-deko-im-wohnzimmer-darf-nicht-fehlen\/#breadcrumb\"},\"inLanguage\":\"de-DE\",\"potentialAction\":[{\"@type\":\"ReadAction\",\"target\":[\"https:\/\/www.tafeldeko.de\/news\/die-deko-im-wohnzimmer-darf-nicht-fehlen\/\"]}]},{\"@type\":\"BreadcrumbList\",\"@id\":\"https:\/\/www.tafeldeko.de\/news\/die-deko-im-wohnzimmer-darf-nicht-fehlen\/#breadcrumb\",\"itemListElement\":[{\"@type\":\"ListItem\",\"position\":1,\"name\":\"Tafeldeko\",\"item\":\"https:\/\/www.tafeldeko.de\/news\/\"},{\"@type\":\"ListItem\",\"position\":2,\"name\":\"Alte Beitr\u00e4ge\",\"item\":\"https:\/\/www.tafeldeko.de\/news\/alte-beitraege\/\"},{\"@type\":\"ListItem\",\"position\":3,\"name\":\"Tischdeko - Blog\",\"item\":\"https:\/\/www.tafeldeko.de\/news\/alte-beitraege\/tischdeko-blog\/\"},{\"@type\":\"ListItem\",\"position\":4,\"name\":\"Die Deko im Wohnzimmer darf nicht fehlen\"}]},{\"@type\":\"WebSite\",\"@id\":\"https:\/\/www.tafeldeko.de\/news\/#website\",\"url\":\"https:\/\/www.tafeldeko.de\/news\/\",\"name\":\"Tafeldeko\",\"description\":\"Blog mit Tischdeko und Tischdekoration Ideen\",\"potentialAction\":[{\"@type\":\"SearchAction\",\"target\":{\"@type\":\"EntryPoint\",\"urlTemplate\":\"https:\/\/www.tafeldeko.de\/news\/?s={search_term_string}\"},\"query-input\":\"required name=search_term_string\"}],\"inLanguage\":\"de-DE\"},{\"@type\":\"Person\",\"@id\":\"https:\/\/www.tafeldeko.de\/news\/#\/schema\/person\/d2acd86447ed0b6336089a8ba83164a0\",\"name\":\"Christiane Stein\",\"image\":{\"@type\":\"ImageObject\",\"inLanguage\":\"de-DE\",\"@id\":\"https:\/\/www.tafeldeko.de\/news\/#\/schema\/person\/image\/\",\"url\":\"https:\/\/secure.gravatar.com\/avatar\/2054729fbfd1ebc9d3cf1fd55361d0b6?s=96&d=mm&r=g\",\"contentUrl\":\"https:\/\/secure.gravatar.com\/avatar\/2054729fbfd1ebc9d3cf1fd55361d0b6?s=96&d=mm&r=g\",\"caption\":\"Christiane Stein\"}}]}<\/script>\n<!-- \/ Yoast SEO plugin. -->","yoast_head_json":{"title":"Die Deko im Wohnzimmer darf nicht fehlen - Tafeldeko","description":"Sch\u00f6nheit liegt immer im Auge des Betrachters und dies z\u00e4hlt auch f\u00fcr die Dekoration zu Hause. Jeder hat seinen eigenen Geschmack und eigenen Stil. Die","robots":{"index":"index","follow":"follow","max-snippet":"max-snippet:-1","max-image-preview":"max-image-preview:large","max-video-preview":"max-video-preview:-1"},"canonical":"https:\/\/www.tafeldeko.de\/news\/die-deko-im-wohnzimmer-darf-nicht-fehlen\/","og_locale":"de_DE","og_type":"article","og_title":"Die Deko im Wohnzimmer darf nicht fehlen - Tafeldeko","og_description":"Sch\u00f6nheit liegt immer im Auge des Betrachters und dies z\u00e4hlt auch f\u00fcr die Dekoration zu Hause. Jeder hat seinen eigenen Geschmack und eigenen Stil. Die","og_url":"https:\/\/www.tafeldeko.de\/news\/die-deko-im-wohnzimmer-darf-nicht-fehlen\/","og_site_name":"Tafeldeko","article_publisher":"https:\/\/www.facebook.com\/pages\/Tafeldeko-einzigartige-Tischdekoration\/174202655894","article_published_time":"2011-12-09T15:19:43+00:00","author":"Christiane Stein","twitter_misc":{"Verfasst von":"Christiane Stein","Gesch\u00e4tzte Lesezeit":"1 Minute"},"schema":{"@context":"https:\/\/schema.org","@graph":[{"@type":"WebPage","@id":"https:\/\/www.tafeldeko.de\/news\/die-deko-im-wohnzimmer-darf-nicht-fehlen\/","url":"https:\/\/www.tafeldeko.de\/news\/die-deko-im-wohnzimmer-darf-nicht-fehlen\/","name":"Die Deko im Wohnzimmer darf nicht fehlen - Tafeldeko","isPartOf":{"@id":"https:\/\/www.tafeldeko.de\/news\/#website"},"datePublished":"2011-12-09T15:19:43+00:00","dateModified":"2011-12-09T15:19:43+00:00","author":{"@id":"https:\/\/www.tafeldeko.de\/news\/#\/schema\/person\/d2acd86447ed0b6336089a8ba83164a0"},"description":"Sch\u00f6nheit liegt immer im Auge des Betrachters und dies z\u00e4hlt auch f\u00fcr die Dekoration zu Hause. Jeder hat seinen eigenen Geschmack und eigenen Stil. Die","breadcrumb":{"@id":"https:\/\/www.tafeldeko.de\/news\/die-deko-im-wohnzimmer-darf-nicht-fehlen\/#breadcrumb"},"inLanguage":"de-DE","potentialAction":[{"@type":"ReadAction","target":["https:\/\/www.tafeldeko.de\/news\/die-deko-im-wohnzimmer-darf-nicht-fehlen\/"]}]},{"@type":"BreadcrumbList","@id":"https:\/\/www.tafeldeko.de\/news\/die-deko-im-wohnzimmer-darf-nicht-fehlen\/#breadcrumb","itemListElement":[{"@type":"ListItem","position":1,"name":"Tafeldeko","item":"https:\/\/www.tafeldeko.de\/news\/"},{"@type":"ListItem","position":2,"name":"Alte Beitr\u00e4ge","item":"https:\/\/www.tafeldeko.de\/news\/alte-beitraege\/"},{"@type":"ListItem","position":3,"name":"Tischdeko - Blog","item":"https:\/\/www.tafeldeko.de\/news\/alte-beitraege\/tischdeko-blog\/"},{"@type":"ListItem","position":4,"name":"Die Deko im Wohnzimmer darf nicht fehlen"}]},{"@type":"WebSite","@id":"https:\/\/www.tafeldeko.de\/news\/#website","url":"https:\/\/www.tafeldeko.de\/news\/","name":"Tafeldeko","description":"Blog mit Tischdeko und Tischdekoration Ideen","potentialAction":[{"@type":"SearchAction","target":{"@type":"EntryPoint","urlTemplate":"https:\/\/www.tafeldeko.de\/news\/?s={search_term_string}"},"query-input":"required name=search_term_string"}],"inLanguage":"de-DE"},{"@type":"Person","@id":"https:\/\/www.tafeldeko.de\/news\/#\/schema\/person\/d2acd86447ed0b6336089a8ba83164a0","name":"Christiane Stein","image":{"@type":"ImageObject","inLanguage":"de-DE","@id":"https:\/\/www.tafeldeko.de\/news\/#\/schema\/person\/image\/","url":"https:\/\/secure.gravatar.com\/avatar\/2054729fbfd1ebc9d3cf1fd55361d0b6?s=96&d=mm&r=g","contentUrl":"https:\/\/secure.gravatar.com\/avatar\/2054729fbfd1ebc9d3cf1fd55361d0b6?s=96&d=mm&r=g","caption":"Christiane Stein"}}]}},"_links":{"self":[{"href":"https:\/\/www.tafeldeko.de\/news\/wp-json\/wp\/v2\/posts\/3696"}],"collection":[{"href":"https:\/\/www.tafeldeko.de\/news\/wp-json\/wp\/v2\/posts"}],"about":[{"href":"https:\/\/www.tafeldeko.de\/news\/wp-json\/wp\/v2\/types\/post"}],"author":[{"embeddable":true,"href":"https:\/\/www.tafeldeko.de\/news\/wp-json\/wp\/v2\/users\/2"}],"replies":[{"embeddable":true,"href":"https:\/\/www.tafeldeko.de\/news\/wp-json\/wp\/v2\/comments?post=3696"}],"version-history":[{"count":0,"href":"https:\/\/www.tafeldeko.de\/news\/wp-json\/wp\/v2\/posts\/3696\/revisions"}],"wp:attachment":[{"href":"https:\/\/www.tafeldeko.de\/news\/wp-json\/wp\/v2\/media?parent=3696"}],"wp:term":[{"taxonomy":"category","embeddable":true,"href":"https:\/\/www.tafeldeko.de\/news\/wp-json\/wp\/v2\/categories?post=3696"},{"taxonomy":"post_tag","embeddable":true,"href":"https:\/\/www.tafeldeko.de\/news\/wp-json\/wp\/v2\/tags?post=3696"}],"curies":[{"name":"wp","href":"https:\/\/api.w.org\/{rel}","templated":true}]}}