{"id":3695,"date":"2011-12-08T19:34:15","date_gmt":"2011-12-08T17:34:15","guid":{"rendered":"http:\/\/www.tafeldeko.de\/news\/?p=3695"},"modified":"2011-12-08T19:34:15","modified_gmt":"2011-12-08T17:34:15","slug":"schoene-dekolandschaft-am-fenster-zu-jeder-jahreszeit-schoen","status":"publish","type":"post","link":"https:\/\/www.tafeldeko.de\/news\/schoene-dekolandschaft-am-fenster-zu-jeder-jahreszeit-schoen\/","title":{"rendered":"Sch\u00f6ne Dekolandschaft am Fenster \u2013 zu jeder Jahreszeit sch\u00f6n"},"content":{"rendered":"<p><b>In die eigenen vier W\u00e4nde einzuziehen<\/b>, vielleicht sogar in die allerersten, ist schon etwas Besonderes. Der erste Schritt in die Selbstst\u00e4ndigkeit ist mit der ersten Wohnung gemacht, man nabelt sich so langsam aber sicher von den Eltern ab.<br \/>\nUnd die erste Wohnung soll nat\u00fcrlich entsprechend sch\u00f6n ausgestattet sein. Vielleicht hat man etwas gespart und kann sich die M\u00f6bel selbst kaufen und die Wohnung nach den eigenen Vorstellungen einrichten und gestalten.<br \/>\nNeben den M\u00f6beln z\u00e4hlen auch <b><a href=\"https:\/\/www.tafeldeko.de\/shop_content.php\/coID\/212_Deko.html\">Deko<\/a>-Accessoires <\/b>zur Einrichtung dazu. Bilder, Figuren, Leuchten und Lampen und diverse Dekorationen versch\u00f6nern die Wohnung, verleihen dem Raum eine gewisse Pers\u00f6nlichkeit.<br \/>\nDoch nicht nur M\u00f6bel und W\u00e4nde k\u00f6nnen sch\u00f6n dekoriert werden, <b>auch die Fensterbank bietet eine gute M\u00f6glichkeit f\u00fcr die Deko<\/b>.<br \/>\nJe nach Gr\u00f6\u00dfe der Fensterbank kann man wahre Dekolandschaften darauf platzieren und so ganz besondere Effekte erzielen. Mit Naturmaterialien, Figuren, Streuteilen und vielen anderen<b> Deko-Accessoires <\/b>erh\u00e4lt die Fensterbank ein ganz eigenes Aussehen, bildet den Blickpunkt in der Wohnung. So kann oftmals auf weitere <b>Dekorationen<\/b>, beispielsweise auf dem Tisch verzichtet werden, was mitunter den Vorteil bietet, dass man nicht die Deko wegr\u00e4umen muss, wenn man den Tisch komplett nutzen m\u00f6chte.<br \/>\nDie <b>Dekolandschaft <\/b><b>auf der Fensterbank<\/b> kann w\u00e4hrend des Jahres immer wieder anders gestaltet werden.<br \/>\n<b>Zu Ostern <\/b>werden Osterhasen, K\u00fcken, Ostereier und andere \u00f6sterliche Dekorationen wundersch\u00f6n angeordnet, im Herbst erstrahlt die Fensterbank in herbstlicher Deko und im Winter entweder als Winterlandschaft oder mit <b>weihnachtlicher Deko<\/b>.<br \/>\n<b>Die Dekoration der Fensterbank <\/b>bietet uns wirklich viele M\u00f6glichkeiten und gerade Jahreszeiten bezogen kann man wundersch\u00f6n dekorieren.<br \/>\n<i>Dekorationen mit Stoffen als Unterlage<\/i>, mit wei\u00dfen Vlies als Schnee f\u00fcr die Winterlandschaft auf der Fensterbank und anderen diversen winterlichen Figuren hat man sozusagen im Handumdrehen einen sch\u00f6nen Blickfang in der Wohnung geschaffen. Und gerade wenn es die erste Wohnung ist, dann m\u00f6chte man in der Regel immer wieder Abwechslung in der Deko.<\/p>\n","protected":false},"excerpt":{"rendered":"<p>In die eigenen vier W\u00e4nde einzuziehen, vielleicht sogar in die allerersten, ist schon etwas Besonderes. Der erste Schritt in die Selbstst\u00e4ndigkeit ist mit der ersten Wohnung gemacht, man nabelt sich so langsam aber sicher von den Eltern ab. Und die erste Wohnung soll nat\u00fcrlich entsprechend sch\u00f6n ausgestattet sein. Vielleicht hat man etwas gespart und kann [&hellip;]<\/p>\n","protected":false},"author":2,"featured_media":0,"comment_status":"open","ping_status":"open","sticky":false,"template":"","format":"standard","meta":{"footnotes":""},"categories":[1],"tags":[],"yoast_head":"<!-- This site is optimized with the Yoast SEO plugin v20.4 - https:\/\/yoast.com\/wordpress\/plugins\/seo\/ -->\n<title>Sch\u00f6ne Dekolandschaft am Fenster \u2013 zu jeder Jahreszeit sch\u00f6n - Tafeldeko<\/title>\n<meta name=\"description\" content=\"In die eigenen vier W\u00e4nde einzuziehen, vielleicht sogar in die allerersten, ist schon etwas Besonderes. Der erste Schritt in die Selbstst\u00e4ndigkeit ist mit\" \/>\n<meta name=\"robots\" content=\"index, follow, max-snippet:-1, max-image-preview:large, max-video-preview:-1\" \/>\n<link rel=\"canonical\" href=\"https:\/\/www.tafeldeko.de\/news\/schoene-dekolandschaft-am-fenster-zu-jeder-jahreszeit-schoen\/\" \/>\n<meta property=\"og:locale\" content=\"de_DE\" \/>\n<meta property=\"og:type\" content=\"article\" \/>\n<meta property=\"og:title\" content=\"Sch\u00f6ne Dekolandschaft am Fenster \u2013 zu jeder Jahreszeit sch\u00f6n - Tafeldeko\" \/>\n<meta property=\"og:description\" content=\"In die eigenen vier W\u00e4nde einzuziehen, vielleicht sogar in die allerersten, ist schon etwas Besonderes. Der erste Schritt in die Selbstst\u00e4ndigkeit ist mit\" \/>\n<meta property=\"og:url\" content=\"https:\/\/www.tafeldeko.de\/news\/schoene-dekolandschaft-am-fenster-zu-jeder-jahreszeit-schoen\/\" \/>\n<meta property=\"og:site_name\" content=\"Tafeldeko\" \/>\n<meta property=\"article:publisher\" content=\"https:\/\/www.facebook.com\/pages\/Tafeldeko-einzigartige-Tischdekoration\/174202655894\" \/>\n<meta property=\"article:published_time\" content=\"2011-12-08T17:34:15+00:00\" \/>\n<meta name=\"author\" content=\"Christiane Stein\" \/>\n<meta name=\"twitter:label1\" content=\"Verfasst von\" \/>\n\t<meta name=\"twitter:data1\" content=\"Christiane Stein\" \/>\n\t<meta name=\"twitter:label2\" content=\"Gesch\u00e4tzte Lesezeit\" \/>\n\t<meta name=\"twitter:data2\" content=\"2 Minuten\" \/>\n<script type=\"application\/ld+json\" class=\"yoast-schema-graph\">{\"@context\":\"https:\/\/schema.org\",\"@graph\":[{\"@type\":\"WebPage\",\"@id\":\"https:\/\/www.tafeldeko.de\/news\/schoene-dekolandschaft-am-fenster-zu-jeder-jahreszeit-schoen\/\",\"url\":\"https:\/\/www.tafeldeko.de\/news\/schoene-dekolandschaft-am-fenster-zu-jeder-jahreszeit-schoen\/\",\"name\":\"Sch\u00f6ne Dekolandschaft am Fenster \u2013 zu jeder Jahreszeit sch\u00f6n - Tafeldeko\",\"isPartOf\":{\"@id\":\"https:\/\/www.tafeldeko.de\/news\/#website\"},\"datePublished\":\"2011-12-08T17:34:15+00:00\",\"dateModified\":\"2011-12-08T17:34:15+00:00\",\"author\":{\"@id\":\"https:\/\/www.tafeldeko.de\/news\/#\/schema\/person\/d2acd86447ed0b6336089a8ba83164a0\"},\"description\":\"In die eigenen vier W\u00e4nde einzuziehen, vielleicht sogar in die allerersten, ist schon etwas Besonderes. Der erste Schritt in die Selbstst\u00e4ndigkeit ist mit\",\"breadcrumb\":{\"@id\":\"https:\/\/www.tafeldeko.de\/news\/schoene-dekolandschaft-am-fenster-zu-jeder-jahreszeit-schoen\/#breadcrumb\"},\"inLanguage\":\"de-DE\",\"potentialAction\":[{\"@type\":\"ReadAction\",\"target\":[\"https:\/\/www.tafeldeko.de\/news\/schoene-dekolandschaft-am-fenster-zu-jeder-jahreszeit-schoen\/\"]}]},{\"@type\":\"BreadcrumbList\",\"@id\":\"https:\/\/www.tafeldeko.de\/news\/schoene-dekolandschaft-am-fenster-zu-jeder-jahreszeit-schoen\/#breadcrumb\",\"itemListElement\":[{\"@type\":\"ListItem\",\"position\":1,\"name\":\"Tafeldeko\",\"item\":\"https:\/\/www.tafeldeko.de\/news\/\"},{\"@type\":\"ListItem\",\"position\":2,\"name\":\"Alte Beitr\u00e4ge\",\"item\":\"https:\/\/www.tafeldeko.de\/news\/alte-beitraege\/\"},{\"@type\":\"ListItem\",\"position\":3,\"name\":\"Tischdeko - Blog\",\"item\":\"https:\/\/www.tafeldeko.de\/news\/alte-beitraege\/tischdeko-blog\/\"},{\"@type\":\"ListItem\",\"position\":4,\"name\":\"Sch\u00f6ne Dekolandschaft am Fenster \u2013 zu jeder Jahreszeit sch\u00f6n\"}]},{\"@type\":\"WebSite\",\"@id\":\"https:\/\/www.tafeldeko.de\/news\/#website\",\"url\":\"https:\/\/www.tafeldeko.de\/news\/\",\"name\":\"Tafeldeko\",\"description\":\"Blog mit Tischdeko und Tischdekoration Ideen\",\"potentialAction\":[{\"@type\":\"SearchAction\",\"target\":{\"@type\":\"EntryPoint\",\"urlTemplate\":\"https:\/\/www.tafeldeko.de\/news\/?s={search_term_string}\"},\"query-input\":\"required name=search_term_string\"}],\"inLanguage\":\"de-DE\"},{\"@type\":\"Person\",\"@id\":\"https:\/\/www.tafeldeko.de\/news\/#\/schema\/person\/d2acd86447ed0b6336089a8ba83164a0\",\"name\":\"Christiane Stein\",\"image\":{\"@type\":\"ImageObject\",\"inLanguage\":\"de-DE\",\"@id\":\"https:\/\/www.tafeldeko.de\/news\/#\/schema\/person\/image\/\",\"url\":\"https:\/\/secure.gravatar.com\/avatar\/2054729fbfd1ebc9d3cf1fd55361d0b6?s=96&d=mm&r=g\",\"contentUrl\":\"https:\/\/secure.gravatar.com\/avatar\/2054729fbfd1ebc9d3cf1fd55361d0b6?s=96&d=mm&r=g\",\"caption\":\"Christiane Stein\"}}]}<\/script>\n<!-- \/ Yoast SEO plugin. -->","yoast_head_json":{"title":"Sch\u00f6ne Dekolandschaft am Fenster \u2013 zu jeder Jahreszeit sch\u00f6n - Tafeldeko","description":"In die eigenen vier W\u00e4nde einzuziehen, vielleicht sogar in die allerersten, ist schon etwas Besonderes. Der erste Schritt in die Selbstst\u00e4ndigkeit ist mit","robots":{"index":"index","follow":"follow","max-snippet":"max-snippet:-1","max-image-preview":"max-image-preview:large","max-video-preview":"max-video-preview:-1"},"canonical":"https:\/\/www.tafeldeko.de\/news\/schoene-dekolandschaft-am-fenster-zu-jeder-jahreszeit-schoen\/","og_locale":"de_DE","og_type":"article","og_title":"Sch\u00f6ne Dekolandschaft am Fenster \u2013 zu jeder Jahreszeit sch\u00f6n - Tafeldeko","og_description":"In die eigenen vier W\u00e4nde einzuziehen, vielleicht sogar in die allerersten, ist schon etwas Besonderes. Der erste Schritt in die Selbstst\u00e4ndigkeit ist mit","og_url":"https:\/\/www.tafeldeko.de\/news\/schoene-dekolandschaft-am-fenster-zu-jeder-jahreszeit-schoen\/","og_site_name":"Tafeldeko","article_publisher":"https:\/\/www.facebook.com\/pages\/Tafeldeko-einzigartige-Tischdekoration\/174202655894","article_published_time":"2011-12-08T17:34:15+00:00","author":"Christiane Stein","twitter_misc":{"Verfasst von":"Christiane Stein","Gesch\u00e4tzte Lesezeit":"2 Minuten"},"schema":{"@context":"https:\/\/schema.org","@graph":[{"@type":"WebPage","@id":"https:\/\/www.tafeldeko.de\/news\/schoene-dekolandschaft-am-fenster-zu-jeder-jahreszeit-schoen\/","url":"https:\/\/www.tafeldeko.de\/news\/schoene-dekolandschaft-am-fenster-zu-jeder-jahreszeit-schoen\/","name":"Sch\u00f6ne Dekolandschaft am Fenster \u2013 zu jeder Jahreszeit sch\u00f6n - Tafeldeko","isPartOf":{"@id":"https:\/\/www.tafeldeko.de\/news\/#website"},"datePublished":"2011-12-08T17:34:15+00:00","dateModified":"2011-12-08T17:34:15+00:00","author":{"@id":"https:\/\/www.tafeldeko.de\/news\/#\/schema\/person\/d2acd86447ed0b6336089a8ba83164a0"},"description":"In die eigenen vier W\u00e4nde einzuziehen, vielleicht sogar in die allerersten, ist schon etwas Besonderes. Der erste Schritt in die Selbstst\u00e4ndigkeit ist mit","breadcrumb":{"@id":"https:\/\/www.tafeldeko.de\/news\/schoene-dekolandschaft-am-fenster-zu-jeder-jahreszeit-schoen\/#breadcrumb"},"inLanguage":"de-DE","potentialAction":[{"@type":"ReadAction","target":["https:\/\/www.tafeldeko.de\/news\/schoene-dekolandschaft-am-fenster-zu-jeder-jahreszeit-schoen\/"]}]},{"@type":"BreadcrumbList","@id":"https:\/\/www.tafeldeko.de\/news\/schoene-dekolandschaft-am-fenster-zu-jeder-jahreszeit-schoen\/#breadcrumb","itemListElement":[{"@type":"ListItem","position":1,"name":"Tafeldeko","item":"https:\/\/www.tafeldeko.de\/news\/"},{"@type":"ListItem","position":2,"name":"Alte Beitr\u00e4ge","item":"https:\/\/www.tafeldeko.de\/news\/alte-beitraege\/"},{"@type":"ListItem","position":3,"name":"Tischdeko - Blog","item":"https:\/\/www.tafeldeko.de\/news\/alte-beitraege\/tischdeko-blog\/"},{"@type":"ListItem","position":4,"name":"Sch\u00f6ne Dekolandschaft am Fenster \u2013 zu jeder Jahreszeit sch\u00f6n"}]},{"@type":"WebSite","@id":"https:\/\/www.tafeldeko.de\/news\/#website","url":"https:\/\/www.tafeldeko.de\/news\/","name":"Tafeldeko","description":"Blog mit Tischdeko und Tischdekoration Ideen","potentialAction":[{"@type":"SearchAction","target":{"@type":"EntryPoint","urlTemplate":"https:\/\/www.tafeldeko.de\/news\/?s={search_term_string}"},"query-input":"required name=search_term_string"}],"inLanguage":"de-DE"},{"@type":"Person","@id":"https:\/\/www.tafeldeko.de\/news\/#\/schema\/person\/d2acd86447ed0b6336089a8ba83164a0","name":"Christiane Stein","image":{"@type":"ImageObject","inLanguage":"de-DE","@id":"https:\/\/www.tafeldeko.de\/news\/#\/schema\/person\/image\/","url":"https:\/\/secure.gravatar.com\/avatar\/2054729fbfd1ebc9d3cf1fd55361d0b6?s=96&d=mm&r=g","contentUrl":"https:\/\/secure.gravatar.com\/avatar\/2054729fbfd1ebc9d3cf1fd55361d0b6?s=96&d=mm&r=g","caption":"Christiane Stein"}}]}},"_links":{"self":[{"href":"https:\/\/www.tafeldeko.de\/news\/wp-json\/wp\/v2\/posts\/3695"}],"collection":[{"href":"https:\/\/www.tafeldeko.de\/news\/wp-json\/wp\/v2\/posts"}],"about":[{"href":"https:\/\/www.tafeldeko.de\/news\/wp-json\/wp\/v2\/types\/post"}],"author":[{"embeddable":true,"href":"https:\/\/www.tafeldeko.de\/news\/wp-json\/wp\/v2\/users\/2"}],"replies":[{"embeddable":true,"href":"https:\/\/www.tafeldeko.de\/news\/wp-json\/wp\/v2\/comments?post=3695"}],"version-history":[{"count":0,"href":"https:\/\/www.tafeldeko.de\/news\/wp-json\/wp\/v2\/posts\/3695\/revisions"}],"wp:attachment":[{"href":"https:\/\/www.tafeldeko.de\/news\/wp-json\/wp\/v2\/media?parent=3695"}],"wp:term":[{"taxonomy":"category","embeddable":true,"href":"https:\/\/www.tafeldeko.de\/news\/wp-json\/wp\/v2\/categories?post=3695"},{"taxonomy":"post_tag","embeddable":true,"href":"https:\/\/www.tafeldeko.de\/news\/wp-json\/wp\/v2\/tags?post=3695"}],"curies":[{"name":"wp","href":"https:\/\/api.w.org\/{rel}","templated":true}]}}