{"id":3693,"date":"2011-12-06T20:55:56","date_gmt":"2011-12-06T18:55:56","guid":{"rendered":"http:\/\/www.tafeldeko.de\/news\/?p=3693"},"modified":"2011-12-06T20:55:56","modified_gmt":"2011-12-06T18:55:56","slug":"die-deko-im-januar","status":"publish","type":"post","link":"https:\/\/www.tafeldeko.de\/news\/die-deko-im-januar\/","title":{"rendered":"Die Deko im Januar"},"content":{"rendered":"<p><b>Die Deko im Januar<\/b> \u2013 wie kann sie aussehen, wie kann man sie ausstatten?<br \/>\nDer Dezember mit dem Weihnachtsfest und Silvester sind nun vor\u00fcber und man m\u00f6chte sich wohl so langsam von der <i>Weihnachtsdeko <\/i>und eventuell auch von der Silvesterdeko verabschieden.<br \/>\n<i>Die weihnachtliche Deko<\/i> muss einer anderen <a href=\"https:\/\/www.tafeldeko.de\/shop_content.php\/coID\/212_Deko.html\">Deko<\/a> weichen \u2013 die Frage ist nur: welcher?<br \/>\nEs ist oft gar nicht so einfach, eine passende Deko zu finden. Die Ideen fehlen und man \u00fcberlegt hin und her, wie man nun den Raum in Szene setzen kann.<br \/>\n<b>Die Deko im Januar<\/b> kann beispielsweise noch <i>winterlich aussehen<\/i>. Das hei\u00dft, Schneem\u00e4nner, Dekoschnee und andere winterliche Motive sind als Accessoires in der Deko zu finden.<br \/>\nDiese Deko passt noch zur Jahreszeit, denn f\u00fcr die Deko f\u00fcr Fasching ist es noch zu fr\u00fch. Und wer saisonal bezogen dekorieren m\u00f6chte, f\u00fcr den empfiehlt sich auf jeden Fall die <b>winterliche Dekoration<\/b>.<br \/>\n<b>Was kann sich noch innerhalb der Deko im Januar tummeln?<\/b><br \/>\nZum einen feiern wir in manchen Gegenden die <i>\u201eHeiligen 3 K\u00f6nige\u201c<\/i>, so dass diese in der ersten Januarwoche ebenfalls eine <b>Deko-M\u00f6glichkeit<\/b> bieten.<br \/>\nAnsonsten kann wie bereits geschrieben,<b> mit Dekoschnee eine winterliche Landschaft <\/b>geschaffen werden, die mit <i>Schneem\u00e4nnern, schneebedeckten B\u00e4umen und kleinen Dekofiguren<\/i> versch\u00f6nert werden kann.<br \/>\nWer nun sozsuagen die \u201eNase voll hat\u201c von Weihnachten, Winter und Schnee, der wird wohl eine recht neutrale Deko im Januar vorziehen. Diese kann ganz unterschiedlich ausfallen, vielleicht m\u00f6chte man auch die ersten Fr\u00fchlingsboten in die Deko mit einbeziehen, sozusagen als \u201eLockruf\u201c f\u00fcr den Fr\u00fchling.<br \/>\nOb man nun die<b> Deko im Januar<\/b> oder in anderen Monaten ausrichtet, man wird garantiert eine <b>Deko-Idee <\/b>finden, die einen selbst begeistert und die ein gewisses Wohlf\u00fchl-Klima vermittelt. Denn dies ist doch mitunter einer der Punkte, warum wir unsere Wohnungen sch\u00f6n dekorieren \u2013 um sie wohnlicher und pers\u00f6nlicher zu gestalten und uns ein <i>gewisses Ma\u00df an Wohnkomfort <\/i>zu bescheren. <\/p>\n","protected":false},"excerpt":{"rendered":"<p>Die Deko im Januar \u2013 wie kann sie aussehen, wie kann man sie ausstatten? Der Dezember mit dem Weihnachtsfest und Silvester sind nun vor\u00fcber und man m\u00f6chte sich wohl so langsam von der Weihnachtsdeko und eventuell auch von der Silvesterdeko verabschieden. Die weihnachtliche Deko muss einer anderen Deko weichen \u2013 die Frage ist nur: welcher? [&hellip;]<\/p>\n","protected":false},"author":2,"featured_media":0,"comment_status":"open","ping_status":"open","sticky":false,"template":"","format":"standard","meta":{"footnotes":""},"categories":[1],"tags":[],"yoast_head":"<!-- This site is optimized with the Yoast SEO plugin v20.4 - https:\/\/yoast.com\/wordpress\/plugins\/seo\/ -->\n<title>Die Deko im Januar - Tafeldeko<\/title>\n<meta name=\"description\" content=\"Die Deko im Januar \u2013 wie kann sie aussehen, wie kann man sie ausstatten? Der Dezember mit dem Weihnachtsfest und Silvester sind nun vor\u00fcber und man m\u00f6chte\" \/>\n<meta name=\"robots\" content=\"index, follow, max-snippet:-1, max-image-preview:large, max-video-preview:-1\" \/>\n<link rel=\"canonical\" href=\"https:\/\/www.tafeldeko.de\/news\/die-deko-im-januar\/\" \/>\n<meta property=\"og:locale\" content=\"de_DE\" \/>\n<meta property=\"og:type\" content=\"article\" \/>\n<meta property=\"og:title\" content=\"Die Deko im Januar - Tafeldeko\" \/>\n<meta property=\"og:description\" content=\"Die Deko im Januar \u2013 wie kann sie aussehen, wie kann man sie ausstatten? Der Dezember mit dem Weihnachtsfest und Silvester sind nun vor\u00fcber und man m\u00f6chte\" \/>\n<meta property=\"og:url\" content=\"https:\/\/www.tafeldeko.de\/news\/die-deko-im-januar\/\" \/>\n<meta property=\"og:site_name\" content=\"Tafeldeko\" \/>\n<meta property=\"article:publisher\" content=\"https:\/\/www.facebook.com\/pages\/Tafeldeko-einzigartige-Tischdekoration\/174202655894\" \/>\n<meta property=\"article:published_time\" content=\"2011-12-06T18:55:56+00:00\" \/>\n<meta name=\"author\" content=\"Christiane Stein\" \/>\n<meta name=\"twitter:label1\" content=\"Verfasst von\" \/>\n\t<meta name=\"twitter:data1\" content=\"Christiane Stein\" \/>\n\t<meta name=\"twitter:label2\" content=\"Gesch\u00e4tzte Lesezeit\" \/>\n\t<meta name=\"twitter:data2\" content=\"2 Minuten\" \/>\n<script type=\"application\/ld+json\" class=\"yoast-schema-graph\">{\"@context\":\"https:\/\/schema.org\",\"@graph\":[{\"@type\":\"WebPage\",\"@id\":\"https:\/\/www.tafeldeko.de\/news\/die-deko-im-januar\/\",\"url\":\"https:\/\/www.tafeldeko.de\/news\/die-deko-im-januar\/\",\"name\":\"Die Deko im Januar - Tafeldeko\",\"isPartOf\":{\"@id\":\"https:\/\/www.tafeldeko.de\/news\/#website\"},\"datePublished\":\"2011-12-06T18:55:56+00:00\",\"dateModified\":\"2011-12-06T18:55:56+00:00\",\"author\":{\"@id\":\"https:\/\/www.tafeldeko.de\/news\/#\/schema\/person\/d2acd86447ed0b6336089a8ba83164a0\"},\"description\":\"Die Deko im Januar \u2013 wie kann sie aussehen, wie kann man sie ausstatten? Der Dezember mit dem Weihnachtsfest und Silvester sind nun vor\u00fcber und man m\u00f6chte\",\"breadcrumb\":{\"@id\":\"https:\/\/www.tafeldeko.de\/news\/die-deko-im-januar\/#breadcrumb\"},\"inLanguage\":\"de-DE\",\"potentialAction\":[{\"@type\":\"ReadAction\",\"target\":[\"https:\/\/www.tafeldeko.de\/news\/die-deko-im-januar\/\"]}]},{\"@type\":\"BreadcrumbList\",\"@id\":\"https:\/\/www.tafeldeko.de\/news\/die-deko-im-januar\/#breadcrumb\",\"itemListElement\":[{\"@type\":\"ListItem\",\"position\":1,\"name\":\"Tafeldeko\",\"item\":\"https:\/\/www.tafeldeko.de\/news\/\"},{\"@type\":\"ListItem\",\"position\":2,\"name\":\"Alte Beitr\u00e4ge\",\"item\":\"https:\/\/www.tafeldeko.de\/news\/alte-beitraege\/\"},{\"@type\":\"ListItem\",\"position\":3,\"name\":\"Tischdeko - Blog\",\"item\":\"https:\/\/www.tafeldeko.de\/news\/alte-beitraege\/tischdeko-blog\/\"},{\"@type\":\"ListItem\",\"position\":4,\"name\":\"Die Deko im Januar\"}]},{\"@type\":\"WebSite\",\"@id\":\"https:\/\/www.tafeldeko.de\/news\/#website\",\"url\":\"https:\/\/www.tafeldeko.de\/news\/\",\"name\":\"Tafeldeko\",\"description\":\"Blog mit Tischdeko und Tischdekoration Ideen\",\"potentialAction\":[{\"@type\":\"SearchAction\",\"target\":{\"@type\":\"EntryPoint\",\"urlTemplate\":\"https:\/\/www.tafeldeko.de\/news\/?s={search_term_string}\"},\"query-input\":\"required name=search_term_string\"}],\"inLanguage\":\"de-DE\"},{\"@type\":\"Person\",\"@id\":\"https:\/\/www.tafeldeko.de\/news\/#\/schema\/person\/d2acd86447ed0b6336089a8ba83164a0\",\"name\":\"Christiane Stein\",\"image\":{\"@type\":\"ImageObject\",\"inLanguage\":\"de-DE\",\"@id\":\"https:\/\/www.tafeldeko.de\/news\/#\/schema\/person\/image\/\",\"url\":\"https:\/\/secure.gravatar.com\/avatar\/2054729fbfd1ebc9d3cf1fd55361d0b6?s=96&d=mm&r=g\",\"contentUrl\":\"https:\/\/secure.gravatar.com\/avatar\/2054729fbfd1ebc9d3cf1fd55361d0b6?s=96&d=mm&r=g\",\"caption\":\"Christiane Stein\"}}]}<\/script>\n<!-- \/ Yoast SEO plugin. -->","yoast_head_json":{"title":"Die Deko im Januar - Tafeldeko","description":"Die Deko im Januar \u2013 wie kann sie aussehen, wie kann man sie ausstatten? Der Dezember mit dem Weihnachtsfest und Silvester sind nun vor\u00fcber und man m\u00f6chte","robots":{"index":"index","follow":"follow","max-snippet":"max-snippet:-1","max-image-preview":"max-image-preview:large","max-video-preview":"max-video-preview:-1"},"canonical":"https:\/\/www.tafeldeko.de\/news\/die-deko-im-januar\/","og_locale":"de_DE","og_type":"article","og_title":"Die Deko im Januar - Tafeldeko","og_description":"Die Deko im Januar \u2013 wie kann sie aussehen, wie kann man sie ausstatten? Der Dezember mit dem Weihnachtsfest und Silvester sind nun vor\u00fcber und man m\u00f6chte","og_url":"https:\/\/www.tafeldeko.de\/news\/die-deko-im-januar\/","og_site_name":"Tafeldeko","article_publisher":"https:\/\/www.facebook.com\/pages\/Tafeldeko-einzigartige-Tischdekoration\/174202655894","article_published_time":"2011-12-06T18:55:56+00:00","author":"Christiane Stein","twitter_misc":{"Verfasst von":"Christiane Stein","Gesch\u00e4tzte Lesezeit":"2 Minuten"},"schema":{"@context":"https:\/\/schema.org","@graph":[{"@type":"WebPage","@id":"https:\/\/www.tafeldeko.de\/news\/die-deko-im-januar\/","url":"https:\/\/www.tafeldeko.de\/news\/die-deko-im-januar\/","name":"Die Deko im Januar - Tafeldeko","isPartOf":{"@id":"https:\/\/www.tafeldeko.de\/news\/#website"},"datePublished":"2011-12-06T18:55:56+00:00","dateModified":"2011-12-06T18:55:56+00:00","author":{"@id":"https:\/\/www.tafeldeko.de\/news\/#\/schema\/person\/d2acd86447ed0b6336089a8ba83164a0"},"description":"Die Deko im Januar \u2013 wie kann sie aussehen, wie kann man sie ausstatten? Der Dezember mit dem Weihnachtsfest und Silvester sind nun vor\u00fcber und man m\u00f6chte","breadcrumb":{"@id":"https:\/\/www.tafeldeko.de\/news\/die-deko-im-januar\/#breadcrumb"},"inLanguage":"de-DE","potentialAction":[{"@type":"ReadAction","target":["https:\/\/www.tafeldeko.de\/news\/die-deko-im-januar\/"]}]},{"@type":"BreadcrumbList","@id":"https:\/\/www.tafeldeko.de\/news\/die-deko-im-januar\/#breadcrumb","itemListElement":[{"@type":"ListItem","position":1,"name":"Tafeldeko","item":"https:\/\/www.tafeldeko.de\/news\/"},{"@type":"ListItem","position":2,"name":"Alte Beitr\u00e4ge","item":"https:\/\/www.tafeldeko.de\/news\/alte-beitraege\/"},{"@type":"ListItem","position":3,"name":"Tischdeko - Blog","item":"https:\/\/www.tafeldeko.de\/news\/alte-beitraege\/tischdeko-blog\/"},{"@type":"ListItem","position":4,"name":"Die Deko im Januar"}]},{"@type":"WebSite","@id":"https:\/\/www.tafeldeko.de\/news\/#website","url":"https:\/\/www.tafeldeko.de\/news\/","name":"Tafeldeko","description":"Blog mit Tischdeko und Tischdekoration Ideen","potentialAction":[{"@type":"SearchAction","target":{"@type":"EntryPoint","urlTemplate":"https:\/\/www.tafeldeko.de\/news\/?s={search_term_string}"},"query-input":"required name=search_term_string"}],"inLanguage":"de-DE"},{"@type":"Person","@id":"https:\/\/www.tafeldeko.de\/news\/#\/schema\/person\/d2acd86447ed0b6336089a8ba83164a0","name":"Christiane Stein","image":{"@type":"ImageObject","inLanguage":"de-DE","@id":"https:\/\/www.tafeldeko.de\/news\/#\/schema\/person\/image\/","url":"https:\/\/secure.gravatar.com\/avatar\/2054729fbfd1ebc9d3cf1fd55361d0b6?s=96&d=mm&r=g","contentUrl":"https:\/\/secure.gravatar.com\/avatar\/2054729fbfd1ebc9d3cf1fd55361d0b6?s=96&d=mm&r=g","caption":"Christiane Stein"}}]}},"_links":{"self":[{"href":"https:\/\/www.tafeldeko.de\/news\/wp-json\/wp\/v2\/posts\/3693"}],"collection":[{"href":"https:\/\/www.tafeldeko.de\/news\/wp-json\/wp\/v2\/posts"}],"about":[{"href":"https:\/\/www.tafeldeko.de\/news\/wp-json\/wp\/v2\/types\/post"}],"author":[{"embeddable":true,"href":"https:\/\/www.tafeldeko.de\/news\/wp-json\/wp\/v2\/users\/2"}],"replies":[{"embeddable":true,"href":"https:\/\/www.tafeldeko.de\/news\/wp-json\/wp\/v2\/comments?post=3693"}],"version-history":[{"count":0,"href":"https:\/\/www.tafeldeko.de\/news\/wp-json\/wp\/v2\/posts\/3693\/revisions"}],"wp:attachment":[{"href":"https:\/\/www.tafeldeko.de\/news\/wp-json\/wp\/v2\/media?parent=3693"}],"wp:term":[{"taxonomy":"category","embeddable":true,"href":"https:\/\/www.tafeldeko.de\/news\/wp-json\/wp\/v2\/categories?post=3693"},{"taxonomy":"post_tag","embeddable":true,"href":"https:\/\/www.tafeldeko.de\/news\/wp-json\/wp\/v2\/tags?post=3693"}],"curies":[{"name":"wp","href":"https:\/\/api.w.org\/{rel}","templated":true}]}}