{"id":3692,"date":"2011-12-05T21:27:56","date_gmt":"2011-12-05T19:27:56","guid":{"rendered":"http:\/\/www.tafeldeko.de\/news\/?p=3692"},"modified":"2011-12-05T21:27:56","modified_gmt":"2011-12-05T19:27:56","slug":"die-deko-zu-neujahr","status":"publish","type":"post","link":"https:\/\/www.tafeldeko.de\/news\/die-deko-zu-neujahr\/","title":{"rendered":"Die Deko zu Neujahr"},"content":{"rendered":"<p><b>Dekorationen <\/b>\u2013 ob mit oder ohne Anlass \u2013 sie sind beliebt und viele Frauen erfreuen sich am Dekorieren. <i>Selbst Gebasteltes, fertig gekaufte Arrangements und viele Deko-Accessoires <\/i>schm\u00fccken die R\u00e4ume der Wohnung, setzen Akzente und geben der Wohnung ein gewisses Ma\u00df an Behaglichkeit.<br \/>\n<b>Saison bezogene Dekorationen<\/b> sind stets beliebt und verleihen der Wohnung den jahreszeitlichen oder feiertagsbezogenen Effekt.<br \/>\n<b>Ob Weihnachten, Silvester oder auch Neujahr<\/b> \u2013 <b>Dekorationen <\/b>gibt es viele verschiedene und zu jedem Anlass wird entsprechend dekoriert.<br \/>\nDie Weihnachtsdekorationen sind h\u00e4ufig im Klassiker in Rot zu sehen, die Silvesterdekorationen oftmals in wei\u00df mit gr\u00fcn. <b>Und die Deko zu Neujahr?<\/b><br \/>\nSie kann mit der <a href=\"https:\/\/www.tafeldeko.de\/shop_content.php\/coID\/212_Deko.html\">Deko<\/a> zu Silvester verglichen und in etwa gleich gesetzt werden. Gl\u00fccksbringer sind auch am ersten Tag im neuen Jahr nicht fehl am Platze und eine Dekoration in wei\u00df und gr\u00fcn ebenfalls passend.<br \/>\nWer die <b>Deko zu Neujahr <\/b>etwas \u00fcppiger ausstatten m\u00f6chte, weil man beispielsweise zum Neujahrskaffee eingeladen hat, kann auf Girlanden zur\u00fcck greifen, die das neue Jahr geb\u00fchrend empfangen.<br \/>\nKleine Tischfeuerwerke sind auch am Neujahrstag noch passend und k\u00f6nnen zum Beispiel als kleiner Willkommensgru\u00df gez\u00fcndet werden. So kann man auch Neujahr noch entsprechend feierlich angehen und die G\u00e4ste, die zum <b>Neujahrskaffee <\/b>eingeladen sind, k\u00f6nnen den Tag in aller Ruhe genie\u00dfen.<br \/>\nDie Deko kann auch auf die Wohnung ausgeweitet werden, und so kann beispielsweise schon an der Eingangst\u00fcr <i>\u201eWillkommen\u201c als Girlande<\/i> zu lesen sein. \u201eWillkommen\u201c zum einen f\u00fcr die G\u00e4ste, zum anderen f\u00fcr das neue Jahr.<br \/>\n<i>Kleine Gl\u00fccksschweinchen, Kleebl\u00e4tter, Schornsteinfeger, Zylinder, Marienk\u00e4fer, Fliegenpilze und andere Gl\u00fccksbringer<\/i> sind zudem sch\u00f6ne Deko-Accessoires, die man auf den Tischen und auch in Form gr\u00f6\u00dferer Deko-Teile in der Wohnung verteilen kann.<br \/>\nWie w\u00e4re es beispielsweise mit einem <i>T\u00fcrkranz<\/i>, der speziell f\u00fcr den <b>Neujahrstag <\/b>kreiert wurde? Ein Schriftzug <i>\u201eFrohes neues Jahr\u201c<\/i>, inmitten eines <i>Stroh- oder Tannenkranzes, mit Wunderkerzen, B\u00f6ller<\/i>n \u2013 nat\u00fcrlich als Dekoteile und nicht in echt &#8211; und <i>kleinen Gl\u00fccksbringern verziert<\/i>, kann die G\u00e4ste willkommen hei\u00dfen. <\/p>\n","protected":false},"excerpt":{"rendered":"<p>Dekorationen \u2013 ob mit oder ohne Anlass \u2013 sie sind beliebt und viele Frauen erfreuen sich am Dekorieren. Selbst Gebasteltes, fertig gekaufte Arrangements und viele Deko-Accessoires schm\u00fccken die R\u00e4ume der Wohnung, setzen Akzente und geben der Wohnung ein gewisses Ma\u00df an Behaglichkeit. Saison bezogene Dekorationen sind stets beliebt und verleihen der Wohnung den jahreszeitlichen oder [&hellip;]<\/p>\n","protected":false},"author":2,"featured_media":0,"comment_status":"open","ping_status":"open","sticky":false,"template":"","format":"standard","meta":{"footnotes":""},"categories":[1],"tags":[],"yoast_head":"<!-- This site is optimized with the Yoast SEO plugin v20.4 - https:\/\/yoast.com\/wordpress\/plugins\/seo\/ -->\n<title>Die Deko zu Neujahr - Tafeldeko<\/title>\n<meta name=\"description\" content=\"Dekorationen \u2013 ob mit oder ohne Anlass \u2013 sie sind beliebt und viele Frauen erfreuen sich am Dekorieren. Selbst Gebasteltes, fertig gekaufte Arrangements\" \/>\n<meta name=\"robots\" content=\"index, follow, max-snippet:-1, max-image-preview:large, max-video-preview:-1\" \/>\n<link rel=\"canonical\" href=\"https:\/\/www.tafeldeko.de\/news\/die-deko-zu-neujahr\/\" \/>\n<meta property=\"og:locale\" content=\"de_DE\" \/>\n<meta property=\"og:type\" content=\"article\" \/>\n<meta property=\"og:title\" content=\"Die Deko zu Neujahr - Tafeldeko\" \/>\n<meta property=\"og:description\" content=\"Dekorationen \u2013 ob mit oder ohne Anlass \u2013 sie sind beliebt und viele Frauen erfreuen sich am Dekorieren. Selbst Gebasteltes, fertig gekaufte Arrangements\" \/>\n<meta property=\"og:url\" content=\"https:\/\/www.tafeldeko.de\/news\/die-deko-zu-neujahr\/\" \/>\n<meta property=\"og:site_name\" content=\"Tafeldeko\" \/>\n<meta property=\"article:publisher\" content=\"https:\/\/www.facebook.com\/pages\/Tafeldeko-einzigartige-Tischdekoration\/174202655894\" \/>\n<meta property=\"article:published_time\" content=\"2011-12-05T19:27:56+00:00\" \/>\n<meta name=\"author\" content=\"Christiane Stein\" \/>\n<meta name=\"twitter:label1\" content=\"Verfasst von\" \/>\n\t<meta name=\"twitter:data1\" content=\"Christiane Stein\" \/>\n\t<meta name=\"twitter:label2\" content=\"Gesch\u00e4tzte Lesezeit\" \/>\n\t<meta name=\"twitter:data2\" content=\"2 Minuten\" \/>\n<script type=\"application\/ld+json\" class=\"yoast-schema-graph\">{\"@context\":\"https:\/\/schema.org\",\"@graph\":[{\"@type\":\"WebPage\",\"@id\":\"https:\/\/www.tafeldeko.de\/news\/die-deko-zu-neujahr\/\",\"url\":\"https:\/\/www.tafeldeko.de\/news\/die-deko-zu-neujahr\/\",\"name\":\"Die Deko zu Neujahr - Tafeldeko\",\"isPartOf\":{\"@id\":\"https:\/\/www.tafeldeko.de\/news\/#website\"},\"datePublished\":\"2011-12-05T19:27:56+00:00\",\"dateModified\":\"2011-12-05T19:27:56+00:00\",\"author\":{\"@id\":\"https:\/\/www.tafeldeko.de\/news\/#\/schema\/person\/d2acd86447ed0b6336089a8ba83164a0\"},\"description\":\"Dekorationen \u2013 ob mit oder ohne Anlass \u2013 sie sind beliebt und viele Frauen erfreuen sich am Dekorieren. Selbst Gebasteltes, fertig gekaufte Arrangements\",\"breadcrumb\":{\"@id\":\"https:\/\/www.tafeldeko.de\/news\/die-deko-zu-neujahr\/#breadcrumb\"},\"inLanguage\":\"de-DE\",\"potentialAction\":[{\"@type\":\"ReadAction\",\"target\":[\"https:\/\/www.tafeldeko.de\/news\/die-deko-zu-neujahr\/\"]}]},{\"@type\":\"BreadcrumbList\",\"@id\":\"https:\/\/www.tafeldeko.de\/news\/die-deko-zu-neujahr\/#breadcrumb\",\"itemListElement\":[{\"@type\":\"ListItem\",\"position\":1,\"name\":\"Tafeldeko\",\"item\":\"https:\/\/www.tafeldeko.de\/news\/\"},{\"@type\":\"ListItem\",\"position\":2,\"name\":\"Alte Beitr\u00e4ge\",\"item\":\"https:\/\/www.tafeldeko.de\/news\/alte-beitraege\/\"},{\"@type\":\"ListItem\",\"position\":3,\"name\":\"Tischdeko - Blog\",\"item\":\"https:\/\/www.tafeldeko.de\/news\/alte-beitraege\/tischdeko-blog\/\"},{\"@type\":\"ListItem\",\"position\":4,\"name\":\"Die Deko zu Neujahr\"}]},{\"@type\":\"WebSite\",\"@id\":\"https:\/\/www.tafeldeko.de\/news\/#website\",\"url\":\"https:\/\/www.tafeldeko.de\/news\/\",\"name\":\"Tafeldeko\",\"description\":\"Blog mit Tischdeko und Tischdekoration Ideen\",\"potentialAction\":[{\"@type\":\"SearchAction\",\"target\":{\"@type\":\"EntryPoint\",\"urlTemplate\":\"https:\/\/www.tafeldeko.de\/news\/?s={search_term_string}\"},\"query-input\":\"required name=search_term_string\"}],\"inLanguage\":\"de-DE\"},{\"@type\":\"Person\",\"@id\":\"https:\/\/www.tafeldeko.de\/news\/#\/schema\/person\/d2acd86447ed0b6336089a8ba83164a0\",\"name\":\"Christiane Stein\",\"image\":{\"@type\":\"ImageObject\",\"inLanguage\":\"de-DE\",\"@id\":\"https:\/\/www.tafeldeko.de\/news\/#\/schema\/person\/image\/\",\"url\":\"https:\/\/secure.gravatar.com\/avatar\/2054729fbfd1ebc9d3cf1fd55361d0b6?s=96&d=mm&r=g\",\"contentUrl\":\"https:\/\/secure.gravatar.com\/avatar\/2054729fbfd1ebc9d3cf1fd55361d0b6?s=96&d=mm&r=g\",\"caption\":\"Christiane Stein\"}}]}<\/script>\n<!-- \/ Yoast SEO plugin. -->","yoast_head_json":{"title":"Die Deko zu Neujahr - Tafeldeko","description":"Dekorationen \u2013 ob mit oder ohne Anlass \u2013 sie sind beliebt und viele Frauen erfreuen sich am Dekorieren. Selbst Gebasteltes, fertig gekaufte Arrangements","robots":{"index":"index","follow":"follow","max-snippet":"max-snippet:-1","max-image-preview":"max-image-preview:large","max-video-preview":"max-video-preview:-1"},"canonical":"https:\/\/www.tafeldeko.de\/news\/die-deko-zu-neujahr\/","og_locale":"de_DE","og_type":"article","og_title":"Die Deko zu Neujahr - Tafeldeko","og_description":"Dekorationen \u2013 ob mit oder ohne Anlass \u2013 sie sind beliebt und viele Frauen erfreuen sich am Dekorieren. Selbst Gebasteltes, fertig gekaufte Arrangements","og_url":"https:\/\/www.tafeldeko.de\/news\/die-deko-zu-neujahr\/","og_site_name":"Tafeldeko","article_publisher":"https:\/\/www.facebook.com\/pages\/Tafeldeko-einzigartige-Tischdekoration\/174202655894","article_published_time":"2011-12-05T19:27:56+00:00","author":"Christiane Stein","twitter_misc":{"Verfasst von":"Christiane Stein","Gesch\u00e4tzte Lesezeit":"2 Minuten"},"schema":{"@context":"https:\/\/schema.org","@graph":[{"@type":"WebPage","@id":"https:\/\/www.tafeldeko.de\/news\/die-deko-zu-neujahr\/","url":"https:\/\/www.tafeldeko.de\/news\/die-deko-zu-neujahr\/","name":"Die Deko zu Neujahr - Tafeldeko","isPartOf":{"@id":"https:\/\/www.tafeldeko.de\/news\/#website"},"datePublished":"2011-12-05T19:27:56+00:00","dateModified":"2011-12-05T19:27:56+00:00","author":{"@id":"https:\/\/www.tafeldeko.de\/news\/#\/schema\/person\/d2acd86447ed0b6336089a8ba83164a0"},"description":"Dekorationen \u2013 ob mit oder ohne Anlass \u2013 sie sind beliebt und viele Frauen erfreuen sich am Dekorieren. Selbst Gebasteltes, fertig gekaufte Arrangements","breadcrumb":{"@id":"https:\/\/www.tafeldeko.de\/news\/die-deko-zu-neujahr\/#breadcrumb"},"inLanguage":"de-DE","potentialAction":[{"@type":"ReadAction","target":["https:\/\/www.tafeldeko.de\/news\/die-deko-zu-neujahr\/"]}]},{"@type":"BreadcrumbList","@id":"https:\/\/www.tafeldeko.de\/news\/die-deko-zu-neujahr\/#breadcrumb","itemListElement":[{"@type":"ListItem","position":1,"name":"Tafeldeko","item":"https:\/\/www.tafeldeko.de\/news\/"},{"@type":"ListItem","position":2,"name":"Alte Beitr\u00e4ge","item":"https:\/\/www.tafeldeko.de\/news\/alte-beitraege\/"},{"@type":"ListItem","position":3,"name":"Tischdeko - Blog","item":"https:\/\/www.tafeldeko.de\/news\/alte-beitraege\/tischdeko-blog\/"},{"@type":"ListItem","position":4,"name":"Die Deko zu Neujahr"}]},{"@type":"WebSite","@id":"https:\/\/www.tafeldeko.de\/news\/#website","url":"https:\/\/www.tafeldeko.de\/news\/","name":"Tafeldeko","description":"Blog mit Tischdeko und Tischdekoration Ideen","potentialAction":[{"@type":"SearchAction","target":{"@type":"EntryPoint","urlTemplate":"https:\/\/www.tafeldeko.de\/news\/?s={search_term_string}"},"query-input":"required name=search_term_string"}],"inLanguage":"de-DE"},{"@type":"Person","@id":"https:\/\/www.tafeldeko.de\/news\/#\/schema\/person\/d2acd86447ed0b6336089a8ba83164a0","name":"Christiane Stein","image":{"@type":"ImageObject","inLanguage":"de-DE","@id":"https:\/\/www.tafeldeko.de\/news\/#\/schema\/person\/image\/","url":"https:\/\/secure.gravatar.com\/avatar\/2054729fbfd1ebc9d3cf1fd55361d0b6?s=96&d=mm&r=g","contentUrl":"https:\/\/secure.gravatar.com\/avatar\/2054729fbfd1ebc9d3cf1fd55361d0b6?s=96&d=mm&r=g","caption":"Christiane Stein"}}]}},"_links":{"self":[{"href":"https:\/\/www.tafeldeko.de\/news\/wp-json\/wp\/v2\/posts\/3692"}],"collection":[{"href":"https:\/\/www.tafeldeko.de\/news\/wp-json\/wp\/v2\/posts"}],"about":[{"href":"https:\/\/www.tafeldeko.de\/news\/wp-json\/wp\/v2\/types\/post"}],"author":[{"embeddable":true,"href":"https:\/\/www.tafeldeko.de\/news\/wp-json\/wp\/v2\/users\/2"}],"replies":[{"embeddable":true,"href":"https:\/\/www.tafeldeko.de\/news\/wp-json\/wp\/v2\/comments?post=3692"}],"version-history":[{"count":0,"href":"https:\/\/www.tafeldeko.de\/news\/wp-json\/wp\/v2\/posts\/3692\/revisions"}],"wp:attachment":[{"href":"https:\/\/www.tafeldeko.de\/news\/wp-json\/wp\/v2\/media?parent=3692"}],"wp:term":[{"taxonomy":"category","embeddable":true,"href":"https:\/\/www.tafeldeko.de\/news\/wp-json\/wp\/v2\/categories?post=3692"},{"taxonomy":"post_tag","embeddable":true,"href":"https:\/\/www.tafeldeko.de\/news\/wp-json\/wp\/v2\/tags?post=3692"}],"curies":[{"name":"wp","href":"https:\/\/api.w.org\/{rel}","templated":true}]}}