{"id":3689,"date":"2011-12-02T21:26:00","date_gmt":"2011-12-02T19:26:00","guid":{"rendered":"http:\/\/www.tafeldeko.de\/news\/?p=3689"},"modified":"2011-12-02T21:26:00","modified_gmt":"2011-12-02T19:26:00","slug":"die-deko-fuer-den-wintergarten","status":"publish","type":"post","link":"https:\/\/www.tafeldeko.de\/news\/die-deko-fuer-den-wintergarten\/","title":{"rendered":"Die Deko f\u00fcr den Wintergarten"},"content":{"rendered":"<p><b>Dekorationen <\/b>\u2013 sie sind begehrt und stehen hoch im Kurs. Gerade bei den Frauen sind Dekorationen sehr beliebt, weil man zum einen dem Raum eine gewisse Individualit\u00e4t verleihen kann und zum anderen, weil es einfach sch\u00f6n aussieht.<br \/>\nDie <a href=\"https:\/\/www.tafeldeko.de\/shop_content.php\/coID\/212_Deko.html\">Deko<\/a> beginnt im Prinzip bereits mit den ersten Schritten, die man beim entweder beim Innenausbau eines neuen Hauses oder beim Renovieren einer Wohnung, vornimmt. <i>Die Auswahl des Fu\u00dfbodens, der Tapeten oder des Verputzes, der Wohnungseinrichtung<\/i> und generell im Bereich der m\u00f6glichen Farben ist schon bereits die erste <b>Deko<\/b>, die man ausw\u00e4hlt.<br \/>\nWird der Fu\u00dfboden mit wei\u00dfen Fliesen belegt, m\u00f6chte man helle Akzente in der Wohnung setzen und vor allen Dingen eine sozusagen \u201eruhige\u201c Grundlage bilden. W\u00e4hlt man bei dem Fu\u00dfboden beispielsweise schwarz oder grau, versucht man mit den anderen Elementen, die Wohnung zu etwas Besonderem zu machen.<br \/>\nUnd genauso verh\u00e4lt es sich auch mit der <b>Deko des Wintergartens<\/b>.<br \/>\nAuch hier ist die Wahl der Form, der Materialien und der Innenausstattung die ersten Schritte in Richtung <b>Deko<\/b>. Steht dies alles fest, der Wintergarten ist fertig, werden die M\u00f6bel gekauft. Sofas in verschiedenen Farben und Formen werden gesichtet und letztendlich entscheidet man sich f\u00fcr eine dieser und setzt somit einen weiteren Akzent innerhalb der Deko. Tische, eventuell St\u00fchle und vor allem <b>weitere Deko-Elemente<\/b> sind ebenfalls Dinge, die einen <b>Wintergarten <\/b>wohnlich machen und ihm die pers\u00f6nliche Note der Bewohner verleiht.<br \/>\nWeitere <b>Dekorationen<\/b>, beispielsweise mit Pflanzen und Blumen, diversen Deko-Materialien wie Kerzen, Kerzentellern, Vasen, Schalen und vielem mehr wird der Wintergarten so gestaltet, wie man ihn sich vorstellt. Ist dies mit der Deko gelungen, dann freut man sich \u00fcber den Erfolg und freut sich, wenn man die Ruhe und den Feierabend im <b>sch\u00f6n dekorierten Wintergarten<\/b> genie\u00dfen kann.<br \/>\n<b>Dekorationen <\/b>\u2013 ihnen wird oftmals eine geringe Bedeutung zugemessen, doch wenn man sich die M\u00f6glichkeiten anschaut, wird man erkennen, dass eine gewisse Deko einen Raum schon ansprechender macht. <\/p>\n","protected":false},"excerpt":{"rendered":"<p>Dekorationen \u2013 sie sind begehrt und stehen hoch im Kurs. Gerade bei den Frauen sind Dekorationen sehr beliebt, weil man zum einen dem Raum eine gewisse Individualit\u00e4t verleihen kann und zum anderen, weil es einfach sch\u00f6n aussieht. Die Deko beginnt im Prinzip bereits mit den ersten Schritten, die man beim entweder beim Innenausbau eines neuen [&hellip;]<\/p>\n","protected":false},"author":2,"featured_media":0,"comment_status":"open","ping_status":"open","sticky":false,"template":"","format":"standard","meta":{"footnotes":""},"categories":[1],"tags":[],"yoast_head":"<!-- This site is optimized with the Yoast SEO plugin v20.4 - https:\/\/yoast.com\/wordpress\/plugins\/seo\/ -->\n<title>Die Deko f\u00fcr den Wintergarten - Tafeldeko<\/title>\n<meta name=\"description\" content=\"Dekorationen \u2013 sie sind begehrt und stehen hoch im Kurs. Gerade bei den Frauen sind Dekorationen sehr beliebt, weil man zum einen dem Raum eine gewisse\" \/>\n<meta name=\"robots\" content=\"index, follow, max-snippet:-1, max-image-preview:large, max-video-preview:-1\" \/>\n<link rel=\"canonical\" href=\"https:\/\/www.tafeldeko.de\/news\/die-deko-fuer-den-wintergarten\/\" \/>\n<meta property=\"og:locale\" content=\"de_DE\" \/>\n<meta property=\"og:type\" content=\"article\" \/>\n<meta property=\"og:title\" content=\"Die Deko f\u00fcr den Wintergarten - Tafeldeko\" \/>\n<meta property=\"og:description\" content=\"Dekorationen \u2013 sie sind begehrt und stehen hoch im Kurs. Gerade bei den Frauen sind Dekorationen sehr beliebt, weil man zum einen dem Raum eine gewisse\" \/>\n<meta property=\"og:url\" content=\"https:\/\/www.tafeldeko.de\/news\/die-deko-fuer-den-wintergarten\/\" \/>\n<meta property=\"og:site_name\" content=\"Tafeldeko\" \/>\n<meta property=\"article:publisher\" content=\"https:\/\/www.facebook.com\/pages\/Tafeldeko-einzigartige-Tischdekoration\/174202655894\" \/>\n<meta property=\"article:published_time\" content=\"2011-12-02T19:26:00+00:00\" \/>\n<meta name=\"author\" content=\"Christiane Stein\" \/>\n<meta name=\"twitter:label1\" content=\"Verfasst von\" \/>\n\t<meta name=\"twitter:data1\" content=\"Christiane Stein\" \/>\n\t<meta name=\"twitter:label2\" content=\"Gesch\u00e4tzte Lesezeit\" \/>\n\t<meta name=\"twitter:data2\" content=\"2 Minuten\" \/>\n<script type=\"application\/ld+json\" class=\"yoast-schema-graph\">{\"@context\":\"https:\/\/schema.org\",\"@graph\":[{\"@type\":\"WebPage\",\"@id\":\"https:\/\/www.tafeldeko.de\/news\/die-deko-fuer-den-wintergarten\/\",\"url\":\"https:\/\/www.tafeldeko.de\/news\/die-deko-fuer-den-wintergarten\/\",\"name\":\"Die Deko f\u00fcr den Wintergarten - Tafeldeko\",\"isPartOf\":{\"@id\":\"https:\/\/www.tafeldeko.de\/news\/#website\"},\"datePublished\":\"2011-12-02T19:26:00+00:00\",\"dateModified\":\"2011-12-02T19:26:00+00:00\",\"author\":{\"@id\":\"https:\/\/www.tafeldeko.de\/news\/#\/schema\/person\/d2acd86447ed0b6336089a8ba83164a0\"},\"description\":\"Dekorationen \u2013 sie sind begehrt und stehen hoch im Kurs. Gerade bei den Frauen sind Dekorationen sehr beliebt, weil man zum einen dem Raum eine gewisse\",\"breadcrumb\":{\"@id\":\"https:\/\/www.tafeldeko.de\/news\/die-deko-fuer-den-wintergarten\/#breadcrumb\"},\"inLanguage\":\"de-DE\",\"potentialAction\":[{\"@type\":\"ReadAction\",\"target\":[\"https:\/\/www.tafeldeko.de\/news\/die-deko-fuer-den-wintergarten\/\"]}]},{\"@type\":\"BreadcrumbList\",\"@id\":\"https:\/\/www.tafeldeko.de\/news\/die-deko-fuer-den-wintergarten\/#breadcrumb\",\"itemListElement\":[{\"@type\":\"ListItem\",\"position\":1,\"name\":\"Tafeldeko\",\"item\":\"https:\/\/www.tafeldeko.de\/news\/\"},{\"@type\":\"ListItem\",\"position\":2,\"name\":\"Alte Beitr\u00e4ge\",\"item\":\"https:\/\/www.tafeldeko.de\/news\/alte-beitraege\/\"},{\"@type\":\"ListItem\",\"position\":3,\"name\":\"Tischdeko - Blog\",\"item\":\"https:\/\/www.tafeldeko.de\/news\/alte-beitraege\/tischdeko-blog\/\"},{\"@type\":\"ListItem\",\"position\":4,\"name\":\"Die Deko f\u00fcr den Wintergarten\"}]},{\"@type\":\"WebSite\",\"@id\":\"https:\/\/www.tafeldeko.de\/news\/#website\",\"url\":\"https:\/\/www.tafeldeko.de\/news\/\",\"name\":\"Tafeldeko\",\"description\":\"Blog mit Tischdeko und Tischdekoration Ideen\",\"potentialAction\":[{\"@type\":\"SearchAction\",\"target\":{\"@type\":\"EntryPoint\",\"urlTemplate\":\"https:\/\/www.tafeldeko.de\/news\/?s={search_term_string}\"},\"query-input\":\"required name=search_term_string\"}],\"inLanguage\":\"de-DE\"},{\"@type\":\"Person\",\"@id\":\"https:\/\/www.tafeldeko.de\/news\/#\/schema\/person\/d2acd86447ed0b6336089a8ba83164a0\",\"name\":\"Christiane Stein\",\"image\":{\"@type\":\"ImageObject\",\"inLanguage\":\"de-DE\",\"@id\":\"https:\/\/www.tafeldeko.de\/news\/#\/schema\/person\/image\/\",\"url\":\"https:\/\/secure.gravatar.com\/avatar\/2054729fbfd1ebc9d3cf1fd55361d0b6?s=96&d=mm&r=g\",\"contentUrl\":\"https:\/\/secure.gravatar.com\/avatar\/2054729fbfd1ebc9d3cf1fd55361d0b6?s=96&d=mm&r=g\",\"caption\":\"Christiane Stein\"}}]}<\/script>\n<!-- \/ Yoast SEO plugin. -->","yoast_head_json":{"title":"Die Deko f\u00fcr den Wintergarten - Tafeldeko","description":"Dekorationen \u2013 sie sind begehrt und stehen hoch im Kurs. Gerade bei den Frauen sind Dekorationen sehr beliebt, weil man zum einen dem Raum eine gewisse","robots":{"index":"index","follow":"follow","max-snippet":"max-snippet:-1","max-image-preview":"max-image-preview:large","max-video-preview":"max-video-preview:-1"},"canonical":"https:\/\/www.tafeldeko.de\/news\/die-deko-fuer-den-wintergarten\/","og_locale":"de_DE","og_type":"article","og_title":"Die Deko f\u00fcr den Wintergarten - Tafeldeko","og_description":"Dekorationen \u2013 sie sind begehrt und stehen hoch im Kurs. Gerade bei den Frauen sind Dekorationen sehr beliebt, weil man zum einen dem Raum eine gewisse","og_url":"https:\/\/www.tafeldeko.de\/news\/die-deko-fuer-den-wintergarten\/","og_site_name":"Tafeldeko","article_publisher":"https:\/\/www.facebook.com\/pages\/Tafeldeko-einzigartige-Tischdekoration\/174202655894","article_published_time":"2011-12-02T19:26:00+00:00","author":"Christiane Stein","twitter_misc":{"Verfasst von":"Christiane Stein","Gesch\u00e4tzte Lesezeit":"2 Minuten"},"schema":{"@context":"https:\/\/schema.org","@graph":[{"@type":"WebPage","@id":"https:\/\/www.tafeldeko.de\/news\/die-deko-fuer-den-wintergarten\/","url":"https:\/\/www.tafeldeko.de\/news\/die-deko-fuer-den-wintergarten\/","name":"Die Deko f\u00fcr den Wintergarten - Tafeldeko","isPartOf":{"@id":"https:\/\/www.tafeldeko.de\/news\/#website"},"datePublished":"2011-12-02T19:26:00+00:00","dateModified":"2011-12-02T19:26:00+00:00","author":{"@id":"https:\/\/www.tafeldeko.de\/news\/#\/schema\/person\/d2acd86447ed0b6336089a8ba83164a0"},"description":"Dekorationen \u2013 sie sind begehrt und stehen hoch im Kurs. Gerade bei den Frauen sind Dekorationen sehr beliebt, weil man zum einen dem Raum eine gewisse","breadcrumb":{"@id":"https:\/\/www.tafeldeko.de\/news\/die-deko-fuer-den-wintergarten\/#breadcrumb"},"inLanguage":"de-DE","potentialAction":[{"@type":"ReadAction","target":["https:\/\/www.tafeldeko.de\/news\/die-deko-fuer-den-wintergarten\/"]}]},{"@type":"BreadcrumbList","@id":"https:\/\/www.tafeldeko.de\/news\/die-deko-fuer-den-wintergarten\/#breadcrumb","itemListElement":[{"@type":"ListItem","position":1,"name":"Tafeldeko","item":"https:\/\/www.tafeldeko.de\/news\/"},{"@type":"ListItem","position":2,"name":"Alte Beitr\u00e4ge","item":"https:\/\/www.tafeldeko.de\/news\/alte-beitraege\/"},{"@type":"ListItem","position":3,"name":"Tischdeko - Blog","item":"https:\/\/www.tafeldeko.de\/news\/alte-beitraege\/tischdeko-blog\/"},{"@type":"ListItem","position":4,"name":"Die Deko f\u00fcr den Wintergarten"}]},{"@type":"WebSite","@id":"https:\/\/www.tafeldeko.de\/news\/#website","url":"https:\/\/www.tafeldeko.de\/news\/","name":"Tafeldeko","description":"Blog mit Tischdeko und Tischdekoration Ideen","potentialAction":[{"@type":"SearchAction","target":{"@type":"EntryPoint","urlTemplate":"https:\/\/www.tafeldeko.de\/news\/?s={search_term_string}"},"query-input":"required name=search_term_string"}],"inLanguage":"de-DE"},{"@type":"Person","@id":"https:\/\/www.tafeldeko.de\/news\/#\/schema\/person\/d2acd86447ed0b6336089a8ba83164a0","name":"Christiane Stein","image":{"@type":"ImageObject","inLanguage":"de-DE","@id":"https:\/\/www.tafeldeko.de\/news\/#\/schema\/person\/image\/","url":"https:\/\/secure.gravatar.com\/avatar\/2054729fbfd1ebc9d3cf1fd55361d0b6?s=96&d=mm&r=g","contentUrl":"https:\/\/secure.gravatar.com\/avatar\/2054729fbfd1ebc9d3cf1fd55361d0b6?s=96&d=mm&r=g","caption":"Christiane Stein"}}]}},"_links":{"self":[{"href":"https:\/\/www.tafeldeko.de\/news\/wp-json\/wp\/v2\/posts\/3689"}],"collection":[{"href":"https:\/\/www.tafeldeko.de\/news\/wp-json\/wp\/v2\/posts"}],"about":[{"href":"https:\/\/www.tafeldeko.de\/news\/wp-json\/wp\/v2\/types\/post"}],"author":[{"embeddable":true,"href":"https:\/\/www.tafeldeko.de\/news\/wp-json\/wp\/v2\/users\/2"}],"replies":[{"embeddable":true,"href":"https:\/\/www.tafeldeko.de\/news\/wp-json\/wp\/v2\/comments?post=3689"}],"version-history":[{"count":0,"href":"https:\/\/www.tafeldeko.de\/news\/wp-json\/wp\/v2\/posts\/3689\/revisions"}],"wp:attachment":[{"href":"https:\/\/www.tafeldeko.de\/news\/wp-json\/wp\/v2\/media?parent=3689"}],"wp:term":[{"taxonomy":"category","embeddable":true,"href":"https:\/\/www.tafeldeko.de\/news\/wp-json\/wp\/v2\/categories?post=3689"},{"taxonomy":"post_tag","embeddable":true,"href":"https:\/\/www.tafeldeko.de\/news\/wp-json\/wp\/v2\/tags?post=3689"}],"curies":[{"name":"wp","href":"https:\/\/api.w.org\/{rel}","templated":true}]}}