{"id":3687,"date":"2011-11-29T21:20:49","date_gmt":"2011-11-29T19:20:49","guid":{"rendered":"http:\/\/www.tafeldeko.de\/news\/?p=3687"},"modified":"2011-11-29T21:20:49","modified_gmt":"2011-11-29T19:20:49","slug":"deko-sorgt-zu-hause-fuer-ein-persoenliches-flair","status":"publish","type":"post","link":"https:\/\/www.tafeldeko.de\/news\/deko-sorgt-zu-hause-fuer-ein-persoenliches-flair\/","title":{"rendered":"Deko sorgt zu Hause f\u00fcr ein pers\u00f6nliches Flair"},"content":{"rendered":"<p><b>F\u00fcr alle, die ein sch\u00f6nes zu Hause haben m\u00f6chten<\/b>, sollte die Deko ein fester Bestandteil in den eigenen vier W\u00e4nden sein. Auf die Deko sollte man ein ganz besonderes Augenmerk werfen und die Deko-Utensilien gekonnt in Szene setzen. In dem Bereich der <b>Dekoration <\/b>findet man verschiedene Themen und die unterschiedlichsten Materialien.<br \/>\n<b>Die <a href=\"https:\/\/www.tafeldeko.de\/shop_content.php\/coID\/212_Deko.html\">Deko<\/a> peppt den Raum, beziehungsweise die Wohnung auf <\/b>und sorgt dar\u00fcber hinaus auch f\u00fcr Gem\u00fctlichkeit. Au\u00dferdem verleiht man den R\u00e4umen eine pers\u00f6nliche und individuelle Note, die von G\u00e4sten gewiss positiv aufgenommen wird. Eine Wohnung, die mit Liebe und Sorgfalt eingerichtet und dekoriert ist, f\u00fchlt man sich gleich wohl und wird gerne als Gast eingeladen. Des Weiteren kann man die Deko auf bestimmte Anl\u00e4sse abstimmen, <i>wie Halloween, Weihnachten oder Ostern<\/i>.<br \/>\n<b>Zu welcher Deko man am Ende greift<\/b>, ist eine Frage von Geschmack und dem Wohnungsstil. Wer die W\u00e4nde in der Wohnung hervorheben m\u00f6chte, kann zu Farbe und Pinsel greifen oder <i>Wandtattoos <\/i>in die engere Auswahl mit einbeziehen. Man kann durchaus Mut in der Gestaltung zeigen oder eher zu dezenten Farben greifen. Vieles ist m\u00f6glich und wichtig ist, dass es einem selbst gef\u00e4llt. Was die andere meinen ist eher zweitrangig.<br \/>\n<b>Deko <\/b>kann nicht nur in der Wohnung zum Einsatz kommen, sondern auch f\u00fcr den Garten. Ein sch\u00f6ner Garten l\u00e4dt zum Entspannen, Grillen und Feiern ein. F\u00fcr diejenigen, die einen <i>Balkon oder eine Terrasse<\/i> haben, sollten dort ebenfalls f\u00fcr eine sch\u00f6ne Ambiente sorgen. <i>Lichterketten und Kerzen<\/i> stellen bereits eine gute Grundlage da, die man nach Lust und Laune ausbauen kann. An Ideen wird es wohl nicht mangeln.<\/p>\n","protected":false},"excerpt":{"rendered":"<p>F\u00fcr alle, die ein sch\u00f6nes zu Hause haben m\u00f6chten, sollte die Deko ein fester Bestandteil in den eigenen vier W\u00e4nden sein. Auf die Deko sollte man ein ganz besonderes Augenmerk werfen und die Deko-Utensilien gekonnt in Szene setzen. In dem Bereich der Dekoration findet man verschiedene Themen und die unterschiedlichsten Materialien. Die Deko peppt den [&hellip;]<\/p>\n","protected":false},"author":2,"featured_media":0,"comment_status":"open","ping_status":"open","sticky":false,"template":"","format":"standard","meta":{"footnotes":""},"categories":[1],"tags":[],"yoast_head":"<!-- This site is optimized with the Yoast SEO plugin v20.4 - https:\/\/yoast.com\/wordpress\/plugins\/seo\/ -->\n<title>Deko sorgt zu Hause f\u00fcr ein pers\u00f6nliches Flair - Tafeldeko<\/title>\n<meta name=\"description\" content=\"F\u00fcr alle, die ein sch\u00f6nes zu Hause haben m\u00f6chten, sollte die Deko ein fester Bestandteil in den eigenen vier W\u00e4nden sein. Auf die Deko sollte man ein ganz\" \/>\n<meta name=\"robots\" content=\"index, follow, max-snippet:-1, max-image-preview:large, max-video-preview:-1\" \/>\n<link rel=\"canonical\" href=\"https:\/\/www.tafeldeko.de\/news\/deko-sorgt-zu-hause-fuer-ein-persoenliches-flair\/\" \/>\n<meta property=\"og:locale\" content=\"de_DE\" \/>\n<meta property=\"og:type\" content=\"article\" \/>\n<meta property=\"og:title\" content=\"Deko sorgt zu Hause f\u00fcr ein pers\u00f6nliches Flair - Tafeldeko\" \/>\n<meta property=\"og:description\" content=\"F\u00fcr alle, die ein sch\u00f6nes zu Hause haben m\u00f6chten, sollte die Deko ein fester Bestandteil in den eigenen vier W\u00e4nden sein. Auf die Deko sollte man ein ganz\" \/>\n<meta property=\"og:url\" content=\"https:\/\/www.tafeldeko.de\/news\/deko-sorgt-zu-hause-fuer-ein-persoenliches-flair\/\" \/>\n<meta property=\"og:site_name\" content=\"Tafeldeko\" \/>\n<meta property=\"article:publisher\" content=\"https:\/\/www.facebook.com\/pages\/Tafeldeko-einzigartige-Tischdekoration\/174202655894\" \/>\n<meta property=\"article:published_time\" content=\"2011-11-29T19:20:49+00:00\" \/>\n<meta name=\"author\" content=\"Christiane Stein\" \/>\n<meta name=\"twitter:label1\" content=\"Verfasst von\" \/>\n\t<meta name=\"twitter:data1\" content=\"Christiane Stein\" \/>\n\t<meta name=\"twitter:label2\" content=\"Gesch\u00e4tzte Lesezeit\" \/>\n\t<meta name=\"twitter:data2\" content=\"1 Minute\" \/>\n<script type=\"application\/ld+json\" class=\"yoast-schema-graph\">{\"@context\":\"https:\/\/schema.org\",\"@graph\":[{\"@type\":\"WebPage\",\"@id\":\"https:\/\/www.tafeldeko.de\/news\/deko-sorgt-zu-hause-fuer-ein-persoenliches-flair\/\",\"url\":\"https:\/\/www.tafeldeko.de\/news\/deko-sorgt-zu-hause-fuer-ein-persoenliches-flair\/\",\"name\":\"Deko sorgt zu Hause f\u00fcr ein pers\u00f6nliches Flair - Tafeldeko\",\"isPartOf\":{\"@id\":\"https:\/\/www.tafeldeko.de\/news\/#website\"},\"datePublished\":\"2011-11-29T19:20:49+00:00\",\"dateModified\":\"2011-11-29T19:20:49+00:00\",\"author\":{\"@id\":\"https:\/\/www.tafeldeko.de\/news\/#\/schema\/person\/d2acd86447ed0b6336089a8ba83164a0\"},\"description\":\"F\u00fcr alle, die ein sch\u00f6nes zu Hause haben m\u00f6chten, sollte die Deko ein fester Bestandteil in den eigenen vier W\u00e4nden sein. Auf die Deko sollte man ein ganz\",\"breadcrumb\":{\"@id\":\"https:\/\/www.tafeldeko.de\/news\/deko-sorgt-zu-hause-fuer-ein-persoenliches-flair\/#breadcrumb\"},\"inLanguage\":\"de-DE\",\"potentialAction\":[{\"@type\":\"ReadAction\",\"target\":[\"https:\/\/www.tafeldeko.de\/news\/deko-sorgt-zu-hause-fuer-ein-persoenliches-flair\/\"]}]},{\"@type\":\"BreadcrumbList\",\"@id\":\"https:\/\/www.tafeldeko.de\/news\/deko-sorgt-zu-hause-fuer-ein-persoenliches-flair\/#breadcrumb\",\"itemListElement\":[{\"@type\":\"ListItem\",\"position\":1,\"name\":\"Tafeldeko\",\"item\":\"https:\/\/www.tafeldeko.de\/news\/\"},{\"@type\":\"ListItem\",\"position\":2,\"name\":\"Alte Beitr\u00e4ge\",\"item\":\"https:\/\/www.tafeldeko.de\/news\/alte-beitraege\/\"},{\"@type\":\"ListItem\",\"position\":3,\"name\":\"Tischdeko - Blog\",\"item\":\"https:\/\/www.tafeldeko.de\/news\/alte-beitraege\/tischdeko-blog\/\"},{\"@type\":\"ListItem\",\"position\":4,\"name\":\"Deko sorgt zu Hause f\u00fcr ein pers\u00f6nliches Flair\"}]},{\"@type\":\"WebSite\",\"@id\":\"https:\/\/www.tafeldeko.de\/news\/#website\",\"url\":\"https:\/\/www.tafeldeko.de\/news\/\",\"name\":\"Tafeldeko\",\"description\":\"Blog mit Tischdeko und Tischdekoration Ideen\",\"potentialAction\":[{\"@type\":\"SearchAction\",\"target\":{\"@type\":\"EntryPoint\",\"urlTemplate\":\"https:\/\/www.tafeldeko.de\/news\/?s={search_term_string}\"},\"query-input\":\"required name=search_term_string\"}],\"inLanguage\":\"de-DE\"},{\"@type\":\"Person\",\"@id\":\"https:\/\/www.tafeldeko.de\/news\/#\/schema\/person\/d2acd86447ed0b6336089a8ba83164a0\",\"name\":\"Christiane Stein\",\"image\":{\"@type\":\"ImageObject\",\"inLanguage\":\"de-DE\",\"@id\":\"https:\/\/www.tafeldeko.de\/news\/#\/schema\/person\/image\/\",\"url\":\"https:\/\/secure.gravatar.com\/avatar\/2054729fbfd1ebc9d3cf1fd55361d0b6?s=96&d=mm&r=g\",\"contentUrl\":\"https:\/\/secure.gravatar.com\/avatar\/2054729fbfd1ebc9d3cf1fd55361d0b6?s=96&d=mm&r=g\",\"caption\":\"Christiane Stein\"}}]}<\/script>\n<!-- \/ Yoast SEO plugin. -->","yoast_head_json":{"title":"Deko sorgt zu Hause f\u00fcr ein pers\u00f6nliches Flair - Tafeldeko","description":"F\u00fcr alle, die ein sch\u00f6nes zu Hause haben m\u00f6chten, sollte die Deko ein fester Bestandteil in den eigenen vier W\u00e4nden sein. Auf die Deko sollte man ein ganz","robots":{"index":"index","follow":"follow","max-snippet":"max-snippet:-1","max-image-preview":"max-image-preview:large","max-video-preview":"max-video-preview:-1"},"canonical":"https:\/\/www.tafeldeko.de\/news\/deko-sorgt-zu-hause-fuer-ein-persoenliches-flair\/","og_locale":"de_DE","og_type":"article","og_title":"Deko sorgt zu Hause f\u00fcr ein pers\u00f6nliches Flair - Tafeldeko","og_description":"F\u00fcr alle, die ein sch\u00f6nes zu Hause haben m\u00f6chten, sollte die Deko ein fester Bestandteil in den eigenen vier W\u00e4nden sein. Auf die Deko sollte man ein ganz","og_url":"https:\/\/www.tafeldeko.de\/news\/deko-sorgt-zu-hause-fuer-ein-persoenliches-flair\/","og_site_name":"Tafeldeko","article_publisher":"https:\/\/www.facebook.com\/pages\/Tafeldeko-einzigartige-Tischdekoration\/174202655894","article_published_time":"2011-11-29T19:20:49+00:00","author":"Christiane Stein","twitter_misc":{"Verfasst von":"Christiane Stein","Gesch\u00e4tzte Lesezeit":"1 Minute"},"schema":{"@context":"https:\/\/schema.org","@graph":[{"@type":"WebPage","@id":"https:\/\/www.tafeldeko.de\/news\/deko-sorgt-zu-hause-fuer-ein-persoenliches-flair\/","url":"https:\/\/www.tafeldeko.de\/news\/deko-sorgt-zu-hause-fuer-ein-persoenliches-flair\/","name":"Deko sorgt zu Hause f\u00fcr ein pers\u00f6nliches Flair - Tafeldeko","isPartOf":{"@id":"https:\/\/www.tafeldeko.de\/news\/#website"},"datePublished":"2011-11-29T19:20:49+00:00","dateModified":"2011-11-29T19:20:49+00:00","author":{"@id":"https:\/\/www.tafeldeko.de\/news\/#\/schema\/person\/d2acd86447ed0b6336089a8ba83164a0"},"description":"F\u00fcr alle, die ein sch\u00f6nes zu Hause haben m\u00f6chten, sollte die Deko ein fester Bestandteil in den eigenen vier W\u00e4nden sein. Auf die Deko sollte man ein ganz","breadcrumb":{"@id":"https:\/\/www.tafeldeko.de\/news\/deko-sorgt-zu-hause-fuer-ein-persoenliches-flair\/#breadcrumb"},"inLanguage":"de-DE","potentialAction":[{"@type":"ReadAction","target":["https:\/\/www.tafeldeko.de\/news\/deko-sorgt-zu-hause-fuer-ein-persoenliches-flair\/"]}]},{"@type":"BreadcrumbList","@id":"https:\/\/www.tafeldeko.de\/news\/deko-sorgt-zu-hause-fuer-ein-persoenliches-flair\/#breadcrumb","itemListElement":[{"@type":"ListItem","position":1,"name":"Tafeldeko","item":"https:\/\/www.tafeldeko.de\/news\/"},{"@type":"ListItem","position":2,"name":"Alte Beitr\u00e4ge","item":"https:\/\/www.tafeldeko.de\/news\/alte-beitraege\/"},{"@type":"ListItem","position":3,"name":"Tischdeko - Blog","item":"https:\/\/www.tafeldeko.de\/news\/alte-beitraege\/tischdeko-blog\/"},{"@type":"ListItem","position":4,"name":"Deko sorgt zu Hause f\u00fcr ein pers\u00f6nliches Flair"}]},{"@type":"WebSite","@id":"https:\/\/www.tafeldeko.de\/news\/#website","url":"https:\/\/www.tafeldeko.de\/news\/","name":"Tafeldeko","description":"Blog mit Tischdeko und Tischdekoration Ideen","potentialAction":[{"@type":"SearchAction","target":{"@type":"EntryPoint","urlTemplate":"https:\/\/www.tafeldeko.de\/news\/?s={search_term_string}"},"query-input":"required name=search_term_string"}],"inLanguage":"de-DE"},{"@type":"Person","@id":"https:\/\/www.tafeldeko.de\/news\/#\/schema\/person\/d2acd86447ed0b6336089a8ba83164a0","name":"Christiane Stein","image":{"@type":"ImageObject","inLanguage":"de-DE","@id":"https:\/\/www.tafeldeko.de\/news\/#\/schema\/person\/image\/","url":"https:\/\/secure.gravatar.com\/avatar\/2054729fbfd1ebc9d3cf1fd55361d0b6?s=96&d=mm&r=g","contentUrl":"https:\/\/secure.gravatar.com\/avatar\/2054729fbfd1ebc9d3cf1fd55361d0b6?s=96&d=mm&r=g","caption":"Christiane Stein"}}]}},"_links":{"self":[{"href":"https:\/\/www.tafeldeko.de\/news\/wp-json\/wp\/v2\/posts\/3687"}],"collection":[{"href":"https:\/\/www.tafeldeko.de\/news\/wp-json\/wp\/v2\/posts"}],"about":[{"href":"https:\/\/www.tafeldeko.de\/news\/wp-json\/wp\/v2\/types\/post"}],"author":[{"embeddable":true,"href":"https:\/\/www.tafeldeko.de\/news\/wp-json\/wp\/v2\/users\/2"}],"replies":[{"embeddable":true,"href":"https:\/\/www.tafeldeko.de\/news\/wp-json\/wp\/v2\/comments?post=3687"}],"version-history":[{"count":0,"href":"https:\/\/www.tafeldeko.de\/news\/wp-json\/wp\/v2\/posts\/3687\/revisions"}],"wp:attachment":[{"href":"https:\/\/www.tafeldeko.de\/news\/wp-json\/wp\/v2\/media?parent=3687"}],"wp:term":[{"taxonomy":"category","embeddable":true,"href":"https:\/\/www.tafeldeko.de\/news\/wp-json\/wp\/v2\/categories?post=3687"},{"taxonomy":"post_tag","embeddable":true,"href":"https:\/\/www.tafeldeko.de\/news\/wp-json\/wp\/v2\/tags?post=3687"}],"curies":[{"name":"wp","href":"https:\/\/api.w.org\/{rel}","templated":true}]}}