{"id":3685,"date":"2011-11-26T10:01:25","date_gmt":"2011-11-26T08:01:25","guid":{"rendered":"http:\/\/www.tafeldeko.de\/news\/?p=3685"},"modified":"2011-11-26T10:01:25","modified_gmt":"2011-11-26T08:01:25","slug":"die-deko-mit-bildern","status":"publish","type":"post","link":"https:\/\/www.tafeldeko.de\/news\/die-deko-mit-bildern\/","title":{"rendered":"Die Deko mit Bildern"},"content":{"rendered":"<p><b>Bilder sind wundersch\u00f6ne Dekorationen<\/b>, mit denen man in vielen Bereichen Akzente setzen kann. Werden die Bilder entsprechend mit Licht beleuchtet, erh\u00e4lt man eine ganz besondere <a href=\"https:\/\/www.tafeldeko.de\/shop_content.php\/coID\/212_Deko.html\">Deko<\/a>, die einem Raum sozusagen das gewisse Etwas gibt.<br \/>\n<b>Bilder und deren Gestaltung <\/b>und die Umrandung der Bilder sind sehr vielf\u00e4ltig \u2013 allein im Hinblick auf die Farben, Motive und Gr\u00f6\u00dfen.<br \/>\n<b>Bilder in Form von Fotografien oder Gem\u00e4lden<\/b>, auf Leinwand gemalt oder in beeindruckenden Bilderrahmen untergebracht \u2013 Bilder setzen die Akzente innerhalb des Raumes.<br \/>\nOb zu Hause in den eigenen vier W\u00e4nden oder im B\u00fcro \u2013 mit einem wundersch\u00f6nen Bild an der Wand oder auch auf dem Schreibtisch in einem Bilderrahmen, kann man sich mit ganz pers\u00f6nlichen Dingen \u201eumrahmen\u201c.<br \/>\n<b>Die Deko mit Bildern<\/b> \u2013 sie stellt etwas Besonderes dar, weil sozusagen auch jedes Bild etwas besonderes ist.<br \/>\nOb Bilder auf Leinw\u00e4nden \u2013 selbst gemalt oder fertig gekauft \u2013 oder Bilder in wundersch\u00f6nen Bilderrahmen, der Effekt ist stets der gleiche. Die r\u00e4umliche Gestaltung, sprich die Dekoration des Raumes, wird damit komplettiert.<br \/>\n<i>Ein Sideboard im Esszimmer<\/i>, das von der H\u00f6he nicht die gesamte Wand verdeckt, kann mit einem sch\u00f6nen Bild, das auf die Form des Sideboards abgestimmt ist, versch\u00f6nert werden. Werden zudem noch kleine Lampen auf dieses Bild gerichtet, erh\u00e4lt man ganz <b>au\u00dfergew\u00f6hnliche Dekorationen<\/b>. Zum einen wird das Bild an sich in Szene gesetzt und zum anderen das gesamte Erscheinungsbild dieser Wand.<br \/>\n<b>Dekorationen mit Bildern<\/b> \u2013 mit oder ohne Bilderrahmen \u2013 sind ganz spezielle Dekorationen, die in der Regel auch auf den Raum abgestimmt werden \u2013 zum einen vom Motiv, zum anderen in Punkto Farbe. Bei der Auswahl des Bildes achtet man in aller Regel darauf, dass es farblich zu den Gegenst\u00e4nden innerhalb des Raumes passt. Somit erzielt man ein harmonisches Bild, das dem Raum ein gewisses Ma\u00df an Pers\u00f6nlichkeit und Individualit\u00e4t verleiht.  <\/p>\n","protected":false},"excerpt":{"rendered":"<p>Bilder sind wundersch\u00f6ne Dekorationen, mit denen man in vielen Bereichen Akzente setzen kann. Werden die Bilder entsprechend mit Licht beleuchtet, erh\u00e4lt man eine ganz besondere Deko, die einem Raum sozusagen das gewisse Etwas gibt. Bilder und deren Gestaltung und die Umrandung der Bilder sind sehr vielf\u00e4ltig \u2013 allein im Hinblick auf die Farben, Motive und [&hellip;]<\/p>\n","protected":false},"author":2,"featured_media":0,"comment_status":"open","ping_status":"open","sticky":false,"template":"","format":"standard","meta":{"footnotes":""},"categories":[1],"tags":[],"yoast_head":"<!-- This site is optimized with the Yoast SEO plugin v20.4 - https:\/\/yoast.com\/wordpress\/plugins\/seo\/ -->\n<title>Die Deko mit Bildern - Tafeldeko<\/title>\n<meta name=\"description\" content=\"Bilder sind wundersch\u00f6ne Dekorationen, mit denen man in vielen Bereichen Akzente setzen kann. Werden die Bilder entsprechend mit Licht beleuchtet, erh\u00e4lt\" \/>\n<meta name=\"robots\" content=\"index, follow, max-snippet:-1, max-image-preview:large, max-video-preview:-1\" \/>\n<link rel=\"canonical\" href=\"https:\/\/www.tafeldeko.de\/news\/die-deko-mit-bildern\/\" \/>\n<meta property=\"og:locale\" content=\"de_DE\" \/>\n<meta property=\"og:type\" content=\"article\" \/>\n<meta property=\"og:title\" content=\"Die Deko mit Bildern - Tafeldeko\" \/>\n<meta property=\"og:description\" content=\"Bilder sind wundersch\u00f6ne Dekorationen, mit denen man in vielen Bereichen Akzente setzen kann. Werden die Bilder entsprechend mit Licht beleuchtet, erh\u00e4lt\" \/>\n<meta property=\"og:url\" content=\"https:\/\/www.tafeldeko.de\/news\/die-deko-mit-bildern\/\" \/>\n<meta property=\"og:site_name\" content=\"Tafeldeko\" \/>\n<meta property=\"article:publisher\" content=\"https:\/\/www.facebook.com\/pages\/Tafeldeko-einzigartige-Tischdekoration\/174202655894\" \/>\n<meta property=\"article:published_time\" content=\"2011-11-26T08:01:25+00:00\" \/>\n<meta name=\"author\" content=\"Christiane Stein\" \/>\n<meta name=\"twitter:label1\" content=\"Verfasst von\" \/>\n\t<meta name=\"twitter:data1\" content=\"Christiane Stein\" \/>\n\t<meta name=\"twitter:label2\" content=\"Gesch\u00e4tzte Lesezeit\" \/>\n\t<meta name=\"twitter:data2\" content=\"2 Minuten\" \/>\n<script type=\"application\/ld+json\" class=\"yoast-schema-graph\">{\"@context\":\"https:\/\/schema.org\",\"@graph\":[{\"@type\":\"WebPage\",\"@id\":\"https:\/\/www.tafeldeko.de\/news\/die-deko-mit-bildern\/\",\"url\":\"https:\/\/www.tafeldeko.de\/news\/die-deko-mit-bildern\/\",\"name\":\"Die Deko mit Bildern - Tafeldeko\",\"isPartOf\":{\"@id\":\"https:\/\/www.tafeldeko.de\/news\/#website\"},\"datePublished\":\"2011-11-26T08:01:25+00:00\",\"dateModified\":\"2011-11-26T08:01:25+00:00\",\"author\":{\"@id\":\"https:\/\/www.tafeldeko.de\/news\/#\/schema\/person\/d2acd86447ed0b6336089a8ba83164a0\"},\"description\":\"Bilder sind wundersch\u00f6ne Dekorationen, mit denen man in vielen Bereichen Akzente setzen kann. Werden die Bilder entsprechend mit Licht beleuchtet, erh\u00e4lt\",\"breadcrumb\":{\"@id\":\"https:\/\/www.tafeldeko.de\/news\/die-deko-mit-bildern\/#breadcrumb\"},\"inLanguage\":\"de-DE\",\"potentialAction\":[{\"@type\":\"ReadAction\",\"target\":[\"https:\/\/www.tafeldeko.de\/news\/die-deko-mit-bildern\/\"]}]},{\"@type\":\"BreadcrumbList\",\"@id\":\"https:\/\/www.tafeldeko.de\/news\/die-deko-mit-bildern\/#breadcrumb\",\"itemListElement\":[{\"@type\":\"ListItem\",\"position\":1,\"name\":\"Tafeldeko\",\"item\":\"https:\/\/www.tafeldeko.de\/news\/\"},{\"@type\":\"ListItem\",\"position\":2,\"name\":\"Alte Beitr\u00e4ge\",\"item\":\"https:\/\/www.tafeldeko.de\/news\/alte-beitraege\/\"},{\"@type\":\"ListItem\",\"position\":3,\"name\":\"Tischdeko - Blog\",\"item\":\"https:\/\/www.tafeldeko.de\/news\/alte-beitraege\/tischdeko-blog\/\"},{\"@type\":\"ListItem\",\"position\":4,\"name\":\"Die Deko mit Bildern\"}]},{\"@type\":\"WebSite\",\"@id\":\"https:\/\/www.tafeldeko.de\/news\/#website\",\"url\":\"https:\/\/www.tafeldeko.de\/news\/\",\"name\":\"Tafeldeko\",\"description\":\"Blog mit Tischdeko und Tischdekoration Ideen\",\"potentialAction\":[{\"@type\":\"SearchAction\",\"target\":{\"@type\":\"EntryPoint\",\"urlTemplate\":\"https:\/\/www.tafeldeko.de\/news\/?s={search_term_string}\"},\"query-input\":\"required name=search_term_string\"}],\"inLanguage\":\"de-DE\"},{\"@type\":\"Person\",\"@id\":\"https:\/\/www.tafeldeko.de\/news\/#\/schema\/person\/d2acd86447ed0b6336089a8ba83164a0\",\"name\":\"Christiane Stein\",\"image\":{\"@type\":\"ImageObject\",\"inLanguage\":\"de-DE\",\"@id\":\"https:\/\/www.tafeldeko.de\/news\/#\/schema\/person\/image\/\",\"url\":\"https:\/\/secure.gravatar.com\/avatar\/2054729fbfd1ebc9d3cf1fd55361d0b6?s=96&d=mm&r=g\",\"contentUrl\":\"https:\/\/secure.gravatar.com\/avatar\/2054729fbfd1ebc9d3cf1fd55361d0b6?s=96&d=mm&r=g\",\"caption\":\"Christiane Stein\"}}]}<\/script>\n<!-- \/ Yoast SEO plugin. -->","yoast_head_json":{"title":"Die Deko mit Bildern - Tafeldeko","description":"Bilder sind wundersch\u00f6ne Dekorationen, mit denen man in vielen Bereichen Akzente setzen kann. Werden die Bilder entsprechend mit Licht beleuchtet, erh\u00e4lt","robots":{"index":"index","follow":"follow","max-snippet":"max-snippet:-1","max-image-preview":"max-image-preview:large","max-video-preview":"max-video-preview:-1"},"canonical":"https:\/\/www.tafeldeko.de\/news\/die-deko-mit-bildern\/","og_locale":"de_DE","og_type":"article","og_title":"Die Deko mit Bildern - Tafeldeko","og_description":"Bilder sind wundersch\u00f6ne Dekorationen, mit denen man in vielen Bereichen Akzente setzen kann. Werden die Bilder entsprechend mit Licht beleuchtet, erh\u00e4lt","og_url":"https:\/\/www.tafeldeko.de\/news\/die-deko-mit-bildern\/","og_site_name":"Tafeldeko","article_publisher":"https:\/\/www.facebook.com\/pages\/Tafeldeko-einzigartige-Tischdekoration\/174202655894","article_published_time":"2011-11-26T08:01:25+00:00","author":"Christiane Stein","twitter_misc":{"Verfasst von":"Christiane Stein","Gesch\u00e4tzte Lesezeit":"2 Minuten"},"schema":{"@context":"https:\/\/schema.org","@graph":[{"@type":"WebPage","@id":"https:\/\/www.tafeldeko.de\/news\/die-deko-mit-bildern\/","url":"https:\/\/www.tafeldeko.de\/news\/die-deko-mit-bildern\/","name":"Die Deko mit Bildern - Tafeldeko","isPartOf":{"@id":"https:\/\/www.tafeldeko.de\/news\/#website"},"datePublished":"2011-11-26T08:01:25+00:00","dateModified":"2011-11-26T08:01:25+00:00","author":{"@id":"https:\/\/www.tafeldeko.de\/news\/#\/schema\/person\/d2acd86447ed0b6336089a8ba83164a0"},"description":"Bilder sind wundersch\u00f6ne Dekorationen, mit denen man in vielen Bereichen Akzente setzen kann. Werden die Bilder entsprechend mit Licht beleuchtet, erh\u00e4lt","breadcrumb":{"@id":"https:\/\/www.tafeldeko.de\/news\/die-deko-mit-bildern\/#breadcrumb"},"inLanguage":"de-DE","potentialAction":[{"@type":"ReadAction","target":["https:\/\/www.tafeldeko.de\/news\/die-deko-mit-bildern\/"]}]},{"@type":"BreadcrumbList","@id":"https:\/\/www.tafeldeko.de\/news\/die-deko-mit-bildern\/#breadcrumb","itemListElement":[{"@type":"ListItem","position":1,"name":"Tafeldeko","item":"https:\/\/www.tafeldeko.de\/news\/"},{"@type":"ListItem","position":2,"name":"Alte Beitr\u00e4ge","item":"https:\/\/www.tafeldeko.de\/news\/alte-beitraege\/"},{"@type":"ListItem","position":3,"name":"Tischdeko - Blog","item":"https:\/\/www.tafeldeko.de\/news\/alte-beitraege\/tischdeko-blog\/"},{"@type":"ListItem","position":4,"name":"Die Deko mit Bildern"}]},{"@type":"WebSite","@id":"https:\/\/www.tafeldeko.de\/news\/#website","url":"https:\/\/www.tafeldeko.de\/news\/","name":"Tafeldeko","description":"Blog mit Tischdeko und Tischdekoration Ideen","potentialAction":[{"@type":"SearchAction","target":{"@type":"EntryPoint","urlTemplate":"https:\/\/www.tafeldeko.de\/news\/?s={search_term_string}"},"query-input":"required name=search_term_string"}],"inLanguage":"de-DE"},{"@type":"Person","@id":"https:\/\/www.tafeldeko.de\/news\/#\/schema\/person\/d2acd86447ed0b6336089a8ba83164a0","name":"Christiane Stein","image":{"@type":"ImageObject","inLanguage":"de-DE","@id":"https:\/\/www.tafeldeko.de\/news\/#\/schema\/person\/image\/","url":"https:\/\/secure.gravatar.com\/avatar\/2054729fbfd1ebc9d3cf1fd55361d0b6?s=96&d=mm&r=g","contentUrl":"https:\/\/secure.gravatar.com\/avatar\/2054729fbfd1ebc9d3cf1fd55361d0b6?s=96&d=mm&r=g","caption":"Christiane Stein"}}]}},"_links":{"self":[{"href":"https:\/\/www.tafeldeko.de\/news\/wp-json\/wp\/v2\/posts\/3685"}],"collection":[{"href":"https:\/\/www.tafeldeko.de\/news\/wp-json\/wp\/v2\/posts"}],"about":[{"href":"https:\/\/www.tafeldeko.de\/news\/wp-json\/wp\/v2\/types\/post"}],"author":[{"embeddable":true,"href":"https:\/\/www.tafeldeko.de\/news\/wp-json\/wp\/v2\/users\/2"}],"replies":[{"embeddable":true,"href":"https:\/\/www.tafeldeko.de\/news\/wp-json\/wp\/v2\/comments?post=3685"}],"version-history":[{"count":0,"href":"https:\/\/www.tafeldeko.de\/news\/wp-json\/wp\/v2\/posts\/3685\/revisions"}],"wp:attachment":[{"href":"https:\/\/www.tafeldeko.de\/news\/wp-json\/wp\/v2\/media?parent=3685"}],"wp:term":[{"taxonomy":"category","embeddable":true,"href":"https:\/\/www.tafeldeko.de\/news\/wp-json\/wp\/v2\/categories?post=3685"},{"taxonomy":"post_tag","embeddable":true,"href":"https:\/\/www.tafeldeko.de\/news\/wp-json\/wp\/v2\/tags?post=3685"}],"curies":[{"name":"wp","href":"https:\/\/api.w.org\/{rel}","templated":true}]}}