{"id":3684,"date":"2011-11-26T10:00:12","date_gmt":"2011-11-26T08:00:12","guid":{"rendered":"http:\/\/www.tafeldeko.de\/news\/?p=3684"},"modified":"2011-11-26T10:00:12","modified_gmt":"2011-11-26T08:00:12","slug":"dekorationen-und-akzente-mit-wandtattoos","status":"publish","type":"post","link":"https:\/\/www.tafeldeko.de\/news\/dekorationen-und-akzente-mit-wandtattoos\/","title":{"rendered":"Dekorationen und Akzente mit Wandtattoos"},"content":{"rendered":"<p><b>Modern eingerichtete und gestaltete Wohnungen<\/b> sind gerade bei den j\u00fcngeren Generationen beliebt und gefragt.<br \/>\n<b>Die <a href=\"https:\/\/www.tafeldeko.de\/shop_content.php\/coID\/212_Deko.html\">Deko<\/a> innerhalb eines Raumes oder einer Wohnung<\/b> ist sehr verschieden, wenn man sich mehrere Wohnungen ansieht. So ist die eine Wohnung recht bunt gestrichen und mit ebenso bunten M\u00f6beln eingerichtet, und die andere Wohnung wiederum ist schlicht eingerichtet, und mit diversen Deko-Accessoires nur ab und an farblich hervorgehoben.<br \/>\nMan sieht, <b>die Arten der Dekorationen <\/b>sind sehr verschieden und so triften die Stilrichtungen auseinander.<br \/>\nDoch eine Deko-M\u00f6glichkeit begeistert momentan sozusagen Jung und Alt \u2013 die <b>Wandtattoos<\/b>. In den unterschiedlichsten Macharten erh\u00e4ltlich, in verschiedenen Farben und Formen, mit Motiven, Schriftz\u00fcgen und Auspr\u00e4gungen sind sie der Renner schlechthin.<br \/>\n<b>Mit Wandtattoos wird ein Raum optisch aufgewertet<\/b>, ein bestimmter Bereich kann zum Beispiel <b>als Blickfang eingerichtet<\/b> werden. Eine Leseecke oder der Bereich \u00fcber der Couch kann mit einem Wandtattoo ins rechte Licht ger\u00fcckt werden und so erh\u00e4lt ein Raum mit einem Tattoo f\u00fcr die Wand das gewisse Etwas. Schnell und einfach anzubringen, sind die Wandtattoos wahre Deko-Helden. Beim Anbringen gibt es zwar einige Dinge, die man beachten sollte, damit man lange an dieser Deko hat, doch im Grunde genommen, ist das Anbringen nicht schwer.<br \/>\n<b>Die Wandtattoos <\/b>k\u00f6nnen auch anstelle von Bildern verwendet werden. So kann zum Beispiel \u00fcber einem Sideboard statt eines Bildes ein sch\u00f6nes Wandtattoo angebracht werden, das die Skyline von New York oder Paris beinhaltet.<br \/>\nMan sieht, mit dieser recht modernen Art der Deko k\u00f6nnen schlichte W\u00e4nde oder M\u00f6bel aufgewertet werden.<br \/>\nEine andere Art, die Wandtattoos zu verwenden, ist, dass man<b> M\u00f6bel damit versch\u00f6nert<\/b>. Schlichte M\u00f6bel, die von ihrer Oberfl\u00e4che glatt sind, erhalten neuen Pfiff, wenn man sie mit einem sch\u00f6nen Wandtattoo versch\u00f6nert. So erstrahlt der bisher langweilige Schrank nun in neuem Glanz und gef\u00e4llt nun auch wieder. <\/p>\n","protected":false},"excerpt":{"rendered":"<p>Modern eingerichtete und gestaltete Wohnungen sind gerade bei den j\u00fcngeren Generationen beliebt und gefragt. Die Deko innerhalb eines Raumes oder einer Wohnung ist sehr verschieden, wenn man sich mehrere Wohnungen ansieht. So ist die eine Wohnung recht bunt gestrichen und mit ebenso bunten M\u00f6beln eingerichtet, und die andere Wohnung wiederum ist schlicht eingerichtet, und mit [&hellip;]<\/p>\n","protected":false},"author":2,"featured_media":0,"comment_status":"open","ping_status":"open","sticky":false,"template":"","format":"standard","meta":{"footnotes":""},"categories":[1],"tags":[],"yoast_head":"<!-- This site is optimized with the Yoast SEO plugin v20.4 - https:\/\/yoast.com\/wordpress\/plugins\/seo\/ -->\n<title>Dekorationen und Akzente mit Wandtattoos - Tafeldeko<\/title>\n<meta name=\"description\" content=\"Modern eingerichtete und gestaltete Wohnungen sind gerade bei den j\u00fcngeren Generationen beliebt und gefragt. Die Deko innerhalb eines Raumes oder einer\" \/>\n<meta name=\"robots\" content=\"index, follow, max-snippet:-1, max-image-preview:large, max-video-preview:-1\" \/>\n<link rel=\"canonical\" href=\"https:\/\/www.tafeldeko.de\/news\/dekorationen-und-akzente-mit-wandtattoos\/\" \/>\n<meta property=\"og:locale\" content=\"de_DE\" \/>\n<meta property=\"og:type\" content=\"article\" \/>\n<meta property=\"og:title\" content=\"Dekorationen und Akzente mit Wandtattoos - Tafeldeko\" \/>\n<meta property=\"og:description\" content=\"Modern eingerichtete und gestaltete Wohnungen sind gerade bei den j\u00fcngeren Generationen beliebt und gefragt. Die Deko innerhalb eines Raumes oder einer\" \/>\n<meta property=\"og:url\" content=\"https:\/\/www.tafeldeko.de\/news\/dekorationen-und-akzente-mit-wandtattoos\/\" \/>\n<meta property=\"og:site_name\" content=\"Tafeldeko\" \/>\n<meta property=\"article:publisher\" content=\"https:\/\/www.facebook.com\/pages\/Tafeldeko-einzigartige-Tischdekoration\/174202655894\" \/>\n<meta property=\"article:published_time\" content=\"2011-11-26T08:00:12+00:00\" \/>\n<meta name=\"author\" content=\"Christiane Stein\" \/>\n<meta name=\"twitter:label1\" content=\"Verfasst von\" \/>\n\t<meta name=\"twitter:data1\" content=\"Christiane Stein\" \/>\n\t<meta name=\"twitter:label2\" content=\"Gesch\u00e4tzte Lesezeit\" \/>\n\t<meta name=\"twitter:data2\" content=\"2 Minuten\" \/>\n<script type=\"application\/ld+json\" class=\"yoast-schema-graph\">{\"@context\":\"https:\/\/schema.org\",\"@graph\":[{\"@type\":\"WebPage\",\"@id\":\"https:\/\/www.tafeldeko.de\/news\/dekorationen-und-akzente-mit-wandtattoos\/\",\"url\":\"https:\/\/www.tafeldeko.de\/news\/dekorationen-und-akzente-mit-wandtattoos\/\",\"name\":\"Dekorationen und Akzente mit Wandtattoos - Tafeldeko\",\"isPartOf\":{\"@id\":\"https:\/\/www.tafeldeko.de\/news\/#website\"},\"datePublished\":\"2011-11-26T08:00:12+00:00\",\"dateModified\":\"2011-11-26T08:00:12+00:00\",\"author\":{\"@id\":\"https:\/\/www.tafeldeko.de\/news\/#\/schema\/person\/d2acd86447ed0b6336089a8ba83164a0\"},\"description\":\"Modern eingerichtete und gestaltete Wohnungen sind gerade bei den j\u00fcngeren Generationen beliebt und gefragt. Die Deko innerhalb eines Raumes oder einer\",\"breadcrumb\":{\"@id\":\"https:\/\/www.tafeldeko.de\/news\/dekorationen-und-akzente-mit-wandtattoos\/#breadcrumb\"},\"inLanguage\":\"de-DE\",\"potentialAction\":[{\"@type\":\"ReadAction\",\"target\":[\"https:\/\/www.tafeldeko.de\/news\/dekorationen-und-akzente-mit-wandtattoos\/\"]}]},{\"@type\":\"BreadcrumbList\",\"@id\":\"https:\/\/www.tafeldeko.de\/news\/dekorationen-und-akzente-mit-wandtattoos\/#breadcrumb\",\"itemListElement\":[{\"@type\":\"ListItem\",\"position\":1,\"name\":\"Tafeldeko\",\"item\":\"https:\/\/www.tafeldeko.de\/news\/\"},{\"@type\":\"ListItem\",\"position\":2,\"name\":\"Alte Beitr\u00e4ge\",\"item\":\"https:\/\/www.tafeldeko.de\/news\/alte-beitraege\/\"},{\"@type\":\"ListItem\",\"position\":3,\"name\":\"Tischdeko - Blog\",\"item\":\"https:\/\/www.tafeldeko.de\/news\/alte-beitraege\/tischdeko-blog\/\"},{\"@type\":\"ListItem\",\"position\":4,\"name\":\"Dekorationen und Akzente mit Wandtattoos\"}]},{\"@type\":\"WebSite\",\"@id\":\"https:\/\/www.tafeldeko.de\/news\/#website\",\"url\":\"https:\/\/www.tafeldeko.de\/news\/\",\"name\":\"Tafeldeko\",\"description\":\"Blog mit Tischdeko und Tischdekoration Ideen\",\"potentialAction\":[{\"@type\":\"SearchAction\",\"target\":{\"@type\":\"EntryPoint\",\"urlTemplate\":\"https:\/\/www.tafeldeko.de\/news\/?s={search_term_string}\"},\"query-input\":\"required name=search_term_string\"}],\"inLanguage\":\"de-DE\"},{\"@type\":\"Person\",\"@id\":\"https:\/\/www.tafeldeko.de\/news\/#\/schema\/person\/d2acd86447ed0b6336089a8ba83164a0\",\"name\":\"Christiane Stein\",\"image\":{\"@type\":\"ImageObject\",\"inLanguage\":\"de-DE\",\"@id\":\"https:\/\/www.tafeldeko.de\/news\/#\/schema\/person\/image\/\",\"url\":\"https:\/\/secure.gravatar.com\/avatar\/2054729fbfd1ebc9d3cf1fd55361d0b6?s=96&d=mm&r=g\",\"contentUrl\":\"https:\/\/secure.gravatar.com\/avatar\/2054729fbfd1ebc9d3cf1fd55361d0b6?s=96&d=mm&r=g\",\"caption\":\"Christiane Stein\"}}]}<\/script>\n<!-- \/ Yoast SEO plugin. -->","yoast_head_json":{"title":"Dekorationen und Akzente mit Wandtattoos - Tafeldeko","description":"Modern eingerichtete und gestaltete Wohnungen sind gerade bei den j\u00fcngeren Generationen beliebt und gefragt. Die Deko innerhalb eines Raumes oder einer","robots":{"index":"index","follow":"follow","max-snippet":"max-snippet:-1","max-image-preview":"max-image-preview:large","max-video-preview":"max-video-preview:-1"},"canonical":"https:\/\/www.tafeldeko.de\/news\/dekorationen-und-akzente-mit-wandtattoos\/","og_locale":"de_DE","og_type":"article","og_title":"Dekorationen und Akzente mit Wandtattoos - Tafeldeko","og_description":"Modern eingerichtete und gestaltete Wohnungen sind gerade bei den j\u00fcngeren Generationen beliebt und gefragt. Die Deko innerhalb eines Raumes oder einer","og_url":"https:\/\/www.tafeldeko.de\/news\/dekorationen-und-akzente-mit-wandtattoos\/","og_site_name":"Tafeldeko","article_publisher":"https:\/\/www.facebook.com\/pages\/Tafeldeko-einzigartige-Tischdekoration\/174202655894","article_published_time":"2011-11-26T08:00:12+00:00","author":"Christiane Stein","twitter_misc":{"Verfasst von":"Christiane Stein","Gesch\u00e4tzte Lesezeit":"2 Minuten"},"schema":{"@context":"https:\/\/schema.org","@graph":[{"@type":"WebPage","@id":"https:\/\/www.tafeldeko.de\/news\/dekorationen-und-akzente-mit-wandtattoos\/","url":"https:\/\/www.tafeldeko.de\/news\/dekorationen-und-akzente-mit-wandtattoos\/","name":"Dekorationen und Akzente mit Wandtattoos - Tafeldeko","isPartOf":{"@id":"https:\/\/www.tafeldeko.de\/news\/#website"},"datePublished":"2011-11-26T08:00:12+00:00","dateModified":"2011-11-26T08:00:12+00:00","author":{"@id":"https:\/\/www.tafeldeko.de\/news\/#\/schema\/person\/d2acd86447ed0b6336089a8ba83164a0"},"description":"Modern eingerichtete und gestaltete Wohnungen sind gerade bei den j\u00fcngeren Generationen beliebt und gefragt. Die Deko innerhalb eines Raumes oder einer","breadcrumb":{"@id":"https:\/\/www.tafeldeko.de\/news\/dekorationen-und-akzente-mit-wandtattoos\/#breadcrumb"},"inLanguage":"de-DE","potentialAction":[{"@type":"ReadAction","target":["https:\/\/www.tafeldeko.de\/news\/dekorationen-und-akzente-mit-wandtattoos\/"]}]},{"@type":"BreadcrumbList","@id":"https:\/\/www.tafeldeko.de\/news\/dekorationen-und-akzente-mit-wandtattoos\/#breadcrumb","itemListElement":[{"@type":"ListItem","position":1,"name":"Tafeldeko","item":"https:\/\/www.tafeldeko.de\/news\/"},{"@type":"ListItem","position":2,"name":"Alte Beitr\u00e4ge","item":"https:\/\/www.tafeldeko.de\/news\/alte-beitraege\/"},{"@type":"ListItem","position":3,"name":"Tischdeko - Blog","item":"https:\/\/www.tafeldeko.de\/news\/alte-beitraege\/tischdeko-blog\/"},{"@type":"ListItem","position":4,"name":"Dekorationen und Akzente mit Wandtattoos"}]},{"@type":"WebSite","@id":"https:\/\/www.tafeldeko.de\/news\/#website","url":"https:\/\/www.tafeldeko.de\/news\/","name":"Tafeldeko","description":"Blog mit Tischdeko und Tischdekoration Ideen","potentialAction":[{"@type":"SearchAction","target":{"@type":"EntryPoint","urlTemplate":"https:\/\/www.tafeldeko.de\/news\/?s={search_term_string}"},"query-input":"required name=search_term_string"}],"inLanguage":"de-DE"},{"@type":"Person","@id":"https:\/\/www.tafeldeko.de\/news\/#\/schema\/person\/d2acd86447ed0b6336089a8ba83164a0","name":"Christiane Stein","image":{"@type":"ImageObject","inLanguage":"de-DE","@id":"https:\/\/www.tafeldeko.de\/news\/#\/schema\/person\/image\/","url":"https:\/\/secure.gravatar.com\/avatar\/2054729fbfd1ebc9d3cf1fd55361d0b6?s=96&d=mm&r=g","contentUrl":"https:\/\/secure.gravatar.com\/avatar\/2054729fbfd1ebc9d3cf1fd55361d0b6?s=96&d=mm&r=g","caption":"Christiane Stein"}}]}},"_links":{"self":[{"href":"https:\/\/www.tafeldeko.de\/news\/wp-json\/wp\/v2\/posts\/3684"}],"collection":[{"href":"https:\/\/www.tafeldeko.de\/news\/wp-json\/wp\/v2\/posts"}],"about":[{"href":"https:\/\/www.tafeldeko.de\/news\/wp-json\/wp\/v2\/types\/post"}],"author":[{"embeddable":true,"href":"https:\/\/www.tafeldeko.de\/news\/wp-json\/wp\/v2\/users\/2"}],"replies":[{"embeddable":true,"href":"https:\/\/www.tafeldeko.de\/news\/wp-json\/wp\/v2\/comments?post=3684"}],"version-history":[{"count":0,"href":"https:\/\/www.tafeldeko.de\/news\/wp-json\/wp\/v2\/posts\/3684\/revisions"}],"wp:attachment":[{"href":"https:\/\/www.tafeldeko.de\/news\/wp-json\/wp\/v2\/media?parent=3684"}],"wp:term":[{"taxonomy":"category","embeddable":true,"href":"https:\/\/www.tafeldeko.de\/news\/wp-json\/wp\/v2\/categories?post=3684"},{"taxonomy":"post_tag","embeddable":true,"href":"https:\/\/www.tafeldeko.de\/news\/wp-json\/wp\/v2\/tags?post=3684"}],"curies":[{"name":"wp","href":"https:\/\/api.w.org\/{rel}","templated":true}]}}