{"id":3676,"date":"2011-11-17T19:59:14","date_gmt":"2011-11-17T17:59:14","guid":{"rendered":"http:\/\/www.tafeldeko.de\/news\/?p=3676"},"modified":"2011-11-17T19:59:14","modified_gmt":"2011-11-17T17:59:14","slug":"deko-aus-und-mit-glas","status":"publish","type":"post","link":"https:\/\/www.tafeldeko.de\/news\/deko-aus-und-mit-glas\/","title":{"rendered":"Deko aus und mit Glas"},"content":{"rendered":"<p><b>Glas <\/b>\u2013 ein Element, das sehr vielf\u00e4ltig einsetzbar ist und nicht nur zum t\u00e4glichen Gebrauch bestimmt ist, sondern auch f\u00fcr die diverse <b>Dekozwecke <\/b>eingesetzt wird.<br \/>\n<b>Verschiedene Deko-Elemente<\/b>, mit denen wir unsere Wohnung versch\u00f6nern, sind aus Glas gefertigt, teilweise ist uns dies noch nicht einmal unbedingt bewusst. Denn auch die Kugeln f\u00fcr den Weihnachtsbaum sind zum Teil aus Glas gefertigt und entsprechend verziert, dass sie zur Weihnachtszeit einen sch\u00f6nen Glanz an den Tannenbaum zaubern.<br \/>\nMit <a href=\"https:\/\/www.tafeldeko.de\/shop_content.php\/coID\/212_Deko.html\">Deko<\/a> generell wirkt ein Raum wohnlicher und behaglicher und die Bewohner f\u00fchlen sich mit einer <b>wundersch\u00f6nen, ansprechenden Deko<\/b> auf jeden Fall recht wohl. Wie eine Wohnung oder ein einzelner Raum dekoriert wird, ist nat\u00fcrlich Ermessenssache, aber auch die pers\u00f6nlichen Vorlieben sind pr\u00e4gend.<br \/>\nDekorationen aus und mit Glas \u2013 vielf\u00e4ltige Einsatzm\u00f6glichkeiten, nicht nur, weil man Glas verschieden dekorieren kann, sondern weil auch diverse Deko-Elemente aus einem schlichten Glas ein kleines <b>Wunderwerk der Deko<\/b> zaubern k\u00f6nnen.<br \/>\n<b>Glas \u2013 ob in Form von Schalen, Vasen, Kr\u00fcgen, Tellern oder Gl\u00e4sern<\/b> \u2013 schafft eine tolle Basis f\u00fcr diverse Dekorationen \u2013 und das w\u00e4hrend des gesamten Jahres. Ob f\u00fcr die Tischdeko, als Deko f\u00fcr die Fensterbank, Regale oder M\u00f6bel \u2013 <b>Arrangements mit und aus Glas <\/b>schm\u00fccken viele Stellen innerhalb eines Raumes, setzen ihn zudem auch in Szene.<br \/>\nMit was man die Gegenst\u00e4nde aus Glas bef\u00fcllt oder arrangiert, liegt an der Person, die die Deko ausstattet und ist auch zum Teil vom Anlass abh\u00e4ngig, f\u00fcr den man beispielsweise die Deko ausstattet.<br \/>\nBei der Einladung zum Kaffeekr\u00e4nzchen kann zum Beispiel die wundersch\u00f6ne Glasschale mit leckeren Kleingeb\u00e4ckteilen bef\u00fcllt werden, hat sich Kinderbesuch angesagt, wird die Glasschale mit leckeren S\u00fc\u00dfigkeiten bef\u00fcllt. <b>Eine Glasschale \u2013 mehrere Verwendungsm\u00f6glichkeiten<\/b>.<br \/>\nAuch mit Blumen, Kerzen und anderen Deko-Accessoires bef\u00fcllt, sind Dekorationen aus Glas sch\u00f6ne Blickpunkte innerhalb der Wohnung oder an einem bestimmten Punkt. Mit sch\u00f6nen Arrangements mit und aus Glas k\u00f6nnen Ecken in der Wohnung optisch aufgewertet werden, oder auch bestimmte Bereiche besser betont werden.<br \/>\n<b>Deko mit und aus Glas \u2013 auf jeden Fall immer passend. <\/b><\/p>\n","protected":false},"excerpt":{"rendered":"<p>Glas \u2013 ein Element, das sehr vielf\u00e4ltig einsetzbar ist und nicht nur zum t\u00e4glichen Gebrauch bestimmt ist, sondern auch f\u00fcr die diverse Dekozwecke eingesetzt wird. Verschiedene Deko-Elemente, mit denen wir unsere Wohnung versch\u00f6nern, sind aus Glas gefertigt, teilweise ist uns dies noch nicht einmal unbedingt bewusst. Denn auch die Kugeln f\u00fcr den Weihnachtsbaum sind zum [&hellip;]<\/p>\n","protected":false},"author":2,"featured_media":0,"comment_status":"open","ping_status":"open","sticky":false,"template":"","format":"standard","meta":{"footnotes":""},"categories":[1],"tags":[],"yoast_head":"<!-- This site is optimized with the Yoast SEO plugin v20.4 - https:\/\/yoast.com\/wordpress\/plugins\/seo\/ -->\n<title>Deko aus und mit Glas - Tafeldeko<\/title>\n<meta name=\"description\" content=\"Glas \u2013 ein Element, das sehr vielf\u00e4ltig einsetzbar ist und nicht nur zum t\u00e4glichen Gebrauch bestimmt ist, sondern auch f\u00fcr die diverse Dekozwecke\" \/>\n<meta name=\"robots\" content=\"index, follow, max-snippet:-1, max-image-preview:large, max-video-preview:-1\" \/>\n<link rel=\"canonical\" href=\"https:\/\/www.tafeldeko.de\/news\/deko-aus-und-mit-glas\/\" \/>\n<meta property=\"og:locale\" content=\"de_DE\" \/>\n<meta property=\"og:type\" content=\"article\" \/>\n<meta property=\"og:title\" content=\"Deko aus und mit Glas - Tafeldeko\" \/>\n<meta property=\"og:description\" content=\"Glas \u2013 ein Element, das sehr vielf\u00e4ltig einsetzbar ist und nicht nur zum t\u00e4glichen Gebrauch bestimmt ist, sondern auch f\u00fcr die diverse Dekozwecke\" \/>\n<meta property=\"og:url\" content=\"https:\/\/www.tafeldeko.de\/news\/deko-aus-und-mit-glas\/\" \/>\n<meta property=\"og:site_name\" content=\"Tafeldeko\" \/>\n<meta property=\"article:publisher\" content=\"https:\/\/www.facebook.com\/pages\/Tafeldeko-einzigartige-Tischdekoration\/174202655894\" \/>\n<meta property=\"article:published_time\" content=\"2011-11-17T17:59:14+00:00\" \/>\n<meta name=\"author\" content=\"Christiane Stein\" \/>\n<meta name=\"twitter:label1\" content=\"Verfasst von\" \/>\n\t<meta name=\"twitter:data1\" content=\"Christiane Stein\" \/>\n\t<meta name=\"twitter:label2\" content=\"Gesch\u00e4tzte Lesezeit\" \/>\n\t<meta name=\"twitter:data2\" content=\"2 Minuten\" \/>\n<script type=\"application\/ld+json\" class=\"yoast-schema-graph\">{\"@context\":\"https:\/\/schema.org\",\"@graph\":[{\"@type\":\"WebPage\",\"@id\":\"https:\/\/www.tafeldeko.de\/news\/deko-aus-und-mit-glas\/\",\"url\":\"https:\/\/www.tafeldeko.de\/news\/deko-aus-und-mit-glas\/\",\"name\":\"Deko aus und mit Glas - Tafeldeko\",\"isPartOf\":{\"@id\":\"https:\/\/www.tafeldeko.de\/news\/#website\"},\"datePublished\":\"2011-11-17T17:59:14+00:00\",\"dateModified\":\"2011-11-17T17:59:14+00:00\",\"author\":{\"@id\":\"https:\/\/www.tafeldeko.de\/news\/#\/schema\/person\/d2acd86447ed0b6336089a8ba83164a0\"},\"description\":\"Glas \u2013 ein Element, das sehr vielf\u00e4ltig einsetzbar ist und nicht nur zum t\u00e4glichen Gebrauch bestimmt ist, sondern auch f\u00fcr die diverse Dekozwecke\",\"breadcrumb\":{\"@id\":\"https:\/\/www.tafeldeko.de\/news\/deko-aus-und-mit-glas\/#breadcrumb\"},\"inLanguage\":\"de-DE\",\"potentialAction\":[{\"@type\":\"ReadAction\",\"target\":[\"https:\/\/www.tafeldeko.de\/news\/deko-aus-und-mit-glas\/\"]}]},{\"@type\":\"BreadcrumbList\",\"@id\":\"https:\/\/www.tafeldeko.de\/news\/deko-aus-und-mit-glas\/#breadcrumb\",\"itemListElement\":[{\"@type\":\"ListItem\",\"position\":1,\"name\":\"Tafeldeko\",\"item\":\"https:\/\/www.tafeldeko.de\/news\/\"},{\"@type\":\"ListItem\",\"position\":2,\"name\":\"Alte Beitr\u00e4ge\",\"item\":\"https:\/\/www.tafeldeko.de\/news\/alte-beitraege\/\"},{\"@type\":\"ListItem\",\"position\":3,\"name\":\"Tischdeko - Blog\",\"item\":\"https:\/\/www.tafeldeko.de\/news\/alte-beitraege\/tischdeko-blog\/\"},{\"@type\":\"ListItem\",\"position\":4,\"name\":\"Deko aus und mit Glas\"}]},{\"@type\":\"WebSite\",\"@id\":\"https:\/\/www.tafeldeko.de\/news\/#website\",\"url\":\"https:\/\/www.tafeldeko.de\/news\/\",\"name\":\"Tafeldeko\",\"description\":\"Blog mit Tischdeko und Tischdekoration Ideen\",\"potentialAction\":[{\"@type\":\"SearchAction\",\"target\":{\"@type\":\"EntryPoint\",\"urlTemplate\":\"https:\/\/www.tafeldeko.de\/news\/?s={search_term_string}\"},\"query-input\":\"required name=search_term_string\"}],\"inLanguage\":\"de-DE\"},{\"@type\":\"Person\",\"@id\":\"https:\/\/www.tafeldeko.de\/news\/#\/schema\/person\/d2acd86447ed0b6336089a8ba83164a0\",\"name\":\"Christiane Stein\",\"image\":{\"@type\":\"ImageObject\",\"inLanguage\":\"de-DE\",\"@id\":\"https:\/\/www.tafeldeko.de\/news\/#\/schema\/person\/image\/\",\"url\":\"https:\/\/secure.gravatar.com\/avatar\/2054729fbfd1ebc9d3cf1fd55361d0b6?s=96&d=mm&r=g\",\"contentUrl\":\"https:\/\/secure.gravatar.com\/avatar\/2054729fbfd1ebc9d3cf1fd55361d0b6?s=96&d=mm&r=g\",\"caption\":\"Christiane Stein\"}}]}<\/script>\n<!-- \/ Yoast SEO plugin. -->","yoast_head_json":{"title":"Deko aus und mit Glas - Tafeldeko","description":"Glas \u2013 ein Element, das sehr vielf\u00e4ltig einsetzbar ist und nicht nur zum t\u00e4glichen Gebrauch bestimmt ist, sondern auch f\u00fcr die diverse Dekozwecke","robots":{"index":"index","follow":"follow","max-snippet":"max-snippet:-1","max-image-preview":"max-image-preview:large","max-video-preview":"max-video-preview:-1"},"canonical":"https:\/\/www.tafeldeko.de\/news\/deko-aus-und-mit-glas\/","og_locale":"de_DE","og_type":"article","og_title":"Deko aus und mit Glas - Tafeldeko","og_description":"Glas \u2013 ein Element, das sehr vielf\u00e4ltig einsetzbar ist und nicht nur zum t\u00e4glichen Gebrauch bestimmt ist, sondern auch f\u00fcr die diverse Dekozwecke","og_url":"https:\/\/www.tafeldeko.de\/news\/deko-aus-und-mit-glas\/","og_site_name":"Tafeldeko","article_publisher":"https:\/\/www.facebook.com\/pages\/Tafeldeko-einzigartige-Tischdekoration\/174202655894","article_published_time":"2011-11-17T17:59:14+00:00","author":"Christiane Stein","twitter_misc":{"Verfasst von":"Christiane Stein","Gesch\u00e4tzte Lesezeit":"2 Minuten"},"schema":{"@context":"https:\/\/schema.org","@graph":[{"@type":"WebPage","@id":"https:\/\/www.tafeldeko.de\/news\/deko-aus-und-mit-glas\/","url":"https:\/\/www.tafeldeko.de\/news\/deko-aus-und-mit-glas\/","name":"Deko aus und mit Glas - Tafeldeko","isPartOf":{"@id":"https:\/\/www.tafeldeko.de\/news\/#website"},"datePublished":"2011-11-17T17:59:14+00:00","dateModified":"2011-11-17T17:59:14+00:00","author":{"@id":"https:\/\/www.tafeldeko.de\/news\/#\/schema\/person\/d2acd86447ed0b6336089a8ba83164a0"},"description":"Glas \u2013 ein Element, das sehr vielf\u00e4ltig einsetzbar ist und nicht nur zum t\u00e4glichen Gebrauch bestimmt ist, sondern auch f\u00fcr die diverse Dekozwecke","breadcrumb":{"@id":"https:\/\/www.tafeldeko.de\/news\/deko-aus-und-mit-glas\/#breadcrumb"},"inLanguage":"de-DE","potentialAction":[{"@type":"ReadAction","target":["https:\/\/www.tafeldeko.de\/news\/deko-aus-und-mit-glas\/"]}]},{"@type":"BreadcrumbList","@id":"https:\/\/www.tafeldeko.de\/news\/deko-aus-und-mit-glas\/#breadcrumb","itemListElement":[{"@type":"ListItem","position":1,"name":"Tafeldeko","item":"https:\/\/www.tafeldeko.de\/news\/"},{"@type":"ListItem","position":2,"name":"Alte Beitr\u00e4ge","item":"https:\/\/www.tafeldeko.de\/news\/alte-beitraege\/"},{"@type":"ListItem","position":3,"name":"Tischdeko - Blog","item":"https:\/\/www.tafeldeko.de\/news\/alte-beitraege\/tischdeko-blog\/"},{"@type":"ListItem","position":4,"name":"Deko aus und mit Glas"}]},{"@type":"WebSite","@id":"https:\/\/www.tafeldeko.de\/news\/#website","url":"https:\/\/www.tafeldeko.de\/news\/","name":"Tafeldeko","description":"Blog mit Tischdeko und Tischdekoration Ideen","potentialAction":[{"@type":"SearchAction","target":{"@type":"EntryPoint","urlTemplate":"https:\/\/www.tafeldeko.de\/news\/?s={search_term_string}"},"query-input":"required name=search_term_string"}],"inLanguage":"de-DE"},{"@type":"Person","@id":"https:\/\/www.tafeldeko.de\/news\/#\/schema\/person\/d2acd86447ed0b6336089a8ba83164a0","name":"Christiane Stein","image":{"@type":"ImageObject","inLanguage":"de-DE","@id":"https:\/\/www.tafeldeko.de\/news\/#\/schema\/person\/image\/","url":"https:\/\/secure.gravatar.com\/avatar\/2054729fbfd1ebc9d3cf1fd55361d0b6?s=96&d=mm&r=g","contentUrl":"https:\/\/secure.gravatar.com\/avatar\/2054729fbfd1ebc9d3cf1fd55361d0b6?s=96&d=mm&r=g","caption":"Christiane Stein"}}]}},"_links":{"self":[{"href":"https:\/\/www.tafeldeko.de\/news\/wp-json\/wp\/v2\/posts\/3676"}],"collection":[{"href":"https:\/\/www.tafeldeko.de\/news\/wp-json\/wp\/v2\/posts"}],"about":[{"href":"https:\/\/www.tafeldeko.de\/news\/wp-json\/wp\/v2\/types\/post"}],"author":[{"embeddable":true,"href":"https:\/\/www.tafeldeko.de\/news\/wp-json\/wp\/v2\/users\/2"}],"replies":[{"embeddable":true,"href":"https:\/\/www.tafeldeko.de\/news\/wp-json\/wp\/v2\/comments?post=3676"}],"version-history":[{"count":0,"href":"https:\/\/www.tafeldeko.de\/news\/wp-json\/wp\/v2\/posts\/3676\/revisions"}],"wp:attachment":[{"href":"https:\/\/www.tafeldeko.de\/news\/wp-json\/wp\/v2\/media?parent=3676"}],"wp:term":[{"taxonomy":"category","embeddable":true,"href":"https:\/\/www.tafeldeko.de\/news\/wp-json\/wp\/v2\/categories?post=3676"},{"taxonomy":"post_tag","embeddable":true,"href":"https:\/\/www.tafeldeko.de\/news\/wp-json\/wp\/v2\/tags?post=3676"}],"curies":[{"name":"wp","href":"https:\/\/api.w.org\/{rel}","templated":true}]}}