{"id":3619,"date":"2012-09-28T16:56:21","date_gmt":"2012-09-28T14:56:21","guid":{"rendered":"http:\/\/www.tafeldeko.de\/news\/?p=3619"},"modified":"2012-09-28T16:56:21","modified_gmt":"2012-09-28T14:56:21","slug":"selbst-gebastelte-herbstdeko-schoene-gruesse-vom-herbst","status":"publish","type":"post","link":"https:\/\/www.tafeldeko.de\/news\/selbst-gebastelte-herbstdeko-schoene-gruesse-vom-herbst\/","title":{"rendered":"Selbst gebastelte Herbstdeko \u2013 sch\u00f6ne Gr\u00fc\u00dfe vom Herbst"},"content":{"rendered":"<p>Wie wir alle wissen, sind <b>Dekorationen <\/b>wundersch\u00f6ne M\u00f6glichkeiten, Akzente zu setzen. Ob man nun den Wohn- oder Eingangsbereich oder das B\u00fcro am Arbeitsplatz oder im Unternehmen mit<b> wundersch\u00f6nen Dekorationen <\/b>versch\u00f6nert, spielt keine gro\u00dfe Rolle. Denn eines ist klar: ganz gleich, wo die Deko platziert wird, sie verleiht jedem Raum, jedem M\u00f6belst\u00fcck und jedem Bereich einen ganz pers\u00f6nlichen und eigenen Stil.<br \/>\n<b>Gerade im Herbst<\/b>, wenn die Tage k\u00fcrzer werden, es drau\u00dfen trister und grauer ist, dann sind die Dekorationen ein Regenbogen f\u00fcr die Seele.<br \/>\nWer gerne kreativ ist, kann nat\u00fcrlich die <b>Herbstdeko <\/b>selbst basteln oder <i>gekaufte Elemente mit gebastelten Accessoires <\/i>versch\u00f6nern. Vor allem bieten sich im Herbst viele M\u00f6glichkeiten, mit <i>herbstlichen Naturmaterialien zu basteln<\/i> und dekorieren.<br \/>\nAllein die <i>herbstlich gef\u00e4rbten Bl\u00e4tter<\/i> bieten eine sch\u00f6ne Kulisse. Beispielsweise kann ein <b>Kranz aus herbstlichen Bl\u00e4ttern <\/b>die Eingangst\u00fcr versch\u00f6nern. Daf\u00fcr sammeln Sie viele bunt gef\u00e4rbte Bl\u00e4tter und stecken diese ganz dicht auf einen Draht.<br \/>\nZum Fertigstellen biegen Sie den Bl\u00e4tterdraht in die gew\u00fcnschte Position, versch\u00f6nern ihn mit einer tollen Schleife und fertig ist die <b>herbstliche Deko<\/b>. Wer noch kleinere Akzente auf dem <i>Bl\u00e4tterkranz <\/i>platzieren m\u00f6chte, kann dies mit kleinen Dekofiguren oder mit Beeren tun.<br \/>\n<i>H\u00f6here Glasschalen oder gr\u00f6\u00dfere Vasen<\/i> erhalten einen herbstlichen Touch, wenn in diesen eine <i>sch\u00f6ne Herbstlandschaft <\/i>platziert wird. <i>Moos, Bl\u00e4tter, Zweige, kleine Wurzeln<\/i> und eventuell Dekofiguren machen die Deko im Herbst perfekt.<br \/>\nWer die herbstliche Deko mit Kindern bastelt, dem empfiehlt sich diese kleine Bastelidee:<br \/>\nHerbstliche Beeren, bunte Bl\u00e4tter, Kastanien, N\u00fcsse, \u00c4ste und andere <b>Fundst\u00fccke der herbstlichen Natur<\/b> werden an Schn\u00fcren befestigt, so dass sich ein abwechslungsreiches Bild ergibt. Verschieden gestaltete Schn\u00fcre werden an einem gr\u00f6\u00dferen Ast befestigt und verspr\u00fchen nun eine herbstliche Atmosph\u00e4re in den R\u00e4umen.<br \/>\nOder wie w\u00e4re es mit <i>Keramikpilzen<\/i>, die in einfachen <i>Holzkisten<\/i>, die mit Moos bef\u00fcllt sind, als <b>Herbstdeko<\/b>. Durch die Anordnung des Mooses und dem Platzieren der Pilze wirkt die Kiste wie ein sch\u00f6ner Platz im herbstlichen Wald.<br \/>\nMit geringen Mitteln und vielen Fundst\u00fccken aus der Natur hat man im Handumdrehen eine <b>tolle Deko f\u00fcr den Herbst<\/b> geschaffen.<\/p>\n","protected":false},"excerpt":{"rendered":"<p>Wie wir alle wissen, sind Dekorationen wundersch\u00f6ne M\u00f6glichkeiten, Akzente zu setzen. Ob man nun den Wohn- oder Eingangsbereich oder das B\u00fcro am Arbeitsplatz oder im Unternehmen mit wundersch\u00f6nen Dekorationen versch\u00f6nert, spielt keine gro\u00dfe Rolle. Denn eines ist klar: ganz gleich, wo die Deko platziert wird, sie verleiht jedem Raum, jedem M\u00f6belst\u00fcck und jedem Bereich einen ganz pers\u00f6nlichen und eigenen Stil.<br \/>\nGerade im Herbst, wenn die Tage k\u00fcrzer werden, es drau\u00dfen trister und grauer ist, dann sind die Dekorationen ein Regenbogen f\u00fcr die Seele.<br \/>\nWer gerne kreativ ist, kann nat\u00fcrlich die Herbstdeko selbst basteln oder gekaufte Elemente mit gebastelten Accessoires versch\u00f6nern. Vor allem bieten sich im Herbst viele M\u00f6glichkeiten, mit herbstlichen Naturmaterialien zu basteln und dekorieren.<br \/>\nAllein die herbstlich gef\u00e4rbten Bl\u00e4tter bieten eine sch\u00f6ne Kulisse. Beispielsweise kann ein Kranz aus herbstlichen Bl\u00e4ttern die Eingangst\u00fcr versch\u00f6nern. Daf\u00fcr sammeln Sie viele bunt gef\u00e4rbte Bl\u00e4tter und stecken diese ganz dicht auf einen Draht.<\/p>\n","protected":false},"author":2,"featured_media":0,"comment_status":"open","ping_status":"open","sticky":false,"template":"","format":"standard","meta":{"footnotes":""},"categories":[1],"tags":[],"yoast_head":"<!-- This site is optimized with the Yoast SEO plugin v20.4 - https:\/\/yoast.com\/wordpress\/plugins\/seo\/ -->\n<title>Selbst gebastelte Herbstdeko \u2013 sch\u00f6ne Gr\u00fc\u00dfe vom Herbst - Tafeldeko<\/title>\n<meta name=\"description\" content=\"Wie wir alle wissen, sind Dekorationen wundersch\u00f6ne M\u00f6glichkeiten, Akzente zu setzen. Ob man nun den Wohn- oder Eingangsbereich oder das B\u00fcro am Arbeitsplatz oder im Unternehmen mit wundersch\u00f6nen Dekorationen versch\u00f6nert, spielt keine gro\u00dfe Rolle. Denn eines ist klar: ganz gleich, wo die Deko platziert wird, sie verleiht jedem Raum, jedem M\u00f6belst\u00fcck und jedem Bereich einen ganz pers\u00f6nlichen und eigenen Stil.  Gerade im Herbst, wenn die Tage k\u00fcrzer werden, es drau\u00dfen trister und grauer ist, dann sind die Dekorationen ein Regenbogen f\u00fcr die Seele.  Wer gerne kreativ ist, kann nat\u00fcrlich die Herbstdeko selbst basteln oder gekaufte Elemente mit gebastelten Accessoires versch\u00f6nern. Vor allem bieten sich im Herbst viele M\u00f6glichkeiten, mit herbstlichen Naturmaterialien zu basteln und dekorieren.  Allein die herbstlich gef\u00e4rbten Bl\u00e4tter bieten eine sch\u00f6ne Kulisse. Beispielsweise kann ein Kranz aus herbstlichen Bl\u00e4ttern die Eingangst\u00fcr versch\u00f6nern. Daf\u00fcr sammeln Sie viele bunt gef\u00e4rbte Bl\u00e4tter und stecken diese ganz dicht auf einen Draht.\" \/>\n<meta name=\"robots\" content=\"index, follow, max-snippet:-1, max-image-preview:large, max-video-preview:-1\" \/>\n<link rel=\"canonical\" href=\"https:\/\/www.tafeldeko.de\/news\/selbst-gebastelte-herbstdeko-schoene-gruesse-vom-herbst\/\" \/>\n<meta property=\"og:locale\" content=\"de_DE\" \/>\n<meta property=\"og:type\" content=\"article\" \/>\n<meta property=\"og:title\" content=\"Selbst gebastelte Herbstdeko \u2013 sch\u00f6ne Gr\u00fc\u00dfe vom Herbst - Tafeldeko\" \/>\n<meta property=\"og:description\" content=\"Wie wir alle wissen, sind Dekorationen wundersch\u00f6ne M\u00f6glichkeiten, Akzente zu setzen. Ob man nun den Wohn- oder Eingangsbereich oder das B\u00fcro am Arbeitsplatz oder im Unternehmen mit wundersch\u00f6nen Dekorationen versch\u00f6nert, spielt keine gro\u00dfe Rolle. Denn eines ist klar: ganz gleich, wo die Deko platziert wird, sie verleiht jedem Raum, jedem M\u00f6belst\u00fcck und jedem Bereich einen ganz pers\u00f6nlichen und eigenen Stil.  Gerade im Herbst, wenn die Tage k\u00fcrzer werden, es drau\u00dfen trister und grauer ist, dann sind die Dekorationen ein Regenbogen f\u00fcr die Seele.  Wer gerne kreativ ist, kann nat\u00fcrlich die Herbstdeko selbst basteln oder gekaufte Elemente mit gebastelten Accessoires versch\u00f6nern. Vor allem bieten sich im Herbst viele M\u00f6glichkeiten, mit herbstlichen Naturmaterialien zu basteln und dekorieren.  Allein die herbstlich gef\u00e4rbten Bl\u00e4tter bieten eine sch\u00f6ne Kulisse. Beispielsweise kann ein Kranz aus herbstlichen Bl\u00e4ttern die Eingangst\u00fcr versch\u00f6nern. Daf\u00fcr sammeln Sie viele bunt gef\u00e4rbte Bl\u00e4tter und stecken diese ganz dicht auf einen Draht.\" \/>\n<meta property=\"og:url\" content=\"https:\/\/www.tafeldeko.de\/news\/selbst-gebastelte-herbstdeko-schoene-gruesse-vom-herbst\/\" \/>\n<meta property=\"og:site_name\" content=\"Tafeldeko\" \/>\n<meta property=\"article:publisher\" content=\"https:\/\/www.facebook.com\/pages\/Tafeldeko-einzigartige-Tischdekoration\/174202655894\" \/>\n<meta property=\"article:published_time\" content=\"2012-09-28T14:56:21+00:00\" \/>\n<meta name=\"author\" content=\"Christiane Stein\" \/>\n<meta name=\"twitter:label1\" content=\"Verfasst von\" \/>\n\t<meta name=\"twitter:data1\" content=\"Christiane Stein\" \/>\n\t<meta name=\"twitter:label2\" content=\"Gesch\u00e4tzte Lesezeit\" \/>\n\t<meta name=\"twitter:data2\" content=\"2 Minuten\" \/>\n<script type=\"application\/ld+json\" class=\"yoast-schema-graph\">{\"@context\":\"https:\/\/schema.org\",\"@graph\":[{\"@type\":\"WebPage\",\"@id\":\"https:\/\/www.tafeldeko.de\/news\/selbst-gebastelte-herbstdeko-schoene-gruesse-vom-herbst\/\",\"url\":\"https:\/\/www.tafeldeko.de\/news\/selbst-gebastelte-herbstdeko-schoene-gruesse-vom-herbst\/\",\"name\":\"Selbst gebastelte Herbstdeko \u2013 sch\u00f6ne Gr\u00fc\u00dfe vom Herbst - Tafeldeko\",\"isPartOf\":{\"@id\":\"https:\/\/www.tafeldeko.de\/news\/#website\"},\"datePublished\":\"2012-09-28T14:56:21+00:00\",\"dateModified\":\"2012-09-28T14:56:21+00:00\",\"author\":{\"@id\":\"https:\/\/www.tafeldeko.de\/news\/#\/schema\/person\/d2acd86447ed0b6336089a8ba83164a0\"},\"description\":\"Wie wir alle wissen, sind Dekorationen wundersch\u00f6ne M\u00f6glichkeiten, Akzente zu setzen. Ob man nun den Wohn- oder Eingangsbereich oder das B\u00fcro am Arbeitsplatz oder im Unternehmen mit wundersch\u00f6nen Dekorationen versch\u00f6nert, spielt keine gro\u00dfe Rolle. Denn eines ist klar: ganz gleich, wo die Deko platziert wird, sie verleiht jedem Raum, jedem M\u00f6belst\u00fcck und jedem Bereich einen ganz pers\u00f6nlichen und eigenen Stil. Gerade im Herbst, wenn die Tage k\u00fcrzer werden, es drau\u00dfen trister und grauer ist, dann sind die Dekorationen ein Regenbogen f\u00fcr die Seele. Wer gerne kreativ ist, kann nat\u00fcrlich die Herbstdeko selbst basteln oder gekaufte Elemente mit gebastelten Accessoires versch\u00f6nern. Vor allem bieten sich im Herbst viele M\u00f6glichkeiten, mit herbstlichen Naturmaterialien zu basteln und dekorieren. Allein die herbstlich gef\u00e4rbten Bl\u00e4tter bieten eine sch\u00f6ne Kulisse. Beispielsweise kann ein Kranz aus herbstlichen Bl\u00e4ttern die Eingangst\u00fcr versch\u00f6nern. Daf\u00fcr sammeln Sie viele bunt gef\u00e4rbte Bl\u00e4tter und stecken diese ganz dicht auf einen Draht.\",\"breadcrumb\":{\"@id\":\"https:\/\/www.tafeldeko.de\/news\/selbst-gebastelte-herbstdeko-schoene-gruesse-vom-herbst\/#breadcrumb\"},\"inLanguage\":\"de-DE\",\"potentialAction\":[{\"@type\":\"ReadAction\",\"target\":[\"https:\/\/www.tafeldeko.de\/news\/selbst-gebastelte-herbstdeko-schoene-gruesse-vom-herbst\/\"]}]},{\"@type\":\"BreadcrumbList\",\"@id\":\"https:\/\/www.tafeldeko.de\/news\/selbst-gebastelte-herbstdeko-schoene-gruesse-vom-herbst\/#breadcrumb\",\"itemListElement\":[{\"@type\":\"ListItem\",\"position\":1,\"name\":\"Tafeldeko\",\"item\":\"https:\/\/www.tafeldeko.de\/news\/\"},{\"@type\":\"ListItem\",\"position\":2,\"name\":\"Alte Beitr\u00e4ge\",\"item\":\"https:\/\/www.tafeldeko.de\/news\/alte-beitraege\/\"},{\"@type\":\"ListItem\",\"position\":3,\"name\":\"Tischdeko - Blog\",\"item\":\"https:\/\/www.tafeldeko.de\/news\/alte-beitraege\/tischdeko-blog\/\"},{\"@type\":\"ListItem\",\"position\":4,\"name\":\"Selbst gebastelte Herbstdeko \u2013 sch\u00f6ne Gr\u00fc\u00dfe vom Herbst\"}]},{\"@type\":\"WebSite\",\"@id\":\"https:\/\/www.tafeldeko.de\/news\/#website\",\"url\":\"https:\/\/www.tafeldeko.de\/news\/\",\"name\":\"Tafeldeko\",\"description\":\"Blog mit Tischdeko und Tischdekoration Ideen\",\"potentialAction\":[{\"@type\":\"SearchAction\",\"target\":{\"@type\":\"EntryPoint\",\"urlTemplate\":\"https:\/\/www.tafeldeko.de\/news\/?s={search_term_string}\"},\"query-input\":\"required name=search_term_string\"}],\"inLanguage\":\"de-DE\"},{\"@type\":\"Person\",\"@id\":\"https:\/\/www.tafeldeko.de\/news\/#\/schema\/person\/d2acd86447ed0b6336089a8ba83164a0\",\"name\":\"Christiane Stein\",\"image\":{\"@type\":\"ImageObject\",\"inLanguage\":\"de-DE\",\"@id\":\"https:\/\/www.tafeldeko.de\/news\/#\/schema\/person\/image\/\",\"url\":\"https:\/\/secure.gravatar.com\/avatar\/2054729fbfd1ebc9d3cf1fd55361d0b6?s=96&d=mm&r=g\",\"contentUrl\":\"https:\/\/secure.gravatar.com\/avatar\/2054729fbfd1ebc9d3cf1fd55361d0b6?s=96&d=mm&r=g\",\"caption\":\"Christiane Stein\"}}]}<\/script>\n<!-- \/ Yoast SEO plugin. -->","yoast_head_json":{"title":"Selbst gebastelte Herbstdeko \u2013 sch\u00f6ne Gr\u00fc\u00dfe vom Herbst - Tafeldeko","description":"Wie wir alle wissen, sind Dekorationen wundersch\u00f6ne M\u00f6glichkeiten, Akzente zu setzen. Ob man nun den Wohn- oder Eingangsbereich oder das B\u00fcro am Arbeitsplatz oder im Unternehmen mit wundersch\u00f6nen Dekorationen versch\u00f6nert, spielt keine gro\u00dfe Rolle. Denn eines ist klar: ganz gleich, wo die Deko platziert wird, sie verleiht jedem Raum, jedem M\u00f6belst\u00fcck und jedem Bereich einen ganz pers\u00f6nlichen und eigenen Stil.  Gerade im Herbst, wenn die Tage k\u00fcrzer werden, es drau\u00dfen trister und grauer ist, dann sind die Dekorationen ein Regenbogen f\u00fcr die Seele.  Wer gerne kreativ ist, kann nat\u00fcrlich die Herbstdeko selbst basteln oder gekaufte Elemente mit gebastelten Accessoires versch\u00f6nern. Vor allem bieten sich im Herbst viele M\u00f6glichkeiten, mit herbstlichen Naturmaterialien zu basteln und dekorieren.  Allein die herbstlich gef\u00e4rbten Bl\u00e4tter bieten eine sch\u00f6ne Kulisse. Beispielsweise kann ein Kranz aus herbstlichen Bl\u00e4ttern die Eingangst\u00fcr versch\u00f6nern. Daf\u00fcr sammeln Sie viele bunt gef\u00e4rbte Bl\u00e4tter und stecken diese ganz dicht auf einen Draht.","robots":{"index":"index","follow":"follow","max-snippet":"max-snippet:-1","max-image-preview":"max-image-preview:large","max-video-preview":"max-video-preview:-1"},"canonical":"https:\/\/www.tafeldeko.de\/news\/selbst-gebastelte-herbstdeko-schoene-gruesse-vom-herbst\/","og_locale":"de_DE","og_type":"article","og_title":"Selbst gebastelte Herbstdeko \u2013 sch\u00f6ne Gr\u00fc\u00dfe vom Herbst - Tafeldeko","og_description":"Wie wir alle wissen, sind Dekorationen wundersch\u00f6ne M\u00f6glichkeiten, Akzente zu setzen. Ob man nun den Wohn- oder Eingangsbereich oder das B\u00fcro am Arbeitsplatz oder im Unternehmen mit wundersch\u00f6nen Dekorationen versch\u00f6nert, spielt keine gro\u00dfe Rolle. Denn eines ist klar: ganz gleich, wo die Deko platziert wird, sie verleiht jedem Raum, jedem M\u00f6belst\u00fcck und jedem Bereich einen ganz pers\u00f6nlichen und eigenen Stil.  Gerade im Herbst, wenn die Tage k\u00fcrzer werden, es drau\u00dfen trister und grauer ist, dann sind die Dekorationen ein Regenbogen f\u00fcr die Seele.  Wer gerne kreativ ist, kann nat\u00fcrlich die Herbstdeko selbst basteln oder gekaufte Elemente mit gebastelten Accessoires versch\u00f6nern. Vor allem bieten sich im Herbst viele M\u00f6glichkeiten, mit herbstlichen Naturmaterialien zu basteln und dekorieren.  Allein die herbstlich gef\u00e4rbten Bl\u00e4tter bieten eine sch\u00f6ne Kulisse. Beispielsweise kann ein Kranz aus herbstlichen Bl\u00e4ttern die Eingangst\u00fcr versch\u00f6nern. Daf\u00fcr sammeln Sie viele bunt gef\u00e4rbte Bl\u00e4tter und stecken diese ganz dicht auf einen Draht.","og_url":"https:\/\/www.tafeldeko.de\/news\/selbst-gebastelte-herbstdeko-schoene-gruesse-vom-herbst\/","og_site_name":"Tafeldeko","article_publisher":"https:\/\/www.facebook.com\/pages\/Tafeldeko-einzigartige-Tischdekoration\/174202655894","article_published_time":"2012-09-28T14:56:21+00:00","author":"Christiane Stein","twitter_misc":{"Verfasst von":"Christiane Stein","Gesch\u00e4tzte Lesezeit":"2 Minuten"},"schema":{"@context":"https:\/\/schema.org","@graph":[{"@type":"WebPage","@id":"https:\/\/www.tafeldeko.de\/news\/selbst-gebastelte-herbstdeko-schoene-gruesse-vom-herbst\/","url":"https:\/\/www.tafeldeko.de\/news\/selbst-gebastelte-herbstdeko-schoene-gruesse-vom-herbst\/","name":"Selbst gebastelte Herbstdeko \u2013 sch\u00f6ne Gr\u00fc\u00dfe vom Herbst - Tafeldeko","isPartOf":{"@id":"https:\/\/www.tafeldeko.de\/news\/#website"},"datePublished":"2012-09-28T14:56:21+00:00","dateModified":"2012-09-28T14:56:21+00:00","author":{"@id":"https:\/\/www.tafeldeko.de\/news\/#\/schema\/person\/d2acd86447ed0b6336089a8ba83164a0"},"description":"Wie wir alle wissen, sind Dekorationen wundersch\u00f6ne M\u00f6glichkeiten, Akzente zu setzen. Ob man nun den Wohn- oder Eingangsbereich oder das B\u00fcro am Arbeitsplatz oder im Unternehmen mit wundersch\u00f6nen Dekorationen versch\u00f6nert, spielt keine gro\u00dfe Rolle. Denn eines ist klar: ganz gleich, wo die Deko platziert wird, sie verleiht jedem Raum, jedem M\u00f6belst\u00fcck und jedem Bereich einen ganz pers\u00f6nlichen und eigenen Stil. Gerade im Herbst, wenn die Tage k\u00fcrzer werden, es drau\u00dfen trister und grauer ist, dann sind die Dekorationen ein Regenbogen f\u00fcr die Seele. Wer gerne kreativ ist, kann nat\u00fcrlich die Herbstdeko selbst basteln oder gekaufte Elemente mit gebastelten Accessoires versch\u00f6nern. Vor allem bieten sich im Herbst viele M\u00f6glichkeiten, mit herbstlichen Naturmaterialien zu basteln und dekorieren. Allein die herbstlich gef\u00e4rbten Bl\u00e4tter bieten eine sch\u00f6ne Kulisse. Beispielsweise kann ein Kranz aus herbstlichen Bl\u00e4ttern die Eingangst\u00fcr versch\u00f6nern. Daf\u00fcr sammeln Sie viele bunt gef\u00e4rbte Bl\u00e4tter und stecken diese ganz dicht auf einen Draht.","breadcrumb":{"@id":"https:\/\/www.tafeldeko.de\/news\/selbst-gebastelte-herbstdeko-schoene-gruesse-vom-herbst\/#breadcrumb"},"inLanguage":"de-DE","potentialAction":[{"@type":"ReadAction","target":["https:\/\/www.tafeldeko.de\/news\/selbst-gebastelte-herbstdeko-schoene-gruesse-vom-herbst\/"]}]},{"@type":"BreadcrumbList","@id":"https:\/\/www.tafeldeko.de\/news\/selbst-gebastelte-herbstdeko-schoene-gruesse-vom-herbst\/#breadcrumb","itemListElement":[{"@type":"ListItem","position":1,"name":"Tafeldeko","item":"https:\/\/www.tafeldeko.de\/news\/"},{"@type":"ListItem","position":2,"name":"Alte Beitr\u00e4ge","item":"https:\/\/www.tafeldeko.de\/news\/alte-beitraege\/"},{"@type":"ListItem","position":3,"name":"Tischdeko - Blog","item":"https:\/\/www.tafeldeko.de\/news\/alte-beitraege\/tischdeko-blog\/"},{"@type":"ListItem","position":4,"name":"Selbst gebastelte Herbstdeko \u2013 sch\u00f6ne Gr\u00fc\u00dfe vom Herbst"}]},{"@type":"WebSite","@id":"https:\/\/www.tafeldeko.de\/news\/#website","url":"https:\/\/www.tafeldeko.de\/news\/","name":"Tafeldeko","description":"Blog mit Tischdeko und Tischdekoration Ideen","potentialAction":[{"@type":"SearchAction","target":{"@type":"EntryPoint","urlTemplate":"https:\/\/www.tafeldeko.de\/news\/?s={search_term_string}"},"query-input":"required name=search_term_string"}],"inLanguage":"de-DE"},{"@type":"Person","@id":"https:\/\/www.tafeldeko.de\/news\/#\/schema\/person\/d2acd86447ed0b6336089a8ba83164a0","name":"Christiane Stein","image":{"@type":"ImageObject","inLanguage":"de-DE","@id":"https:\/\/www.tafeldeko.de\/news\/#\/schema\/person\/image\/","url":"https:\/\/secure.gravatar.com\/avatar\/2054729fbfd1ebc9d3cf1fd55361d0b6?s=96&d=mm&r=g","contentUrl":"https:\/\/secure.gravatar.com\/avatar\/2054729fbfd1ebc9d3cf1fd55361d0b6?s=96&d=mm&r=g","caption":"Christiane Stein"}}]}},"_links":{"self":[{"href":"https:\/\/www.tafeldeko.de\/news\/wp-json\/wp\/v2\/posts\/3619"}],"collection":[{"href":"https:\/\/www.tafeldeko.de\/news\/wp-json\/wp\/v2\/posts"}],"about":[{"href":"https:\/\/www.tafeldeko.de\/news\/wp-json\/wp\/v2\/types\/post"}],"author":[{"embeddable":true,"href":"https:\/\/www.tafeldeko.de\/news\/wp-json\/wp\/v2\/users\/2"}],"replies":[{"embeddable":true,"href":"https:\/\/www.tafeldeko.de\/news\/wp-json\/wp\/v2\/comments?post=3619"}],"version-history":[{"count":0,"href":"https:\/\/www.tafeldeko.de\/news\/wp-json\/wp\/v2\/posts\/3619\/revisions"}],"wp:attachment":[{"href":"https:\/\/www.tafeldeko.de\/news\/wp-json\/wp\/v2\/media?parent=3619"}],"wp:term":[{"taxonomy":"category","embeddable":true,"href":"https:\/\/www.tafeldeko.de\/news\/wp-json\/wp\/v2\/categories?post=3619"},{"taxonomy":"post_tag","embeddable":true,"href":"https:\/\/www.tafeldeko.de\/news\/wp-json\/wp\/v2\/tags?post=3619"}],"curies":[{"name":"wp","href":"https:\/\/api.w.org\/{rel}","templated":true}]}}