{"id":3606,"date":"2011-12-04T13:47:03","date_gmt":"2011-12-04T11:47:03","guid":{"rendered":"http:\/\/www.tafeldeko.de\/news\/?p=3606"},"modified":"2011-12-04T13:47:03","modified_gmt":"2011-12-04T11:47:03","slug":"weihnachtliche-deko-fuer-kinder-mit-dem-schneemann-jonny","status":"publish","type":"post","link":"https:\/\/www.tafeldeko.de\/news\/weihnachtliche-deko-fuer-kinder-mit-dem-schneemann-jonny\/","title":{"rendered":"Weihnachtliche Deko f\u00fcr Kinder mit dem Schneemann Jonny"},"content":{"rendered":"<div class=\"textumfliessenrechts\"><img decoding=\"async\" loading=\"lazy\" src=\"https:\/\/www.tafeldeko.de\/news\/media\/users\/schnurchristian\/schneemann_jonny.jpg\" alt=\"Schneemann Jonny\" title=\"Schneemann Jonny\" width=\"143\" height=\"238\" \/><br \/><a href=\"https:\/\/www.tafeldeko.de\/product_info.php\/products_id\/6580_Schneemann--Jonny-.html\" title=\"Schneemann Jonny\"><b>Schneemann Jonny<\/b><\/a><\/div>\n<p> <b>Weihnachten <\/b>\u2013 das Fest der Liebe, das Fest der Familie.<br \/>\nGerade f\u00fcr Familien mit Kind oder Kindern ist das Weihnachtsfest immer wieder etwas Sch\u00f6nes. Man trifft sich beispielsweise an Heiligabend zu Hause, isst etwas Leckeres und im Anschluss an das Essen findet die Bescherung statt. Vielleicht hat man noch im Vorfeld die Nachmittagsmesse besucht, und sich schon so langsam auf Weihnachten und den Heiligabend eingestimmt.<br \/>\nGerade mit Kind oder Kindern spielt die weihnachtliche Deko eine ganz wichtige Rolle. Kinder lieben es, zu dekorieren und vor allen Dingen selbst gebastelte Dekorationen aufzuh\u00e4ngen oder aufzustellen.<br \/>\nSch\u00f6ne <b>Dekorationsm\u00f6glichkeiten <\/b>bieten beispielsweise Weihnachtsteller. Sie sind nicht nur zum Servieren von Pl\u00e4tzchen geeignet, sondern auch zum Dekorieren. Weihnachtsteller gibt es in verschiedenen Formen und Farben und so kann man bereits beim Kauf schauen, dass der Teller zur Farbe der <b>Weihnachtsdeko <\/b>passt.<br \/>\nDieser Teller kann nach Belieben dekoriert werden, ob mit oder ohne Naturmaterialien, mit oder ohne <b><a href=\"https:\/\/www.tafeldeko.de\/index.php\/cat\/c626_Weihnacht-Kerzen---Gl%C3%A4ser.html\" title=\"Kerzen\">Kerzen<\/a><\/b>. Weihnachtliche Figuren geben dem Teller das gewisse Etwas und sind bei den Kids sehr beliebt \u2013 so auch der Schneemann \u201eJonny\u201c, der sich mit einem Schneeball und einem L\u00e4cheln im Gesicht pr\u00e4sentiert.<br \/>\nDieser Schneemann, beispielsweise auf Tannen dekoriert, die mit Dekoschnee oder Spr\u00fchschnee einen <b>winterlichen Touch<\/b> erhalten haben, sieht sehr sch\u00f6n aus und vermittelt mit seinem L\u00e4cheln Fr\u00f6hlichkeit.<br \/>\nKinder werden diesen Schneemann \u201eJonny\u201c lieben und ihn in viele verschiedene Dekorationen einbinden wollen. Auf dem Kerzenteller, bei der <b><a href=\"https:\/\/www.tafeldeko.de\/index.php\/cat\/c48_Tischdeko-Weihnachten.html\" title=\"Tischdeko\">Tischdeko<\/a><\/b> am Heiligabend oder auf der Fensterbank mit weiteren weihnachtlichen Figuren kann sich der Schneemann \u201eJonny\u201c sehen lassen.<br \/>\nUnd ist Weihnachten vorbei und der Winter noch da, kann \u201eJonny\u201c noch stehen bleiben, bis der Fr\u00fchling naht.<br \/>\nWeihnachtliche Dekorationen f\u00fcr Kinder haben einen hohen Stellenwert und wenn Kinder im Haus sind, darf die Weihnachtsdeko auf jeden Fall kindlich und kindgerecht ausgestattet sein. <\/p>\n","protected":false},"excerpt":{"rendered":"<p>Weihnachten \u2013 das Fest der Liebe, das Fest der Familie.<br \/>\nGerade f\u00fcr Familien mit Kind oder Kindern ist das Weihnachtsfest immer wieder etwas Sch\u00f6nes. Man trifft sich beispielsweise an Heiligabend zu Hause, isst etwas Leckeres und im Anschluss an das Essen findet die Bescherung statt. Vielleicht hat man noch im Vorfeld die Nachmittagsmesse besucht, und sich schon so langsam auf Weihnachten und den Heiligabend eingestimmt.<br \/>\nGerade mit Kind oder Kindern spielt die weihnachtliche Deko eine ganz wichtige Rolle. Kinder lieben es, zu dekorieren und vor allen Dingen selbst gebastelte Dekorationen aufzuh\u00e4ngen oder aufzustellen.<\/p>\n","protected":false},"author":2,"featured_media":3607,"comment_status":"open","ping_status":"open","sticky":false,"template":"","format":"standard","meta":{"footnotes":""},"categories":[1],"tags":[],"yoast_head":"<!-- This site is optimized with the Yoast SEO plugin v20.4 - https:\/\/yoast.com\/wordpress\/plugins\/seo\/ -->\n<title>Weihnachtliche Deko f\u00fcr Kinder mit dem Schneemann Jonny - Tafeldeko<\/title>\n<meta name=\"description\" content=\"Weihnachtliche Dekorationen f&#xFC;r Kinder haben einen hohen Stellenwert und wenn Kinder im Haus sind, darf die Weihnachtsdeko auf jeden Fall kindlich sein.\" \/>\n<meta name=\"robots\" content=\"index, follow, max-snippet:-1, max-image-preview:large, max-video-preview:-1\" \/>\n<link rel=\"canonical\" href=\"https:\/\/www.tafeldeko.de\/news\/weihnachtliche-deko-fuer-kinder-mit-dem-schneemann-jonny\/\" \/>\n<meta property=\"og:locale\" content=\"de_DE\" \/>\n<meta property=\"og:type\" content=\"article\" \/>\n<meta property=\"og:title\" content=\"Weihnachtliche Deko f\u00fcr Kinder mit dem Schneemann Jonny - Tafeldeko\" \/>\n<meta property=\"og:description\" content=\"Weihnachtliche Dekorationen f&#xFC;r Kinder haben einen hohen Stellenwert und wenn Kinder im Haus sind, darf die Weihnachtsdeko auf jeden Fall kindlich sein.\" \/>\n<meta property=\"og:url\" content=\"https:\/\/www.tafeldeko.de\/news\/weihnachtliche-deko-fuer-kinder-mit-dem-schneemann-jonny\/\" \/>\n<meta property=\"og:site_name\" content=\"Tafeldeko\" \/>\n<meta property=\"article:publisher\" content=\"https:\/\/www.facebook.com\/pages\/Tafeldeko-einzigartige-Tischdekoration\/174202655894\" \/>\n<meta property=\"article:published_time\" content=\"2011-12-04T11:47:03+00:00\" \/>\n<meta property=\"og:image\" content=\"https:\/\/www.tafeldeko.de\/news\/wp-content\/uploads\/2014\/09\/schneemann_jonny.jpg\" \/>\n\t<meta property=\"og:image:width\" content=\"143\" \/>\n\t<meta property=\"og:image:height\" content=\"238\" \/>\n\t<meta property=\"og:image:type\" content=\"image\/jpeg\" \/>\n<meta name=\"author\" content=\"Christiane Stein\" \/>\n<meta name=\"twitter:label1\" content=\"Verfasst von\" \/>\n\t<meta name=\"twitter:data1\" content=\"Christiane Stein\" \/>\n\t<meta name=\"twitter:label2\" content=\"Gesch\u00e4tzte Lesezeit\" \/>\n\t<meta name=\"twitter:data2\" content=\"2 Minuten\" \/>\n<script type=\"application\/ld+json\" class=\"yoast-schema-graph\">{\"@context\":\"https:\/\/schema.org\",\"@graph\":[{\"@type\":\"WebPage\",\"@id\":\"https:\/\/www.tafeldeko.de\/news\/weihnachtliche-deko-fuer-kinder-mit-dem-schneemann-jonny\/\",\"url\":\"https:\/\/www.tafeldeko.de\/news\/weihnachtliche-deko-fuer-kinder-mit-dem-schneemann-jonny\/\",\"name\":\"Weihnachtliche Deko f\u00fcr Kinder mit dem Schneemann Jonny - Tafeldeko\",\"isPartOf\":{\"@id\":\"https:\/\/www.tafeldeko.de\/news\/#website\"},\"datePublished\":\"2011-12-04T11:47:03+00:00\",\"dateModified\":\"2011-12-04T11:47:03+00:00\",\"author\":{\"@id\":\"https:\/\/www.tafeldeko.de\/news\/#\/schema\/person\/d2acd86447ed0b6336089a8ba83164a0\"},\"description\":\"Weihnachtliche Dekorationen f&#xFC;r Kinder haben einen hohen Stellenwert und wenn Kinder im Haus sind, darf die Weihnachtsdeko auf jeden Fall kindlich sein.\",\"breadcrumb\":{\"@id\":\"https:\/\/www.tafeldeko.de\/news\/weihnachtliche-deko-fuer-kinder-mit-dem-schneemann-jonny\/#breadcrumb\"},\"inLanguage\":\"de-DE\",\"potentialAction\":[{\"@type\":\"ReadAction\",\"target\":[\"https:\/\/www.tafeldeko.de\/news\/weihnachtliche-deko-fuer-kinder-mit-dem-schneemann-jonny\/\"]}]},{\"@type\":\"BreadcrumbList\",\"@id\":\"https:\/\/www.tafeldeko.de\/news\/weihnachtliche-deko-fuer-kinder-mit-dem-schneemann-jonny\/#breadcrumb\",\"itemListElement\":[{\"@type\":\"ListItem\",\"position\":1,\"name\":\"Tafeldeko\",\"item\":\"https:\/\/www.tafeldeko.de\/news\/\"},{\"@type\":\"ListItem\",\"position\":2,\"name\":\"Alte Beitr\u00e4ge\",\"item\":\"https:\/\/www.tafeldeko.de\/news\/alte-beitraege\/\"},{\"@type\":\"ListItem\",\"position\":3,\"name\":\"Tischdeko - Blog\",\"item\":\"https:\/\/www.tafeldeko.de\/news\/alte-beitraege\/tischdeko-blog\/\"},{\"@type\":\"ListItem\",\"position\":4,\"name\":\"Weihnachtliche Deko f\u00fcr Kinder mit dem Schneemann Jonny\"}]},{\"@type\":\"WebSite\",\"@id\":\"https:\/\/www.tafeldeko.de\/news\/#website\",\"url\":\"https:\/\/www.tafeldeko.de\/news\/\",\"name\":\"Tafeldeko\",\"description\":\"Blog mit Tischdeko und Tischdekoration Ideen\",\"potentialAction\":[{\"@type\":\"SearchAction\",\"target\":{\"@type\":\"EntryPoint\",\"urlTemplate\":\"https:\/\/www.tafeldeko.de\/news\/?s={search_term_string}\"},\"query-input\":\"required name=search_term_string\"}],\"inLanguage\":\"de-DE\"},{\"@type\":\"Person\",\"@id\":\"https:\/\/www.tafeldeko.de\/news\/#\/schema\/person\/d2acd86447ed0b6336089a8ba83164a0\",\"name\":\"Christiane Stein\",\"image\":{\"@type\":\"ImageObject\",\"inLanguage\":\"de-DE\",\"@id\":\"https:\/\/www.tafeldeko.de\/news\/#\/schema\/person\/image\/\",\"url\":\"https:\/\/secure.gravatar.com\/avatar\/2054729fbfd1ebc9d3cf1fd55361d0b6?s=96&d=mm&r=g\",\"contentUrl\":\"https:\/\/secure.gravatar.com\/avatar\/2054729fbfd1ebc9d3cf1fd55361d0b6?s=96&d=mm&r=g\",\"caption\":\"Christiane Stein\"}}]}<\/script>\n<!-- \/ Yoast SEO plugin. -->","yoast_head_json":{"title":"Weihnachtliche Deko f\u00fcr Kinder mit dem Schneemann Jonny - Tafeldeko","description":"Weihnachtliche Dekorationen f&#xFC;r Kinder haben einen hohen Stellenwert und wenn Kinder im Haus sind, darf die Weihnachtsdeko auf jeden Fall kindlich sein.","robots":{"index":"index","follow":"follow","max-snippet":"max-snippet:-1","max-image-preview":"max-image-preview:large","max-video-preview":"max-video-preview:-1"},"canonical":"https:\/\/www.tafeldeko.de\/news\/weihnachtliche-deko-fuer-kinder-mit-dem-schneemann-jonny\/","og_locale":"de_DE","og_type":"article","og_title":"Weihnachtliche Deko f\u00fcr Kinder mit dem Schneemann Jonny - Tafeldeko","og_description":"Weihnachtliche Dekorationen f&#xFC;r Kinder haben einen hohen Stellenwert und wenn Kinder im Haus sind, darf die Weihnachtsdeko auf jeden Fall kindlich sein.","og_url":"https:\/\/www.tafeldeko.de\/news\/weihnachtliche-deko-fuer-kinder-mit-dem-schneemann-jonny\/","og_site_name":"Tafeldeko","article_publisher":"https:\/\/www.facebook.com\/pages\/Tafeldeko-einzigartige-Tischdekoration\/174202655894","article_published_time":"2011-12-04T11:47:03+00:00","og_image":[{"width":143,"height":238,"url":"https:\/\/www.tafeldeko.de\/news\/wp-content\/uploads\/2014\/09\/schneemann_jonny.jpg","type":"image\/jpeg"}],"author":"Christiane Stein","twitter_misc":{"Verfasst von":"Christiane Stein","Gesch\u00e4tzte Lesezeit":"2 Minuten"},"schema":{"@context":"https:\/\/schema.org","@graph":[{"@type":"WebPage","@id":"https:\/\/www.tafeldeko.de\/news\/weihnachtliche-deko-fuer-kinder-mit-dem-schneemann-jonny\/","url":"https:\/\/www.tafeldeko.de\/news\/weihnachtliche-deko-fuer-kinder-mit-dem-schneemann-jonny\/","name":"Weihnachtliche Deko f\u00fcr Kinder mit dem Schneemann Jonny - Tafeldeko","isPartOf":{"@id":"https:\/\/www.tafeldeko.de\/news\/#website"},"datePublished":"2011-12-04T11:47:03+00:00","dateModified":"2011-12-04T11:47:03+00:00","author":{"@id":"https:\/\/www.tafeldeko.de\/news\/#\/schema\/person\/d2acd86447ed0b6336089a8ba83164a0"},"description":"Weihnachtliche Dekorationen f&#xFC;r Kinder haben einen hohen Stellenwert und wenn Kinder im Haus sind, darf die Weihnachtsdeko auf jeden Fall kindlich sein.","breadcrumb":{"@id":"https:\/\/www.tafeldeko.de\/news\/weihnachtliche-deko-fuer-kinder-mit-dem-schneemann-jonny\/#breadcrumb"},"inLanguage":"de-DE","potentialAction":[{"@type":"ReadAction","target":["https:\/\/www.tafeldeko.de\/news\/weihnachtliche-deko-fuer-kinder-mit-dem-schneemann-jonny\/"]}]},{"@type":"BreadcrumbList","@id":"https:\/\/www.tafeldeko.de\/news\/weihnachtliche-deko-fuer-kinder-mit-dem-schneemann-jonny\/#breadcrumb","itemListElement":[{"@type":"ListItem","position":1,"name":"Tafeldeko","item":"https:\/\/www.tafeldeko.de\/news\/"},{"@type":"ListItem","position":2,"name":"Alte Beitr\u00e4ge","item":"https:\/\/www.tafeldeko.de\/news\/alte-beitraege\/"},{"@type":"ListItem","position":3,"name":"Tischdeko - Blog","item":"https:\/\/www.tafeldeko.de\/news\/alte-beitraege\/tischdeko-blog\/"},{"@type":"ListItem","position":4,"name":"Weihnachtliche Deko f\u00fcr Kinder mit dem Schneemann Jonny"}]},{"@type":"WebSite","@id":"https:\/\/www.tafeldeko.de\/news\/#website","url":"https:\/\/www.tafeldeko.de\/news\/","name":"Tafeldeko","description":"Blog mit Tischdeko und Tischdekoration Ideen","potentialAction":[{"@type":"SearchAction","target":{"@type":"EntryPoint","urlTemplate":"https:\/\/www.tafeldeko.de\/news\/?s={search_term_string}"},"query-input":"required name=search_term_string"}],"inLanguage":"de-DE"},{"@type":"Person","@id":"https:\/\/www.tafeldeko.de\/news\/#\/schema\/person\/d2acd86447ed0b6336089a8ba83164a0","name":"Christiane Stein","image":{"@type":"ImageObject","inLanguage":"de-DE","@id":"https:\/\/www.tafeldeko.de\/news\/#\/schema\/person\/image\/","url":"https:\/\/secure.gravatar.com\/avatar\/2054729fbfd1ebc9d3cf1fd55361d0b6?s=96&d=mm&r=g","contentUrl":"https:\/\/secure.gravatar.com\/avatar\/2054729fbfd1ebc9d3cf1fd55361d0b6?s=96&d=mm&r=g","caption":"Christiane Stein"}}]}},"_links":{"self":[{"href":"https:\/\/www.tafeldeko.de\/news\/wp-json\/wp\/v2\/posts\/3606"}],"collection":[{"href":"https:\/\/www.tafeldeko.de\/news\/wp-json\/wp\/v2\/posts"}],"about":[{"href":"https:\/\/www.tafeldeko.de\/news\/wp-json\/wp\/v2\/types\/post"}],"author":[{"embeddable":true,"href":"https:\/\/www.tafeldeko.de\/news\/wp-json\/wp\/v2\/users\/2"}],"replies":[{"embeddable":true,"href":"https:\/\/www.tafeldeko.de\/news\/wp-json\/wp\/v2\/comments?post=3606"}],"version-history":[{"count":0,"href":"https:\/\/www.tafeldeko.de\/news\/wp-json\/wp\/v2\/posts\/3606\/revisions"}],"wp:featuredmedia":[{"embeddable":true,"href":"https:\/\/www.tafeldeko.de\/news\/wp-json\/wp\/v2\/media\/3607"}],"wp:attachment":[{"href":"https:\/\/www.tafeldeko.de\/news\/wp-json\/wp\/v2\/media?parent=3606"}],"wp:term":[{"taxonomy":"category","embeddable":true,"href":"https:\/\/www.tafeldeko.de\/news\/wp-json\/wp\/v2\/categories?post=3606"},{"taxonomy":"post_tag","embeddable":true,"href":"https:\/\/www.tafeldeko.de\/news\/wp-json\/wp\/v2\/tags?post=3606"}],"curies":[{"name":"wp","href":"https:\/\/api.w.org\/{rel}","templated":true}]}}