{"id":3602,"date":"2011-12-02T21:48:39","date_gmt":"2011-12-02T19:48:39","guid":{"rendered":"http:\/\/www.tafeldeko.de\/news\/?p=3602"},"modified":"2011-12-02T21:48:39","modified_gmt":"2011-12-02T19:48:39","slug":"weihnachtliche-akzente-mit-den-filzsternen-in-rot-mit-ornamenten","status":"publish","type":"post","link":"https:\/\/www.tafeldeko.de\/news\/weihnachtliche-akzente-mit-den-filzsternen-in-rot-mit-ornamenten\/","title":{"rendered":"Weihnachtliche Akzente mit den Filzsternen in rot mit Ornamenten"},"content":{"rendered":"<div class=\"textumfliessenrechts\"><img decoding=\"async\" loading=\"lazy\" src=\"https:\/\/www.tafeldeko.de\/news\/media\/users\/schnurchristian\/Filzsterne.jpg\" alt=\"Filzsterne in rot\" title=\"Filzsterne in rot\" width=\"225\" height=\"225\" \/><br \/><a href=\"https:\/\/www.tafeldeko.de\/product_info.php\/products_id\/10070_12er-Pack-Weihnachtsstreu-Sterne-mit-Stoffbezug-in-braun.html\" title=\"Dekosterne Weihnachten\"><b>Dekosterne Weihnachten<\/b><\/a><\/div>\n<p> In wenigen Wochen ist <b>Weihnachten <\/b>und bei vielen ist die Zeit des Dekorierens noch nicht zu Ende. Beim Bummeln durch die St\u00e4dte, Gesch\u00e4fte und Einkaufszentren oder im Internet findet man oftmals noch viele Dekorationen, von denen man auf Anhieb angetan ist und eben der Meinung ist, dass sie zu der Deko, die man bereits zu Hause hat, passen. Und so kommt es, dass Jahr f\u00fcr Jahr der Bestand an Deko-Accessoires zunimmt, mal in dieser Farbe, mal in jener Farbe.<br \/>\nDoch mit einer Farbe geht man sozusagen nie fehl: dem klassischen Rot.<br \/>\nWeihnachtsdekorationen werden sehr h\u00e4ufig in der klassischen Variante in Rot ausgestattet, in Kombination mit Wei\u00df erh\u00e4lt man stets ein wundersch\u00f6nes Bild.<br \/>\nUnd vor allen Dingen: das Rot in der Weihnachtsdeko wird wohl nie unmodern. Rot wird immer ein fester Bestandteil der Weihnachtsdeko sein, w\u00e4hrend andere Farben wie Lila, Rosa oder auch andere Farbt\u00f6ne eine Saison Bestand haben und dann wieder out sind.<br \/>\nAuch Gold und Silber sind sozusagen die Farben, die in der Weihnachtsdeko oft ausgew\u00e4hlt werden. Auch im Zusammenspiel mit Rot sehen diese beiden Farben ebenfalls sehr edel aus, verleihen einer weihnachtlichen Dekorationen einen sch\u00f6nen Touch.<br \/>\nBei der <b><a href=\"https:\/\/www.tafeldeko.de\/index.php\/cat\/c48_Tischdeko-Weihnachten.html\" title=\"Tischdeko\">Tischdeko<\/a><\/b> zur Weihnachtszeit haben Rot, Gold und Silber ebenfalls Bestand und so erstrahlt mancher Tisch zur Weihnachtszeit in einer dieser Farben, oder eben in Kombination. M\u00f6chte man au\u00dfergew\u00f6hnliche Deko-Elemente in die Tischdeko einbringen, empfehlen wir die Filzsterne in rot mit Ornamenten in gold.<br \/>\nAls Streudekoteile passen sie zu der <b>Weihnachtsdekoration<\/b>, ob es sich nun um die Tischdeko f\u00fcr das Weihnachtsessen oder auf dem Wohnzimmertisch handelt, mit diesen Filzsternen werden <b>sch\u00f6ne Akzente <\/b>innerhalb der Deko eingebracht. Auch als Deko-Accessoires f\u00fcr den T\u00fcrkranz oder den Adventskranz sind diese Filzsterne hervorragend geeignet. Oder wie w\u00e4re es, wenn man die Filzsterne als eine Art Geschenkanh\u00e4nger verwendet, auf eine Seite den Namen des Empf\u00e4ngers darauf schreibt, f\u00fcr den das Weihnachtsgeschenk sein soll.<br \/>\nMit den Filzsternen in rot mit Ornamenten in gold bieten sich diverse Deko-M\u00f6glichkeiten und alle mit dem Ziel, eine ansprechende, weihnachtliche Deko zu erzielen. <\/p>\n","protected":false},"excerpt":{"rendered":"<p>In wenigen Wochen ist Weihnachten und bei vielen ist die Zeit des Dekorierens noch nicht zu Ende. Beim Bummeln durch die St\u00e4dte, Gesch\u00e4fte und Einkaufszentren oder im Internet findet man oftmals noch viele Dekorationen, von denen man auf Anhieb angetan ist und eben der Meinung ist, dass sie zu der Deko, die man bereits zu Hause hat, passen. Und so kommt es, dass Jahr f\u00fcr Jahr der Bestand an Deko-Accessoires zunimmt, mal in dieser Farbe, mal in jener Farbe.<br \/>\nDoch mit einer Farbe geht man sozusagen nie fehl: dem klassischen Rot.<br \/>\nWeihnachtsdekorationen werden sehr h\u00e4ufig in der klassischen Variante in Rot ausgestattet, in Kombination mit Wei\u00df erh\u00e4lt man stets ein wundersch\u00f6nes Bild.<\/p>\n","protected":false},"author":2,"featured_media":3603,"comment_status":"open","ping_status":"open","sticky":false,"template":"","format":"standard","meta":{"footnotes":""},"categories":[1],"tags":[],"yoast_head":"<!-- This site is optimized with the Yoast SEO plugin v20.4 - https:\/\/yoast.com\/wordpress\/plugins\/seo\/ -->\n<title>Weihnachtliche Akzente mit den Filzsternen in rot mit Ornamenten - Tafeldeko<\/title>\n<meta name=\"description\" content=\"Mit den Filzsternen in rot mit Ornamenten bieten sich diverse Deko-M&#xF6;glichkeiten und alle mit dem Ziel, eine ansprechende, weihnachtliche Deko zu erzielen.\" \/>\n<meta name=\"robots\" content=\"index, follow, max-snippet:-1, max-image-preview:large, max-video-preview:-1\" \/>\n<link rel=\"canonical\" href=\"https:\/\/www.tafeldeko.de\/news\/weihnachtliche-akzente-mit-den-filzsternen-in-rot-mit-ornamenten\/\" \/>\n<meta property=\"og:locale\" content=\"de_DE\" \/>\n<meta property=\"og:type\" content=\"article\" \/>\n<meta property=\"og:title\" content=\"Weihnachtliche Akzente mit den Filzsternen in rot mit Ornamenten - Tafeldeko\" \/>\n<meta property=\"og:description\" content=\"Mit den Filzsternen in rot mit Ornamenten bieten sich diverse Deko-M&#xF6;glichkeiten und alle mit dem Ziel, eine ansprechende, weihnachtliche Deko zu erzielen.\" \/>\n<meta property=\"og:url\" content=\"https:\/\/www.tafeldeko.de\/news\/weihnachtliche-akzente-mit-den-filzsternen-in-rot-mit-ornamenten\/\" \/>\n<meta property=\"og:site_name\" content=\"Tafeldeko\" \/>\n<meta property=\"article:publisher\" content=\"https:\/\/www.facebook.com\/pages\/Tafeldeko-einzigartige-Tischdekoration\/174202655894\" \/>\n<meta property=\"article:published_time\" content=\"2011-12-02T19:48:39+00:00\" \/>\n<meta property=\"og:image\" content=\"https:\/\/www.tafeldeko.de\/news\/wp-content\/uploads\/2014\/09\/Filzsterne.jpg\" \/>\n\t<meta property=\"og:image:width\" content=\"225\" \/>\n\t<meta property=\"og:image:height\" content=\"225\" \/>\n\t<meta property=\"og:image:type\" content=\"image\/jpeg\" \/>\n<meta name=\"author\" content=\"Christiane Stein\" \/>\n<meta name=\"twitter:label1\" content=\"Verfasst von\" \/>\n\t<meta name=\"twitter:data1\" content=\"Christiane Stein\" \/>\n\t<meta name=\"twitter:label2\" content=\"Gesch\u00e4tzte Lesezeit\" \/>\n\t<meta name=\"twitter:data2\" content=\"2 Minuten\" \/>\n<script type=\"application\/ld+json\" class=\"yoast-schema-graph\">{\"@context\":\"https:\/\/schema.org\",\"@graph\":[{\"@type\":\"WebPage\",\"@id\":\"https:\/\/www.tafeldeko.de\/news\/weihnachtliche-akzente-mit-den-filzsternen-in-rot-mit-ornamenten\/\",\"url\":\"https:\/\/www.tafeldeko.de\/news\/weihnachtliche-akzente-mit-den-filzsternen-in-rot-mit-ornamenten\/\",\"name\":\"Weihnachtliche Akzente mit den Filzsternen in rot mit Ornamenten - Tafeldeko\",\"isPartOf\":{\"@id\":\"https:\/\/www.tafeldeko.de\/news\/#website\"},\"datePublished\":\"2011-12-02T19:48:39+00:00\",\"dateModified\":\"2011-12-02T19:48:39+00:00\",\"author\":{\"@id\":\"https:\/\/www.tafeldeko.de\/news\/#\/schema\/person\/d2acd86447ed0b6336089a8ba83164a0\"},\"description\":\"Mit den Filzsternen in rot mit Ornamenten bieten sich diverse Deko-M&#xF6;glichkeiten und alle mit dem Ziel, eine ansprechende, weihnachtliche Deko zu erzielen.\",\"breadcrumb\":{\"@id\":\"https:\/\/www.tafeldeko.de\/news\/weihnachtliche-akzente-mit-den-filzsternen-in-rot-mit-ornamenten\/#breadcrumb\"},\"inLanguage\":\"de-DE\",\"potentialAction\":[{\"@type\":\"ReadAction\",\"target\":[\"https:\/\/www.tafeldeko.de\/news\/weihnachtliche-akzente-mit-den-filzsternen-in-rot-mit-ornamenten\/\"]}]},{\"@type\":\"BreadcrumbList\",\"@id\":\"https:\/\/www.tafeldeko.de\/news\/weihnachtliche-akzente-mit-den-filzsternen-in-rot-mit-ornamenten\/#breadcrumb\",\"itemListElement\":[{\"@type\":\"ListItem\",\"position\":1,\"name\":\"Tafeldeko\",\"item\":\"https:\/\/www.tafeldeko.de\/news\/\"},{\"@type\":\"ListItem\",\"position\":2,\"name\":\"Alte Beitr\u00e4ge\",\"item\":\"https:\/\/www.tafeldeko.de\/news\/alte-beitraege\/\"},{\"@type\":\"ListItem\",\"position\":3,\"name\":\"Tischdeko - Blog\",\"item\":\"https:\/\/www.tafeldeko.de\/news\/alte-beitraege\/tischdeko-blog\/\"},{\"@type\":\"ListItem\",\"position\":4,\"name\":\"Weihnachtliche Akzente mit den Filzsternen in rot mit Ornamenten\"}]},{\"@type\":\"WebSite\",\"@id\":\"https:\/\/www.tafeldeko.de\/news\/#website\",\"url\":\"https:\/\/www.tafeldeko.de\/news\/\",\"name\":\"Tafeldeko\",\"description\":\"Blog mit Tischdeko und Tischdekoration Ideen\",\"potentialAction\":[{\"@type\":\"SearchAction\",\"target\":{\"@type\":\"EntryPoint\",\"urlTemplate\":\"https:\/\/www.tafeldeko.de\/news\/?s={search_term_string}\"},\"query-input\":\"required name=search_term_string\"}],\"inLanguage\":\"de-DE\"},{\"@type\":\"Person\",\"@id\":\"https:\/\/www.tafeldeko.de\/news\/#\/schema\/person\/d2acd86447ed0b6336089a8ba83164a0\",\"name\":\"Christiane Stein\",\"image\":{\"@type\":\"ImageObject\",\"inLanguage\":\"de-DE\",\"@id\":\"https:\/\/www.tafeldeko.de\/news\/#\/schema\/person\/image\/\",\"url\":\"https:\/\/secure.gravatar.com\/avatar\/2054729fbfd1ebc9d3cf1fd55361d0b6?s=96&d=mm&r=g\",\"contentUrl\":\"https:\/\/secure.gravatar.com\/avatar\/2054729fbfd1ebc9d3cf1fd55361d0b6?s=96&d=mm&r=g\",\"caption\":\"Christiane Stein\"}}]}<\/script>\n<!-- \/ Yoast SEO plugin. -->","yoast_head_json":{"title":"Weihnachtliche Akzente mit den Filzsternen in rot mit Ornamenten - Tafeldeko","description":"Mit den Filzsternen in rot mit Ornamenten bieten sich diverse Deko-M&#xF6;glichkeiten und alle mit dem Ziel, eine ansprechende, weihnachtliche Deko zu erzielen.","robots":{"index":"index","follow":"follow","max-snippet":"max-snippet:-1","max-image-preview":"max-image-preview:large","max-video-preview":"max-video-preview:-1"},"canonical":"https:\/\/www.tafeldeko.de\/news\/weihnachtliche-akzente-mit-den-filzsternen-in-rot-mit-ornamenten\/","og_locale":"de_DE","og_type":"article","og_title":"Weihnachtliche Akzente mit den Filzsternen in rot mit Ornamenten - Tafeldeko","og_description":"Mit den Filzsternen in rot mit Ornamenten bieten sich diverse Deko-M&#xF6;glichkeiten und alle mit dem Ziel, eine ansprechende, weihnachtliche Deko zu erzielen.","og_url":"https:\/\/www.tafeldeko.de\/news\/weihnachtliche-akzente-mit-den-filzsternen-in-rot-mit-ornamenten\/","og_site_name":"Tafeldeko","article_publisher":"https:\/\/www.facebook.com\/pages\/Tafeldeko-einzigartige-Tischdekoration\/174202655894","article_published_time":"2011-12-02T19:48:39+00:00","og_image":[{"width":225,"height":225,"url":"https:\/\/www.tafeldeko.de\/news\/wp-content\/uploads\/2014\/09\/Filzsterne.jpg","type":"image\/jpeg"}],"author":"Christiane Stein","twitter_misc":{"Verfasst von":"Christiane Stein","Gesch\u00e4tzte Lesezeit":"2 Minuten"},"schema":{"@context":"https:\/\/schema.org","@graph":[{"@type":"WebPage","@id":"https:\/\/www.tafeldeko.de\/news\/weihnachtliche-akzente-mit-den-filzsternen-in-rot-mit-ornamenten\/","url":"https:\/\/www.tafeldeko.de\/news\/weihnachtliche-akzente-mit-den-filzsternen-in-rot-mit-ornamenten\/","name":"Weihnachtliche Akzente mit den Filzsternen in rot mit Ornamenten - Tafeldeko","isPartOf":{"@id":"https:\/\/www.tafeldeko.de\/news\/#website"},"datePublished":"2011-12-02T19:48:39+00:00","dateModified":"2011-12-02T19:48:39+00:00","author":{"@id":"https:\/\/www.tafeldeko.de\/news\/#\/schema\/person\/d2acd86447ed0b6336089a8ba83164a0"},"description":"Mit den Filzsternen in rot mit Ornamenten bieten sich diverse Deko-M&#xF6;glichkeiten und alle mit dem Ziel, eine ansprechende, weihnachtliche Deko zu erzielen.","breadcrumb":{"@id":"https:\/\/www.tafeldeko.de\/news\/weihnachtliche-akzente-mit-den-filzsternen-in-rot-mit-ornamenten\/#breadcrumb"},"inLanguage":"de-DE","potentialAction":[{"@type":"ReadAction","target":["https:\/\/www.tafeldeko.de\/news\/weihnachtliche-akzente-mit-den-filzsternen-in-rot-mit-ornamenten\/"]}]},{"@type":"BreadcrumbList","@id":"https:\/\/www.tafeldeko.de\/news\/weihnachtliche-akzente-mit-den-filzsternen-in-rot-mit-ornamenten\/#breadcrumb","itemListElement":[{"@type":"ListItem","position":1,"name":"Tafeldeko","item":"https:\/\/www.tafeldeko.de\/news\/"},{"@type":"ListItem","position":2,"name":"Alte Beitr\u00e4ge","item":"https:\/\/www.tafeldeko.de\/news\/alte-beitraege\/"},{"@type":"ListItem","position":3,"name":"Tischdeko - Blog","item":"https:\/\/www.tafeldeko.de\/news\/alte-beitraege\/tischdeko-blog\/"},{"@type":"ListItem","position":4,"name":"Weihnachtliche Akzente mit den Filzsternen in rot mit Ornamenten"}]},{"@type":"WebSite","@id":"https:\/\/www.tafeldeko.de\/news\/#website","url":"https:\/\/www.tafeldeko.de\/news\/","name":"Tafeldeko","description":"Blog mit Tischdeko und Tischdekoration Ideen","potentialAction":[{"@type":"SearchAction","target":{"@type":"EntryPoint","urlTemplate":"https:\/\/www.tafeldeko.de\/news\/?s={search_term_string}"},"query-input":"required name=search_term_string"}],"inLanguage":"de-DE"},{"@type":"Person","@id":"https:\/\/www.tafeldeko.de\/news\/#\/schema\/person\/d2acd86447ed0b6336089a8ba83164a0","name":"Christiane Stein","image":{"@type":"ImageObject","inLanguage":"de-DE","@id":"https:\/\/www.tafeldeko.de\/news\/#\/schema\/person\/image\/","url":"https:\/\/secure.gravatar.com\/avatar\/2054729fbfd1ebc9d3cf1fd55361d0b6?s=96&d=mm&r=g","contentUrl":"https:\/\/secure.gravatar.com\/avatar\/2054729fbfd1ebc9d3cf1fd55361d0b6?s=96&d=mm&r=g","caption":"Christiane Stein"}}]}},"_links":{"self":[{"href":"https:\/\/www.tafeldeko.de\/news\/wp-json\/wp\/v2\/posts\/3602"}],"collection":[{"href":"https:\/\/www.tafeldeko.de\/news\/wp-json\/wp\/v2\/posts"}],"about":[{"href":"https:\/\/www.tafeldeko.de\/news\/wp-json\/wp\/v2\/types\/post"}],"author":[{"embeddable":true,"href":"https:\/\/www.tafeldeko.de\/news\/wp-json\/wp\/v2\/users\/2"}],"replies":[{"embeddable":true,"href":"https:\/\/www.tafeldeko.de\/news\/wp-json\/wp\/v2\/comments?post=3602"}],"version-history":[{"count":0,"href":"https:\/\/www.tafeldeko.de\/news\/wp-json\/wp\/v2\/posts\/3602\/revisions"}],"wp:featuredmedia":[{"embeddable":true,"href":"https:\/\/www.tafeldeko.de\/news\/wp-json\/wp\/v2\/media\/3603"}],"wp:attachment":[{"href":"https:\/\/www.tafeldeko.de\/news\/wp-json\/wp\/v2\/media?parent=3602"}],"wp:term":[{"taxonomy":"category","embeddable":true,"href":"https:\/\/www.tafeldeko.de\/news\/wp-json\/wp\/v2\/categories?post=3602"},{"taxonomy":"post_tag","embeddable":true,"href":"https:\/\/www.tafeldeko.de\/news\/wp-json\/wp\/v2\/tags?post=3602"}],"curies":[{"name":"wp","href":"https:\/\/api.w.org\/{rel}","templated":true}]}}