{"id":3590,"date":"2011-11-25T16:12:47","date_gmt":"2011-11-25T14:12:47","guid":{"rendered":"http:\/\/www.tafeldeko.de\/news\/?p=3590"},"modified":"2011-11-25T16:12:47","modified_gmt":"2011-11-25T14:12:47","slug":"schoene-tischdeko-in-gruen-und-braun-mit-duni-natural-flair","status":"publish","type":"post","link":"https:\/\/www.tafeldeko.de\/news\/schoene-tischdeko-in-gruen-und-braun-mit-duni-natural-flair\/","title":{"rendered":"Sch\u00f6ne Tischdeko in gr\u00fcn und braun mit Duni Natural Flair"},"content":{"rendered":"<div class=\"textumfliessenrechts\"><img decoding=\"async\" loading=\"lazy\" src=\"https:\/\/www.tafeldeko.de\/news\/media\/users\/schnurchristian\/duni_natural_flair.jpg\" alt=\"Duni Natural Flair\" title=\"Duni Natural Flair\" width=\"250\" height=\"175\" \/><br \/><a href=\"https:\/\/www.tafeldeko.de\/index.php\/cat\/c873_Natural-Flair.html\" title=\"Duni Themenwelt\"><b>Duni Themenwelt<\/b><\/a><\/div>\n<p> Tischdekorationen sind immer wieder gefragt. Ganz gleich, ob man die Tischdeko bei der Geburtstagsfeier, bei der Hochzeit, der Taufe, der Kommunion oder Konfirmation ben\u00f6tigt \u2013 sie sollte ansprechend und sch\u00f6n gestaltet sein.<br \/>\nBei den Tischdekorationen gibt es gro\u00dfe Unterschiede in der Ausstattung an sich. Schlichte Dekorationen des Tisches sind ebenso gefragt und sch\u00f6n wie <b>au\u00dfergew\u00f6hnliche Tischdekorationen<\/b>. Es kommt wohl mitunter auf den Ausstatter der Tischdeko an, als auch auf den Anlass an sich.<br \/>\nGeburtstage beispielsweise, die mit einem Brunch gefeiert werden, ben\u00f6tigen nat\u00fcrlich auch eine <b><a href=\"https:\/\/www.tafeldeko.de\" title=\"Tischdeko\">Tischdeko<\/a><\/b>. In diesem Fall wird eher auf schlichte und schnelle Tischdeko-Accessoires zur\u00fcckgegriffen, weil es doch auch vorkommen kann, dass man w\u00e4hrend des Tages die Tischdeko austauschen muss, weil sie verschmutzt ist.<br \/>\nEine sch\u00f6ne und vor allen Dingen schnell ausgestattete Tischdeko gelingt Ihnen mit Duni Natural Flair \u2013 einer Serie, die sich in den Farben gr\u00fcn und braun pr\u00e4sentiert.<br \/>\nDie Tischsets Natural Flair sind eine sch\u00f6ne Alternative, um die Sitzpl\u00e4tze der G\u00e4ste auszulegen und dennoch einen Blick auf den Tisch zu gew\u00e4hren.<br \/>\nDie Farbwahl der Duni Natural Flair-Serie ist wundersch\u00f6n und erfrischend. Das satte Gr\u00fcn im Kombination mit dem Braun, vereint mit etwas herbstlichem Flair, ist eine <b>wundersch\u00f6ne Basis <\/b>f\u00fcr die Tischdeko.<br \/>\nWeil man bei der Tischdeko mit Duni Natural Flair mit wenigen Accessoires auskommt, eignet sich diese Art der Tischdekoration auch vor allen Dingen f\u00fcr die Gastronomie.<br \/>\nServietten in verschiedenen Gr\u00f6\u00dfen und Qualit\u00e4ten, Tischl\u00e4ufer und Tischsets geh\u00f6ren dieser Duni-Serie an und setzen in Ihrer Tischdeko die Akzente.<br \/>\nErg\u00e4nzend zu dieser frischen Tischdeko wirken gr\u00fcne <b><a href=\"https:\/\/www.tafeldeko.de\/index.php\/cat\/c526_Kerzen---Kerzenhalter.html\" title=\"Kerzen\">Kerzen<\/a><\/b> sehr sch\u00f6n, runden das Gesamtbild wundersch\u00f6n ab.<br \/>\nWem diese Deko nicht ausreicht, kann mit gr\u00fcnen Glas-Dekonuggets noch kleinere Akzente auf den Tischen setzen, sozusagen etwas Glanz mit in die Tischdeko einbringen.<br \/>\nDuni Natural Flair \u2013 eine Tischdekoration, die schnell gezaubert ist und sich trotzdem farbenfroh und ansprechend pr\u00e4sentiert.<\/p>\n","protected":false},"excerpt":{"rendered":"<p>Tischdekorationen sind immer wieder gefragt. Ganz gleich, ob man die Tischdeko bei der Geburtstagsfeier, bei der Hochzeit, der Taufe, der Kommunion oder Konfirmation ben\u00f6tigt \u2013 sie sollte ansprechend und sch\u00f6n gestaltet sein.<br \/>\nBei den Tischdekorationen gibt es gro\u00dfe Unterschiede in der Ausstattung an sich. Schlichte Dekorationen des Tisches sind ebenso gefragt und sch\u00f6n wie au\u00dfergew\u00f6hnliche Tischdekorationen. Es kommt wohl mitunter auf den Ausstatter der Tischdeko an, als auch auf den Anlass an sich.<\/p>\n","protected":false},"author":2,"featured_media":3591,"comment_status":"open","ping_status":"open","sticky":false,"template":"","format":"standard","meta":{"footnotes":""},"categories":[1],"tags":[],"yoast_head":"<!-- This site is optimized with the Yoast SEO plugin v20.4 - https:\/\/yoast.com\/wordpress\/plugins\/seo\/ -->\n<title>Sch\u00f6ne Tischdeko in gr\u00fcn und braun mit Duni Natural Flair - Tafeldeko<\/title>\n<meta name=\"description\" content=\"Eine sch&#xF6;ne und vor allen Dingen schnell ausgestattete Tischdeko gelingt Ihnen mit den neuen Serien von Duni - hier erh&#xE4;ltlich.\" \/>\n<meta name=\"robots\" content=\"index, follow, max-snippet:-1, max-image-preview:large, max-video-preview:-1\" \/>\n<link rel=\"canonical\" href=\"https:\/\/www.tafeldeko.de\/news\/schoene-tischdeko-in-gruen-und-braun-mit-duni-natural-flair\/\" \/>\n<meta property=\"og:locale\" content=\"de_DE\" \/>\n<meta property=\"og:type\" content=\"article\" \/>\n<meta property=\"og:title\" content=\"Sch\u00f6ne Tischdeko in gr\u00fcn und braun mit Duni Natural Flair - Tafeldeko\" \/>\n<meta property=\"og:description\" content=\"Eine sch&#xF6;ne und vor allen Dingen schnell ausgestattete Tischdeko gelingt Ihnen mit den neuen Serien von Duni - hier erh&#xE4;ltlich.\" \/>\n<meta property=\"og:url\" content=\"https:\/\/www.tafeldeko.de\/news\/schoene-tischdeko-in-gruen-und-braun-mit-duni-natural-flair\/\" \/>\n<meta property=\"og:site_name\" content=\"Tafeldeko\" \/>\n<meta property=\"article:publisher\" content=\"https:\/\/www.facebook.com\/pages\/Tafeldeko-einzigartige-Tischdekoration\/174202655894\" \/>\n<meta property=\"article:published_time\" content=\"2011-11-25T14:12:47+00:00\" \/>\n<meta property=\"og:image\" content=\"https:\/\/www.tafeldeko.de\/news\/wp-content\/uploads\/2014\/09\/duni_natural_flair.jpg\" \/>\n\t<meta property=\"og:image:width\" content=\"250\" \/>\n\t<meta property=\"og:image:height\" content=\"175\" \/>\n\t<meta property=\"og:image:type\" content=\"image\/jpeg\" \/>\n<meta name=\"author\" content=\"Christiane Stein\" \/>\n<meta name=\"twitter:label1\" content=\"Verfasst von\" \/>\n\t<meta name=\"twitter:data1\" content=\"Christiane Stein\" \/>\n\t<meta name=\"twitter:label2\" content=\"Gesch\u00e4tzte Lesezeit\" \/>\n\t<meta name=\"twitter:data2\" content=\"2 Minuten\" \/>\n<script type=\"application\/ld+json\" class=\"yoast-schema-graph\">{\"@context\":\"https:\/\/schema.org\",\"@graph\":[{\"@type\":\"WebPage\",\"@id\":\"https:\/\/www.tafeldeko.de\/news\/schoene-tischdeko-in-gruen-und-braun-mit-duni-natural-flair\/\",\"url\":\"https:\/\/www.tafeldeko.de\/news\/schoene-tischdeko-in-gruen-und-braun-mit-duni-natural-flair\/\",\"name\":\"Sch\u00f6ne Tischdeko in gr\u00fcn und braun mit Duni Natural Flair - Tafeldeko\",\"isPartOf\":{\"@id\":\"https:\/\/www.tafeldeko.de\/news\/#website\"},\"datePublished\":\"2011-11-25T14:12:47+00:00\",\"dateModified\":\"2011-11-25T14:12:47+00:00\",\"author\":{\"@id\":\"https:\/\/www.tafeldeko.de\/news\/#\/schema\/person\/d2acd86447ed0b6336089a8ba83164a0\"},\"description\":\"Eine sch&#xF6;ne und vor allen Dingen schnell ausgestattete Tischdeko gelingt Ihnen mit den neuen Serien von Duni - hier erh&#xE4;ltlich.\",\"breadcrumb\":{\"@id\":\"https:\/\/www.tafeldeko.de\/news\/schoene-tischdeko-in-gruen-und-braun-mit-duni-natural-flair\/#breadcrumb\"},\"inLanguage\":\"de-DE\",\"potentialAction\":[{\"@type\":\"ReadAction\",\"target\":[\"https:\/\/www.tafeldeko.de\/news\/schoene-tischdeko-in-gruen-und-braun-mit-duni-natural-flair\/\"]}]},{\"@type\":\"BreadcrumbList\",\"@id\":\"https:\/\/www.tafeldeko.de\/news\/schoene-tischdeko-in-gruen-und-braun-mit-duni-natural-flair\/#breadcrumb\",\"itemListElement\":[{\"@type\":\"ListItem\",\"position\":1,\"name\":\"Tafeldeko\",\"item\":\"https:\/\/www.tafeldeko.de\/news\/\"},{\"@type\":\"ListItem\",\"position\":2,\"name\":\"Alte Beitr\u00e4ge\",\"item\":\"https:\/\/www.tafeldeko.de\/news\/alte-beitraege\/\"},{\"@type\":\"ListItem\",\"position\":3,\"name\":\"Tischdeko - Blog\",\"item\":\"https:\/\/www.tafeldeko.de\/news\/alte-beitraege\/tischdeko-blog\/\"},{\"@type\":\"ListItem\",\"position\":4,\"name\":\"Sch\u00f6ne Tischdeko in gr\u00fcn und braun mit Duni Natural Flair\"}]},{\"@type\":\"WebSite\",\"@id\":\"https:\/\/www.tafeldeko.de\/news\/#website\",\"url\":\"https:\/\/www.tafeldeko.de\/news\/\",\"name\":\"Tafeldeko\",\"description\":\"Blog mit Tischdeko und Tischdekoration Ideen\",\"potentialAction\":[{\"@type\":\"SearchAction\",\"target\":{\"@type\":\"EntryPoint\",\"urlTemplate\":\"https:\/\/www.tafeldeko.de\/news\/?s={search_term_string}\"},\"query-input\":\"required name=search_term_string\"}],\"inLanguage\":\"de-DE\"},{\"@type\":\"Person\",\"@id\":\"https:\/\/www.tafeldeko.de\/news\/#\/schema\/person\/d2acd86447ed0b6336089a8ba83164a0\",\"name\":\"Christiane Stein\",\"image\":{\"@type\":\"ImageObject\",\"inLanguage\":\"de-DE\",\"@id\":\"https:\/\/www.tafeldeko.de\/news\/#\/schema\/person\/image\/\",\"url\":\"https:\/\/secure.gravatar.com\/avatar\/2054729fbfd1ebc9d3cf1fd55361d0b6?s=96&d=mm&r=g\",\"contentUrl\":\"https:\/\/secure.gravatar.com\/avatar\/2054729fbfd1ebc9d3cf1fd55361d0b6?s=96&d=mm&r=g\",\"caption\":\"Christiane Stein\"}}]}<\/script>\n<!-- \/ Yoast SEO plugin. -->","yoast_head_json":{"title":"Sch\u00f6ne Tischdeko in gr\u00fcn und braun mit Duni Natural Flair - Tafeldeko","description":"Eine sch&#xF6;ne und vor allen Dingen schnell ausgestattete Tischdeko gelingt Ihnen mit den neuen Serien von Duni - hier erh&#xE4;ltlich.","robots":{"index":"index","follow":"follow","max-snippet":"max-snippet:-1","max-image-preview":"max-image-preview:large","max-video-preview":"max-video-preview:-1"},"canonical":"https:\/\/www.tafeldeko.de\/news\/schoene-tischdeko-in-gruen-und-braun-mit-duni-natural-flair\/","og_locale":"de_DE","og_type":"article","og_title":"Sch\u00f6ne Tischdeko in gr\u00fcn und braun mit Duni Natural Flair - Tafeldeko","og_description":"Eine sch&#xF6;ne und vor allen Dingen schnell ausgestattete Tischdeko gelingt Ihnen mit den neuen Serien von Duni - hier erh&#xE4;ltlich.","og_url":"https:\/\/www.tafeldeko.de\/news\/schoene-tischdeko-in-gruen-und-braun-mit-duni-natural-flair\/","og_site_name":"Tafeldeko","article_publisher":"https:\/\/www.facebook.com\/pages\/Tafeldeko-einzigartige-Tischdekoration\/174202655894","article_published_time":"2011-11-25T14:12:47+00:00","og_image":[{"width":250,"height":175,"url":"https:\/\/www.tafeldeko.de\/news\/wp-content\/uploads\/2014\/09\/duni_natural_flair.jpg","type":"image\/jpeg"}],"author":"Christiane Stein","twitter_misc":{"Verfasst von":"Christiane Stein","Gesch\u00e4tzte Lesezeit":"2 Minuten"},"schema":{"@context":"https:\/\/schema.org","@graph":[{"@type":"WebPage","@id":"https:\/\/www.tafeldeko.de\/news\/schoene-tischdeko-in-gruen-und-braun-mit-duni-natural-flair\/","url":"https:\/\/www.tafeldeko.de\/news\/schoene-tischdeko-in-gruen-und-braun-mit-duni-natural-flair\/","name":"Sch\u00f6ne Tischdeko in gr\u00fcn und braun mit Duni Natural Flair - Tafeldeko","isPartOf":{"@id":"https:\/\/www.tafeldeko.de\/news\/#website"},"datePublished":"2011-11-25T14:12:47+00:00","dateModified":"2011-11-25T14:12:47+00:00","author":{"@id":"https:\/\/www.tafeldeko.de\/news\/#\/schema\/person\/d2acd86447ed0b6336089a8ba83164a0"},"description":"Eine sch&#xF6;ne und vor allen Dingen schnell ausgestattete Tischdeko gelingt Ihnen mit den neuen Serien von Duni - hier erh&#xE4;ltlich.","breadcrumb":{"@id":"https:\/\/www.tafeldeko.de\/news\/schoene-tischdeko-in-gruen-und-braun-mit-duni-natural-flair\/#breadcrumb"},"inLanguage":"de-DE","potentialAction":[{"@type":"ReadAction","target":["https:\/\/www.tafeldeko.de\/news\/schoene-tischdeko-in-gruen-und-braun-mit-duni-natural-flair\/"]}]},{"@type":"BreadcrumbList","@id":"https:\/\/www.tafeldeko.de\/news\/schoene-tischdeko-in-gruen-und-braun-mit-duni-natural-flair\/#breadcrumb","itemListElement":[{"@type":"ListItem","position":1,"name":"Tafeldeko","item":"https:\/\/www.tafeldeko.de\/news\/"},{"@type":"ListItem","position":2,"name":"Alte Beitr\u00e4ge","item":"https:\/\/www.tafeldeko.de\/news\/alte-beitraege\/"},{"@type":"ListItem","position":3,"name":"Tischdeko - Blog","item":"https:\/\/www.tafeldeko.de\/news\/alte-beitraege\/tischdeko-blog\/"},{"@type":"ListItem","position":4,"name":"Sch\u00f6ne Tischdeko in gr\u00fcn und braun mit Duni Natural Flair"}]},{"@type":"WebSite","@id":"https:\/\/www.tafeldeko.de\/news\/#website","url":"https:\/\/www.tafeldeko.de\/news\/","name":"Tafeldeko","description":"Blog mit Tischdeko und Tischdekoration Ideen","potentialAction":[{"@type":"SearchAction","target":{"@type":"EntryPoint","urlTemplate":"https:\/\/www.tafeldeko.de\/news\/?s={search_term_string}"},"query-input":"required name=search_term_string"}],"inLanguage":"de-DE"},{"@type":"Person","@id":"https:\/\/www.tafeldeko.de\/news\/#\/schema\/person\/d2acd86447ed0b6336089a8ba83164a0","name":"Christiane Stein","image":{"@type":"ImageObject","inLanguage":"de-DE","@id":"https:\/\/www.tafeldeko.de\/news\/#\/schema\/person\/image\/","url":"https:\/\/secure.gravatar.com\/avatar\/2054729fbfd1ebc9d3cf1fd55361d0b6?s=96&d=mm&r=g","contentUrl":"https:\/\/secure.gravatar.com\/avatar\/2054729fbfd1ebc9d3cf1fd55361d0b6?s=96&d=mm&r=g","caption":"Christiane Stein"}}]}},"_links":{"self":[{"href":"https:\/\/www.tafeldeko.de\/news\/wp-json\/wp\/v2\/posts\/3590"}],"collection":[{"href":"https:\/\/www.tafeldeko.de\/news\/wp-json\/wp\/v2\/posts"}],"about":[{"href":"https:\/\/www.tafeldeko.de\/news\/wp-json\/wp\/v2\/types\/post"}],"author":[{"embeddable":true,"href":"https:\/\/www.tafeldeko.de\/news\/wp-json\/wp\/v2\/users\/2"}],"replies":[{"embeddable":true,"href":"https:\/\/www.tafeldeko.de\/news\/wp-json\/wp\/v2\/comments?post=3590"}],"version-history":[{"count":0,"href":"https:\/\/www.tafeldeko.de\/news\/wp-json\/wp\/v2\/posts\/3590\/revisions"}],"wp:featuredmedia":[{"embeddable":true,"href":"https:\/\/www.tafeldeko.de\/news\/wp-json\/wp\/v2\/media\/3591"}],"wp:attachment":[{"href":"https:\/\/www.tafeldeko.de\/news\/wp-json\/wp\/v2\/media?parent=3590"}],"wp:term":[{"taxonomy":"category","embeddable":true,"href":"https:\/\/www.tafeldeko.de\/news\/wp-json\/wp\/v2\/categories?post=3590"},{"taxonomy":"post_tag","embeddable":true,"href":"https:\/\/www.tafeldeko.de\/news\/wp-json\/wp\/v2\/tags?post=3590"}],"curies":[{"name":"wp","href":"https:\/\/api.w.org\/{rel}","templated":true}]}}