{"id":3583,"date":"2011-11-19T11:50:31","date_gmt":"2011-11-19T09:50:31","guid":{"rendered":"http:\/\/www.tafeldeko.de\/news\/?p=3583"},"modified":"2011-11-19T11:50:31","modified_gmt":"2011-11-19T09:50:31","slug":"schoene-geschenkverpackung-fuer-flaschen-die-krawatte-fuer-die-flasche","status":"publish","type":"post","link":"https:\/\/www.tafeldeko.de\/news\/schoene-geschenkverpackung-fuer-flaschen-die-krawatte-fuer-die-flasche\/","title":{"rendered":"Sch\u00f6ne Geschenkverpackung f\u00fcr Flaschen \u2013 die Krawatte f\u00fcr die Flasche"},"content":{"rendered":"<div class=\"textumfliessenrechts\"><img decoding=\"async\" loading=\"lazy\" src=\"https:\/\/www.tafeldeko.de\/news\/media\/users\/schnurchristian\/flaschenkrawatte_kiefer.JPG\" alt=\"Weinflaschenkrawatte\" title=\"Weinflaschenkrawatte\" width=\"200\" height=\"200\" \/><br \/><a href=\"https:\/\/www.tafeldeko.de\/product_info.php\/products_id\/8216_Weinflaschen%20Krawatte%20mit%20Kiefernzapfen.html\" title=\"Deko-Accessoires\"><b>Deko-Accessoires<\/b><\/a><\/div>\n<p> <b>Geschenke zu Weihnachten<\/b> haben eine jahrelange Tradition und das hei\u00dft auch, dass wohl so ziemlich jeder von uns sich auf die Suche nach sch\u00f6nen und individuellen Weihnachtsgeschenken f\u00fcr die Familie, Freunde und eventuell Patenkinder macht.<br \/>\nGeschenke f\u00fcr Kinder, ganz gleich, ob Junge oder M\u00e4dchen, sind in der Regel schnell gefunden. Doch f\u00fcr die Erwachsenen gestaltet sich die Suche nach sch\u00f6nen Weihnachtsgeschenken weitaus schwieriger. Schlie\u00dflich hat man schon so vieles und die Geschenke, die man bereits in den Jahren vorher geschenkt hat, sollen sich auch nicht wiederholen. Aus diesem Grund werden vor <b><a href=\"https:\/\/www.tafeldeko.de\/index.php\/cat\/c48_Tischdeko-Weihnachten.html\" title=\"Weihnachten\">Weihnachten<\/a><\/b> h\u00e4ufig viele Gedankeng\u00e4nge get\u00e4tigt, die das Ziel \u201esch\u00f6nes Weihnachtsgeschenk f\u00fcr Erwachsene\u201c n\u00e4her bringen sollen.<br \/>\nVorlieben sind auf jeden Fall ein Thema, das man als Basis f\u00fcr das Weihnachtsgeschenk nehmen kann. Ist zum Beispiel der Vater, die Mutter oder der Opa Weinliebhaber, liegt es wohl nahe, einen edlen Tropfen zu verschenken.<br \/>\nUnd dieser edle Tropfen wird auch edel verpackt. Nicht etwa in einer Flaschent\u00fcte mit weihnachtlichen Motiven, sondern mit der Weinflaschenkrawatte mit Kiefernzapfen. Eine ganz tolle Geschenkverpackung, die ohne weitere Accessoires auskommt.<br \/>\nSchleifen in gr\u00fcn und rot, Bastband, <b><a href=\"https:\/\/www.tafeldeko.de\/index.php\/cat\/c1359_Satin-Tischb%C3%A4nder.html\" title=\"Satinband\">Satinband<\/a><\/b> und dekorative kleine Zweige verleihen dieser Weinflaschen Krawatte das gewisse Ma\u00df an Sch\u00f6nheit und Feierlichkeit, um als <b>Geschenkverpackung <\/b>geeignet zu sein. Die Schleife wird mittig mit einem kleinen Kieferzapfen geziert, der diese Aufmachung weihnachtlich werden l\u00e4sst.<br \/>\nSelbst Sekt, Prosecco, Cognac und Whisky erhalten mit dieser Weinflaschenkrawatte mit Kiefernzapfen eine sch\u00f6ne Geschenkverpackung, und stellen auch hierbei die richtige Untermalung des Geschenkes dar.<br \/>\nBesucht man in der Weihnachtszeit ein Geburtstagskind, darf diese Weinflaschenkrawatte beim \u00dcberreichen einer edlen Flasche Wein als Geschenk nicht fehlen.<br \/>\nDurch diese Weinflaschenkrawatte spart man sich weitere Geschenkumverpackungen, wie beispielsweise die transparente Folie, die gerne verwendet wird. Fakt ist, dass diese Weinflaschenkrawatte zu den umweltfreundlichen Geschenkverpackungen z\u00e4hlt. <\/p>\n","protected":false},"excerpt":{"rendered":"<p>Geschenke zu Weihnachten haben eine jahrelange Tradition und das hei\u00dft auch, dass wohl so ziemlich jeder von uns sich auf die Suche nach sch\u00f6nen und individuellen Weihnachtsgeschenken f\u00fcr die Familie, Freunde und eventuell Patenkinder macht.<br \/>\nGeschenke f\u00fcr Kinder, ganz gleich, ob Junge oder M\u00e4dchen, sind in der Regel schnell gefunden. Doch f\u00fcr die Erwachsenen gestaltet sich die Suche nach sch\u00f6nen Weihnachtsgeschenken weitaus schwieriger. Schlie\u00dflich hat man schon so vieles und die Geschenke, die man bereits in den Jahren vorher geschenkt hat, sollen sich auch nicht wiederholen. Aus diesem Grund werden vor  h\u00e4ufig viele Gedankeng\u00e4nge get\u00e4tigt, die das Ziel \u201esch\u00f6nes Weihnachtsgeschenk f\u00fcr Erwachsene\u201c n\u00e4her bringen sollen.<\/p>\n","protected":false},"author":2,"featured_media":3584,"comment_status":"open","ping_status":"open","sticky":false,"template":"","format":"standard","meta":{"footnotes":""},"categories":[1],"tags":[],"yoast_head":"<!-- This site is optimized with the Yoast SEO plugin v20.4 - https:\/\/yoast.com\/wordpress\/plugins\/seo\/ -->\n<title>Sch\u00f6ne Geschenkverpackung f\u00fcr Flaschen \u2013 die Krawatte f\u00fcr die Flasche - Tafeldeko<\/title>\n<meta name=\"description\" content=\"Selbst Sekt, Prosecco, Cognac und Whisky erhalten mit dieser Weinflaschenkrawatte mit Kiefernzapfen eine sch&#xF6;ne Geschenkverpackung.\" \/>\n<meta name=\"robots\" content=\"index, follow, max-snippet:-1, max-image-preview:large, max-video-preview:-1\" \/>\n<link rel=\"canonical\" href=\"https:\/\/www.tafeldeko.de\/news\/schoene-geschenkverpackung-fuer-flaschen-die-krawatte-fuer-die-flasche\/\" \/>\n<meta property=\"og:locale\" content=\"de_DE\" \/>\n<meta property=\"og:type\" content=\"article\" \/>\n<meta property=\"og:title\" content=\"Sch\u00f6ne Geschenkverpackung f\u00fcr Flaschen \u2013 die Krawatte f\u00fcr die Flasche - Tafeldeko\" \/>\n<meta property=\"og:description\" content=\"Selbst Sekt, Prosecco, Cognac und Whisky erhalten mit dieser Weinflaschenkrawatte mit Kiefernzapfen eine sch&#xF6;ne Geschenkverpackung.\" \/>\n<meta property=\"og:url\" content=\"https:\/\/www.tafeldeko.de\/news\/schoene-geschenkverpackung-fuer-flaschen-die-krawatte-fuer-die-flasche\/\" \/>\n<meta property=\"og:site_name\" content=\"Tafeldeko\" \/>\n<meta property=\"article:publisher\" content=\"https:\/\/www.facebook.com\/pages\/Tafeldeko-einzigartige-Tischdekoration\/174202655894\" \/>\n<meta property=\"article:published_time\" content=\"2011-11-19T09:50:31+00:00\" \/>\n<meta property=\"og:image\" content=\"https:\/\/www.tafeldeko.de\/news\/wp-content\/uploads\/2014\/09\/flaschenkrawatte_kiefer.JPG\" \/>\n\t<meta property=\"og:image:width\" content=\"200\" \/>\n\t<meta property=\"og:image:height\" content=\"200\" \/>\n\t<meta property=\"og:image:type\" content=\"image\/jpeg\" \/>\n<meta name=\"author\" content=\"Christiane Stein\" \/>\n<meta name=\"twitter:label1\" content=\"Verfasst von\" \/>\n\t<meta name=\"twitter:data1\" content=\"Christiane Stein\" \/>\n\t<meta name=\"twitter:label2\" content=\"Gesch\u00e4tzte Lesezeit\" \/>\n\t<meta name=\"twitter:data2\" content=\"2 Minuten\" \/>\n<script type=\"application\/ld+json\" class=\"yoast-schema-graph\">{\"@context\":\"https:\/\/schema.org\",\"@graph\":[{\"@type\":\"WebPage\",\"@id\":\"https:\/\/www.tafeldeko.de\/news\/schoene-geschenkverpackung-fuer-flaschen-die-krawatte-fuer-die-flasche\/\",\"url\":\"https:\/\/www.tafeldeko.de\/news\/schoene-geschenkverpackung-fuer-flaschen-die-krawatte-fuer-die-flasche\/\",\"name\":\"Sch\u00f6ne Geschenkverpackung f\u00fcr Flaschen \u2013 die Krawatte f\u00fcr die Flasche - Tafeldeko\",\"isPartOf\":{\"@id\":\"https:\/\/www.tafeldeko.de\/news\/#website\"},\"datePublished\":\"2011-11-19T09:50:31+00:00\",\"dateModified\":\"2011-11-19T09:50:31+00:00\",\"author\":{\"@id\":\"https:\/\/www.tafeldeko.de\/news\/#\/schema\/person\/d2acd86447ed0b6336089a8ba83164a0\"},\"description\":\"Selbst Sekt, Prosecco, Cognac und Whisky erhalten mit dieser Weinflaschenkrawatte mit Kiefernzapfen eine sch&#xF6;ne Geschenkverpackung.\",\"breadcrumb\":{\"@id\":\"https:\/\/www.tafeldeko.de\/news\/schoene-geschenkverpackung-fuer-flaschen-die-krawatte-fuer-die-flasche\/#breadcrumb\"},\"inLanguage\":\"de-DE\",\"potentialAction\":[{\"@type\":\"ReadAction\",\"target\":[\"https:\/\/www.tafeldeko.de\/news\/schoene-geschenkverpackung-fuer-flaschen-die-krawatte-fuer-die-flasche\/\"]}]},{\"@type\":\"BreadcrumbList\",\"@id\":\"https:\/\/www.tafeldeko.de\/news\/schoene-geschenkverpackung-fuer-flaschen-die-krawatte-fuer-die-flasche\/#breadcrumb\",\"itemListElement\":[{\"@type\":\"ListItem\",\"position\":1,\"name\":\"Tafeldeko\",\"item\":\"https:\/\/www.tafeldeko.de\/news\/\"},{\"@type\":\"ListItem\",\"position\":2,\"name\":\"Alte Beitr\u00e4ge\",\"item\":\"https:\/\/www.tafeldeko.de\/news\/alte-beitraege\/\"},{\"@type\":\"ListItem\",\"position\":3,\"name\":\"Tischdeko - Blog\",\"item\":\"https:\/\/www.tafeldeko.de\/news\/alte-beitraege\/tischdeko-blog\/\"},{\"@type\":\"ListItem\",\"position\":4,\"name\":\"Sch\u00f6ne Geschenkverpackung f\u00fcr Flaschen \u2013 die Krawatte f\u00fcr die Flasche\"}]},{\"@type\":\"WebSite\",\"@id\":\"https:\/\/www.tafeldeko.de\/news\/#website\",\"url\":\"https:\/\/www.tafeldeko.de\/news\/\",\"name\":\"Tafeldeko\",\"description\":\"Blog mit Tischdeko und Tischdekoration Ideen\",\"potentialAction\":[{\"@type\":\"SearchAction\",\"target\":{\"@type\":\"EntryPoint\",\"urlTemplate\":\"https:\/\/www.tafeldeko.de\/news\/?s={search_term_string}\"},\"query-input\":\"required name=search_term_string\"}],\"inLanguage\":\"de-DE\"},{\"@type\":\"Person\",\"@id\":\"https:\/\/www.tafeldeko.de\/news\/#\/schema\/person\/d2acd86447ed0b6336089a8ba83164a0\",\"name\":\"Christiane Stein\",\"image\":{\"@type\":\"ImageObject\",\"inLanguage\":\"de-DE\",\"@id\":\"https:\/\/www.tafeldeko.de\/news\/#\/schema\/person\/image\/\",\"url\":\"https:\/\/secure.gravatar.com\/avatar\/2054729fbfd1ebc9d3cf1fd55361d0b6?s=96&d=mm&r=g\",\"contentUrl\":\"https:\/\/secure.gravatar.com\/avatar\/2054729fbfd1ebc9d3cf1fd55361d0b6?s=96&d=mm&r=g\",\"caption\":\"Christiane Stein\"}}]}<\/script>\n<!-- \/ Yoast SEO plugin. -->","yoast_head_json":{"title":"Sch\u00f6ne Geschenkverpackung f\u00fcr Flaschen \u2013 die Krawatte f\u00fcr die Flasche - Tafeldeko","description":"Selbst Sekt, Prosecco, Cognac und Whisky erhalten mit dieser Weinflaschenkrawatte mit Kiefernzapfen eine sch&#xF6;ne Geschenkverpackung.","robots":{"index":"index","follow":"follow","max-snippet":"max-snippet:-1","max-image-preview":"max-image-preview:large","max-video-preview":"max-video-preview:-1"},"canonical":"https:\/\/www.tafeldeko.de\/news\/schoene-geschenkverpackung-fuer-flaschen-die-krawatte-fuer-die-flasche\/","og_locale":"de_DE","og_type":"article","og_title":"Sch\u00f6ne Geschenkverpackung f\u00fcr Flaschen \u2013 die Krawatte f\u00fcr die Flasche - Tafeldeko","og_description":"Selbst Sekt, Prosecco, Cognac und Whisky erhalten mit dieser Weinflaschenkrawatte mit Kiefernzapfen eine sch&#xF6;ne Geschenkverpackung.","og_url":"https:\/\/www.tafeldeko.de\/news\/schoene-geschenkverpackung-fuer-flaschen-die-krawatte-fuer-die-flasche\/","og_site_name":"Tafeldeko","article_publisher":"https:\/\/www.facebook.com\/pages\/Tafeldeko-einzigartige-Tischdekoration\/174202655894","article_published_time":"2011-11-19T09:50:31+00:00","og_image":[{"width":200,"height":200,"url":"https:\/\/www.tafeldeko.de\/news\/wp-content\/uploads\/2014\/09\/flaschenkrawatte_kiefer.JPG","type":"image\/jpeg"}],"author":"Christiane Stein","twitter_misc":{"Verfasst von":"Christiane Stein","Gesch\u00e4tzte Lesezeit":"2 Minuten"},"schema":{"@context":"https:\/\/schema.org","@graph":[{"@type":"WebPage","@id":"https:\/\/www.tafeldeko.de\/news\/schoene-geschenkverpackung-fuer-flaschen-die-krawatte-fuer-die-flasche\/","url":"https:\/\/www.tafeldeko.de\/news\/schoene-geschenkverpackung-fuer-flaschen-die-krawatte-fuer-die-flasche\/","name":"Sch\u00f6ne Geschenkverpackung f\u00fcr Flaschen \u2013 die Krawatte f\u00fcr die Flasche - Tafeldeko","isPartOf":{"@id":"https:\/\/www.tafeldeko.de\/news\/#website"},"datePublished":"2011-11-19T09:50:31+00:00","dateModified":"2011-11-19T09:50:31+00:00","author":{"@id":"https:\/\/www.tafeldeko.de\/news\/#\/schema\/person\/d2acd86447ed0b6336089a8ba83164a0"},"description":"Selbst Sekt, Prosecco, Cognac und Whisky erhalten mit dieser Weinflaschenkrawatte mit Kiefernzapfen eine sch&#xF6;ne Geschenkverpackung.","breadcrumb":{"@id":"https:\/\/www.tafeldeko.de\/news\/schoene-geschenkverpackung-fuer-flaschen-die-krawatte-fuer-die-flasche\/#breadcrumb"},"inLanguage":"de-DE","potentialAction":[{"@type":"ReadAction","target":["https:\/\/www.tafeldeko.de\/news\/schoene-geschenkverpackung-fuer-flaschen-die-krawatte-fuer-die-flasche\/"]}]},{"@type":"BreadcrumbList","@id":"https:\/\/www.tafeldeko.de\/news\/schoene-geschenkverpackung-fuer-flaschen-die-krawatte-fuer-die-flasche\/#breadcrumb","itemListElement":[{"@type":"ListItem","position":1,"name":"Tafeldeko","item":"https:\/\/www.tafeldeko.de\/news\/"},{"@type":"ListItem","position":2,"name":"Alte Beitr\u00e4ge","item":"https:\/\/www.tafeldeko.de\/news\/alte-beitraege\/"},{"@type":"ListItem","position":3,"name":"Tischdeko - Blog","item":"https:\/\/www.tafeldeko.de\/news\/alte-beitraege\/tischdeko-blog\/"},{"@type":"ListItem","position":4,"name":"Sch\u00f6ne Geschenkverpackung f\u00fcr Flaschen \u2013 die Krawatte f\u00fcr die Flasche"}]},{"@type":"WebSite","@id":"https:\/\/www.tafeldeko.de\/news\/#website","url":"https:\/\/www.tafeldeko.de\/news\/","name":"Tafeldeko","description":"Blog mit Tischdeko und Tischdekoration Ideen","potentialAction":[{"@type":"SearchAction","target":{"@type":"EntryPoint","urlTemplate":"https:\/\/www.tafeldeko.de\/news\/?s={search_term_string}"},"query-input":"required name=search_term_string"}],"inLanguage":"de-DE"},{"@type":"Person","@id":"https:\/\/www.tafeldeko.de\/news\/#\/schema\/person\/d2acd86447ed0b6336089a8ba83164a0","name":"Christiane Stein","image":{"@type":"ImageObject","inLanguage":"de-DE","@id":"https:\/\/www.tafeldeko.de\/news\/#\/schema\/person\/image\/","url":"https:\/\/secure.gravatar.com\/avatar\/2054729fbfd1ebc9d3cf1fd55361d0b6?s=96&d=mm&r=g","contentUrl":"https:\/\/secure.gravatar.com\/avatar\/2054729fbfd1ebc9d3cf1fd55361d0b6?s=96&d=mm&r=g","caption":"Christiane Stein"}}]}},"_links":{"self":[{"href":"https:\/\/www.tafeldeko.de\/news\/wp-json\/wp\/v2\/posts\/3583"}],"collection":[{"href":"https:\/\/www.tafeldeko.de\/news\/wp-json\/wp\/v2\/posts"}],"about":[{"href":"https:\/\/www.tafeldeko.de\/news\/wp-json\/wp\/v2\/types\/post"}],"author":[{"embeddable":true,"href":"https:\/\/www.tafeldeko.de\/news\/wp-json\/wp\/v2\/users\/2"}],"replies":[{"embeddable":true,"href":"https:\/\/www.tafeldeko.de\/news\/wp-json\/wp\/v2\/comments?post=3583"}],"version-history":[{"count":0,"href":"https:\/\/www.tafeldeko.de\/news\/wp-json\/wp\/v2\/posts\/3583\/revisions"}],"wp:featuredmedia":[{"embeddable":true,"href":"https:\/\/www.tafeldeko.de\/news\/wp-json\/wp\/v2\/media\/3584"}],"wp:attachment":[{"href":"https:\/\/www.tafeldeko.de\/news\/wp-json\/wp\/v2\/media?parent=3583"}],"wp:term":[{"taxonomy":"category","embeddable":true,"href":"https:\/\/www.tafeldeko.de\/news\/wp-json\/wp\/v2\/categories?post=3583"},{"taxonomy":"post_tag","embeddable":true,"href":"https:\/\/www.tafeldeko.de\/news\/wp-json\/wp\/v2\/tags?post=3583"}],"curies":[{"name":"wp","href":"https:\/\/api.w.org\/{rel}","templated":true}]}}