{"id":3581,"date":"2011-11-18T17:04:47","date_gmt":"2011-11-18T15:04:47","guid":{"rendered":"http:\/\/www.tafeldeko.de\/news\/?p=3581"},"modified":"2011-11-18T17:04:47","modified_gmt":"2011-11-18T15:04:47","slug":"der-individuelle-adventskranz-dekorieren-nach-belieben","status":"publish","type":"post","link":"https:\/\/www.tafeldeko.de\/news\/der-individuelle-adventskranz-dekorieren-nach-belieben\/","title":{"rendered":"Der individuelle Adventskranz \u2013 Dekorieren nach Belieben"},"content":{"rendered":"<div class=\"textumfliessenrechts\"><img decoding=\"async\" loading=\"lazy\" src=\"https:\/\/www.tafeldeko.de\/news\/media\/users\/schnurchristian\/kerzenteller.jpg\" alt=\"Adventskranzgestell\" title=\"Adventskranzgestell\" width=\"250\" height=\"250\" \/><br \/><a href=\"https:\/\/www.tafeldeko.de\/product_info.php\/products_id\/6425_Adventskranzgestell%20mit%204%20Kerzenteller.html\" title=\"Adventskranz mal anders\"><b>Adventskranz mal anders<\/b><\/a><\/div>\n<p> Weihnachten r\u00fcckt in gro\u00dfen Schritten immer n\u00e4her und dies bedeutet f\u00fcr die Hausfrauen unter uns, dass sie mit den Vorbereitungen f\u00fcr die Weihnachtszeit und auch die Vorweihnachtszeit beginnen sollten.<br \/>\nEin Deko-Gegenstand, der gerade in der Vorweihnachtszeit sehr beliebt ist, ist der Adventskranz. In vielen verschiedenen Arten erh\u00e4ltlich, ist er bei Jung und Alt gleicherma\u00dfen beliebt. Die einen ziehen den Adventskranz in der klassischen Machart vor, die anderen m\u00f6chten den Adventskranz in einer moderneren Art und Weise.<br \/>\nEine M\u00f6glichkeit, den Adventskranz nach seinen Vorstellungen und Vorlieben zu auszustatten und zu dekorieren, bietet das Adventskranzgestell mit vier Kerzentellern. In der Farbe schwarz ist dieses Adventskranzgestell die dekorative und zugleich recht neutrale Basis f\u00fcr den eigenen Adventskranz. Best\u00fcckt mit kleineren Tannenzweigen, Efeuranken, Beerenzweigen aus dem eigenen Garten und Buchs und Thuja kann man einen ganz individuellen und <b>au\u00dfergew\u00f6hnlichen Adventskranz<\/b> zaubern.<br \/>\nErg\u00e4nzt mit sch\u00f6nen weihnachtlichen Figuren und Materialien, wie zum Beispiel Kokossternen, Zimtstangen und Dekoschnee, erh\u00e4lt der Adventskranz seine ganz eigene Art. Best\u00fcckt mit Weihnachtsm\u00e4nnern, <b><a href=\"https:\/\/www.tafeldeko.de\/index.php\/cat\/c1799_Engel.html\" title=\"Engeln\">Engeln<\/a><\/b>, Rentieren oder Schneem\u00e4nner erh\u00e4lt der Adventskranz seinen speziellen <b>weihnachtlichen Touch <\/b>und erfreut durch sein Aussehen nicht nur die Kinder. Auch die Erwachsenen werden sich \u00fcber diesen andersartigen Adventskranz freuen.<br \/>\nUnd das Sch\u00f6ne an diesem Adventskranzgestell: Jahr f\u00fcr Jahr kann man den Adventskranz andersartig ausstatten, mit verschiedenen Dekofiguren ausschm\u00fccken und bei der Auswahl der Kerzen hat man zudem auch etliche Alternativen. So kann man in dem einen Jahr rote <b><a href=\"https:\/\/www.tafeldeko.de\/index.php\/cat\/c528_Runde-Stumpenkerzen.html\" title=\"Kerzen\">Kerzen<\/a><\/b> und Deko-Accessoires ausw\u00e4hlen, im n\u00e4chsten Jahr erh\u00e4lt der eigene Adventskranz ein ganz edles Aussehen in Gold.<br \/>\nDieses Adventskranzgestell mit den vier Kerzentellern kann nicht nur zur Weihnachtszeit verwendet werden, auch an Ostern bietet dieses Gestell eine sch\u00f6ne Basis. Statt Stumpenkerzen werden Eierkerzen aufgesetzt und der Kerzenteller wird mit \u00f6sterlichen Dekofiguren und Accessoires best\u00fcckt. Und als Basis dient bei der Osterdeko Moos und Efeu, die wiederum effektvoll durch die Deko-Accessoires verziert wird.<br \/>\nDer individuelle Adventskranz gelingt Ihnen mit diesem Adventskranzgestell. <\/p>\n","protected":false},"excerpt":{"rendered":"<p>Weihnachten r\u00fcckt in gro\u00dfen Schritten immer n\u00e4her und dies bedeutet f\u00fcr die Hausfrauen unter uns, dass sie mit den Vorbereitungen f\u00fcr die Weihnachtszeit und auch die Vorweihnachtszeit beginnen sollten.<br \/>\nEin Deko-Gegenstand, der gerade in der Vorweihnachtszeit sehr beliebt ist, ist der Adventskranz. In vielen verschiedenen Arten erh\u00e4ltlich, ist er bei Jung und Alt gleicherma\u00dfen beliebt. Die einen ziehen den Adventskranz in der klassischen Machart vor, die anderen m\u00f6chten den Adventskranz in einer moderneren Art und Weise.<\/p>\n","protected":false},"author":2,"featured_media":3582,"comment_status":"open","ping_status":"open","sticky":false,"template":"","format":"standard","meta":{"footnotes":""},"categories":[1],"tags":[],"yoast_head":"<!-- This site is optimized with the Yoast SEO plugin v20.4 - https:\/\/yoast.com\/wordpress\/plugins\/seo\/ -->\n<title>Der individuelle Adventskranz \u2013 Dekorieren nach Belieben - Tafeldeko<\/title>\n<meta name=\"description\" content=\"Das Sch&#xF6;ne an diesem Adventskranzgestell: Jahr f&#xFC;r Jahr kann man den Adventskranz andersartig ausstatten\" \/>\n<meta name=\"robots\" content=\"index, follow, max-snippet:-1, max-image-preview:large, max-video-preview:-1\" \/>\n<link rel=\"canonical\" href=\"https:\/\/www.tafeldeko.de\/news\/der-individuelle-adventskranz-dekorieren-nach-belieben\/\" \/>\n<meta property=\"og:locale\" content=\"de_DE\" \/>\n<meta property=\"og:type\" content=\"article\" \/>\n<meta property=\"og:title\" content=\"Der individuelle Adventskranz \u2013 Dekorieren nach Belieben - Tafeldeko\" \/>\n<meta property=\"og:description\" content=\"Das Sch&#xF6;ne an diesem Adventskranzgestell: Jahr f&#xFC;r Jahr kann man den Adventskranz andersartig ausstatten\" \/>\n<meta property=\"og:url\" content=\"https:\/\/www.tafeldeko.de\/news\/der-individuelle-adventskranz-dekorieren-nach-belieben\/\" \/>\n<meta property=\"og:site_name\" content=\"Tafeldeko\" \/>\n<meta property=\"article:publisher\" content=\"https:\/\/www.facebook.com\/pages\/Tafeldeko-einzigartige-Tischdekoration\/174202655894\" \/>\n<meta property=\"article:published_time\" content=\"2011-11-18T15:04:47+00:00\" \/>\n<meta property=\"og:image\" content=\"https:\/\/www.tafeldeko.de\/news\/wp-content\/uploads\/2014\/09\/kerzenteller.jpg\" \/>\n\t<meta property=\"og:image:width\" content=\"250\" \/>\n\t<meta property=\"og:image:height\" content=\"250\" \/>\n\t<meta property=\"og:image:type\" content=\"image\/jpeg\" \/>\n<meta name=\"author\" content=\"Christiane Stein\" \/>\n<meta name=\"twitter:label1\" content=\"Verfasst von\" \/>\n\t<meta name=\"twitter:data1\" content=\"Christiane Stein\" \/>\n\t<meta name=\"twitter:label2\" content=\"Gesch\u00e4tzte Lesezeit\" \/>\n\t<meta name=\"twitter:data2\" content=\"2 Minuten\" \/>\n<script type=\"application\/ld+json\" class=\"yoast-schema-graph\">{\"@context\":\"https:\/\/schema.org\",\"@graph\":[{\"@type\":\"WebPage\",\"@id\":\"https:\/\/www.tafeldeko.de\/news\/der-individuelle-adventskranz-dekorieren-nach-belieben\/\",\"url\":\"https:\/\/www.tafeldeko.de\/news\/der-individuelle-adventskranz-dekorieren-nach-belieben\/\",\"name\":\"Der individuelle Adventskranz \u2013 Dekorieren nach Belieben - Tafeldeko\",\"isPartOf\":{\"@id\":\"https:\/\/www.tafeldeko.de\/news\/#website\"},\"datePublished\":\"2011-11-18T15:04:47+00:00\",\"dateModified\":\"2011-11-18T15:04:47+00:00\",\"author\":{\"@id\":\"https:\/\/www.tafeldeko.de\/news\/#\/schema\/person\/d2acd86447ed0b6336089a8ba83164a0\"},\"description\":\"Das Sch&#xF6;ne an diesem Adventskranzgestell: Jahr f&#xFC;r Jahr kann man den Adventskranz andersartig ausstatten\",\"breadcrumb\":{\"@id\":\"https:\/\/www.tafeldeko.de\/news\/der-individuelle-adventskranz-dekorieren-nach-belieben\/#breadcrumb\"},\"inLanguage\":\"de-DE\",\"potentialAction\":[{\"@type\":\"ReadAction\",\"target\":[\"https:\/\/www.tafeldeko.de\/news\/der-individuelle-adventskranz-dekorieren-nach-belieben\/\"]}]},{\"@type\":\"BreadcrumbList\",\"@id\":\"https:\/\/www.tafeldeko.de\/news\/der-individuelle-adventskranz-dekorieren-nach-belieben\/#breadcrumb\",\"itemListElement\":[{\"@type\":\"ListItem\",\"position\":1,\"name\":\"Tafeldeko\",\"item\":\"https:\/\/www.tafeldeko.de\/news\/\"},{\"@type\":\"ListItem\",\"position\":2,\"name\":\"Alte Beitr\u00e4ge\",\"item\":\"https:\/\/www.tafeldeko.de\/news\/alte-beitraege\/\"},{\"@type\":\"ListItem\",\"position\":3,\"name\":\"Tischdeko - Blog\",\"item\":\"https:\/\/www.tafeldeko.de\/news\/alte-beitraege\/tischdeko-blog\/\"},{\"@type\":\"ListItem\",\"position\":4,\"name\":\"Der individuelle Adventskranz \u2013 Dekorieren nach Belieben\"}]},{\"@type\":\"WebSite\",\"@id\":\"https:\/\/www.tafeldeko.de\/news\/#website\",\"url\":\"https:\/\/www.tafeldeko.de\/news\/\",\"name\":\"Tafeldeko\",\"description\":\"Blog mit Tischdeko und Tischdekoration Ideen\",\"potentialAction\":[{\"@type\":\"SearchAction\",\"target\":{\"@type\":\"EntryPoint\",\"urlTemplate\":\"https:\/\/www.tafeldeko.de\/news\/?s={search_term_string}\"},\"query-input\":\"required name=search_term_string\"}],\"inLanguage\":\"de-DE\"},{\"@type\":\"Person\",\"@id\":\"https:\/\/www.tafeldeko.de\/news\/#\/schema\/person\/d2acd86447ed0b6336089a8ba83164a0\",\"name\":\"Christiane Stein\",\"image\":{\"@type\":\"ImageObject\",\"inLanguage\":\"de-DE\",\"@id\":\"https:\/\/www.tafeldeko.de\/news\/#\/schema\/person\/image\/\",\"url\":\"https:\/\/secure.gravatar.com\/avatar\/2054729fbfd1ebc9d3cf1fd55361d0b6?s=96&d=mm&r=g\",\"contentUrl\":\"https:\/\/secure.gravatar.com\/avatar\/2054729fbfd1ebc9d3cf1fd55361d0b6?s=96&d=mm&r=g\",\"caption\":\"Christiane Stein\"}}]}<\/script>\n<!-- \/ Yoast SEO plugin. -->","yoast_head_json":{"title":"Der individuelle Adventskranz \u2013 Dekorieren nach Belieben - Tafeldeko","description":"Das Sch&#xF6;ne an diesem Adventskranzgestell: Jahr f&#xFC;r Jahr kann man den Adventskranz andersartig ausstatten","robots":{"index":"index","follow":"follow","max-snippet":"max-snippet:-1","max-image-preview":"max-image-preview:large","max-video-preview":"max-video-preview:-1"},"canonical":"https:\/\/www.tafeldeko.de\/news\/der-individuelle-adventskranz-dekorieren-nach-belieben\/","og_locale":"de_DE","og_type":"article","og_title":"Der individuelle Adventskranz \u2013 Dekorieren nach Belieben - Tafeldeko","og_description":"Das Sch&#xF6;ne an diesem Adventskranzgestell: Jahr f&#xFC;r Jahr kann man den Adventskranz andersartig ausstatten","og_url":"https:\/\/www.tafeldeko.de\/news\/der-individuelle-adventskranz-dekorieren-nach-belieben\/","og_site_name":"Tafeldeko","article_publisher":"https:\/\/www.facebook.com\/pages\/Tafeldeko-einzigartige-Tischdekoration\/174202655894","article_published_time":"2011-11-18T15:04:47+00:00","og_image":[{"width":250,"height":250,"url":"https:\/\/www.tafeldeko.de\/news\/wp-content\/uploads\/2014\/09\/kerzenteller.jpg","type":"image\/jpeg"}],"author":"Christiane Stein","twitter_misc":{"Verfasst von":"Christiane Stein","Gesch\u00e4tzte Lesezeit":"2 Minuten"},"schema":{"@context":"https:\/\/schema.org","@graph":[{"@type":"WebPage","@id":"https:\/\/www.tafeldeko.de\/news\/der-individuelle-adventskranz-dekorieren-nach-belieben\/","url":"https:\/\/www.tafeldeko.de\/news\/der-individuelle-adventskranz-dekorieren-nach-belieben\/","name":"Der individuelle Adventskranz \u2013 Dekorieren nach Belieben - Tafeldeko","isPartOf":{"@id":"https:\/\/www.tafeldeko.de\/news\/#website"},"datePublished":"2011-11-18T15:04:47+00:00","dateModified":"2011-11-18T15:04:47+00:00","author":{"@id":"https:\/\/www.tafeldeko.de\/news\/#\/schema\/person\/d2acd86447ed0b6336089a8ba83164a0"},"description":"Das Sch&#xF6;ne an diesem Adventskranzgestell: Jahr f&#xFC;r Jahr kann man den Adventskranz andersartig ausstatten","breadcrumb":{"@id":"https:\/\/www.tafeldeko.de\/news\/der-individuelle-adventskranz-dekorieren-nach-belieben\/#breadcrumb"},"inLanguage":"de-DE","potentialAction":[{"@type":"ReadAction","target":["https:\/\/www.tafeldeko.de\/news\/der-individuelle-adventskranz-dekorieren-nach-belieben\/"]}]},{"@type":"BreadcrumbList","@id":"https:\/\/www.tafeldeko.de\/news\/der-individuelle-adventskranz-dekorieren-nach-belieben\/#breadcrumb","itemListElement":[{"@type":"ListItem","position":1,"name":"Tafeldeko","item":"https:\/\/www.tafeldeko.de\/news\/"},{"@type":"ListItem","position":2,"name":"Alte Beitr\u00e4ge","item":"https:\/\/www.tafeldeko.de\/news\/alte-beitraege\/"},{"@type":"ListItem","position":3,"name":"Tischdeko - Blog","item":"https:\/\/www.tafeldeko.de\/news\/alte-beitraege\/tischdeko-blog\/"},{"@type":"ListItem","position":4,"name":"Der individuelle Adventskranz \u2013 Dekorieren nach Belieben"}]},{"@type":"WebSite","@id":"https:\/\/www.tafeldeko.de\/news\/#website","url":"https:\/\/www.tafeldeko.de\/news\/","name":"Tafeldeko","description":"Blog mit Tischdeko und Tischdekoration Ideen","potentialAction":[{"@type":"SearchAction","target":{"@type":"EntryPoint","urlTemplate":"https:\/\/www.tafeldeko.de\/news\/?s={search_term_string}"},"query-input":"required name=search_term_string"}],"inLanguage":"de-DE"},{"@type":"Person","@id":"https:\/\/www.tafeldeko.de\/news\/#\/schema\/person\/d2acd86447ed0b6336089a8ba83164a0","name":"Christiane Stein","image":{"@type":"ImageObject","inLanguage":"de-DE","@id":"https:\/\/www.tafeldeko.de\/news\/#\/schema\/person\/image\/","url":"https:\/\/secure.gravatar.com\/avatar\/2054729fbfd1ebc9d3cf1fd55361d0b6?s=96&d=mm&r=g","contentUrl":"https:\/\/secure.gravatar.com\/avatar\/2054729fbfd1ebc9d3cf1fd55361d0b6?s=96&d=mm&r=g","caption":"Christiane Stein"}}]}},"_links":{"self":[{"href":"https:\/\/www.tafeldeko.de\/news\/wp-json\/wp\/v2\/posts\/3581"}],"collection":[{"href":"https:\/\/www.tafeldeko.de\/news\/wp-json\/wp\/v2\/posts"}],"about":[{"href":"https:\/\/www.tafeldeko.de\/news\/wp-json\/wp\/v2\/types\/post"}],"author":[{"embeddable":true,"href":"https:\/\/www.tafeldeko.de\/news\/wp-json\/wp\/v2\/users\/2"}],"replies":[{"embeddable":true,"href":"https:\/\/www.tafeldeko.de\/news\/wp-json\/wp\/v2\/comments?post=3581"}],"version-history":[{"count":0,"href":"https:\/\/www.tafeldeko.de\/news\/wp-json\/wp\/v2\/posts\/3581\/revisions"}],"wp:featuredmedia":[{"embeddable":true,"href":"https:\/\/www.tafeldeko.de\/news\/wp-json\/wp\/v2\/media\/3582"}],"wp:attachment":[{"href":"https:\/\/www.tafeldeko.de\/news\/wp-json\/wp\/v2\/media?parent=3581"}],"wp:term":[{"taxonomy":"category","embeddable":true,"href":"https:\/\/www.tafeldeko.de\/news\/wp-json\/wp\/v2\/categories?post=3581"},{"taxonomy":"post_tag","embeddable":true,"href":"https:\/\/www.tafeldeko.de\/news\/wp-json\/wp\/v2\/tags?post=3581"}],"curies":[{"name":"wp","href":"https:\/\/api.w.org\/{rel}","templated":true}]}}