{"id":3579,"date":"2011-11-17T20:55:45","date_gmt":"2011-11-17T18:55:45","guid":{"rendered":"http:\/\/www.tafeldeko.de\/news\/?p=3579"},"modified":"2011-11-17T20:55:45","modified_gmt":"2011-11-17T18:55:45","slug":"teelichtsticker-in-sternform-fuer-adventskranz-und-weihnachtliche-deko","status":"publish","type":"post","link":"https:\/\/www.tafeldeko.de\/news\/teelichtsticker-in-sternform-fuer-adventskranz-und-weihnachtliche-deko\/","title":{"rendered":"Teelichtsticker in Sternform \u2013 f\u00fcr Adventskranz und weihnachtliche Deko"},"content":{"rendered":"<div class=\"textumfliessenrechts\"><img decoding=\"async\" loading=\"lazy\" src=\"https:\/\/www.tafeldeko.de\/news\/media\/users\/schnurchristian\/teelichtstern_sticker.jpg\" alt=\"Teelichtsticker Stern\" title=\"Teelichtsticker Stern\" width=\"250\" height=\"250\" \/><br \/><a href=\"https:\/\/www.tafeldeko.de\/product_info.php\/products_id\/8214_Teelichtglas%20Stern%20mit%20Dorn%20f%C3%BCr%20Gestecke%20im%20Set.html\" title=\"Teelichtsticker Stern\"><b>Teelichtsticker Stern<\/b><\/a><\/div>\n<p> Die Zeit der weihnachtlichen Dekorationen steht uns kurz bevor und wenn wir durch die Gesch\u00e4fte und Einkaufszentren bummeln, pr\u00e4sentieren sich uns viele weihnachtliche Dekoration und Deko-Accessoires \u2013 alle in verschiedenen Farben und Macharten.<br \/>\nUnd meistens kann man der Versuchung nicht widerstehen und kauft eines dieser wundersch\u00f6nen Deko-Accessoires, um die diesj\u00e4hrige <b><a href=\"https:\/\/www.tafeldeko.de\/index.php\/cat\/c48_Tischdeko-Weihnachten.html\" title=\"Weihnachtsdeko\">Weihnachtsdeko<\/a><\/b> aufzuwerten.<br \/>\nAuch das Thema mit dem Adventskranz geht jetzt sozusagen in die hei\u00dfe Phase. Nur noch wenige Wochen und der erste Advent steht vor der T\u00fcr und auf eine gewisse Art und Weise geh\u00f6rt ein Adventskranz in die vorweihnachtliche Zeit, zu den Adventssonntagen, die man in gem\u00fctlicher Atmosph\u00e4re zu Hause verbringen kann.<br \/>\nOb man den <b>Adventskranz <\/b>nun als fertigen Kranz kauft oder ob man sich die M\u00fche macht, einen eigenen zu erstellen, liegt an einem selbst.<br \/>\nViele unter uns lassen es sich nicht nehmen und gestalten Jahr f\u00fcr Jahr den Adventskranz selbst. Zum einen sieht er immer wieder anders aus und auch die Kosten bleiben in aller Regel \u00fcberschaubar.<br \/>\nEine sch\u00f6ne Erg\u00e4nzung und Alternative zu gro\u00dfen Stumpenkerzen sind die kleinen Teelichtgl\u00e4ser Stern mit Dorn \u2013 eben genau die richtige Ausstattung f\u00fcr Gestecke. Mit dem Dorn werden die kleinen Teelichtgl\u00e4ser in die Kr\u00e4nze oder in andere Grundlagen gesteckt, setzen so <b>kleine Akzente<\/b> innerhalb der Deko.<br \/>\nEs muss auch kein Adventskranz sein, der mit den Teelichtern Stern versch\u00f6nert wird. Einfache Gestecke, Schalen und Vasen, teilweise mit Steckschaum bef\u00fcllt, umgeben von wundersch\u00f6nen Deko-Accessoires gibt die M\u00f6glichkeit, <b>wundervolle Dekorationen<\/b> f\u00fcr die Vorweihnachtszeit und Weihnachten zu zaubern.<br \/>\nAuch inmitten der Tischdeko sehen diese kleinen Stecker in Sternform wundersch\u00f6n aus \u2013 sie k\u00f6nnen auch in Kerzengl\u00e4ser gesteckt werden. Und damit der Stecker nicht sichtbar ist, bef\u00fcllt man die Kerzengl\u00e4ser mit Dekosteinen, Dekosand oder auch kleinen Tannenzweigen oder Glas-Nuggets. Mit kleinen Deko-Accessoires und den Teelichtern Stern mit dem Dorn hat man viele M\u00f6glichkeiten, sch\u00f6ne Dekorationen zu kreieren. <\/p>\n","protected":false},"excerpt":{"rendered":"<p>Die Zeit der weihnachtlichen Dekorationen steht uns kurz bevor und wenn wir durch die Gesch\u00e4fte und Einkaufszentren bummeln, pr\u00e4sentieren sich uns viele weihnachtliche Dekoration und Deko-Accessoires \u2013 alle in verschiedenen Farben und Macharten.<br \/>\nUnd meistens kann man der Versuchung nicht widerstehen und kauft eines dieser wundersch\u00f6nen Deko-Accessoires, um die diesj\u00e4hrige  aufzuwerten.<br \/>\nAuch das Thema mit dem Adventskranz geht jetzt sozusagen in die hei\u00dfe Phase. Nur noch wenige Wochen und der erste Advent steht vor der T\u00fcr und auf eine gewisse Art und Weise geh\u00f6rt ein Adventskranz in die vorweihnachtliche Zeit, zu den Adventssonntagen, die man in gem\u00fctlicher Atmosph\u00e4re zu Hause verbringen kann.<\/p>\n","protected":false},"author":2,"featured_media":3580,"comment_status":"open","ping_status":"open","sticky":false,"template":"","format":"standard","meta":{"footnotes":""},"categories":[1],"tags":[],"yoast_head":"<!-- This site is optimized with the Yoast SEO plugin v20.4 - https:\/\/yoast.com\/wordpress\/plugins\/seo\/ -->\n<title>Teelichtsticker in Sternform \u2013 f\u00fcr Adventskranz und weihnachtliche Deko - Tafeldeko<\/title>\n<meta name=\"description\" content=\"Der Adventskranz geh&#xF6;rt zu den weihnachtlichen Dekorationen und zur Vorweihnachtszeit dazu. Tolle Artikel hierf&#xFC;r erhalten Sie bei uns.\" \/>\n<meta name=\"robots\" content=\"index, follow, max-snippet:-1, max-image-preview:large, max-video-preview:-1\" \/>\n<link rel=\"canonical\" href=\"https:\/\/www.tafeldeko.de\/news\/teelichtsticker-in-sternform-fuer-adventskranz-und-weihnachtliche-deko\/\" \/>\n<meta property=\"og:locale\" content=\"de_DE\" \/>\n<meta property=\"og:type\" content=\"article\" \/>\n<meta property=\"og:title\" content=\"Teelichtsticker in Sternform \u2013 f\u00fcr Adventskranz und weihnachtliche Deko - Tafeldeko\" \/>\n<meta property=\"og:description\" content=\"Der Adventskranz geh&#xF6;rt zu den weihnachtlichen Dekorationen und zur Vorweihnachtszeit dazu. Tolle Artikel hierf&#xFC;r erhalten Sie bei uns.\" \/>\n<meta property=\"og:url\" content=\"https:\/\/www.tafeldeko.de\/news\/teelichtsticker-in-sternform-fuer-adventskranz-und-weihnachtliche-deko\/\" \/>\n<meta property=\"og:site_name\" content=\"Tafeldeko\" \/>\n<meta property=\"article:publisher\" content=\"https:\/\/www.facebook.com\/pages\/Tafeldeko-einzigartige-Tischdekoration\/174202655894\" \/>\n<meta property=\"article:published_time\" content=\"2011-11-17T18:55:45+00:00\" \/>\n<meta property=\"og:image\" content=\"https:\/\/www.tafeldeko.de\/news\/wp-content\/uploads\/2014\/09\/teelichtstern_sticker.jpg\" \/>\n\t<meta property=\"og:image:width\" content=\"250\" \/>\n\t<meta property=\"og:image:height\" content=\"250\" \/>\n\t<meta property=\"og:image:type\" content=\"image\/jpeg\" \/>\n<meta name=\"author\" content=\"Christiane Stein\" \/>\n<meta name=\"twitter:label1\" content=\"Verfasst von\" \/>\n\t<meta name=\"twitter:data1\" content=\"Christiane Stein\" \/>\n\t<meta name=\"twitter:label2\" content=\"Gesch\u00e4tzte Lesezeit\" \/>\n\t<meta name=\"twitter:data2\" content=\"2 Minuten\" \/>\n<script type=\"application\/ld+json\" class=\"yoast-schema-graph\">{\"@context\":\"https:\/\/schema.org\",\"@graph\":[{\"@type\":\"WebPage\",\"@id\":\"https:\/\/www.tafeldeko.de\/news\/teelichtsticker-in-sternform-fuer-adventskranz-und-weihnachtliche-deko\/\",\"url\":\"https:\/\/www.tafeldeko.de\/news\/teelichtsticker-in-sternform-fuer-adventskranz-und-weihnachtliche-deko\/\",\"name\":\"Teelichtsticker in Sternform \u2013 f\u00fcr Adventskranz und weihnachtliche Deko - Tafeldeko\",\"isPartOf\":{\"@id\":\"https:\/\/www.tafeldeko.de\/news\/#website\"},\"datePublished\":\"2011-11-17T18:55:45+00:00\",\"dateModified\":\"2011-11-17T18:55:45+00:00\",\"author\":{\"@id\":\"https:\/\/www.tafeldeko.de\/news\/#\/schema\/person\/d2acd86447ed0b6336089a8ba83164a0\"},\"description\":\"Der Adventskranz geh&#xF6;rt zu den weihnachtlichen Dekorationen und zur Vorweihnachtszeit dazu. Tolle Artikel hierf&#xFC;r erhalten Sie bei uns.\",\"breadcrumb\":{\"@id\":\"https:\/\/www.tafeldeko.de\/news\/teelichtsticker-in-sternform-fuer-adventskranz-und-weihnachtliche-deko\/#breadcrumb\"},\"inLanguage\":\"de-DE\",\"potentialAction\":[{\"@type\":\"ReadAction\",\"target\":[\"https:\/\/www.tafeldeko.de\/news\/teelichtsticker-in-sternform-fuer-adventskranz-und-weihnachtliche-deko\/\"]}]},{\"@type\":\"BreadcrumbList\",\"@id\":\"https:\/\/www.tafeldeko.de\/news\/teelichtsticker-in-sternform-fuer-adventskranz-und-weihnachtliche-deko\/#breadcrumb\",\"itemListElement\":[{\"@type\":\"ListItem\",\"position\":1,\"name\":\"Tafeldeko\",\"item\":\"https:\/\/www.tafeldeko.de\/news\/\"},{\"@type\":\"ListItem\",\"position\":2,\"name\":\"Alte Beitr\u00e4ge\",\"item\":\"https:\/\/www.tafeldeko.de\/news\/alte-beitraege\/\"},{\"@type\":\"ListItem\",\"position\":3,\"name\":\"Tischdeko - Blog\",\"item\":\"https:\/\/www.tafeldeko.de\/news\/alte-beitraege\/tischdeko-blog\/\"},{\"@type\":\"ListItem\",\"position\":4,\"name\":\"Teelichtsticker in Sternform \u2013 f\u00fcr Adventskranz und weihnachtliche Deko\"}]},{\"@type\":\"WebSite\",\"@id\":\"https:\/\/www.tafeldeko.de\/news\/#website\",\"url\":\"https:\/\/www.tafeldeko.de\/news\/\",\"name\":\"Tafeldeko\",\"description\":\"Blog mit Tischdeko und Tischdekoration Ideen\",\"potentialAction\":[{\"@type\":\"SearchAction\",\"target\":{\"@type\":\"EntryPoint\",\"urlTemplate\":\"https:\/\/www.tafeldeko.de\/news\/?s={search_term_string}\"},\"query-input\":\"required name=search_term_string\"}],\"inLanguage\":\"de-DE\"},{\"@type\":\"Person\",\"@id\":\"https:\/\/www.tafeldeko.de\/news\/#\/schema\/person\/d2acd86447ed0b6336089a8ba83164a0\",\"name\":\"Christiane Stein\",\"image\":{\"@type\":\"ImageObject\",\"inLanguage\":\"de-DE\",\"@id\":\"https:\/\/www.tafeldeko.de\/news\/#\/schema\/person\/image\/\",\"url\":\"https:\/\/secure.gravatar.com\/avatar\/2054729fbfd1ebc9d3cf1fd55361d0b6?s=96&d=mm&r=g\",\"contentUrl\":\"https:\/\/secure.gravatar.com\/avatar\/2054729fbfd1ebc9d3cf1fd55361d0b6?s=96&d=mm&r=g\",\"caption\":\"Christiane Stein\"}}]}<\/script>\n<!-- \/ Yoast SEO plugin. -->","yoast_head_json":{"title":"Teelichtsticker in Sternform \u2013 f\u00fcr Adventskranz und weihnachtliche Deko - Tafeldeko","description":"Der Adventskranz geh&#xF6;rt zu den weihnachtlichen Dekorationen und zur Vorweihnachtszeit dazu. Tolle Artikel hierf&#xFC;r erhalten Sie bei uns.","robots":{"index":"index","follow":"follow","max-snippet":"max-snippet:-1","max-image-preview":"max-image-preview:large","max-video-preview":"max-video-preview:-1"},"canonical":"https:\/\/www.tafeldeko.de\/news\/teelichtsticker-in-sternform-fuer-adventskranz-und-weihnachtliche-deko\/","og_locale":"de_DE","og_type":"article","og_title":"Teelichtsticker in Sternform \u2013 f\u00fcr Adventskranz und weihnachtliche Deko - Tafeldeko","og_description":"Der Adventskranz geh&#xF6;rt zu den weihnachtlichen Dekorationen und zur Vorweihnachtszeit dazu. Tolle Artikel hierf&#xFC;r erhalten Sie bei uns.","og_url":"https:\/\/www.tafeldeko.de\/news\/teelichtsticker-in-sternform-fuer-adventskranz-und-weihnachtliche-deko\/","og_site_name":"Tafeldeko","article_publisher":"https:\/\/www.facebook.com\/pages\/Tafeldeko-einzigartige-Tischdekoration\/174202655894","article_published_time":"2011-11-17T18:55:45+00:00","og_image":[{"width":250,"height":250,"url":"https:\/\/www.tafeldeko.de\/news\/wp-content\/uploads\/2014\/09\/teelichtstern_sticker.jpg","type":"image\/jpeg"}],"author":"Christiane Stein","twitter_misc":{"Verfasst von":"Christiane Stein","Gesch\u00e4tzte Lesezeit":"2 Minuten"},"schema":{"@context":"https:\/\/schema.org","@graph":[{"@type":"WebPage","@id":"https:\/\/www.tafeldeko.de\/news\/teelichtsticker-in-sternform-fuer-adventskranz-und-weihnachtliche-deko\/","url":"https:\/\/www.tafeldeko.de\/news\/teelichtsticker-in-sternform-fuer-adventskranz-und-weihnachtliche-deko\/","name":"Teelichtsticker in Sternform \u2013 f\u00fcr Adventskranz und weihnachtliche Deko - Tafeldeko","isPartOf":{"@id":"https:\/\/www.tafeldeko.de\/news\/#website"},"datePublished":"2011-11-17T18:55:45+00:00","dateModified":"2011-11-17T18:55:45+00:00","author":{"@id":"https:\/\/www.tafeldeko.de\/news\/#\/schema\/person\/d2acd86447ed0b6336089a8ba83164a0"},"description":"Der Adventskranz geh&#xF6;rt zu den weihnachtlichen Dekorationen und zur Vorweihnachtszeit dazu. Tolle Artikel hierf&#xFC;r erhalten Sie bei uns.","breadcrumb":{"@id":"https:\/\/www.tafeldeko.de\/news\/teelichtsticker-in-sternform-fuer-adventskranz-und-weihnachtliche-deko\/#breadcrumb"},"inLanguage":"de-DE","potentialAction":[{"@type":"ReadAction","target":["https:\/\/www.tafeldeko.de\/news\/teelichtsticker-in-sternform-fuer-adventskranz-und-weihnachtliche-deko\/"]}]},{"@type":"BreadcrumbList","@id":"https:\/\/www.tafeldeko.de\/news\/teelichtsticker-in-sternform-fuer-adventskranz-und-weihnachtliche-deko\/#breadcrumb","itemListElement":[{"@type":"ListItem","position":1,"name":"Tafeldeko","item":"https:\/\/www.tafeldeko.de\/news\/"},{"@type":"ListItem","position":2,"name":"Alte Beitr\u00e4ge","item":"https:\/\/www.tafeldeko.de\/news\/alte-beitraege\/"},{"@type":"ListItem","position":3,"name":"Tischdeko - Blog","item":"https:\/\/www.tafeldeko.de\/news\/alte-beitraege\/tischdeko-blog\/"},{"@type":"ListItem","position":4,"name":"Teelichtsticker in Sternform \u2013 f\u00fcr Adventskranz und weihnachtliche Deko"}]},{"@type":"WebSite","@id":"https:\/\/www.tafeldeko.de\/news\/#website","url":"https:\/\/www.tafeldeko.de\/news\/","name":"Tafeldeko","description":"Blog mit Tischdeko und Tischdekoration Ideen","potentialAction":[{"@type":"SearchAction","target":{"@type":"EntryPoint","urlTemplate":"https:\/\/www.tafeldeko.de\/news\/?s={search_term_string}"},"query-input":"required name=search_term_string"}],"inLanguage":"de-DE"},{"@type":"Person","@id":"https:\/\/www.tafeldeko.de\/news\/#\/schema\/person\/d2acd86447ed0b6336089a8ba83164a0","name":"Christiane Stein","image":{"@type":"ImageObject","inLanguage":"de-DE","@id":"https:\/\/www.tafeldeko.de\/news\/#\/schema\/person\/image\/","url":"https:\/\/secure.gravatar.com\/avatar\/2054729fbfd1ebc9d3cf1fd55361d0b6?s=96&d=mm&r=g","contentUrl":"https:\/\/secure.gravatar.com\/avatar\/2054729fbfd1ebc9d3cf1fd55361d0b6?s=96&d=mm&r=g","caption":"Christiane Stein"}}]}},"_links":{"self":[{"href":"https:\/\/www.tafeldeko.de\/news\/wp-json\/wp\/v2\/posts\/3579"}],"collection":[{"href":"https:\/\/www.tafeldeko.de\/news\/wp-json\/wp\/v2\/posts"}],"about":[{"href":"https:\/\/www.tafeldeko.de\/news\/wp-json\/wp\/v2\/types\/post"}],"author":[{"embeddable":true,"href":"https:\/\/www.tafeldeko.de\/news\/wp-json\/wp\/v2\/users\/2"}],"replies":[{"embeddable":true,"href":"https:\/\/www.tafeldeko.de\/news\/wp-json\/wp\/v2\/comments?post=3579"}],"version-history":[{"count":0,"href":"https:\/\/www.tafeldeko.de\/news\/wp-json\/wp\/v2\/posts\/3579\/revisions"}],"wp:featuredmedia":[{"embeddable":true,"href":"https:\/\/www.tafeldeko.de\/news\/wp-json\/wp\/v2\/media\/3580"}],"wp:attachment":[{"href":"https:\/\/www.tafeldeko.de\/news\/wp-json\/wp\/v2\/media?parent=3579"}],"wp:term":[{"taxonomy":"category","embeddable":true,"href":"https:\/\/www.tafeldeko.de\/news\/wp-json\/wp\/v2\/categories?post=3579"},{"taxonomy":"post_tag","embeddable":true,"href":"https:\/\/www.tafeldeko.de\/news\/wp-json\/wp\/v2\/tags?post=3579"}],"curies":[{"name":"wp","href":"https:\/\/api.w.org\/{rel}","templated":true}]}}