{"id":3546,"date":"2011-10-25T13:46:51","date_gmt":"2011-10-25T11:46:51","guid":{"rendered":"http:\/\/www.tafeldeko.de\/news\/?p=3546"},"modified":"2011-10-25T13:46:51","modified_gmt":"2011-10-25T11:46:51","slug":"winterliche-tischdekoration-fuer-die-gastronomie","status":"publish","type":"post","link":"https:\/\/www.tafeldeko.de\/news\/winterliche-tischdekoration-fuer-die-gastronomie\/","title":{"rendered":"Winterliche Tischdekoration f\u00fcr die Gastronomie"},"content":{"rendered":"<div class=\"textumfliessenrechts\"><img decoding=\"async\" loading=\"lazy\" src=\"https:\/\/www.tafeldeko.de\/news\/media\/users\/schnurchristian\/duni_winter.jpg\" alt=\"Duni Winter\" title=\"Duni Winter\" width=\"200\" height=\"140\" \/><br \/><a href=\"https:\/\/www.tafeldeko.de\/index.php\/cat\/c180_Duni-Themenwelt.html\" title=\"Duni Themenwelten\"><b>Duni Themenwelten<\/b><\/a><\/div>\n<p> <b>Winterliche Tischdekorationen<\/b> sind nicht nur in den eigenen vier W\u00e4nden sch\u00f6n und ansprechend, sondern auch in der Gastronomie.<br \/>\nF\u00fcr die G\u00e4ste ist es immer wieder sch\u00f6n, in ein Restaurant einzutreten und nicht immer die gleiche Tischdekoration sehen zu m\u00fcssen. Gerade die saisonalen Dekorationen bieten sich an, um die G\u00e4ste angemessen zu empfangen.<br \/>\nDas Auge isst mit \u2013 und das nicht nur beim Essen, sondern das Gesamtbild z\u00e4hlt.<br \/>\nUnd zu diesem Gesamtbild z\u00e4hlt eben auch die Tischdeko.<br \/>\nSch\u00f6n und passend ist die winterliche Tischdekoration, wenn es drau\u00dfen kalt wird, und vielleicht auch die ersten Schneeflocken fallen. In dem Moment wirkt eine winterliche Tischdekoration wundersch\u00f6n und die G\u00e4ste werden sich im warmen Restaurant wohlf\u00fchlen.<br \/>\nEine m\u00f6gliche Tischdekoration k\u00f6nnen Sie mit der Duni Serie Winter wundersch\u00f6n herrichten.<br \/>\nZarte Farben in Kombination mit kleinen Tannenb\u00e4umen pr\u00e4sentieren sich auf Servietten, Tischl\u00e4ufern, Tischsets und Mitteldecken. Ganz gleich, wie man die Tische in ihrer Basis abdeckt, diese winterliche Tischdekoration setzt gerade Holztische perfekt in Szene.<br \/>\nBeispielsweise kann ein <b><a href=\"https:\/\/www.tafeldeko.de\/index.php\/cat\/c728_Tischl%C3%A4ufer.html\" title=\"Tischl\u00e4ufer\">Tischl\u00e4ufer<\/a><\/b> von einer Seite zur anderen aufgelegt werden, so dass die Sitzpl\u00e4tze mit dem Tischl\u00e4ufer ausgelegt sind. Die <b>Servietten <\/b>\u2013 in dem gew\u00fcnschten Material \u2013 werden als kleine Rolle auf den Tischl\u00e4ufer gestellt. Durch dieses kleine Arrangement setzt man bereits den ersten <b>Blickpunkt <\/b>auf dem Tisch. Winterliche oder auch weihnachtliche Accessoires erg\u00e4nzen die Tischdekoration. Dies k\u00f6nnen zum Beispiel winterliche <b><a href=\"https:\/\/www.tafeldeko.de\/index.php\/cat\/c487_Weihnacht-Accessoires.html\" title=\"Figuren\">Figuren<\/a><\/b> sein, auch Kerzen mit Wintermotiven geh\u00f6ren dazu. Mit einigen kleineren Deko-Accessoires hat man eine tolle winterliche Tischdeko geschaffen, die die G\u00e4ste beeindrucken wird.<br \/>\nAuch wenn diese Tischdeko recht schlicht gehalten ist, wirkt sie dennoch wundersch\u00f6n &#8211; vielleicht gerade wegen der Schlichtheit. Gerade in der Gastronomie ist weniger oft mehr. Tische d\u00fcrfen nicht zu \u00fcberladen sein, denn schlie\u00dflich sollen auch das Essen und die Getr\u00e4nke ihren Platz inmitten der Tischdeko finden.<br \/>\nDie winterliche Tischdekoration mit Duni \u2013 nicht nur f\u00fcr die Gastronomie sch\u00f6n anzuschauen. <\/p>\n","protected":false},"excerpt":{"rendered":"<p>Winterliche Tischdekorationen sind nicht nur in den eigenen vier W\u00e4nden sch\u00f6n und ansprechend, sondern auch in der Gastronomie.<br \/>\nF\u00fcr die G\u00e4ste ist es immer wieder sch\u00f6n, in ein Restaurant einzutreten und nicht immer die gleiche Tischdekoration sehen zu m\u00fcssen. Gerade die saisonalen Dekorationen bieten sich an, um die G\u00e4ste angemessen zu empfangen.<br \/>\nDas Auge isst mit \u2013 und das nicht nur beim Essen, sondern das Gesamtbild z\u00e4hlt.<br \/>\nUnd zu diesem Gesamtbild z\u00e4hlt eben auch die Tischdeko.<\/p>\n","protected":false},"author":2,"featured_media":383,"comment_status":"open","ping_status":"open","sticky":false,"template":"","format":"standard","meta":{"footnotes":""},"categories":[1],"tags":[],"yoast_head":"<!-- This site is optimized with the Yoast SEO plugin v20.4 - https:\/\/yoast.com\/wordpress\/plugins\/seo\/ -->\n<title>Winterliche Tischdekoration f\u00fcr die Gastronomie - Tafeldeko<\/title>\n<meta name=\"description\" content=\"Die winterliche Tischdekoration mit Duni &#x2013; nicht nur f&#xFC;r die Gastronomie sch&#xF6;n anzuschauen.\" \/>\n<meta name=\"robots\" content=\"index, follow, max-snippet:-1, max-image-preview:large, max-video-preview:-1\" \/>\n<link rel=\"canonical\" href=\"https:\/\/www.tafeldeko.de\/news\/winterliche-tischdekoration-fuer-die-gastronomie\/\" \/>\n<meta property=\"og:locale\" content=\"de_DE\" \/>\n<meta property=\"og:type\" content=\"article\" \/>\n<meta property=\"og:title\" content=\"Winterliche Tischdekoration f\u00fcr die Gastronomie - Tafeldeko\" \/>\n<meta property=\"og:description\" content=\"Die winterliche Tischdekoration mit Duni &#x2013; nicht nur f&#xFC;r die Gastronomie sch&#xF6;n anzuschauen.\" \/>\n<meta property=\"og:url\" content=\"https:\/\/www.tafeldeko.de\/news\/winterliche-tischdekoration-fuer-die-gastronomie\/\" \/>\n<meta property=\"og:site_name\" content=\"Tafeldeko\" \/>\n<meta property=\"article:publisher\" content=\"https:\/\/www.facebook.com\/pages\/Tafeldeko-einzigartige-Tischdekoration\/174202655894\" \/>\n<meta property=\"article:published_time\" content=\"2011-10-25T11:46:51+00:00\" \/>\n<meta property=\"og:image\" content=\"https:\/\/www.tafeldeko.de\/news\/wp-content\/uploads\/2014\/09\/duni_winter.jpg\" \/>\n\t<meta property=\"og:image:width\" content=\"200\" \/>\n\t<meta property=\"og:image:height\" content=\"140\" \/>\n\t<meta property=\"og:image:type\" content=\"image\/jpeg\" \/>\n<meta name=\"author\" content=\"Christiane Stein\" \/>\n<meta name=\"twitter:label1\" content=\"Verfasst von\" \/>\n\t<meta name=\"twitter:data1\" content=\"Christiane Stein\" \/>\n\t<meta name=\"twitter:label2\" content=\"Gesch\u00e4tzte Lesezeit\" \/>\n\t<meta name=\"twitter:data2\" content=\"2 Minuten\" \/>\n<script type=\"application\/ld+json\" class=\"yoast-schema-graph\">{\"@context\":\"https:\/\/schema.org\",\"@graph\":[{\"@type\":\"WebPage\",\"@id\":\"https:\/\/www.tafeldeko.de\/news\/winterliche-tischdekoration-fuer-die-gastronomie\/\",\"url\":\"https:\/\/www.tafeldeko.de\/news\/winterliche-tischdekoration-fuer-die-gastronomie\/\",\"name\":\"Winterliche Tischdekoration f\u00fcr die Gastronomie - Tafeldeko\",\"isPartOf\":{\"@id\":\"https:\/\/www.tafeldeko.de\/news\/#website\"},\"datePublished\":\"2011-10-25T11:46:51+00:00\",\"dateModified\":\"2011-10-25T11:46:51+00:00\",\"author\":{\"@id\":\"https:\/\/www.tafeldeko.de\/news\/#\/schema\/person\/d2acd86447ed0b6336089a8ba83164a0\"},\"description\":\"Die winterliche Tischdekoration mit Duni &#x2013; nicht nur f&#xFC;r die Gastronomie sch&#xF6;n anzuschauen.\",\"breadcrumb\":{\"@id\":\"https:\/\/www.tafeldeko.de\/news\/winterliche-tischdekoration-fuer-die-gastronomie\/#breadcrumb\"},\"inLanguage\":\"de-DE\",\"potentialAction\":[{\"@type\":\"ReadAction\",\"target\":[\"https:\/\/www.tafeldeko.de\/news\/winterliche-tischdekoration-fuer-die-gastronomie\/\"]}]},{\"@type\":\"BreadcrumbList\",\"@id\":\"https:\/\/www.tafeldeko.de\/news\/winterliche-tischdekoration-fuer-die-gastronomie\/#breadcrumb\",\"itemListElement\":[{\"@type\":\"ListItem\",\"position\":1,\"name\":\"Tafeldeko\",\"item\":\"https:\/\/www.tafeldeko.de\/news\/\"},{\"@type\":\"ListItem\",\"position\":2,\"name\":\"Alte Beitr\u00e4ge\",\"item\":\"https:\/\/www.tafeldeko.de\/news\/alte-beitraege\/\"},{\"@type\":\"ListItem\",\"position\":3,\"name\":\"Tischdeko - Blog\",\"item\":\"https:\/\/www.tafeldeko.de\/news\/alte-beitraege\/tischdeko-blog\/\"},{\"@type\":\"ListItem\",\"position\":4,\"name\":\"Winterliche Tischdekoration f\u00fcr die Gastronomie\"}]},{\"@type\":\"WebSite\",\"@id\":\"https:\/\/www.tafeldeko.de\/news\/#website\",\"url\":\"https:\/\/www.tafeldeko.de\/news\/\",\"name\":\"Tafeldeko\",\"description\":\"Blog mit Tischdeko und Tischdekoration Ideen\",\"potentialAction\":[{\"@type\":\"SearchAction\",\"target\":{\"@type\":\"EntryPoint\",\"urlTemplate\":\"https:\/\/www.tafeldeko.de\/news\/?s={search_term_string}\"},\"query-input\":\"required name=search_term_string\"}],\"inLanguage\":\"de-DE\"},{\"@type\":\"Person\",\"@id\":\"https:\/\/www.tafeldeko.de\/news\/#\/schema\/person\/d2acd86447ed0b6336089a8ba83164a0\",\"name\":\"Christiane Stein\",\"image\":{\"@type\":\"ImageObject\",\"inLanguage\":\"de-DE\",\"@id\":\"https:\/\/www.tafeldeko.de\/news\/#\/schema\/person\/image\/\",\"url\":\"https:\/\/secure.gravatar.com\/avatar\/2054729fbfd1ebc9d3cf1fd55361d0b6?s=96&d=mm&r=g\",\"contentUrl\":\"https:\/\/secure.gravatar.com\/avatar\/2054729fbfd1ebc9d3cf1fd55361d0b6?s=96&d=mm&r=g\",\"caption\":\"Christiane Stein\"}}]}<\/script>\n<!-- \/ Yoast SEO plugin. -->","yoast_head_json":{"title":"Winterliche Tischdekoration f\u00fcr die Gastronomie - Tafeldeko","description":"Die winterliche Tischdekoration mit Duni &#x2013; nicht nur f&#xFC;r die Gastronomie sch&#xF6;n anzuschauen.","robots":{"index":"index","follow":"follow","max-snippet":"max-snippet:-1","max-image-preview":"max-image-preview:large","max-video-preview":"max-video-preview:-1"},"canonical":"https:\/\/www.tafeldeko.de\/news\/winterliche-tischdekoration-fuer-die-gastronomie\/","og_locale":"de_DE","og_type":"article","og_title":"Winterliche Tischdekoration f\u00fcr die Gastronomie - Tafeldeko","og_description":"Die winterliche Tischdekoration mit Duni &#x2013; nicht nur f&#xFC;r die Gastronomie sch&#xF6;n anzuschauen.","og_url":"https:\/\/www.tafeldeko.de\/news\/winterliche-tischdekoration-fuer-die-gastronomie\/","og_site_name":"Tafeldeko","article_publisher":"https:\/\/www.facebook.com\/pages\/Tafeldeko-einzigartige-Tischdekoration\/174202655894","article_published_time":"2011-10-25T11:46:51+00:00","og_image":[{"width":200,"height":140,"url":"https:\/\/www.tafeldeko.de\/news\/wp-content\/uploads\/2014\/09\/duni_winter.jpg","type":"image\/jpeg"}],"author":"Christiane Stein","twitter_misc":{"Verfasst von":"Christiane Stein","Gesch\u00e4tzte Lesezeit":"2 Minuten"},"schema":{"@context":"https:\/\/schema.org","@graph":[{"@type":"WebPage","@id":"https:\/\/www.tafeldeko.de\/news\/winterliche-tischdekoration-fuer-die-gastronomie\/","url":"https:\/\/www.tafeldeko.de\/news\/winterliche-tischdekoration-fuer-die-gastronomie\/","name":"Winterliche Tischdekoration f\u00fcr die Gastronomie - Tafeldeko","isPartOf":{"@id":"https:\/\/www.tafeldeko.de\/news\/#website"},"datePublished":"2011-10-25T11:46:51+00:00","dateModified":"2011-10-25T11:46:51+00:00","author":{"@id":"https:\/\/www.tafeldeko.de\/news\/#\/schema\/person\/d2acd86447ed0b6336089a8ba83164a0"},"description":"Die winterliche Tischdekoration mit Duni &#x2013; nicht nur f&#xFC;r die Gastronomie sch&#xF6;n anzuschauen.","breadcrumb":{"@id":"https:\/\/www.tafeldeko.de\/news\/winterliche-tischdekoration-fuer-die-gastronomie\/#breadcrumb"},"inLanguage":"de-DE","potentialAction":[{"@type":"ReadAction","target":["https:\/\/www.tafeldeko.de\/news\/winterliche-tischdekoration-fuer-die-gastronomie\/"]}]},{"@type":"BreadcrumbList","@id":"https:\/\/www.tafeldeko.de\/news\/winterliche-tischdekoration-fuer-die-gastronomie\/#breadcrumb","itemListElement":[{"@type":"ListItem","position":1,"name":"Tafeldeko","item":"https:\/\/www.tafeldeko.de\/news\/"},{"@type":"ListItem","position":2,"name":"Alte Beitr\u00e4ge","item":"https:\/\/www.tafeldeko.de\/news\/alte-beitraege\/"},{"@type":"ListItem","position":3,"name":"Tischdeko - Blog","item":"https:\/\/www.tafeldeko.de\/news\/alte-beitraege\/tischdeko-blog\/"},{"@type":"ListItem","position":4,"name":"Winterliche Tischdekoration f\u00fcr die Gastronomie"}]},{"@type":"WebSite","@id":"https:\/\/www.tafeldeko.de\/news\/#website","url":"https:\/\/www.tafeldeko.de\/news\/","name":"Tafeldeko","description":"Blog mit Tischdeko und Tischdekoration Ideen","potentialAction":[{"@type":"SearchAction","target":{"@type":"EntryPoint","urlTemplate":"https:\/\/www.tafeldeko.de\/news\/?s={search_term_string}"},"query-input":"required name=search_term_string"}],"inLanguage":"de-DE"},{"@type":"Person","@id":"https:\/\/www.tafeldeko.de\/news\/#\/schema\/person\/d2acd86447ed0b6336089a8ba83164a0","name":"Christiane Stein","image":{"@type":"ImageObject","inLanguage":"de-DE","@id":"https:\/\/www.tafeldeko.de\/news\/#\/schema\/person\/image\/","url":"https:\/\/secure.gravatar.com\/avatar\/2054729fbfd1ebc9d3cf1fd55361d0b6?s=96&d=mm&r=g","contentUrl":"https:\/\/secure.gravatar.com\/avatar\/2054729fbfd1ebc9d3cf1fd55361d0b6?s=96&d=mm&r=g","caption":"Christiane Stein"}}]}},"_links":{"self":[{"href":"https:\/\/www.tafeldeko.de\/news\/wp-json\/wp\/v2\/posts\/3546"}],"collection":[{"href":"https:\/\/www.tafeldeko.de\/news\/wp-json\/wp\/v2\/posts"}],"about":[{"href":"https:\/\/www.tafeldeko.de\/news\/wp-json\/wp\/v2\/types\/post"}],"author":[{"embeddable":true,"href":"https:\/\/www.tafeldeko.de\/news\/wp-json\/wp\/v2\/users\/2"}],"replies":[{"embeddable":true,"href":"https:\/\/www.tafeldeko.de\/news\/wp-json\/wp\/v2\/comments?post=3546"}],"version-history":[{"count":0,"href":"https:\/\/www.tafeldeko.de\/news\/wp-json\/wp\/v2\/posts\/3546\/revisions"}],"wp:featuredmedia":[{"embeddable":true,"href":"https:\/\/www.tafeldeko.de\/news\/wp-json\/wp\/v2\/media\/383"}],"wp:attachment":[{"href":"https:\/\/www.tafeldeko.de\/news\/wp-json\/wp\/v2\/media?parent=3546"}],"wp:term":[{"taxonomy":"category","embeddable":true,"href":"https:\/\/www.tafeldeko.de\/news\/wp-json\/wp\/v2\/categories?post=3546"},{"taxonomy":"post_tag","embeddable":true,"href":"https:\/\/www.tafeldeko.de\/news\/wp-json\/wp\/v2\/tags?post=3546"}],"curies":[{"name":"wp","href":"https:\/\/api.w.org\/{rel}","templated":true}]}}