{"id":3540,"date":"2011-10-21T08:55:26","date_gmt":"2011-10-21T06:55:26","guid":{"rendered":"http:\/\/www.tafeldeko.de\/news\/?p=3540"},"modified":"2011-10-21T08:55:26","modified_gmt":"2011-10-21T06:55:26","slug":"duni-winter-memories-weihnachtliche-tischdekorationen","status":"publish","type":"post","link":"https:\/\/www.tafeldeko.de\/news\/duni-winter-memories-weihnachtliche-tischdekorationen\/","title":{"rendered":"Duni Winter Memories \u2013 weihnachtliche Tischdekorationen"},"content":{"rendered":"<div class=\"textumfliessenrechts\"><img decoding=\"async\" loading=\"lazy\" src=\"https:\/\/www.tafeldeko.de\/news\/media\/users\/schnurchristian\/winter_memoires.jpg\" alt=\"Duni Winter Memories\" title=\"Duni Winter Memories\" width=\"200\" height=\"140\" \/><br \/><a href=\"https:\/\/www.tafeldeko.de\/index.php\/cat\/c286_Duni-Weihnachten.html\" title=\"Duni Winter Servietten\"><b>Duni Winter Servietten<\/b><\/a><\/div>\n<p> Die Weihnachtszeit \u2013 sie beschert uns den einen oder anderen geruhsamen Tag im Kreise der Familie. Heiligabend, der 1. und der 2. Weihnachtstag \u2013 drei Feiertage, die bei vielen ohne Arbeit verbracht werden k\u00f6nnen, lediglich die Arbeit zu Hause f\u00e4llt vielleicht an. Nat\u00fcrlich gibt es auch viele Menschen, die w\u00e4hrend der Weihnachtsfeiertage keinen Urlaub haben, weil sie in Berufen sind, bei denen es keine Sonn- und Feiertage gibt.<br \/>\nF\u00fcr alle die, die sich im Kreise der Familie eine sch\u00f6ne Zeit machen k\u00f6nnen, hei\u00dft es auch, f\u00fcr das Weihnachtsessen eine ansprechende Tischdekoration zaubern. Da man in der Regel nicht jedes Jahr die gleiche Tischdeko pr\u00e4sentieren m\u00f6chte, hei\u00dft dies auch, dass man sich im Vorfeld um eine Tischdeko k\u00fcmmern muss.<br \/>\n<b>Neue Trends<\/b> machen es uns recht einfach, immer wieder neue Tischdekorationen zu finden. Gerade Duni pr\u00e4sentiert uns in diesem Jahr zu Weihnachten wieder viele Deko-M\u00f6glichkeiten \u2013 eine sch\u00f6ner und ansprechender als die andere. Die Wahl f\u00e4llt schwer \u2013 so viel sei gesagt.<br \/>\nDuni Winter Memories ist ein Traum in rot und wei\u00df, gepaart mit weiteren Farben, die hervorragend miteinander harmonieren.<br \/>\nEine festliche Tischdekoration zu <b><a href=\"https:\/\/www.tafeldeko.de\/index.php\/cat\/c48_Tischdeko-Weihnachten.html\" title=\"Weihnachten\">Weihnachten<\/a><\/b> ist Ihnen mit dieser Duni-Serie gewiss.<br \/>\nServietten, Mitteldecken und Tischl\u00e4ufer sind aus dieser Serie Winter Memories erh\u00e4ltlich. Bei den <b><a href=\"https:\/\/www.tafeldeko.de\/index.php\/cat\/c1159_Weihnacht-Servietten.html\" title=\"Servietten\">Servietten<\/a><\/b> gibt es verschiedene, von den Klassik Weihnachtsservietten Winter Memories bis hin zu den Duni Dunilin Servietten. W\u00e4hlen Sie aus verschiedenen Qualit\u00e4ten innerhalb dieser Memories-Serie.<br \/>\nAuch in der Gestaltung unterscheiden sich die Servietten, so ist die eine ganz in Rot gehalten, w\u00e4hrend die andere Serviette im Mittelteil in Wei\u00df erstrahlt.<br \/>\nGanz gleich, f\u00fcr welche dieser Servietten, Tischl\u00e4ufer oder Mitteldecken man sich entscheidet, die Tischdekoration f\u00fcr das Weihnachtsessen sieht wundersch\u00f6n aus.<br \/>\nSterne und Eisblumen pr\u00e4sentieren sich auf den Deko-Teilen und machen die Tischdekoration zu einem winterlichen Erlebnis.<br \/>\nIn Kombination mit wei\u00dfen Tellern und wei\u00dfen Kerzen zaubern Sie f\u00fcr Weihnachten eine ganz <b>wundersch\u00f6ne Tischdekoration<\/b>.<\/p>\n","protected":false},"excerpt":{"rendered":"<p>Die Weihnachtszeit \u2013 sie beschert uns den einen oder anderen geruhsamen Tag im Kreise der Familie. Heiligabend, der 1. und der 2. Weihnachtstag \u2013 drei Feiertage, die bei vielen ohne Arbeit verbracht werden k\u00f6nnen, lediglich die Arbeit zu Hause f\u00e4llt vielleicht an. Nat\u00fcrlich gibt es auch viele Menschen, die w\u00e4hrend der Weihnachtsfeiertage keinen Urlaub haben, weil sie in Berufen sind, bei denen es keine Sonn- und Feiertage gibt.<br \/>\nF\u00fcr alle die, die sich im Kreise der Familie eine sch\u00f6ne Zeit machen k\u00f6nnen, hei\u00dft es auch, f\u00fcr das Weihnachtsessen eine ansprechende Tischdekoration zaubern. Da man in der Regel nicht jedes Jahr die gleiche Tischdeko pr\u00e4sentieren m\u00f6chte, hei\u00dft dies auch, dass man sich im Vorfeld um eine Tischdeko k\u00fcmmern muss.<\/p>\n","protected":false},"author":2,"featured_media":3541,"comment_status":"open","ping_status":"open","sticky":false,"template":"","format":"standard","meta":{"footnotes":""},"categories":[1],"tags":[],"yoast_head":"<!-- This site is optimized with the Yoast SEO plugin v20.4 - https:\/\/yoast.com\/wordpress\/plugins\/seo\/ -->\n<title>Duni Winter Memories \u2013 weihnachtliche Tischdekorationen - Tafeldeko<\/title>\n<meta name=\"description\" content=\"Sterne und Eisblumen pr&#xE4;sentieren sich auf den Deko-Teilen und machen die Tischdekoration zu einem winterlichen Erlebnis.\" \/>\n<meta name=\"robots\" content=\"index, follow, max-snippet:-1, max-image-preview:large, max-video-preview:-1\" \/>\n<link rel=\"canonical\" href=\"https:\/\/www.tafeldeko.de\/news\/duni-winter-memories-weihnachtliche-tischdekorationen\/\" \/>\n<meta property=\"og:locale\" content=\"de_DE\" \/>\n<meta property=\"og:type\" content=\"article\" \/>\n<meta property=\"og:title\" content=\"Duni Winter Memories \u2013 weihnachtliche Tischdekorationen - Tafeldeko\" \/>\n<meta property=\"og:description\" content=\"Sterne und Eisblumen pr&#xE4;sentieren sich auf den Deko-Teilen und machen die Tischdekoration zu einem winterlichen Erlebnis.\" \/>\n<meta property=\"og:url\" content=\"https:\/\/www.tafeldeko.de\/news\/duni-winter-memories-weihnachtliche-tischdekorationen\/\" \/>\n<meta property=\"og:site_name\" content=\"Tafeldeko\" \/>\n<meta property=\"article:publisher\" content=\"https:\/\/www.facebook.com\/pages\/Tafeldeko-einzigartige-Tischdekoration\/174202655894\" \/>\n<meta property=\"article:published_time\" content=\"2011-10-21T06:55:26+00:00\" \/>\n<meta property=\"og:image\" content=\"https:\/\/www.tafeldeko.de\/news\/wp-content\/uploads\/2014\/09\/winter_memoires.jpg\" \/>\n\t<meta property=\"og:image:width\" content=\"200\" \/>\n\t<meta property=\"og:image:height\" content=\"140\" \/>\n\t<meta property=\"og:image:type\" content=\"image\/jpeg\" \/>\n<meta name=\"author\" content=\"Christiane Stein\" \/>\n<meta name=\"twitter:label1\" content=\"Verfasst von\" \/>\n\t<meta name=\"twitter:data1\" content=\"Christiane Stein\" \/>\n\t<meta name=\"twitter:label2\" content=\"Gesch\u00e4tzte Lesezeit\" \/>\n\t<meta name=\"twitter:data2\" content=\"2 Minuten\" \/>\n<script type=\"application\/ld+json\" class=\"yoast-schema-graph\">{\"@context\":\"https:\/\/schema.org\",\"@graph\":[{\"@type\":\"WebPage\",\"@id\":\"https:\/\/www.tafeldeko.de\/news\/duni-winter-memories-weihnachtliche-tischdekorationen\/\",\"url\":\"https:\/\/www.tafeldeko.de\/news\/duni-winter-memories-weihnachtliche-tischdekorationen\/\",\"name\":\"Duni Winter Memories \u2013 weihnachtliche Tischdekorationen - Tafeldeko\",\"isPartOf\":{\"@id\":\"https:\/\/www.tafeldeko.de\/news\/#website\"},\"datePublished\":\"2011-10-21T06:55:26+00:00\",\"dateModified\":\"2011-10-21T06:55:26+00:00\",\"author\":{\"@id\":\"https:\/\/www.tafeldeko.de\/news\/#\/schema\/person\/d2acd86447ed0b6336089a8ba83164a0\"},\"description\":\"Sterne und Eisblumen pr&#xE4;sentieren sich auf den Deko-Teilen und machen die Tischdekoration zu einem winterlichen Erlebnis.\",\"breadcrumb\":{\"@id\":\"https:\/\/www.tafeldeko.de\/news\/duni-winter-memories-weihnachtliche-tischdekorationen\/#breadcrumb\"},\"inLanguage\":\"de-DE\",\"potentialAction\":[{\"@type\":\"ReadAction\",\"target\":[\"https:\/\/www.tafeldeko.de\/news\/duni-winter-memories-weihnachtliche-tischdekorationen\/\"]}]},{\"@type\":\"BreadcrumbList\",\"@id\":\"https:\/\/www.tafeldeko.de\/news\/duni-winter-memories-weihnachtliche-tischdekorationen\/#breadcrumb\",\"itemListElement\":[{\"@type\":\"ListItem\",\"position\":1,\"name\":\"Tafeldeko\",\"item\":\"https:\/\/www.tafeldeko.de\/news\/\"},{\"@type\":\"ListItem\",\"position\":2,\"name\":\"Alte Beitr\u00e4ge\",\"item\":\"https:\/\/www.tafeldeko.de\/news\/alte-beitraege\/\"},{\"@type\":\"ListItem\",\"position\":3,\"name\":\"Tischdeko - Blog\",\"item\":\"https:\/\/www.tafeldeko.de\/news\/alte-beitraege\/tischdeko-blog\/\"},{\"@type\":\"ListItem\",\"position\":4,\"name\":\"Duni Winter Memories \u2013 weihnachtliche Tischdekorationen\"}]},{\"@type\":\"WebSite\",\"@id\":\"https:\/\/www.tafeldeko.de\/news\/#website\",\"url\":\"https:\/\/www.tafeldeko.de\/news\/\",\"name\":\"Tafeldeko\",\"description\":\"Blog mit Tischdeko und Tischdekoration Ideen\",\"potentialAction\":[{\"@type\":\"SearchAction\",\"target\":{\"@type\":\"EntryPoint\",\"urlTemplate\":\"https:\/\/www.tafeldeko.de\/news\/?s={search_term_string}\"},\"query-input\":\"required name=search_term_string\"}],\"inLanguage\":\"de-DE\"},{\"@type\":\"Person\",\"@id\":\"https:\/\/www.tafeldeko.de\/news\/#\/schema\/person\/d2acd86447ed0b6336089a8ba83164a0\",\"name\":\"Christiane Stein\",\"image\":{\"@type\":\"ImageObject\",\"inLanguage\":\"de-DE\",\"@id\":\"https:\/\/www.tafeldeko.de\/news\/#\/schema\/person\/image\/\",\"url\":\"https:\/\/secure.gravatar.com\/avatar\/2054729fbfd1ebc9d3cf1fd55361d0b6?s=96&d=mm&r=g\",\"contentUrl\":\"https:\/\/secure.gravatar.com\/avatar\/2054729fbfd1ebc9d3cf1fd55361d0b6?s=96&d=mm&r=g\",\"caption\":\"Christiane Stein\"}}]}<\/script>\n<!-- \/ Yoast SEO plugin. -->","yoast_head_json":{"title":"Duni Winter Memories \u2013 weihnachtliche Tischdekorationen - Tafeldeko","description":"Sterne und Eisblumen pr&#xE4;sentieren sich auf den Deko-Teilen und machen die Tischdekoration zu einem winterlichen Erlebnis.","robots":{"index":"index","follow":"follow","max-snippet":"max-snippet:-1","max-image-preview":"max-image-preview:large","max-video-preview":"max-video-preview:-1"},"canonical":"https:\/\/www.tafeldeko.de\/news\/duni-winter-memories-weihnachtliche-tischdekorationen\/","og_locale":"de_DE","og_type":"article","og_title":"Duni Winter Memories \u2013 weihnachtliche Tischdekorationen - Tafeldeko","og_description":"Sterne und Eisblumen pr&#xE4;sentieren sich auf den Deko-Teilen und machen die Tischdekoration zu einem winterlichen Erlebnis.","og_url":"https:\/\/www.tafeldeko.de\/news\/duni-winter-memories-weihnachtliche-tischdekorationen\/","og_site_name":"Tafeldeko","article_publisher":"https:\/\/www.facebook.com\/pages\/Tafeldeko-einzigartige-Tischdekoration\/174202655894","article_published_time":"2011-10-21T06:55:26+00:00","og_image":[{"width":200,"height":140,"url":"https:\/\/www.tafeldeko.de\/news\/wp-content\/uploads\/2014\/09\/winter_memoires.jpg","type":"image\/jpeg"}],"author":"Christiane Stein","twitter_misc":{"Verfasst von":"Christiane Stein","Gesch\u00e4tzte Lesezeit":"2 Minuten"},"schema":{"@context":"https:\/\/schema.org","@graph":[{"@type":"WebPage","@id":"https:\/\/www.tafeldeko.de\/news\/duni-winter-memories-weihnachtliche-tischdekorationen\/","url":"https:\/\/www.tafeldeko.de\/news\/duni-winter-memories-weihnachtliche-tischdekorationen\/","name":"Duni Winter Memories \u2013 weihnachtliche Tischdekorationen - Tafeldeko","isPartOf":{"@id":"https:\/\/www.tafeldeko.de\/news\/#website"},"datePublished":"2011-10-21T06:55:26+00:00","dateModified":"2011-10-21T06:55:26+00:00","author":{"@id":"https:\/\/www.tafeldeko.de\/news\/#\/schema\/person\/d2acd86447ed0b6336089a8ba83164a0"},"description":"Sterne und Eisblumen pr&#xE4;sentieren sich auf den Deko-Teilen und machen die Tischdekoration zu einem winterlichen Erlebnis.","breadcrumb":{"@id":"https:\/\/www.tafeldeko.de\/news\/duni-winter-memories-weihnachtliche-tischdekorationen\/#breadcrumb"},"inLanguage":"de-DE","potentialAction":[{"@type":"ReadAction","target":["https:\/\/www.tafeldeko.de\/news\/duni-winter-memories-weihnachtliche-tischdekorationen\/"]}]},{"@type":"BreadcrumbList","@id":"https:\/\/www.tafeldeko.de\/news\/duni-winter-memories-weihnachtliche-tischdekorationen\/#breadcrumb","itemListElement":[{"@type":"ListItem","position":1,"name":"Tafeldeko","item":"https:\/\/www.tafeldeko.de\/news\/"},{"@type":"ListItem","position":2,"name":"Alte Beitr\u00e4ge","item":"https:\/\/www.tafeldeko.de\/news\/alte-beitraege\/"},{"@type":"ListItem","position":3,"name":"Tischdeko - Blog","item":"https:\/\/www.tafeldeko.de\/news\/alte-beitraege\/tischdeko-blog\/"},{"@type":"ListItem","position":4,"name":"Duni Winter Memories \u2013 weihnachtliche Tischdekorationen"}]},{"@type":"WebSite","@id":"https:\/\/www.tafeldeko.de\/news\/#website","url":"https:\/\/www.tafeldeko.de\/news\/","name":"Tafeldeko","description":"Blog mit Tischdeko und Tischdekoration Ideen","potentialAction":[{"@type":"SearchAction","target":{"@type":"EntryPoint","urlTemplate":"https:\/\/www.tafeldeko.de\/news\/?s={search_term_string}"},"query-input":"required name=search_term_string"}],"inLanguage":"de-DE"},{"@type":"Person","@id":"https:\/\/www.tafeldeko.de\/news\/#\/schema\/person\/d2acd86447ed0b6336089a8ba83164a0","name":"Christiane Stein","image":{"@type":"ImageObject","inLanguage":"de-DE","@id":"https:\/\/www.tafeldeko.de\/news\/#\/schema\/person\/image\/","url":"https:\/\/secure.gravatar.com\/avatar\/2054729fbfd1ebc9d3cf1fd55361d0b6?s=96&d=mm&r=g","contentUrl":"https:\/\/secure.gravatar.com\/avatar\/2054729fbfd1ebc9d3cf1fd55361d0b6?s=96&d=mm&r=g","caption":"Christiane Stein"}}]}},"_links":{"self":[{"href":"https:\/\/www.tafeldeko.de\/news\/wp-json\/wp\/v2\/posts\/3540"}],"collection":[{"href":"https:\/\/www.tafeldeko.de\/news\/wp-json\/wp\/v2\/posts"}],"about":[{"href":"https:\/\/www.tafeldeko.de\/news\/wp-json\/wp\/v2\/types\/post"}],"author":[{"embeddable":true,"href":"https:\/\/www.tafeldeko.de\/news\/wp-json\/wp\/v2\/users\/2"}],"replies":[{"embeddable":true,"href":"https:\/\/www.tafeldeko.de\/news\/wp-json\/wp\/v2\/comments?post=3540"}],"version-history":[{"count":0,"href":"https:\/\/www.tafeldeko.de\/news\/wp-json\/wp\/v2\/posts\/3540\/revisions"}],"wp:featuredmedia":[{"embeddable":true,"href":"https:\/\/www.tafeldeko.de\/news\/wp-json\/wp\/v2\/media\/3541"}],"wp:attachment":[{"href":"https:\/\/www.tafeldeko.de\/news\/wp-json\/wp\/v2\/media?parent=3540"}],"wp:term":[{"taxonomy":"category","embeddable":true,"href":"https:\/\/www.tafeldeko.de\/news\/wp-json\/wp\/v2\/categories?post=3540"},{"taxonomy":"post_tag","embeddable":true,"href":"https:\/\/www.tafeldeko.de\/news\/wp-json\/wp\/v2\/tags?post=3540"}],"curies":[{"name":"wp","href":"https:\/\/api.w.org\/{rel}","templated":true}]}}