{"id":3392,"date":"2011-12-12T20:34:56","date_gmt":"2011-12-12T18:34:56","guid":{"rendered":"http:\/\/www.tafeldeko.de\/news\/?p=3392"},"modified":"2011-12-12T20:34:56","modified_gmt":"2011-12-12T18:34:56","slug":"tischdeko-fuer-die-abschiedsfeier-des-kollegen","status":"publish","type":"post","link":"https:\/\/www.tafeldeko.de\/news\/tischdeko-fuer-die-abschiedsfeier-des-kollegen\/","title":{"rendered":"Tischdeko f\u00fcr die Abschiedsfeier des Kollegen"},"content":{"rendered":"<div class=\"textumfliessenrechts\"><img decoding=\"async\" loading=\"lazy\" src=\"https:\/\/www.tafeldeko.de\/news\/media\/users\/schnurchristian\/duni_salute.jpg\" alt=\"Duni Salute\" title=\"Duni Salute\" width=\"175\" height=\"175\" \/><br \/><a href=\"https:\/\/www.tafeldeko.de\/index.php\/cat\/c180_Duni-Themenwelt.html\" title=\"Duni Themenwelt\"><b>Duni Themenwelt<\/b><\/a><\/div>\n<p> Manchmal hei\u00dft es auch f\u00fcr uns: <b>Abschied nehmen<\/b>.<br \/>\nAbschied nehmen von einer lieben, netten Kollegin oder einem netten Kollegen, die \/ der entweder einen neuen Job antreten wird oder in die vielleicht langersehnte Pension geht.<br \/>\nIn diesem Falle hei\u00dft es Abschied nehmen, Adieu sagen und der Kollegin oder dem Kollegin einen sch\u00f6nen Abschied vom Unternehmen und den Arbeitskollegen bereiten. Gerade wenn die Kollegin oder der Kollege einen neuen Job angenommen haben, ist der Abschied f\u00fcr sie mit ein Grund zur Freude, und wahrscheinlich auch ein Abschied mit Wehmut.<br \/>\nVerl\u00e4sst eine Kollegin oder ein Kollege das Unternehmen, wird meist eine kleine Feier veranstaltet, in dem die Kollegin oder der Kollege verabschiedet werden. Arbeitskollegen und auch in aller Regel die Unternehmensf\u00fchrung sind zugegen, bereiten einen sch\u00f6nen Abschied, und w\u00fcnschen f\u00fcr die Zukunft alles Gute.<br \/>\nUnd auch zu der <b>Abschiedsfeier <\/b>geh\u00f6rt eine gewisse Dekoration dazu.<br \/>\nSchlie\u00dflich gibt es auch bei diesen Anl\u00e4ssen etwas zu Essen und zu Trinken, was in einer sch\u00f6nen Umgebung serviert werden sollte. Die Abschiedsfeiern finden meist als eine Art <b>Stehparty <\/b>statt, ein Kommen und Gehen der Kollegen ist an der Tagesordnung.<br \/>\nDas Essen und die Getr\u00e4nke sollten auf sch\u00f6n gedeckten Tischen pr\u00e4sentiert werden, denn auch bei der Verabschiedung isst das Auge mit.<br \/>\n<b><a href=\"https:\/\/www.tafeldeko.de\/index.php\/cat\/c2028_Tischdecken.html\" title=\"Tischdecken\">Tischdecken<\/a><\/b>, Servietten und eventuell Kerzen k\u00f6nnen als Elemente der Tischdeko f\u00fcr die Verabschiedung verwendet werden. Gerade wenn man Tischdecken verwendet, hat man auch die M\u00f6glichkeit, das Ganze etwas farbiger zu gestalten, das hei\u00dft, eine rote, gelbe oder blaue Tischdecke bildet die Grundlage der <b><a href=\"https:\/\/www.tafeldeko.de\" title=\"Tischdeko\">Tischdeko<\/a><\/b>. Wer das Ganze etwas edler ausstatten m\u00f6chte, hat folgende M\u00f6glichkeit: eine goldfarbene Tischdecke ist die Basis dieser Tischdeko und die Servietten Duni Salute \u2013 mit wundersch\u00f6nen Sektgl\u00e4sern verziert \u2013 sind die Erg\u00e4nzung.<br \/>\nDer Name der Serie und auch die Aufmachung passen perfekt zu einer Abschiedsfeier. \u201eSalute\u201c \u2013 Prost \u2013 f\u00fcr eine gute Zukunft, dass alle Erwartungen erf\u00fcllt werden und die Sektgl\u00e4ser, um gemeinsam auf die Zukunft und auch auf die Vergangenheit anzusto\u00dfen. <\/p>\n","protected":false},"excerpt":{"rendered":"<p>Manchmal hei\u00dft es auch f\u00fcr uns: Abschied nehmen.<br \/>\nAbschied nehmen von einer lieben, netten Kollegin oder einem netten Kollegen, die \/ der entweder einen neuen Job antreten wird oder in die vielleicht langersehnte Pension geht.<br \/>\nIn diesem Falle hei\u00dft es Abschied nehmen, Adieu sagen und der Kollegin oder dem Kollegin einen sch\u00f6nen Abschied vom Unternehmen und den Arbeitskollegen bereiten. Gerade wenn die Kollegin oder der Kollege einen neuen Job angenommen haben, ist der Abschied f\u00fcr sie mit ein Grund zur Freude, und wahrscheinlich auch ein Abschied mit Wehmut.<\/p>\n","protected":false},"author":2,"featured_media":3393,"comment_status":"open","ping_status":"open","sticky":false,"template":"","format":"standard","meta":{"footnotes":""},"categories":[1],"tags":[],"yoast_head":"<!-- This site is optimized with the Yoast SEO plugin v20.4 - https:\/\/yoast.com\/wordpress\/plugins\/seo\/ -->\n<title>Tischdeko f\u00fcr die Abschiedsfeier des Kollegen - Tafeldeko<\/title>\n<meta name=\"description\" content=\"Tischdecken, Servietten und eventuell Kerzen k&#xF6;nnen als Elemente der Tischdeko f&#xFC;r die Verabschiedung verwendet werden. Diese Accessoires erhalten Sie hier.\" \/>\n<meta name=\"robots\" content=\"index, follow, max-snippet:-1, max-image-preview:large, max-video-preview:-1\" \/>\n<link rel=\"canonical\" href=\"https:\/\/www.tafeldeko.de\/news\/tischdeko-fuer-die-abschiedsfeier-des-kollegen\/\" \/>\n<meta property=\"og:locale\" content=\"de_DE\" \/>\n<meta property=\"og:type\" content=\"article\" \/>\n<meta property=\"og:title\" content=\"Tischdeko f\u00fcr die Abschiedsfeier des Kollegen - Tafeldeko\" \/>\n<meta property=\"og:description\" content=\"Tischdecken, Servietten und eventuell Kerzen k&#xF6;nnen als Elemente der Tischdeko f&#xFC;r die Verabschiedung verwendet werden. Diese Accessoires erhalten Sie hier.\" \/>\n<meta property=\"og:url\" content=\"https:\/\/www.tafeldeko.de\/news\/tischdeko-fuer-die-abschiedsfeier-des-kollegen\/\" \/>\n<meta property=\"og:site_name\" content=\"Tafeldeko\" \/>\n<meta property=\"article:publisher\" content=\"https:\/\/www.facebook.com\/pages\/Tafeldeko-einzigartige-Tischdekoration\/174202655894\" \/>\n<meta property=\"article:published_time\" content=\"2011-12-12T18:34:56+00:00\" \/>\n<meta property=\"og:image\" content=\"https:\/\/www.tafeldeko.de\/news\/wp-content\/uploads\/2014\/09\/duni_salute.jpg\" \/>\n\t<meta property=\"og:image:width\" content=\"175\" \/>\n\t<meta property=\"og:image:height\" content=\"175\" \/>\n\t<meta property=\"og:image:type\" content=\"image\/jpeg\" \/>\n<meta name=\"author\" content=\"Christiane Stein\" \/>\n<meta name=\"twitter:label1\" content=\"Verfasst von\" \/>\n\t<meta name=\"twitter:data1\" content=\"Christiane Stein\" \/>\n\t<meta name=\"twitter:label2\" content=\"Gesch\u00e4tzte Lesezeit\" \/>\n\t<meta name=\"twitter:data2\" content=\"2 Minuten\" \/>\n<script type=\"application\/ld+json\" class=\"yoast-schema-graph\">{\"@context\":\"https:\/\/schema.org\",\"@graph\":[{\"@type\":\"WebPage\",\"@id\":\"https:\/\/www.tafeldeko.de\/news\/tischdeko-fuer-die-abschiedsfeier-des-kollegen\/\",\"url\":\"https:\/\/www.tafeldeko.de\/news\/tischdeko-fuer-die-abschiedsfeier-des-kollegen\/\",\"name\":\"Tischdeko f\u00fcr die Abschiedsfeier des Kollegen - Tafeldeko\",\"isPartOf\":{\"@id\":\"https:\/\/www.tafeldeko.de\/news\/#website\"},\"datePublished\":\"2011-12-12T18:34:56+00:00\",\"dateModified\":\"2011-12-12T18:34:56+00:00\",\"author\":{\"@id\":\"https:\/\/www.tafeldeko.de\/news\/#\/schema\/person\/d2acd86447ed0b6336089a8ba83164a0\"},\"description\":\"Tischdecken, Servietten und eventuell Kerzen k&#xF6;nnen als Elemente der Tischdeko f&#xFC;r die Verabschiedung verwendet werden. Diese Accessoires erhalten Sie hier.\",\"breadcrumb\":{\"@id\":\"https:\/\/www.tafeldeko.de\/news\/tischdeko-fuer-die-abschiedsfeier-des-kollegen\/#breadcrumb\"},\"inLanguage\":\"de-DE\",\"potentialAction\":[{\"@type\":\"ReadAction\",\"target\":[\"https:\/\/www.tafeldeko.de\/news\/tischdeko-fuer-die-abschiedsfeier-des-kollegen\/\"]}]},{\"@type\":\"BreadcrumbList\",\"@id\":\"https:\/\/www.tafeldeko.de\/news\/tischdeko-fuer-die-abschiedsfeier-des-kollegen\/#breadcrumb\",\"itemListElement\":[{\"@type\":\"ListItem\",\"position\":1,\"name\":\"Tafeldeko\",\"item\":\"https:\/\/www.tafeldeko.de\/news\/\"},{\"@type\":\"ListItem\",\"position\":2,\"name\":\"Alte Beitr\u00e4ge\",\"item\":\"https:\/\/www.tafeldeko.de\/news\/alte-beitraege\/\"},{\"@type\":\"ListItem\",\"position\":3,\"name\":\"Tischdeko - Blog\",\"item\":\"https:\/\/www.tafeldeko.de\/news\/alte-beitraege\/tischdeko-blog\/\"},{\"@type\":\"ListItem\",\"position\":4,\"name\":\"Tischdeko f\u00fcr die Abschiedsfeier des Kollegen\"}]},{\"@type\":\"WebSite\",\"@id\":\"https:\/\/www.tafeldeko.de\/news\/#website\",\"url\":\"https:\/\/www.tafeldeko.de\/news\/\",\"name\":\"Tafeldeko\",\"description\":\"Blog mit Tischdeko und Tischdekoration Ideen\",\"potentialAction\":[{\"@type\":\"SearchAction\",\"target\":{\"@type\":\"EntryPoint\",\"urlTemplate\":\"https:\/\/www.tafeldeko.de\/news\/?s={search_term_string}\"},\"query-input\":\"required name=search_term_string\"}],\"inLanguage\":\"de-DE\"},{\"@type\":\"Person\",\"@id\":\"https:\/\/www.tafeldeko.de\/news\/#\/schema\/person\/d2acd86447ed0b6336089a8ba83164a0\",\"name\":\"Christiane Stein\",\"image\":{\"@type\":\"ImageObject\",\"inLanguage\":\"de-DE\",\"@id\":\"https:\/\/www.tafeldeko.de\/news\/#\/schema\/person\/image\/\",\"url\":\"https:\/\/secure.gravatar.com\/avatar\/2054729fbfd1ebc9d3cf1fd55361d0b6?s=96&d=mm&r=g\",\"contentUrl\":\"https:\/\/secure.gravatar.com\/avatar\/2054729fbfd1ebc9d3cf1fd55361d0b6?s=96&d=mm&r=g\",\"caption\":\"Christiane Stein\"}}]}<\/script>\n<!-- \/ Yoast SEO plugin. -->","yoast_head_json":{"title":"Tischdeko f\u00fcr die Abschiedsfeier des Kollegen - Tafeldeko","description":"Tischdecken, Servietten und eventuell Kerzen k&#xF6;nnen als Elemente der Tischdeko f&#xFC;r die Verabschiedung verwendet werden. Diese Accessoires erhalten Sie hier.","robots":{"index":"index","follow":"follow","max-snippet":"max-snippet:-1","max-image-preview":"max-image-preview:large","max-video-preview":"max-video-preview:-1"},"canonical":"https:\/\/www.tafeldeko.de\/news\/tischdeko-fuer-die-abschiedsfeier-des-kollegen\/","og_locale":"de_DE","og_type":"article","og_title":"Tischdeko f\u00fcr die Abschiedsfeier des Kollegen - Tafeldeko","og_description":"Tischdecken, Servietten und eventuell Kerzen k&#xF6;nnen als Elemente der Tischdeko f&#xFC;r die Verabschiedung verwendet werden. Diese Accessoires erhalten Sie hier.","og_url":"https:\/\/www.tafeldeko.de\/news\/tischdeko-fuer-die-abschiedsfeier-des-kollegen\/","og_site_name":"Tafeldeko","article_publisher":"https:\/\/www.facebook.com\/pages\/Tafeldeko-einzigartige-Tischdekoration\/174202655894","article_published_time":"2011-12-12T18:34:56+00:00","og_image":[{"width":175,"height":175,"url":"https:\/\/www.tafeldeko.de\/news\/wp-content\/uploads\/2014\/09\/duni_salute.jpg","type":"image\/jpeg"}],"author":"Christiane Stein","twitter_misc":{"Verfasst von":"Christiane Stein","Gesch\u00e4tzte Lesezeit":"2 Minuten"},"schema":{"@context":"https:\/\/schema.org","@graph":[{"@type":"WebPage","@id":"https:\/\/www.tafeldeko.de\/news\/tischdeko-fuer-die-abschiedsfeier-des-kollegen\/","url":"https:\/\/www.tafeldeko.de\/news\/tischdeko-fuer-die-abschiedsfeier-des-kollegen\/","name":"Tischdeko f\u00fcr die Abschiedsfeier des Kollegen - Tafeldeko","isPartOf":{"@id":"https:\/\/www.tafeldeko.de\/news\/#website"},"datePublished":"2011-12-12T18:34:56+00:00","dateModified":"2011-12-12T18:34:56+00:00","author":{"@id":"https:\/\/www.tafeldeko.de\/news\/#\/schema\/person\/d2acd86447ed0b6336089a8ba83164a0"},"description":"Tischdecken, Servietten und eventuell Kerzen k&#xF6;nnen als Elemente der Tischdeko f&#xFC;r die Verabschiedung verwendet werden. Diese Accessoires erhalten Sie hier.","breadcrumb":{"@id":"https:\/\/www.tafeldeko.de\/news\/tischdeko-fuer-die-abschiedsfeier-des-kollegen\/#breadcrumb"},"inLanguage":"de-DE","potentialAction":[{"@type":"ReadAction","target":["https:\/\/www.tafeldeko.de\/news\/tischdeko-fuer-die-abschiedsfeier-des-kollegen\/"]}]},{"@type":"BreadcrumbList","@id":"https:\/\/www.tafeldeko.de\/news\/tischdeko-fuer-die-abschiedsfeier-des-kollegen\/#breadcrumb","itemListElement":[{"@type":"ListItem","position":1,"name":"Tafeldeko","item":"https:\/\/www.tafeldeko.de\/news\/"},{"@type":"ListItem","position":2,"name":"Alte Beitr\u00e4ge","item":"https:\/\/www.tafeldeko.de\/news\/alte-beitraege\/"},{"@type":"ListItem","position":3,"name":"Tischdeko - Blog","item":"https:\/\/www.tafeldeko.de\/news\/alte-beitraege\/tischdeko-blog\/"},{"@type":"ListItem","position":4,"name":"Tischdeko f\u00fcr die Abschiedsfeier des Kollegen"}]},{"@type":"WebSite","@id":"https:\/\/www.tafeldeko.de\/news\/#website","url":"https:\/\/www.tafeldeko.de\/news\/","name":"Tafeldeko","description":"Blog mit Tischdeko und Tischdekoration Ideen","potentialAction":[{"@type":"SearchAction","target":{"@type":"EntryPoint","urlTemplate":"https:\/\/www.tafeldeko.de\/news\/?s={search_term_string}"},"query-input":"required name=search_term_string"}],"inLanguage":"de-DE"},{"@type":"Person","@id":"https:\/\/www.tafeldeko.de\/news\/#\/schema\/person\/d2acd86447ed0b6336089a8ba83164a0","name":"Christiane Stein","image":{"@type":"ImageObject","inLanguage":"de-DE","@id":"https:\/\/www.tafeldeko.de\/news\/#\/schema\/person\/image\/","url":"https:\/\/secure.gravatar.com\/avatar\/2054729fbfd1ebc9d3cf1fd55361d0b6?s=96&d=mm&r=g","contentUrl":"https:\/\/secure.gravatar.com\/avatar\/2054729fbfd1ebc9d3cf1fd55361d0b6?s=96&d=mm&r=g","caption":"Christiane Stein"}}]}},"_links":{"self":[{"href":"https:\/\/www.tafeldeko.de\/news\/wp-json\/wp\/v2\/posts\/3392"}],"collection":[{"href":"https:\/\/www.tafeldeko.de\/news\/wp-json\/wp\/v2\/posts"}],"about":[{"href":"https:\/\/www.tafeldeko.de\/news\/wp-json\/wp\/v2\/types\/post"}],"author":[{"embeddable":true,"href":"https:\/\/www.tafeldeko.de\/news\/wp-json\/wp\/v2\/users\/2"}],"replies":[{"embeddable":true,"href":"https:\/\/www.tafeldeko.de\/news\/wp-json\/wp\/v2\/comments?post=3392"}],"version-history":[{"count":0,"href":"https:\/\/www.tafeldeko.de\/news\/wp-json\/wp\/v2\/posts\/3392\/revisions"}],"wp:featuredmedia":[{"embeddable":true,"href":"https:\/\/www.tafeldeko.de\/news\/wp-json\/wp\/v2\/media\/3393"}],"wp:attachment":[{"href":"https:\/\/www.tafeldeko.de\/news\/wp-json\/wp\/v2\/media?parent=3392"}],"wp:term":[{"taxonomy":"category","embeddable":true,"href":"https:\/\/www.tafeldeko.de\/news\/wp-json\/wp\/v2\/categories?post=3392"},{"taxonomy":"post_tag","embeddable":true,"href":"https:\/\/www.tafeldeko.de\/news\/wp-json\/wp\/v2\/tags?post=3392"}],"curies":[{"name":"wp","href":"https:\/\/api.w.org\/{rel}","templated":true}]}}