{"id":3317,"date":"2014-08-15T20:45:39","date_gmt":"2014-08-15T18:45:39","guid":{"rendered":"http:\/\/www.tafeldeko.de\/news\/?p=3317"},"modified":"2023-02-16T11:26:54","modified_gmt":"2023-02-16T10:26:54","slug":"tischdeko-mit-tischsets-bayrischer-abend","status":"publish","type":"post","link":"https:\/\/www.tafeldeko.de\/news\/tischdeko-mit-tischsets-bayrischer-abend\/","title":{"rendered":"Tischdeko mit Tischsets &#8211;  bayrischer Abend"},"content":{"rendered":"<p>DieTischdeko bayrischer Abend ist immer wieder ein Thema mit dem man sich besch\u00e4ftigt, wenn eine Feier oder auch ein sch\u00f6ner Abend mit Freunden n\u00e4her r\u00fcckt. Nicht nur das leibliche Wohl ist f\u00fcr einen gelungen Tag oder Abend entscheidend, sondern auch eine sch\u00f6ne Tischdekoration. Denn das Ambiente ist beim Feiern sehr wichtig und sollte keinesfalls nicht in Vergessenheit geraten.<\/p>\n<p><img decoding=\"async\" loading=\"lazy\" src=\"https:\/\/www.tafeldeko.de\/news\/wp-content\/uploads\/2014\/09\/bayrischeraute_tischsets.jpg\" alt=\"Tischdeko bayrischer Abend\" width=\"128\" height=\"106\" \/><\/p>\n<h2>Tischdeko bayrischer Abend &#8211; so einfach geht&#8217;s<\/h2>\n<p>Die Tischdeko mit Tischsets setzt <b>trendige Akzente<\/b> in Punkto Tischdekoration und ist f\u00fcr vielerlei Anl\u00e4sse geeignet.<br \/>\nSucht man zum Beispiel eine Tischdeko bayrischer Abend, kann man zu den Tischsets \u201eDuni Bayrische Raute\u201c greifen. Somit kommt gewiss ein Oktoberfest-Feeling bei dem Gastgeber selbst, als auch bei den G\u00e4sten auf. Die Tischsets mit dem Motiv Bayrische Raute stellen eine sch\u00f6ne Grundlage auf dem Tisch dar und werten jeden Tisch optisch auf &#8211; einer au\u00dfergew\u00f6hnlichen und vor allem trendigen Tischdeko steht somit nichts mehr im Wege.<br \/>\nDes Weiteren kann man zu einer Vielzahl von dekorativen Accessoires greifen, die zur Tischdeko passen. Das k\u00f6nnen beispielsweise Lebkuchenherzen, <b><a title=\"Streuteile\" href=\"https:\/\/www.tafeldeko.de\/index.php\/cat\/c1810_Streudeko.html\">Streuteile<\/a><\/b> mit bayrischen Motiven oder auch Lebkuchenherzen f\u00fcr die G\u00e4ste sein. Der Fantasie sind keinerlei Grenzen gesetzt und man kann alles miteinander kombinieren, was zum Motto des Abends passt.<br \/>\nOb man auf der Suche nach einer Tischdeko mit Tischsets ist oder auch eine passende Deko f\u00fcr die Grillparty sucht, wird bei dem Onlineshop von <a title=\"Tafeldeko\" href=\"https:\/\/www.tafeldeko.de\">Tafeldeko<\/a> definitiv f\u00fcndig werden. Die gro\u00dfe Auswahl spricht f\u00fcr sich und das Gute ist, dass f\u00fcr jeden Geschmack etwas Passendes zu finden ist. Letztlich kann man nur noch viel Spa\u00df beim Dekorieren w\u00fcnschen und jede Menge Spa\u00df beim Feiern.<\/p>\n<p><a role=\"button\" href=\"https:\/\/www.tafeldeko.de\/tischdeko-ideen\/herbst-tischdeko\/\"><br \/>\n&gt;&gt; Zu den Mustertischen &lt;&lt;<br \/>\n<\/a><\/p>\n<h2>Weitere Beitr\u00e4ge:<\/h2>\n<h2>Dekoartikel von A-Z<\/h2>\n<p><a href=\"https:\/\/www.tafeldeko.de\/tischdeko-artikel\/\"><br \/>\nJetzt entdecken <\/a><\/p>\n","protected":false},"excerpt":{"rendered":"<p>Die Tischdekoration ist immer wieder ein Thema mit dem man sich besch\u00e4ftigt, wenn eine Feier oder auch ein sch\u00f6ner Abend mit Freunden n\u00e4her r\u00fcckt. Nicht nur das leibliche Wohl ist f\u00fcr einen gelungen Tag oder Abend entscheidend, sondern auch eine sch\u00f6ne Tischdekoration. Denn das Ambiente ist beim Feiern sehr wichtig und sollte keinesfalls nicht in Vergessenheit geraten.<br \/>\nDie Tischdeko mit Tischsets setzt trendige Akzente in Punkto Tischdekoration und ist f\u00fcr vielerlei Anl\u00e4sse geeignet.<\/p>\n","protected":false},"author":2,"featured_media":3318,"comment_status":"closed","ping_status":"closed","sticky":false,"template":"","format":"standard","meta":{"footnotes":""},"categories":[1],"tags":[],"yoast_head":"<!-- This site is optimized with the Yoast SEO plugin v20.4 - https:\/\/yoast.com\/wordpress\/plugins\/seo\/ -->\n<title>Tischdeko mit Tischsets - bayrischer Abend - Tafeldeko<\/title>\n<meta name=\"description\" content=\"Sucht man zum Beispiel eine Tischdeko bayrischer Abend, kann man zu den Tischsets \u201eDuni Bayrische Raute\u201c greifen. Wir zeigen euch wie...\" \/>\n<meta name=\"robots\" content=\"index, follow, max-snippet:-1, max-image-preview:large, max-video-preview:-1\" \/>\n<link rel=\"canonical\" href=\"https:\/\/www.tafeldeko.de\/news\/tischdeko-mit-tischsets-bayrischer-abend\/\" \/>\n<meta property=\"og:locale\" content=\"de_DE\" \/>\n<meta property=\"og:type\" content=\"article\" \/>\n<meta property=\"og:title\" content=\"Tischdeko mit Tischsets - bayrischer Abend - Tafeldeko\" \/>\n<meta property=\"og:description\" content=\"Sucht man zum Beispiel eine Tischdeko bayrischer Abend, kann man zu den Tischsets \u201eDuni Bayrische Raute\u201c greifen. Wir zeigen euch wie...\" \/>\n<meta property=\"og:url\" content=\"https:\/\/www.tafeldeko.de\/news\/tischdeko-mit-tischsets-bayrischer-abend\/\" \/>\n<meta property=\"og:site_name\" content=\"Tafeldeko\" \/>\n<meta property=\"article:publisher\" content=\"https:\/\/www.facebook.com\/pages\/Tafeldeko-einzigartige-Tischdekoration\/174202655894\" \/>\n<meta property=\"article:published_time\" content=\"2014-08-15T18:45:39+00:00\" \/>\n<meta property=\"article:modified_time\" content=\"2023-02-16T10:26:54+00:00\" \/>\n<meta property=\"og:image\" content=\"https:\/\/www.tafeldeko.de\/news\/wp-content\/uploads\/2014\/09\/bayrischeraute_tischsets.jpg\" \/>\n\t<meta property=\"og:image:width\" content=\"128\" \/>\n\t<meta property=\"og:image:height\" content=\"106\" \/>\n\t<meta property=\"og:image:type\" content=\"image\/jpeg\" \/>\n<meta name=\"author\" content=\"Christiane Stein\" \/>\n<meta name=\"twitter:label1\" content=\"Verfasst von\" \/>\n\t<meta name=\"twitter:data1\" content=\"Christiane Stein\" \/>\n\t<meta name=\"twitter:label2\" content=\"Gesch\u00e4tzte Lesezeit\" \/>\n\t<meta name=\"twitter:data2\" content=\"2 Minuten\" \/>\n<script type=\"application\/ld+json\" class=\"yoast-schema-graph\">{\"@context\":\"https:\/\/schema.org\",\"@graph\":[{\"@type\":\"WebPage\",\"@id\":\"https:\/\/www.tafeldeko.de\/news\/tischdeko-mit-tischsets-bayrischer-abend\/\",\"url\":\"https:\/\/www.tafeldeko.de\/news\/tischdeko-mit-tischsets-bayrischer-abend\/\",\"name\":\"Tischdeko mit Tischsets - bayrischer Abend - Tafeldeko\",\"isPartOf\":{\"@id\":\"https:\/\/www.tafeldeko.de\/news\/#website\"},\"datePublished\":\"2014-08-15T18:45:39+00:00\",\"dateModified\":\"2023-02-16T10:26:54+00:00\",\"author\":{\"@id\":\"https:\/\/www.tafeldeko.de\/news\/#\/schema\/person\/d2acd86447ed0b6336089a8ba83164a0\"},\"description\":\"Sucht man zum Beispiel eine Tischdeko bayrischer Abend, kann man zu den Tischsets \u201eDuni Bayrische Raute\u201c greifen. Wir zeigen euch wie...\",\"breadcrumb\":{\"@id\":\"https:\/\/www.tafeldeko.de\/news\/tischdeko-mit-tischsets-bayrischer-abend\/#breadcrumb\"},\"inLanguage\":\"de-DE\",\"potentialAction\":[{\"@type\":\"ReadAction\",\"target\":[\"https:\/\/www.tafeldeko.de\/news\/tischdeko-mit-tischsets-bayrischer-abend\/\"]}]},{\"@type\":\"BreadcrumbList\",\"@id\":\"https:\/\/www.tafeldeko.de\/news\/tischdeko-mit-tischsets-bayrischer-abend\/#breadcrumb\",\"itemListElement\":[{\"@type\":\"ListItem\",\"position\":1,\"name\":\"Tafeldeko\",\"item\":\"https:\/\/www.tafeldeko.de\/news\/\"},{\"@type\":\"ListItem\",\"position\":2,\"name\":\"Alte Beitr\u00e4ge\",\"item\":\"https:\/\/www.tafeldeko.de\/news\/alte-beitraege\/\"},{\"@type\":\"ListItem\",\"position\":3,\"name\":\"Tischdeko - Blog\",\"item\":\"https:\/\/www.tafeldeko.de\/news\/alte-beitraege\/tischdeko-blog\/\"},{\"@type\":\"ListItem\",\"position\":4,\"name\":\"Tischdeko mit Tischsets &#8211; bayrischer Abend\"}]},{\"@type\":\"WebSite\",\"@id\":\"https:\/\/www.tafeldeko.de\/news\/#website\",\"url\":\"https:\/\/www.tafeldeko.de\/news\/\",\"name\":\"Tafeldeko\",\"description\":\"Blog mit Tischdeko und Tischdekoration Ideen\",\"potentialAction\":[{\"@type\":\"SearchAction\",\"target\":{\"@type\":\"EntryPoint\",\"urlTemplate\":\"https:\/\/www.tafeldeko.de\/news\/?s={search_term_string}\"},\"query-input\":\"required name=search_term_string\"}],\"inLanguage\":\"de-DE\"},{\"@type\":\"Person\",\"@id\":\"https:\/\/www.tafeldeko.de\/news\/#\/schema\/person\/d2acd86447ed0b6336089a8ba83164a0\",\"name\":\"Christiane Stein\",\"image\":{\"@type\":\"ImageObject\",\"inLanguage\":\"de-DE\",\"@id\":\"https:\/\/www.tafeldeko.de\/news\/#\/schema\/person\/image\/\",\"url\":\"https:\/\/secure.gravatar.com\/avatar\/2054729fbfd1ebc9d3cf1fd55361d0b6?s=96&d=mm&r=g\",\"contentUrl\":\"https:\/\/secure.gravatar.com\/avatar\/2054729fbfd1ebc9d3cf1fd55361d0b6?s=96&d=mm&r=g\",\"caption\":\"Christiane Stein\"}}]}<\/script>\n<!-- \/ Yoast SEO plugin. -->","yoast_head_json":{"title":"Tischdeko mit Tischsets - bayrischer Abend - Tafeldeko","description":"Sucht man zum Beispiel eine Tischdeko bayrischer Abend, kann man zu den Tischsets \u201eDuni Bayrische Raute\u201c greifen. Wir zeigen euch wie...","robots":{"index":"index","follow":"follow","max-snippet":"max-snippet:-1","max-image-preview":"max-image-preview:large","max-video-preview":"max-video-preview:-1"},"canonical":"https:\/\/www.tafeldeko.de\/news\/tischdeko-mit-tischsets-bayrischer-abend\/","og_locale":"de_DE","og_type":"article","og_title":"Tischdeko mit Tischsets - bayrischer Abend - Tafeldeko","og_description":"Sucht man zum Beispiel eine Tischdeko bayrischer Abend, kann man zu den Tischsets \u201eDuni Bayrische Raute\u201c greifen. Wir zeigen euch wie...","og_url":"https:\/\/www.tafeldeko.de\/news\/tischdeko-mit-tischsets-bayrischer-abend\/","og_site_name":"Tafeldeko","article_publisher":"https:\/\/www.facebook.com\/pages\/Tafeldeko-einzigartige-Tischdekoration\/174202655894","article_published_time":"2014-08-15T18:45:39+00:00","article_modified_time":"2023-02-16T10:26:54+00:00","og_image":[{"width":128,"height":106,"url":"https:\/\/www.tafeldeko.de\/news\/wp-content\/uploads\/2014\/09\/bayrischeraute_tischsets.jpg","type":"image\/jpeg"}],"author":"Christiane Stein","twitter_misc":{"Verfasst von":"Christiane Stein","Gesch\u00e4tzte Lesezeit":"2 Minuten"},"schema":{"@context":"https:\/\/schema.org","@graph":[{"@type":"WebPage","@id":"https:\/\/www.tafeldeko.de\/news\/tischdeko-mit-tischsets-bayrischer-abend\/","url":"https:\/\/www.tafeldeko.de\/news\/tischdeko-mit-tischsets-bayrischer-abend\/","name":"Tischdeko mit Tischsets - bayrischer Abend - Tafeldeko","isPartOf":{"@id":"https:\/\/www.tafeldeko.de\/news\/#website"},"datePublished":"2014-08-15T18:45:39+00:00","dateModified":"2023-02-16T10:26:54+00:00","author":{"@id":"https:\/\/www.tafeldeko.de\/news\/#\/schema\/person\/d2acd86447ed0b6336089a8ba83164a0"},"description":"Sucht man zum Beispiel eine Tischdeko bayrischer Abend, kann man zu den Tischsets \u201eDuni Bayrische Raute\u201c greifen. Wir zeigen euch wie...","breadcrumb":{"@id":"https:\/\/www.tafeldeko.de\/news\/tischdeko-mit-tischsets-bayrischer-abend\/#breadcrumb"},"inLanguage":"de-DE","potentialAction":[{"@type":"ReadAction","target":["https:\/\/www.tafeldeko.de\/news\/tischdeko-mit-tischsets-bayrischer-abend\/"]}]},{"@type":"BreadcrumbList","@id":"https:\/\/www.tafeldeko.de\/news\/tischdeko-mit-tischsets-bayrischer-abend\/#breadcrumb","itemListElement":[{"@type":"ListItem","position":1,"name":"Tafeldeko","item":"https:\/\/www.tafeldeko.de\/news\/"},{"@type":"ListItem","position":2,"name":"Alte Beitr\u00e4ge","item":"https:\/\/www.tafeldeko.de\/news\/alte-beitraege\/"},{"@type":"ListItem","position":3,"name":"Tischdeko - Blog","item":"https:\/\/www.tafeldeko.de\/news\/alte-beitraege\/tischdeko-blog\/"},{"@type":"ListItem","position":4,"name":"Tischdeko mit Tischsets &#8211; bayrischer Abend"}]},{"@type":"WebSite","@id":"https:\/\/www.tafeldeko.de\/news\/#website","url":"https:\/\/www.tafeldeko.de\/news\/","name":"Tafeldeko","description":"Blog mit Tischdeko und Tischdekoration Ideen","potentialAction":[{"@type":"SearchAction","target":{"@type":"EntryPoint","urlTemplate":"https:\/\/www.tafeldeko.de\/news\/?s={search_term_string}"},"query-input":"required name=search_term_string"}],"inLanguage":"de-DE"},{"@type":"Person","@id":"https:\/\/www.tafeldeko.de\/news\/#\/schema\/person\/d2acd86447ed0b6336089a8ba83164a0","name":"Christiane Stein","image":{"@type":"ImageObject","inLanguage":"de-DE","@id":"https:\/\/www.tafeldeko.de\/news\/#\/schema\/person\/image\/","url":"https:\/\/secure.gravatar.com\/avatar\/2054729fbfd1ebc9d3cf1fd55361d0b6?s=96&d=mm&r=g","contentUrl":"https:\/\/secure.gravatar.com\/avatar\/2054729fbfd1ebc9d3cf1fd55361d0b6?s=96&d=mm&r=g","caption":"Christiane Stein"}}]}},"_links":{"self":[{"href":"https:\/\/www.tafeldeko.de\/news\/wp-json\/wp\/v2\/posts\/3317"}],"collection":[{"href":"https:\/\/www.tafeldeko.de\/news\/wp-json\/wp\/v2\/posts"}],"about":[{"href":"https:\/\/www.tafeldeko.de\/news\/wp-json\/wp\/v2\/types\/post"}],"author":[{"embeddable":true,"href":"https:\/\/www.tafeldeko.de\/news\/wp-json\/wp\/v2\/users\/2"}],"replies":[{"embeddable":true,"href":"https:\/\/www.tafeldeko.de\/news\/wp-json\/wp\/v2\/comments?post=3317"}],"version-history":[{"count":8,"href":"https:\/\/www.tafeldeko.de\/news\/wp-json\/wp\/v2\/posts\/3317\/revisions"}],"predecessor-version":[{"id":23593,"href":"https:\/\/www.tafeldeko.de\/news\/wp-json\/wp\/v2\/posts\/3317\/revisions\/23593"}],"wp:featuredmedia":[{"embeddable":true,"href":"https:\/\/www.tafeldeko.de\/news\/wp-json\/wp\/v2\/media\/3318"}],"wp:attachment":[{"href":"https:\/\/www.tafeldeko.de\/news\/wp-json\/wp\/v2\/media?parent=3317"}],"wp:term":[{"taxonomy":"category","embeddable":true,"href":"https:\/\/www.tafeldeko.de\/news\/wp-json\/wp\/v2\/categories?post=3317"},{"taxonomy":"post_tag","embeddable":true,"href":"https:\/\/www.tafeldeko.de\/news\/wp-json\/wp\/v2\/tags?post=3317"}],"curies":[{"name":"wp","href":"https:\/\/api.w.org\/{rel}","templated":true}]}}