{"id":3316,"date":"2014-08-09T19:08:30","date_gmt":"2014-08-09T17:08:30","guid":{"rendered":"http:\/\/www.tafeldeko.de\/news\/?p=3316"},"modified":"2023-02-16T11:51:48","modified_gmt":"2023-02-16T10:51:48","slug":"maritime-tischdeko-ein-echter-blickfang","status":"publish","type":"post","link":"https:\/\/www.tafeldeko.de\/news\/maritime-tischdeko-ein-echter-blickfang\/","title":{"rendered":"Maritime Tischdeko &#8211; ein echter Blickfang"},"content":{"rendered":"<p>Ein Fest ohne Tischdekoration ist in der heutigen Zeit nicht mehr vorstellbar. Selbst zu einer kleinen Feier wird heute etwas Deko aufgelegt, so dass sich die G\u00e4ste wohlf\u00fchlen d\u00fcrfen. Nicht nur, dass die Tischdeko sch\u00f6n aussieht, sie begr\u00fc\u00dft auch die G\u00e4ste, hei\u00dft sie <b>willkommen<\/b>.<br \/>\nBei der Gestaltung und Ausstattung der Tischdekoration gibt es viele M\u00f6glichkeiten. Dabei bestimmt auch die Farbe die Wirkung der Tischdeko, verleiht ihr das entsprechende Ambiente. Und nicht immer ist es so, dass eine farblich dezente <b><a title=\"Tischdekoration\" href=\"https:\/\/www.tafeldeko.de\">Tischdekoration<\/a><\/b>, wie beispielsweise in Wei\u00df, schlicht wirkt.<br \/>\nEine mit wei\u00dfen Accessoires arrangierte Tischdekoration kann sehr edel und stilvoll wirken &#8211; weil es einfach die einzelnen Elemente sind, die ihr das gewisse Etwas verleihen.<\/p>\n<p><img decoding=\"async\" loading=\"lazy\" src=\"https:\/\/www.tafeldeko.de\/news\/wp-content\/uploads\/2014\/09\/maritime_holzkiste.jpg\" sizes=\"(max-width: 213px) 100vw, 213px\" srcset=\"https:\/\/www.tafeldeko.de\/news\/wp-content\/uploads\/2014\/09\/maritime_holzkiste.jpg 213w, https:\/\/www.tafeldeko.de\/news\/wp-content\/uploads\/2014\/09\/maritime_holzkiste-150x150.jpg 150w\" alt=\"Maritime Tischdekoration edlen Akzenten\" width=\"213\" height=\"213\" \/><\/p>\n<h2>Maritime Tischdeko f\u00fcr Ihr Zuhause<\/h2>\n<p>Im Trend liegen <b>maritim <\/b>ausgerichtete Tischdekorationen. Sie verk\u00f6rpern ein sch\u00f6nes Feeling, erinnern an den letzten Sommerurlaub und bringen einen Hauch Sommer und Sonnenschein auf den Tisch.<br \/>\nDenkt man an die maritime Tischdeko, denkt man direkt an eine blau-wei\u00dfe Kombination der einzelnen Accessoires. Dabei sehen <b>Tischdekorationen in Naturt\u00f6nen<\/b> sehr maritim aus und stellen ebenfalls etwas Sch\u00f6nes dar. Denn meist sind es die einzelnen Elemente, die der Tischdeko das entsprechende Feeling verleihen.<br \/>\nEin tolles Accessoire, das zudem sehr vielseitig verwendbar ist, ist die maritime Holzkiste. Ein echter <b>Hingucker<\/b>, wundersch\u00f6n gestaltet mit kleinem Fischernetz und Sch\u00e4tzen aus dem Meer kann auch Ihre Tischdeko versch\u00f6nern. Farblich passende Servietten und Kerzen in Blau und Wei\u00df sorgen f\u00fcr weitere maritime Highlights. Gerade bei dieser Art der Tischdekoration sollte man keinesfalls auf die <b><a title=\"maritime Streudeko\" href=\"https:\/\/www.tafeldeko.de\/index.php\/cat\/c1817_Maritim.html\">maritime Streudeko<\/a><\/b> verzichten. Sie verleiht dem Tisch den letzten Schliff, setzt ihn perfekt in Szene. Muscheln, Seesterne, Fische, Schiffe und sogar kleine Liegest\u00fchle sind ideal, um dem Tisch das <b>Strandfeeling <\/b>einzuhauchen. Ganz gleich, welches Fest Sie feiern, Geburtstage und auch Hochzeiten k\u00f6nnen mit der maritim ausgerichteten Tischdeko eine traumhafte Basis erhalten.<\/p>\n<p><a role=\"button\" href=\"https:\/\/www.tafeldeko.de\/tischdeko-ideen\/\"><br \/>\n&gt;&gt; Zu den Mustertischen &lt;&lt;<br \/>\n<\/a><\/p>\n<h2>Weitere Beitr\u00e4ge:<\/h2>\n<h2>Dekoartikel von A-Z<\/h2>\n<p><a href=\"https:\/\/www.tafeldeko.de\/tischdeko-artikel\/\"><br \/>\nJetzt entdecken <\/a><\/p>\n","protected":false},"excerpt":{"rendered":"<p>Ein Fest ohne Tischdekoration ist in der heutigen Zeit nicht mehr vorstellbar. Selbst zu einer kleinen Feier wird heute etwas Deko aufgelegt, so dass sich die G\u00e4ste wohlf\u00fchlen d\u00fcrfen. Nicht nur, dass die Tischdeko sch\u00f6n aussieht, sie begr\u00fc\u00dft auch die G\u00e4ste, hei\u00dft sie willkommen.<br \/>\nBei der Gestaltung und Ausstattung der Tischdekoration gibt es viele M\u00f6glichkeiten. Dabei bestimmt auch die Farbe die Wirkung der Tischdeko, verleiht ihr das entsprechende Ambiente. Und nicht immer ist es so, dass eine farblich dezente , wie beispielsweise in Wei\u00df, schlicht wirkt.<\/p>\n","protected":false},"author":2,"featured_media":2284,"comment_status":"closed","ping_status":"closed","sticky":false,"template":"","format":"standard","meta":{"footnotes":""},"categories":[1],"tags":[],"yoast_head":"<!-- This site is optimized with the Yoast SEO plugin v20.4 - https:\/\/yoast.com\/wordpress\/plugins\/seo\/ -->\n<title>Maritime Tischdeko - ein echter Blickfang - Tafeldeko<\/title>\n<meta name=\"description\" content=\"Denkt man an die maritime Tischdeko, denkt man direkt an eine blau-wei\u00dfe Kombination der einzelnen Accessoires.\" \/>\n<meta name=\"robots\" content=\"index, follow, max-snippet:-1, max-image-preview:large, max-video-preview:-1\" \/>\n<link rel=\"canonical\" href=\"https:\/\/www.tafeldeko.de\/news\/maritime-tischdeko-ein-echter-blickfang\/\" \/>\n<meta property=\"og:locale\" content=\"de_DE\" \/>\n<meta property=\"og:type\" content=\"article\" \/>\n<meta property=\"og:title\" content=\"Maritime Tischdeko - ein echter Blickfang - Tafeldeko\" \/>\n<meta property=\"og:description\" content=\"Denkt man an die maritime Tischdeko, denkt man direkt an eine blau-wei\u00dfe Kombination der einzelnen Accessoires.\" \/>\n<meta property=\"og:url\" content=\"https:\/\/www.tafeldeko.de\/news\/maritime-tischdeko-ein-echter-blickfang\/\" \/>\n<meta property=\"og:site_name\" content=\"Tafeldeko\" \/>\n<meta property=\"article:publisher\" content=\"https:\/\/www.facebook.com\/pages\/Tafeldeko-einzigartige-Tischdekoration\/174202655894\" \/>\n<meta property=\"article:published_time\" content=\"2014-08-09T17:08:30+00:00\" \/>\n<meta property=\"article:modified_time\" content=\"2023-02-16T10:51:48+00:00\" \/>\n<meta property=\"og:image\" content=\"https:\/\/www.tafeldeko.de\/news\/wp-content\/uploads\/2014\/09\/maritime_holzkiste.jpg\" \/>\n\t<meta property=\"og:image:width\" content=\"213\" \/>\n\t<meta property=\"og:image:height\" content=\"213\" \/>\n\t<meta property=\"og:image:type\" content=\"image\/jpeg\" \/>\n<meta name=\"author\" content=\"Christiane Stein\" \/>\n<meta name=\"twitter:label1\" content=\"Verfasst von\" \/>\n\t<meta name=\"twitter:data1\" content=\"Christiane Stein\" \/>\n\t<meta name=\"twitter:label2\" content=\"Gesch\u00e4tzte Lesezeit\" \/>\n\t<meta name=\"twitter:data2\" content=\"2 Minuten\" \/>\n<script type=\"application\/ld+json\" class=\"yoast-schema-graph\">{\"@context\":\"https:\/\/schema.org\",\"@graph\":[{\"@type\":\"WebPage\",\"@id\":\"https:\/\/www.tafeldeko.de\/news\/maritime-tischdeko-ein-echter-blickfang\/\",\"url\":\"https:\/\/www.tafeldeko.de\/news\/maritime-tischdeko-ein-echter-blickfang\/\",\"name\":\"Maritime Tischdeko - ein echter Blickfang - Tafeldeko\",\"isPartOf\":{\"@id\":\"https:\/\/www.tafeldeko.de\/news\/#website\"},\"datePublished\":\"2014-08-09T17:08:30+00:00\",\"dateModified\":\"2023-02-16T10:51:48+00:00\",\"author\":{\"@id\":\"https:\/\/www.tafeldeko.de\/news\/#\/schema\/person\/d2acd86447ed0b6336089a8ba83164a0\"},\"description\":\"Denkt man an die maritime Tischdeko, denkt man direkt an eine blau-wei\u00dfe Kombination der einzelnen Accessoires.\",\"breadcrumb\":{\"@id\":\"https:\/\/www.tafeldeko.de\/news\/maritime-tischdeko-ein-echter-blickfang\/#breadcrumb\"},\"inLanguage\":\"de-DE\",\"potentialAction\":[{\"@type\":\"ReadAction\",\"target\":[\"https:\/\/www.tafeldeko.de\/news\/maritime-tischdeko-ein-echter-blickfang\/\"]}]},{\"@type\":\"BreadcrumbList\",\"@id\":\"https:\/\/www.tafeldeko.de\/news\/maritime-tischdeko-ein-echter-blickfang\/#breadcrumb\",\"itemListElement\":[{\"@type\":\"ListItem\",\"position\":1,\"name\":\"Tafeldeko\",\"item\":\"https:\/\/www.tafeldeko.de\/news\/\"},{\"@type\":\"ListItem\",\"position\":2,\"name\":\"Alte Beitr\u00e4ge\",\"item\":\"https:\/\/www.tafeldeko.de\/news\/alte-beitraege\/\"},{\"@type\":\"ListItem\",\"position\":3,\"name\":\"Tischdeko - Blog\",\"item\":\"https:\/\/www.tafeldeko.de\/news\/alte-beitraege\/tischdeko-blog\/\"},{\"@type\":\"ListItem\",\"position\":4,\"name\":\"Maritime Tischdeko &#8211; ein echter Blickfang\"}]},{\"@type\":\"WebSite\",\"@id\":\"https:\/\/www.tafeldeko.de\/news\/#website\",\"url\":\"https:\/\/www.tafeldeko.de\/news\/\",\"name\":\"Tafeldeko\",\"description\":\"Blog mit Tischdeko und Tischdekoration Ideen\",\"potentialAction\":[{\"@type\":\"SearchAction\",\"target\":{\"@type\":\"EntryPoint\",\"urlTemplate\":\"https:\/\/www.tafeldeko.de\/news\/?s={search_term_string}\"},\"query-input\":\"required name=search_term_string\"}],\"inLanguage\":\"de-DE\"},{\"@type\":\"Person\",\"@id\":\"https:\/\/www.tafeldeko.de\/news\/#\/schema\/person\/d2acd86447ed0b6336089a8ba83164a0\",\"name\":\"Christiane Stein\",\"image\":{\"@type\":\"ImageObject\",\"inLanguage\":\"de-DE\",\"@id\":\"https:\/\/www.tafeldeko.de\/news\/#\/schema\/person\/image\/\",\"url\":\"https:\/\/secure.gravatar.com\/avatar\/2054729fbfd1ebc9d3cf1fd55361d0b6?s=96&d=mm&r=g\",\"contentUrl\":\"https:\/\/secure.gravatar.com\/avatar\/2054729fbfd1ebc9d3cf1fd55361d0b6?s=96&d=mm&r=g\",\"caption\":\"Christiane Stein\"}}]}<\/script>\n<!-- \/ Yoast SEO plugin. -->","yoast_head_json":{"title":"Maritime Tischdeko - ein echter Blickfang - Tafeldeko","description":"Denkt man an die maritime Tischdeko, denkt man direkt an eine blau-wei\u00dfe Kombination der einzelnen Accessoires.","robots":{"index":"index","follow":"follow","max-snippet":"max-snippet:-1","max-image-preview":"max-image-preview:large","max-video-preview":"max-video-preview:-1"},"canonical":"https:\/\/www.tafeldeko.de\/news\/maritime-tischdeko-ein-echter-blickfang\/","og_locale":"de_DE","og_type":"article","og_title":"Maritime Tischdeko - ein echter Blickfang - Tafeldeko","og_description":"Denkt man an die maritime Tischdeko, denkt man direkt an eine blau-wei\u00dfe Kombination der einzelnen Accessoires.","og_url":"https:\/\/www.tafeldeko.de\/news\/maritime-tischdeko-ein-echter-blickfang\/","og_site_name":"Tafeldeko","article_publisher":"https:\/\/www.facebook.com\/pages\/Tafeldeko-einzigartige-Tischdekoration\/174202655894","article_published_time":"2014-08-09T17:08:30+00:00","article_modified_time":"2023-02-16T10:51:48+00:00","og_image":[{"width":213,"height":213,"url":"https:\/\/www.tafeldeko.de\/news\/wp-content\/uploads\/2014\/09\/maritime_holzkiste.jpg","type":"image\/jpeg"}],"author":"Christiane Stein","twitter_misc":{"Verfasst von":"Christiane Stein","Gesch\u00e4tzte Lesezeit":"2 Minuten"},"schema":{"@context":"https:\/\/schema.org","@graph":[{"@type":"WebPage","@id":"https:\/\/www.tafeldeko.de\/news\/maritime-tischdeko-ein-echter-blickfang\/","url":"https:\/\/www.tafeldeko.de\/news\/maritime-tischdeko-ein-echter-blickfang\/","name":"Maritime Tischdeko - ein echter Blickfang - Tafeldeko","isPartOf":{"@id":"https:\/\/www.tafeldeko.de\/news\/#website"},"datePublished":"2014-08-09T17:08:30+00:00","dateModified":"2023-02-16T10:51:48+00:00","author":{"@id":"https:\/\/www.tafeldeko.de\/news\/#\/schema\/person\/d2acd86447ed0b6336089a8ba83164a0"},"description":"Denkt man an die maritime Tischdeko, denkt man direkt an eine blau-wei\u00dfe Kombination der einzelnen Accessoires.","breadcrumb":{"@id":"https:\/\/www.tafeldeko.de\/news\/maritime-tischdeko-ein-echter-blickfang\/#breadcrumb"},"inLanguage":"de-DE","potentialAction":[{"@type":"ReadAction","target":["https:\/\/www.tafeldeko.de\/news\/maritime-tischdeko-ein-echter-blickfang\/"]}]},{"@type":"BreadcrumbList","@id":"https:\/\/www.tafeldeko.de\/news\/maritime-tischdeko-ein-echter-blickfang\/#breadcrumb","itemListElement":[{"@type":"ListItem","position":1,"name":"Tafeldeko","item":"https:\/\/www.tafeldeko.de\/news\/"},{"@type":"ListItem","position":2,"name":"Alte Beitr\u00e4ge","item":"https:\/\/www.tafeldeko.de\/news\/alte-beitraege\/"},{"@type":"ListItem","position":3,"name":"Tischdeko - Blog","item":"https:\/\/www.tafeldeko.de\/news\/alte-beitraege\/tischdeko-blog\/"},{"@type":"ListItem","position":4,"name":"Maritime Tischdeko &#8211; ein echter Blickfang"}]},{"@type":"WebSite","@id":"https:\/\/www.tafeldeko.de\/news\/#website","url":"https:\/\/www.tafeldeko.de\/news\/","name":"Tafeldeko","description":"Blog mit Tischdeko und Tischdekoration Ideen","potentialAction":[{"@type":"SearchAction","target":{"@type":"EntryPoint","urlTemplate":"https:\/\/www.tafeldeko.de\/news\/?s={search_term_string}"},"query-input":"required name=search_term_string"}],"inLanguage":"de-DE"},{"@type":"Person","@id":"https:\/\/www.tafeldeko.de\/news\/#\/schema\/person\/d2acd86447ed0b6336089a8ba83164a0","name":"Christiane Stein","image":{"@type":"ImageObject","inLanguage":"de-DE","@id":"https:\/\/www.tafeldeko.de\/news\/#\/schema\/person\/image\/","url":"https:\/\/secure.gravatar.com\/avatar\/2054729fbfd1ebc9d3cf1fd55361d0b6?s=96&d=mm&r=g","contentUrl":"https:\/\/secure.gravatar.com\/avatar\/2054729fbfd1ebc9d3cf1fd55361d0b6?s=96&d=mm&r=g","caption":"Christiane Stein"}}]}},"_links":{"self":[{"href":"https:\/\/www.tafeldeko.de\/news\/wp-json\/wp\/v2\/posts\/3316"}],"collection":[{"href":"https:\/\/www.tafeldeko.de\/news\/wp-json\/wp\/v2\/posts"}],"about":[{"href":"https:\/\/www.tafeldeko.de\/news\/wp-json\/wp\/v2\/types\/post"}],"author":[{"embeddable":true,"href":"https:\/\/www.tafeldeko.de\/news\/wp-json\/wp\/v2\/users\/2"}],"replies":[{"embeddable":true,"href":"https:\/\/www.tafeldeko.de\/news\/wp-json\/wp\/v2\/comments?post=3316"}],"version-history":[{"count":7,"href":"https:\/\/www.tafeldeko.de\/news\/wp-json\/wp\/v2\/posts\/3316\/revisions"}],"predecessor-version":[{"id":23609,"href":"https:\/\/www.tafeldeko.de\/news\/wp-json\/wp\/v2\/posts\/3316\/revisions\/23609"}],"wp:featuredmedia":[{"embeddable":true,"href":"https:\/\/www.tafeldeko.de\/news\/wp-json\/wp\/v2\/media\/2284"}],"wp:attachment":[{"href":"https:\/\/www.tafeldeko.de\/news\/wp-json\/wp\/v2\/media?parent=3316"}],"wp:term":[{"taxonomy":"category","embeddable":true,"href":"https:\/\/www.tafeldeko.de\/news\/wp-json\/wp\/v2\/categories?post=3316"},{"taxonomy":"post_tag","embeddable":true,"href":"https:\/\/www.tafeldeko.de\/news\/wp-json\/wp\/v2\/tags?post=3316"}],"curies":[{"name":"wp","href":"https:\/\/api.w.org\/{rel}","templated":true}]}}