{"id":3315,"date":"2014-03-14T14:12:05","date_gmt":"2014-03-14T12:12:05","guid":{"rendered":"http:\/\/www.tafeldeko.de\/news\/?p=3315"},"modified":"2023-02-20T09:48:41","modified_gmt":"2023-02-20T08:48:41","slug":"tischdeko-zum-brunch-auf-einen-gemuetlichen-tag","status":"publish","type":"post","link":"https:\/\/www.tafeldeko.de\/news\/tischdeko-zum-brunch-auf-einen-gemuetlichen-tag\/","title":{"rendered":"Tischdeko zum Brunch &#8211; auf einen gem\u00fctlichen Tag"},"content":{"rendered":"<p>Sind Freunde oder die Familie zum <b>Brunch <\/b>eingeladen, muss auch eine passende Tischdekoration auf den Tisch. Nicht nur das Essen ist beim Brunch von enormer Wichtigkeit, sondern auch eine sch\u00f6ne Atmosph\u00e4re.<br \/>\nDie <b>Tischdeko zum Brunch<\/b> einfach gem\u00fctlich darf gerne farbenfroh sein und Frische ausstrahlen. Hierf\u00fcr eignen sich beispielsweise die Windlichter in der Trendfarbe Lila. Ob f\u00fcr die Tischdeko zum Brunch, die Sommerparty oder f\u00fcr Ostern &#8211; diese Windlichter k\u00f6nnen immer wieder zum Einsatz kommen.<\/p>\n<p><img decoding=\"async\" loading=\"lazy\" src=\"https:\/\/www.tafeldeko.de\/news\/wp-content\/uploads\/2014\/09\/windlichter.jpg\" sizes=\"(max-width: 179px) 100vw, 179px\" srcset=\"https:\/\/www.tafeldeko.de\/news\/wp-content\/uploads\/2014\/09\/windlichter.jpg 179w, https:\/\/www.tafeldeko.de\/news\/wp-content\/uploads\/2014\/09\/windlichter-150x150.jpg 150w\" alt=\"Tischdeko Brunch gem\u00fctlich\" width=\"179\" height=\"179\" \/><\/p>\n<h2>Tischdeko Brunch einfach gem\u00fctlich &#8211; Auf einen sch\u00f6nen Tag<\/h2>\n<p>Des Weiteren kann man die Windlichter hervorragend mit weiteren dekorativen Accessoires aufpeppen, damit man am Ende eine sch\u00f6ne Tischdeko zum Brunch hat. Frische <b><a title=\"Blumen\" href=\"https:\/\/www.tafeldeko.de\/index.php\/cat\/c997_Kunstblumen.html\">Blumen<\/a><\/b> in einer Vase, in einem Glas oder in einem Blumentopf k\u00f6nnen eine tolle Grundlage auf dem Tisch darstellen und Gem\u00fctlichkeit aufkommen lassen.<br \/>\nWer eine originelle Tischdeko f\u00fcr die n\u00e4chste Feierlichkeit sucht, sollte sich auf der Seite von <b><a title=\"Tafeldeko\" href=\"https:\/\/www.tafeldeko.de\">Tafeldeko<\/a><\/b> umschauen. Diese Seite bietet Ideen und Mustertische zu vielerlei Anl\u00e4ssen und so l\u00e4sst sich f\u00fcr jeden Geschmack etwas Passendes finden. Dar\u00fcber hinaus sind die Mustertische sehr praktisch, da man im Handumdrehen eine sch\u00f6ne Dekoration bei sich zu Hause auf den Tisch zaubern kann.<br \/>\nEine Tischdeko hei\u00dft die G\u00e4ste immer auf eine besondere Art und Weise willkommen und tr\u00e4gt zu einem sch\u00f6nen Tag bei. Deshalb sollte man dich Gedanken zu diesem Punkt machen &#8211; so wird das n\u00e4chste Treffen oder die n\u00e4chste Fete zu einem ganz besonderen Erlebnis. Schlie\u00dflich sagt man nicht umsonst, dass das Auge mitisst.<\/p>\n<p><a role=\"button\" href=\"https:\/\/www.tafeldeko.de\/tischdeko-ideen\/\"><br \/>\n&gt;&gt; Zu den Mustertischen &lt;&lt;<br \/>\n<\/a><\/p>\n<h2>Weitere Beitr\u00e4ge:<\/h2>\n<h2>Dekoartikel von A-Z<\/h2>\n<p><a href=\"https:\/\/www.tafeldeko.de\/tischdeko-artikel\/\"><br \/>\nJetzt entdecken <\/a><\/p>\n","protected":false},"excerpt":{"rendered":"<p>Sind Freunde oder die Familie zum Brunch eingeladen, muss auch eine passende Tischdekoration auf den Tisch. Nicht nur das Essen ist beim Brunch von enormer Wichtigkeit, sondern auch eine sch\u00f6ne Atmosph\u00e4re.<br \/>\nDie Tischdeko zum Brunch darf gerne farbenfroh sein und Frische ausstrahlen. Hierf\u00fcr eignen sich beispielsweise die Windlichter in der Trendfarbe Lila. Ob f\u00fcr die Tischdeko zum Brunch, die Sommerparty oder f\u00fcr Ostern &#8211; diese Windlichter k\u00f6nnen immer wieder zum Einsatz kommen.<\/p>\n","protected":false},"author":2,"featured_media":802,"comment_status":"open","ping_status":"open","sticky":false,"template":"","format":"standard","meta":{"footnotes":""},"categories":[1],"tags":[],"yoast_head":"<!-- This site is optimized with the Yoast SEO plugin v20.4 - https:\/\/yoast.com\/wordpress\/plugins\/seo\/ -->\n<title>Tischdeko zum Brunch - auf einen gem\u00fctlichen Tag - Tafeldeko<\/title>\n<meta name=\"description\" content=\"Eine Tischdeko Brunch einfach gem\u00fctlich , z. B. zu Ostern, erh\u00e4lt mit Windlichtern in Pastellfarben einen ganz besonderen Touch.\" \/>\n<meta name=\"robots\" content=\"index, follow, max-snippet:-1, max-image-preview:large, max-video-preview:-1\" \/>\n<link rel=\"canonical\" href=\"https:\/\/www.tafeldeko.de\/news\/tischdeko-zum-brunch-auf-einen-gemuetlichen-tag\/\" \/>\n<meta property=\"og:locale\" content=\"de_DE\" \/>\n<meta property=\"og:type\" content=\"article\" \/>\n<meta property=\"og:title\" content=\"Tischdeko zum Brunch - auf einen gem\u00fctlichen Tag - Tafeldeko\" \/>\n<meta property=\"og:description\" content=\"Eine Tischdeko Brunch einfach gem\u00fctlich , z. B. zu Ostern, erh\u00e4lt mit Windlichtern in Pastellfarben einen ganz besonderen Touch.\" \/>\n<meta property=\"og:url\" content=\"https:\/\/www.tafeldeko.de\/news\/tischdeko-zum-brunch-auf-einen-gemuetlichen-tag\/\" \/>\n<meta property=\"og:site_name\" content=\"Tafeldeko\" \/>\n<meta property=\"article:publisher\" content=\"https:\/\/www.facebook.com\/pages\/Tafeldeko-einzigartige-Tischdekoration\/174202655894\" \/>\n<meta property=\"article:published_time\" content=\"2014-03-14T12:12:05+00:00\" \/>\n<meta property=\"article:modified_time\" content=\"2023-02-20T08:48:41+00:00\" \/>\n<meta property=\"og:image\" content=\"https:\/\/www.tafeldeko.de\/news\/wp-content\/uploads\/2014\/09\/windlichter.jpg\" \/>\n\t<meta property=\"og:image:width\" content=\"179\" \/>\n\t<meta property=\"og:image:height\" content=\"179\" \/>\n\t<meta property=\"og:image:type\" content=\"image\/jpeg\" \/>\n<meta name=\"author\" content=\"Christiane Stein\" \/>\n<meta name=\"twitter:label1\" content=\"Verfasst von\" \/>\n\t<meta name=\"twitter:data1\" content=\"Christiane Stein\" \/>\n\t<meta name=\"twitter:label2\" content=\"Gesch\u00e4tzte Lesezeit\" \/>\n\t<meta name=\"twitter:data2\" content=\"2 Minuten\" \/>\n<script type=\"application\/ld+json\" class=\"yoast-schema-graph\">{\"@context\":\"https:\/\/schema.org\",\"@graph\":[{\"@type\":\"WebPage\",\"@id\":\"https:\/\/www.tafeldeko.de\/news\/tischdeko-zum-brunch-auf-einen-gemuetlichen-tag\/\",\"url\":\"https:\/\/www.tafeldeko.de\/news\/tischdeko-zum-brunch-auf-einen-gemuetlichen-tag\/\",\"name\":\"Tischdeko zum Brunch - auf einen gem\u00fctlichen Tag - Tafeldeko\",\"isPartOf\":{\"@id\":\"https:\/\/www.tafeldeko.de\/news\/#website\"},\"datePublished\":\"2014-03-14T12:12:05+00:00\",\"dateModified\":\"2023-02-20T08:48:41+00:00\",\"author\":{\"@id\":\"https:\/\/www.tafeldeko.de\/news\/#\/schema\/person\/d2acd86447ed0b6336089a8ba83164a0\"},\"description\":\"Eine Tischdeko Brunch einfach gem\u00fctlich , z. B. zu Ostern, erh\u00e4lt mit Windlichtern in Pastellfarben einen ganz besonderen Touch.\",\"breadcrumb\":{\"@id\":\"https:\/\/www.tafeldeko.de\/news\/tischdeko-zum-brunch-auf-einen-gemuetlichen-tag\/#breadcrumb\"},\"inLanguage\":\"de-DE\",\"potentialAction\":[{\"@type\":\"ReadAction\",\"target\":[\"https:\/\/www.tafeldeko.de\/news\/tischdeko-zum-brunch-auf-einen-gemuetlichen-tag\/\"]}]},{\"@type\":\"BreadcrumbList\",\"@id\":\"https:\/\/www.tafeldeko.de\/news\/tischdeko-zum-brunch-auf-einen-gemuetlichen-tag\/#breadcrumb\",\"itemListElement\":[{\"@type\":\"ListItem\",\"position\":1,\"name\":\"Tafeldeko\",\"item\":\"https:\/\/www.tafeldeko.de\/news\/\"},{\"@type\":\"ListItem\",\"position\":2,\"name\":\"Alte Beitr\u00e4ge\",\"item\":\"https:\/\/www.tafeldeko.de\/news\/alte-beitraege\/\"},{\"@type\":\"ListItem\",\"position\":3,\"name\":\"Tischdeko - Blog\",\"item\":\"https:\/\/www.tafeldeko.de\/news\/alte-beitraege\/tischdeko-blog\/\"},{\"@type\":\"ListItem\",\"position\":4,\"name\":\"Tischdeko zum Brunch &#8211; auf einen gem\u00fctlichen Tag\"}]},{\"@type\":\"WebSite\",\"@id\":\"https:\/\/www.tafeldeko.de\/news\/#website\",\"url\":\"https:\/\/www.tafeldeko.de\/news\/\",\"name\":\"Tafeldeko\",\"description\":\"Blog mit Tischdeko und Tischdekoration Ideen\",\"potentialAction\":[{\"@type\":\"SearchAction\",\"target\":{\"@type\":\"EntryPoint\",\"urlTemplate\":\"https:\/\/www.tafeldeko.de\/news\/?s={search_term_string}\"},\"query-input\":\"required name=search_term_string\"}],\"inLanguage\":\"de-DE\"},{\"@type\":\"Person\",\"@id\":\"https:\/\/www.tafeldeko.de\/news\/#\/schema\/person\/d2acd86447ed0b6336089a8ba83164a0\",\"name\":\"Christiane Stein\",\"image\":{\"@type\":\"ImageObject\",\"inLanguage\":\"de-DE\",\"@id\":\"https:\/\/www.tafeldeko.de\/news\/#\/schema\/person\/image\/\",\"url\":\"https:\/\/secure.gravatar.com\/avatar\/2054729fbfd1ebc9d3cf1fd55361d0b6?s=96&d=mm&r=g\",\"contentUrl\":\"https:\/\/secure.gravatar.com\/avatar\/2054729fbfd1ebc9d3cf1fd55361d0b6?s=96&d=mm&r=g\",\"caption\":\"Christiane Stein\"}}]}<\/script>\n<!-- \/ Yoast SEO plugin. -->","yoast_head_json":{"title":"Tischdeko zum Brunch - auf einen gem\u00fctlichen Tag - Tafeldeko","description":"Eine Tischdeko Brunch einfach gem\u00fctlich , z. B. zu Ostern, erh\u00e4lt mit Windlichtern in Pastellfarben einen ganz besonderen Touch.","robots":{"index":"index","follow":"follow","max-snippet":"max-snippet:-1","max-image-preview":"max-image-preview:large","max-video-preview":"max-video-preview:-1"},"canonical":"https:\/\/www.tafeldeko.de\/news\/tischdeko-zum-brunch-auf-einen-gemuetlichen-tag\/","og_locale":"de_DE","og_type":"article","og_title":"Tischdeko zum Brunch - auf einen gem\u00fctlichen Tag - Tafeldeko","og_description":"Eine Tischdeko Brunch einfach gem\u00fctlich , z. B. zu Ostern, erh\u00e4lt mit Windlichtern in Pastellfarben einen ganz besonderen Touch.","og_url":"https:\/\/www.tafeldeko.de\/news\/tischdeko-zum-brunch-auf-einen-gemuetlichen-tag\/","og_site_name":"Tafeldeko","article_publisher":"https:\/\/www.facebook.com\/pages\/Tafeldeko-einzigartige-Tischdekoration\/174202655894","article_published_time":"2014-03-14T12:12:05+00:00","article_modified_time":"2023-02-20T08:48:41+00:00","og_image":[{"width":179,"height":179,"url":"https:\/\/www.tafeldeko.de\/news\/wp-content\/uploads\/2014\/09\/windlichter.jpg","type":"image\/jpeg"}],"author":"Christiane Stein","twitter_misc":{"Verfasst von":"Christiane Stein","Gesch\u00e4tzte Lesezeit":"2 Minuten"},"schema":{"@context":"https:\/\/schema.org","@graph":[{"@type":"WebPage","@id":"https:\/\/www.tafeldeko.de\/news\/tischdeko-zum-brunch-auf-einen-gemuetlichen-tag\/","url":"https:\/\/www.tafeldeko.de\/news\/tischdeko-zum-brunch-auf-einen-gemuetlichen-tag\/","name":"Tischdeko zum Brunch - auf einen gem\u00fctlichen Tag - Tafeldeko","isPartOf":{"@id":"https:\/\/www.tafeldeko.de\/news\/#website"},"datePublished":"2014-03-14T12:12:05+00:00","dateModified":"2023-02-20T08:48:41+00:00","author":{"@id":"https:\/\/www.tafeldeko.de\/news\/#\/schema\/person\/d2acd86447ed0b6336089a8ba83164a0"},"description":"Eine Tischdeko Brunch einfach gem\u00fctlich , z. B. zu Ostern, erh\u00e4lt mit Windlichtern in Pastellfarben einen ganz besonderen Touch.","breadcrumb":{"@id":"https:\/\/www.tafeldeko.de\/news\/tischdeko-zum-brunch-auf-einen-gemuetlichen-tag\/#breadcrumb"},"inLanguage":"de-DE","potentialAction":[{"@type":"ReadAction","target":["https:\/\/www.tafeldeko.de\/news\/tischdeko-zum-brunch-auf-einen-gemuetlichen-tag\/"]}]},{"@type":"BreadcrumbList","@id":"https:\/\/www.tafeldeko.de\/news\/tischdeko-zum-brunch-auf-einen-gemuetlichen-tag\/#breadcrumb","itemListElement":[{"@type":"ListItem","position":1,"name":"Tafeldeko","item":"https:\/\/www.tafeldeko.de\/news\/"},{"@type":"ListItem","position":2,"name":"Alte Beitr\u00e4ge","item":"https:\/\/www.tafeldeko.de\/news\/alte-beitraege\/"},{"@type":"ListItem","position":3,"name":"Tischdeko - Blog","item":"https:\/\/www.tafeldeko.de\/news\/alte-beitraege\/tischdeko-blog\/"},{"@type":"ListItem","position":4,"name":"Tischdeko zum Brunch &#8211; auf einen gem\u00fctlichen Tag"}]},{"@type":"WebSite","@id":"https:\/\/www.tafeldeko.de\/news\/#website","url":"https:\/\/www.tafeldeko.de\/news\/","name":"Tafeldeko","description":"Blog mit Tischdeko und Tischdekoration Ideen","potentialAction":[{"@type":"SearchAction","target":{"@type":"EntryPoint","urlTemplate":"https:\/\/www.tafeldeko.de\/news\/?s={search_term_string}"},"query-input":"required name=search_term_string"}],"inLanguage":"de-DE"},{"@type":"Person","@id":"https:\/\/www.tafeldeko.de\/news\/#\/schema\/person\/d2acd86447ed0b6336089a8ba83164a0","name":"Christiane Stein","image":{"@type":"ImageObject","inLanguage":"de-DE","@id":"https:\/\/www.tafeldeko.de\/news\/#\/schema\/person\/image\/","url":"https:\/\/secure.gravatar.com\/avatar\/2054729fbfd1ebc9d3cf1fd55361d0b6?s=96&d=mm&r=g","contentUrl":"https:\/\/secure.gravatar.com\/avatar\/2054729fbfd1ebc9d3cf1fd55361d0b6?s=96&d=mm&r=g","caption":"Christiane Stein"}}]}},"_links":{"self":[{"href":"https:\/\/www.tafeldeko.de\/news\/wp-json\/wp\/v2\/posts\/3315"}],"collection":[{"href":"https:\/\/www.tafeldeko.de\/news\/wp-json\/wp\/v2\/posts"}],"about":[{"href":"https:\/\/www.tafeldeko.de\/news\/wp-json\/wp\/v2\/types\/post"}],"author":[{"embeddable":true,"href":"https:\/\/www.tafeldeko.de\/news\/wp-json\/wp\/v2\/users\/2"}],"replies":[{"embeddable":true,"href":"https:\/\/www.tafeldeko.de\/news\/wp-json\/wp\/v2\/comments?post=3315"}],"version-history":[{"count":8,"href":"https:\/\/www.tafeldeko.de\/news\/wp-json\/wp\/v2\/posts\/3315\/revisions"}],"predecessor-version":[{"id":23809,"href":"https:\/\/www.tafeldeko.de\/news\/wp-json\/wp\/v2\/posts\/3315\/revisions\/23809"}],"wp:featuredmedia":[{"embeddable":true,"href":"https:\/\/www.tafeldeko.de\/news\/wp-json\/wp\/v2\/media\/802"}],"wp:attachment":[{"href":"https:\/\/www.tafeldeko.de\/news\/wp-json\/wp\/v2\/media?parent=3315"}],"wp:term":[{"taxonomy":"category","embeddable":true,"href":"https:\/\/www.tafeldeko.de\/news\/wp-json\/wp\/v2\/categories?post=3315"},{"taxonomy":"post_tag","embeddable":true,"href":"https:\/\/www.tafeldeko.de\/news\/wp-json\/wp\/v2\/tags?post=3315"}],"curies":[{"name":"wp","href":"https:\/\/api.w.org\/{rel}","templated":true}]}}