{"id":3313,"date":"2013-11-27T18:49:43","date_gmt":"2013-11-27T16:49:43","guid":{"rendered":"http:\/\/www.tafeldeko.de\/news\/?p=3313"},"modified":"2023-02-20T13:17:22","modified_gmt":"2023-02-20T12:17:22","slug":"eine-tischdeko-in-grau-ist-sehr-edel-und-stilvoll-zugleich","status":"publish","type":"post","link":"https:\/\/www.tafeldeko.de\/news\/eine-tischdeko-in-grau-ist-sehr-edel-und-stilvoll-zugleich\/","title":{"rendered":"Eine Tischdeko in Grau ist sehr edel und stilvoll zugleich"},"content":{"rendered":"<p>Zaubert man eine <b>Tischdeko in Grau <\/b>auf den Tisch, muss man keinesfalls denken, dass es sich um eine trostlose Dekoration handelt. Mit der Farbe Grau kann man tolle Farbakzente setzen und den Tisch f\u00fcr einen besonderen Anlass dekorieren. Es ist zu empfehlen, dass man sich bereits einige Zeit vor der Feier Gedanken in Punkto Tischdekoration macht.<br \/>\nMan sollte sich \u00fcberlegen, welche dekorativen Accessoires zum Einsatz kommen sollen und sich eben auf eine Farbe, beziehungsweise Farbkombination festlegen.<\/p>\n<p><img decoding=\"async\" loading=\"lazy\" src=\"https:\/\/www.tafeldeko.de\/news\/wp-content\/uploads\/2014\/09\/tischlaeufer_ornamentegrau.jpg\" sizes=\"(max-width: 278px) 100vw, 278px\" srcset=\"https:\/\/www.tafeldeko.de\/news\/wp-content\/uploads\/2014\/09\/tischlaeufer_ornamentegrau.jpg 278w, https:\/\/www.tafeldeko.de\/news\/wp-content\/uploads\/2014\/09\/tischlaeufer_ornamentegrau-150x150.jpg 150w\" alt=\"Tischdeko in Grau\" width=\"278\" height=\"278\" \/><\/p>\n<h2>Tischdeko in Grau &#8211; so geht&#8217;s<\/h2>\n<p>Ist dieser Schritt getan, kann man sich nach konkreten Beispielen und Anregungen umschauen. Die Farbe schr\u00e4nkt die enorm gro\u00dfe Auswahl ein und erleichtert einem ungemein die Suche. Das Internet hat in der Kategorie Tischdeko allerhand zu bieten und jeder wird etwas Passendes finden k\u00f6nnen.<br \/>\nWer eine<i> Tischdeko in Grau<\/i> sucht, wird Mustertische finden, die einem zusagen werden. F\u00fcr jeden Geschmack hat das Internet etwas zu bieten und letztlich muss man sich nur entscheiden. Die Farbe Grau kann man hervorragend mit Wei\u00df kombinieren, aber auch Gelb k\u00f6nnte beispielsweise in Betracht kommen.<br \/>\nF\u00fcr welche Farben man sich entscheidet, wird vom eigenen Geschmack abh\u00e4ngig sein. Wichtig ist, dass sich die Farben in der Tischdeko wiederspiegeln.<br \/>\nEin optischer <b>Blickfang <\/b>ist beispielsweise das Vlies Tischband, das mit Ornamenten beflockt ist &#8211; ideal f\u00fcr eine dekorative Tischdekoration. So kann das gl\u00e4nzende Vlies Tischband hervorragend auf einer cremefarbenen Tischdecke drapiert werden und als sch\u00f6ne Grundlage dienen. Des Weiteren kann man zu sch\u00f6nen Servietten greifen, die man ebenfalls \u00fcber den Onlineshop von <b><a title=\"Tafeldeko\" href=\"https:\/\/www.tafeldeko.de\">Tafeldeko<\/a><\/b> erh\u00e4lt. Gro\u00dfe Servietten mit dem Ma\u00df 40 x 40 cm haben den Vorteil, dass man sie leicht falten kann und dementsprechend auf die Festtagstafel stellen. So genannte Klassiker, wie <b><a title=\"Kerzengl\u00e4ser\" href=\"https:\/\/www.tafeldeko.de\/index.php\/cat\/c527_Kerzengl%C3%A4ser.html\">Kerzengl\u00e4ser<\/a><\/b>, frische Schnittblumen oder auch die k\u00fcnstliche Variante und vieles mehr k\u00f6nnen f\u00fcr die Tischdeko in Grau in Betracht kommen.<\/p>\n<p><a role=\"button\" href=\"https:\/\/www.tafeldeko.de\/tischdeko-ideen\/\"><br \/>\n&gt;&gt; Zu den Mustertischen &lt;&lt;<br \/>\n<\/a><\/p>\n<h2>Weitere Beitr\u00e4ge:<\/h2>\n<h2>Dekoartikel von A-Z<\/h2>\n<p><a href=\"https:\/\/www.tafeldeko.de\/tischdeko-artikel\/\"><br \/>\nJetzt entdecken <\/a><\/p>\n","protected":false},"excerpt":{"rendered":"<p>Zaubert man eine Tischdeko in Grau auf den Tisch, muss man keinesfalls denken, dass es sich um eine trostlose Dekoration handelt. Mit der Farbe Grau kann man tolle Farbakzente setzen und den Tisch f\u00fcr einen besonderen Anlass dekorieren. Es ist zu empfehlen, dass man sich bereits einige Zeit vor der Feier Gedanken in Punkto Tischdekoration macht.<br \/>\nMan sollte sich \u00fcberlegen, welche dekorativen Accessoires zum Einsatz kommen sollen und sich eben auf eine Farbe, beziehungsweise Farbkombination festlegen.<\/p>\n","protected":false},"author":2,"featured_media":3314,"comment_status":"open","ping_status":"open","sticky":false,"template":"","format":"standard","meta":{"footnotes":""},"categories":[1],"tags":[],"yoast_head":"<!-- This site is optimized with the Yoast SEO plugin v20.4 - https:\/\/yoast.com\/wordpress\/plugins\/seo\/ -->\n<title>Eine Tischdeko in Grau ist sehr edel und stilvoll zugleich - Tafeldeko<\/title>\n<meta name=\"description\" content=\"Eine Tischdeko in Grau ist keinesfalls langweilig, sondern sorgt f\u00fcr die wundersch\u00f6ne und stimmungsvolle Basis bei einer Feier\" \/>\n<meta name=\"robots\" content=\"index, follow, max-snippet:-1, max-image-preview:large, max-video-preview:-1\" \/>\n<link rel=\"canonical\" href=\"https:\/\/www.tafeldeko.de\/news\/eine-tischdeko-in-grau-ist-sehr-edel-und-stilvoll-zugleich\/\" \/>\n<meta property=\"og:locale\" content=\"de_DE\" \/>\n<meta property=\"og:type\" content=\"article\" \/>\n<meta property=\"og:title\" content=\"Eine Tischdeko in Grau ist sehr edel und stilvoll zugleich - Tafeldeko\" \/>\n<meta property=\"og:description\" content=\"Eine Tischdeko in Grau ist keinesfalls langweilig, sondern sorgt f\u00fcr die wundersch\u00f6ne und stimmungsvolle Basis bei einer Feier\" \/>\n<meta property=\"og:url\" content=\"https:\/\/www.tafeldeko.de\/news\/eine-tischdeko-in-grau-ist-sehr-edel-und-stilvoll-zugleich\/\" \/>\n<meta property=\"og:site_name\" content=\"Tafeldeko\" \/>\n<meta property=\"article:publisher\" content=\"https:\/\/www.facebook.com\/pages\/Tafeldeko-einzigartige-Tischdekoration\/174202655894\" \/>\n<meta property=\"article:published_time\" content=\"2013-11-27T16:49:43+00:00\" \/>\n<meta property=\"article:modified_time\" content=\"2023-02-20T12:17:22+00:00\" \/>\n<meta property=\"og:image\" content=\"https:\/\/www.tafeldeko.de\/news\/wp-content\/uploads\/2014\/09\/tischlaeufer_ornamentegrau.jpg\" \/>\n\t<meta property=\"og:image:width\" content=\"278\" \/>\n\t<meta property=\"og:image:height\" content=\"278\" \/>\n\t<meta property=\"og:image:type\" content=\"image\/jpeg\" \/>\n<meta name=\"author\" content=\"Christiane Stein\" \/>\n<meta name=\"twitter:label1\" content=\"Verfasst von\" \/>\n\t<meta name=\"twitter:data1\" content=\"Christiane Stein\" \/>\n\t<meta name=\"twitter:label2\" content=\"Gesch\u00e4tzte Lesezeit\" \/>\n\t<meta name=\"twitter:data2\" content=\"2 Minuten\" \/>\n<script type=\"application\/ld+json\" class=\"yoast-schema-graph\">{\"@context\":\"https:\/\/schema.org\",\"@graph\":[{\"@type\":\"WebPage\",\"@id\":\"https:\/\/www.tafeldeko.de\/news\/eine-tischdeko-in-grau-ist-sehr-edel-und-stilvoll-zugleich\/\",\"url\":\"https:\/\/www.tafeldeko.de\/news\/eine-tischdeko-in-grau-ist-sehr-edel-und-stilvoll-zugleich\/\",\"name\":\"Eine Tischdeko in Grau ist sehr edel und stilvoll zugleich - Tafeldeko\",\"isPartOf\":{\"@id\":\"https:\/\/www.tafeldeko.de\/news\/#website\"},\"datePublished\":\"2013-11-27T16:49:43+00:00\",\"dateModified\":\"2023-02-20T12:17:22+00:00\",\"author\":{\"@id\":\"https:\/\/www.tafeldeko.de\/news\/#\/schema\/person\/d2acd86447ed0b6336089a8ba83164a0\"},\"description\":\"Eine Tischdeko in Grau ist keinesfalls langweilig, sondern sorgt f\u00fcr die wundersch\u00f6ne und stimmungsvolle Basis bei einer Feier\",\"breadcrumb\":{\"@id\":\"https:\/\/www.tafeldeko.de\/news\/eine-tischdeko-in-grau-ist-sehr-edel-und-stilvoll-zugleich\/#breadcrumb\"},\"inLanguage\":\"de-DE\",\"potentialAction\":[{\"@type\":\"ReadAction\",\"target\":[\"https:\/\/www.tafeldeko.de\/news\/eine-tischdeko-in-grau-ist-sehr-edel-und-stilvoll-zugleich\/\"]}]},{\"@type\":\"BreadcrumbList\",\"@id\":\"https:\/\/www.tafeldeko.de\/news\/eine-tischdeko-in-grau-ist-sehr-edel-und-stilvoll-zugleich\/#breadcrumb\",\"itemListElement\":[{\"@type\":\"ListItem\",\"position\":1,\"name\":\"Tafeldeko\",\"item\":\"https:\/\/www.tafeldeko.de\/news\/\"},{\"@type\":\"ListItem\",\"position\":2,\"name\":\"Alte Beitr\u00e4ge\",\"item\":\"https:\/\/www.tafeldeko.de\/news\/alte-beitraege\/\"},{\"@type\":\"ListItem\",\"position\":3,\"name\":\"Tischdeko - Blog\",\"item\":\"https:\/\/www.tafeldeko.de\/news\/alte-beitraege\/tischdeko-blog\/\"},{\"@type\":\"ListItem\",\"position\":4,\"name\":\"Eine Tischdeko in Grau ist sehr edel und stilvoll zugleich\"}]},{\"@type\":\"WebSite\",\"@id\":\"https:\/\/www.tafeldeko.de\/news\/#website\",\"url\":\"https:\/\/www.tafeldeko.de\/news\/\",\"name\":\"Tafeldeko\",\"description\":\"Blog mit Tischdeko und Tischdekoration Ideen\",\"potentialAction\":[{\"@type\":\"SearchAction\",\"target\":{\"@type\":\"EntryPoint\",\"urlTemplate\":\"https:\/\/www.tafeldeko.de\/news\/?s={search_term_string}\"},\"query-input\":\"required name=search_term_string\"}],\"inLanguage\":\"de-DE\"},{\"@type\":\"Person\",\"@id\":\"https:\/\/www.tafeldeko.de\/news\/#\/schema\/person\/d2acd86447ed0b6336089a8ba83164a0\",\"name\":\"Christiane Stein\",\"image\":{\"@type\":\"ImageObject\",\"inLanguage\":\"de-DE\",\"@id\":\"https:\/\/www.tafeldeko.de\/news\/#\/schema\/person\/image\/\",\"url\":\"https:\/\/secure.gravatar.com\/avatar\/2054729fbfd1ebc9d3cf1fd55361d0b6?s=96&d=mm&r=g\",\"contentUrl\":\"https:\/\/secure.gravatar.com\/avatar\/2054729fbfd1ebc9d3cf1fd55361d0b6?s=96&d=mm&r=g\",\"caption\":\"Christiane Stein\"}}]}<\/script>\n<!-- \/ Yoast SEO plugin. -->","yoast_head_json":{"title":"Eine Tischdeko in Grau ist sehr edel und stilvoll zugleich - Tafeldeko","description":"Eine Tischdeko in Grau ist keinesfalls langweilig, sondern sorgt f\u00fcr die wundersch\u00f6ne und stimmungsvolle Basis bei einer Feier","robots":{"index":"index","follow":"follow","max-snippet":"max-snippet:-1","max-image-preview":"max-image-preview:large","max-video-preview":"max-video-preview:-1"},"canonical":"https:\/\/www.tafeldeko.de\/news\/eine-tischdeko-in-grau-ist-sehr-edel-und-stilvoll-zugleich\/","og_locale":"de_DE","og_type":"article","og_title":"Eine Tischdeko in Grau ist sehr edel und stilvoll zugleich - Tafeldeko","og_description":"Eine Tischdeko in Grau ist keinesfalls langweilig, sondern sorgt f\u00fcr die wundersch\u00f6ne und stimmungsvolle Basis bei einer Feier","og_url":"https:\/\/www.tafeldeko.de\/news\/eine-tischdeko-in-grau-ist-sehr-edel-und-stilvoll-zugleich\/","og_site_name":"Tafeldeko","article_publisher":"https:\/\/www.facebook.com\/pages\/Tafeldeko-einzigartige-Tischdekoration\/174202655894","article_published_time":"2013-11-27T16:49:43+00:00","article_modified_time":"2023-02-20T12:17:22+00:00","og_image":[{"width":278,"height":278,"url":"https:\/\/www.tafeldeko.de\/news\/wp-content\/uploads\/2014\/09\/tischlaeufer_ornamentegrau.jpg","type":"image\/jpeg"}],"author":"Christiane Stein","twitter_misc":{"Verfasst von":"Christiane Stein","Gesch\u00e4tzte Lesezeit":"2 Minuten"},"schema":{"@context":"https:\/\/schema.org","@graph":[{"@type":"WebPage","@id":"https:\/\/www.tafeldeko.de\/news\/eine-tischdeko-in-grau-ist-sehr-edel-und-stilvoll-zugleich\/","url":"https:\/\/www.tafeldeko.de\/news\/eine-tischdeko-in-grau-ist-sehr-edel-und-stilvoll-zugleich\/","name":"Eine Tischdeko in Grau ist sehr edel und stilvoll zugleich - Tafeldeko","isPartOf":{"@id":"https:\/\/www.tafeldeko.de\/news\/#website"},"datePublished":"2013-11-27T16:49:43+00:00","dateModified":"2023-02-20T12:17:22+00:00","author":{"@id":"https:\/\/www.tafeldeko.de\/news\/#\/schema\/person\/d2acd86447ed0b6336089a8ba83164a0"},"description":"Eine Tischdeko in Grau ist keinesfalls langweilig, sondern sorgt f\u00fcr die wundersch\u00f6ne und stimmungsvolle Basis bei einer Feier","breadcrumb":{"@id":"https:\/\/www.tafeldeko.de\/news\/eine-tischdeko-in-grau-ist-sehr-edel-und-stilvoll-zugleich\/#breadcrumb"},"inLanguage":"de-DE","potentialAction":[{"@type":"ReadAction","target":["https:\/\/www.tafeldeko.de\/news\/eine-tischdeko-in-grau-ist-sehr-edel-und-stilvoll-zugleich\/"]}]},{"@type":"BreadcrumbList","@id":"https:\/\/www.tafeldeko.de\/news\/eine-tischdeko-in-grau-ist-sehr-edel-und-stilvoll-zugleich\/#breadcrumb","itemListElement":[{"@type":"ListItem","position":1,"name":"Tafeldeko","item":"https:\/\/www.tafeldeko.de\/news\/"},{"@type":"ListItem","position":2,"name":"Alte Beitr\u00e4ge","item":"https:\/\/www.tafeldeko.de\/news\/alte-beitraege\/"},{"@type":"ListItem","position":3,"name":"Tischdeko - Blog","item":"https:\/\/www.tafeldeko.de\/news\/alte-beitraege\/tischdeko-blog\/"},{"@type":"ListItem","position":4,"name":"Eine Tischdeko in Grau ist sehr edel und stilvoll zugleich"}]},{"@type":"WebSite","@id":"https:\/\/www.tafeldeko.de\/news\/#website","url":"https:\/\/www.tafeldeko.de\/news\/","name":"Tafeldeko","description":"Blog mit Tischdeko und Tischdekoration Ideen","potentialAction":[{"@type":"SearchAction","target":{"@type":"EntryPoint","urlTemplate":"https:\/\/www.tafeldeko.de\/news\/?s={search_term_string}"},"query-input":"required name=search_term_string"}],"inLanguage":"de-DE"},{"@type":"Person","@id":"https:\/\/www.tafeldeko.de\/news\/#\/schema\/person\/d2acd86447ed0b6336089a8ba83164a0","name":"Christiane Stein","image":{"@type":"ImageObject","inLanguage":"de-DE","@id":"https:\/\/www.tafeldeko.de\/news\/#\/schema\/person\/image\/","url":"https:\/\/secure.gravatar.com\/avatar\/2054729fbfd1ebc9d3cf1fd55361d0b6?s=96&d=mm&r=g","contentUrl":"https:\/\/secure.gravatar.com\/avatar\/2054729fbfd1ebc9d3cf1fd55361d0b6?s=96&d=mm&r=g","caption":"Christiane Stein"}}]}},"_links":{"self":[{"href":"https:\/\/www.tafeldeko.de\/news\/wp-json\/wp\/v2\/posts\/3313"}],"collection":[{"href":"https:\/\/www.tafeldeko.de\/news\/wp-json\/wp\/v2\/posts"}],"about":[{"href":"https:\/\/www.tafeldeko.de\/news\/wp-json\/wp\/v2\/types\/post"}],"author":[{"embeddable":true,"href":"https:\/\/www.tafeldeko.de\/news\/wp-json\/wp\/v2\/users\/2"}],"replies":[{"embeddable":true,"href":"https:\/\/www.tafeldeko.de\/news\/wp-json\/wp\/v2\/comments?post=3313"}],"version-history":[{"count":5,"href":"https:\/\/www.tafeldeko.de\/news\/wp-json\/wp\/v2\/posts\/3313\/revisions"}],"predecessor-version":[{"id":23997,"href":"https:\/\/www.tafeldeko.de\/news\/wp-json\/wp\/v2\/posts\/3313\/revisions\/23997"}],"wp:featuredmedia":[{"embeddable":true,"href":"https:\/\/www.tafeldeko.de\/news\/wp-json\/wp\/v2\/media\/3314"}],"wp:attachment":[{"href":"https:\/\/www.tafeldeko.de\/news\/wp-json\/wp\/v2\/media?parent=3313"}],"wp:term":[{"taxonomy":"category","embeddable":true,"href":"https:\/\/www.tafeldeko.de\/news\/wp-json\/wp\/v2\/categories?post=3313"},{"taxonomy":"post_tag","embeddable":true,"href":"https:\/\/www.tafeldeko.de\/news\/wp-json\/wp\/v2\/tags?post=3313"}],"curies":[{"name":"wp","href":"https:\/\/api.w.org\/{rel}","templated":true}]}}