{"id":3221,"date":"2012-08-23T09:32:43","date_gmt":"2012-08-23T07:32:43","guid":{"rendered":"http:\/\/www.tafeldeko.de\/news\/?p=3221"},"modified":"2012-08-23T09:32:43","modified_gmt":"2012-08-23T07:32:43","slug":"eine-originelle-idee-die-deko-zum-picknick","status":"publish","type":"post","link":"https:\/\/www.tafeldeko.de\/news\/eine-originelle-idee-die-deko-zum-picknick\/","title":{"rendered":"Eine originelle Idee &#8211; die Deko zum Picknick"},"content":{"rendered":"<div class=\"textumfliessenrechts\"><img decoding=\"async\" loading=\"lazy\" src=\"https:\/\/www.tafeldeko.de\/news\/media\/users\/schnurchristian\/tisch_orange.jpg\" alt=\"Tischdeko in orange\" title=\"Tischdeko in orange\" width=\"328\" height=\"154\"\/><br \/><a href=\"https:\/\/www.tafeldeko.de\/mustertische\/index.php?t=13&#038;c=7&#038;lang=2\" title=\"Tischdeko Picknick\"><b>Tischdeko Picknick<\/b><\/a><\/div>\n<p> Der gezeigte Mustertisch wurde zwar f\u00fcr einen Geburtstag hergerichtet, aber man kann die einzelnen Deko-Utensilien auch vielseitig einsetzen. Diese sind nicht nur f\u00fcr einen Geburtstag passend, sondern f\u00fcr die unterschiedlichsten Anl\u00e4sse. So kann beispielweise eine <b>Deko zum Picknick <\/b>gestaltet werden, denn das sorgt f\u00fcr eine sch\u00f6ne Atmosph\u00e4re.<br \/>\nDie Deko zum Picknick sollte eine praktische Ausf\u00fchrung sein, denn der Stauraum ist meistens begrenzt.<br \/>\nEine Metalllaterne, diese man auf dem Beispieltisch sehen kann, sorgt f\u00fcr<b> tolle Lichteffekte <\/b>und kann problemlos zum Picknick mitgenommen werden.<br \/>\nDar\u00fcber hinaus darf neben einem k\u00f6stlichen Picknick nat\u00fcrlich eine gem\u00fctliche Decke nicht fehlen. Wer ein Picknick im Gr\u00fcnen genie\u00dfen m\u00f6chte, sollte an die Kleinigkeiten denken, die das Erlebnis perfekt machen und es wird ein Tag werden, den man nicht so schnell vergessen wird. Neben den <b><a href=\"https:\/\/www.tafeldeko.de\/index.php\/cat\/c486_Servietten.html\" title=\"Servietten\">Servietten<\/a> <\/b>darf auch gerne ein kleiner Blumenstrau\u00df f\u00fcr eine kleine Attraktion bei der Deko f\u00fcrs Picknick sorgen.<br \/>\nEs ist nicht viel, was die Deko beim Picknick ausmacht, aber Wirkung zeigt es dennoch.<br \/>\nOb man letztlich eine Deko f\u00fcr ein Picknick oder eine Deko f\u00fcr den Geburtstag, die Hochzeit oder die Taufe sucht &#8211; man wird f\u00fcndig werden. Schlie\u00dflich gibt es zahlreiche Ideen und M\u00f6glichkeiten, die man nach Lust und Laune auf die eigene Festtagstafel zaubern kann.<br \/>\nDes Weiteren kann man sich inspirieren lassen und eine <b>individuelle Tischdeko <\/b>oder allt\u00e4gliche Deko gestalten, damit man die G\u00e4ste in einem sch\u00f6nen Rahmen begr\u00fc\u00dfen und willkommen hei\u00dfen kann. F\u00fchlen sich die G\u00e4ste wohl, ist man dies als Gastgeber ebenfalls.<br \/>\nHat man eine durchdachte Vorbereitung auf die Beine gestellt, kann man verh\u00e4ltnism\u00e4\u00dfig ruhig und entspannt dem gewissen Tage entgegen fiebern. Stress hat immer eine negative Auswirkung auf eine Feierlichkeit, denn somit bleibt der Spa\u00dffaktor auf der Strecke und die Freude am Feiern kann verloren gehen.<\/p>\n","protected":false},"excerpt":{"rendered":"<p>Der gezeigte Mustertisch wurde zwar f\u00fcr einen Geburtstag hergerichtet, aber man kann die einzelnen Deko-Utensilien auch vielseitig einsetzen. Diese sind nicht nur f\u00fcr einen Geburtstag passend, sondern f\u00fcr die unterschiedlichsten Anl\u00e4sse. So kann beispielweise eine Deko zum Picknick gestaltet werden, denn das sorgt f\u00fcr eine sch\u00f6ne Atmosph\u00e4re.<br \/>\nDie Deko zum Picknick sollte eine praktische Ausf\u00fchrung sein, denn der Stauraum ist meistens begrenzt.<\/p>\n","protected":false},"author":2,"featured_media":988,"comment_status":"open","ping_status":"open","sticky":false,"template":"","format":"standard","meta":{"footnotes":""},"categories":[1],"tags":[],"yoast_head":"<!-- This site is optimized with the Yoast SEO plugin v20.4 - https:\/\/yoast.com\/wordpress\/plugins\/seo\/ -->\n<title>Eine originelle Idee - die Deko zum Picknick - Tafeldeko<\/title>\n<meta name=\"description\" content=\"Ob Sie eine Deko f&#xFC;r ein Picknick oder eine Deko f&#xFC;r den Geburtstag, die Hochzeit oder die Taufe suchen, hier finden Sie alles.\" \/>\n<meta name=\"robots\" content=\"index, follow, max-snippet:-1, max-image-preview:large, max-video-preview:-1\" \/>\n<link rel=\"canonical\" href=\"https:\/\/www.tafeldeko.de\/news\/eine-originelle-idee-die-deko-zum-picknick\/\" \/>\n<meta property=\"og:locale\" content=\"de_DE\" \/>\n<meta property=\"og:type\" content=\"article\" \/>\n<meta property=\"og:title\" content=\"Eine originelle Idee - die Deko zum Picknick - Tafeldeko\" \/>\n<meta property=\"og:description\" content=\"Ob Sie eine Deko f&#xFC;r ein Picknick oder eine Deko f&#xFC;r den Geburtstag, die Hochzeit oder die Taufe suchen, hier finden Sie alles.\" \/>\n<meta property=\"og:url\" content=\"https:\/\/www.tafeldeko.de\/news\/eine-originelle-idee-die-deko-zum-picknick\/\" \/>\n<meta property=\"og:site_name\" content=\"Tafeldeko\" \/>\n<meta property=\"article:publisher\" content=\"https:\/\/www.facebook.com\/pages\/Tafeldeko-einzigartige-Tischdekoration\/174202655894\" \/>\n<meta property=\"article:published_time\" content=\"2012-08-23T07:32:43+00:00\" \/>\n<meta property=\"og:image\" content=\"https:\/\/www.tafeldeko.de\/news\/wp-content\/uploads\/2014\/09\/tisch_orange.jpg\" \/>\n\t<meta property=\"og:image:width\" content=\"448\" \/>\n\t<meta property=\"og:image:height\" content=\"174\" \/>\n\t<meta property=\"og:image:type\" content=\"image\/jpeg\" \/>\n<meta name=\"author\" content=\"Christiane Stein\" \/>\n<meta name=\"twitter:label1\" content=\"Verfasst von\" \/>\n\t<meta name=\"twitter:data1\" content=\"Christiane Stein\" \/>\n\t<meta name=\"twitter:label2\" content=\"Gesch\u00e4tzte Lesezeit\" \/>\n\t<meta name=\"twitter:data2\" content=\"2 Minuten\" \/>\n<script type=\"application\/ld+json\" class=\"yoast-schema-graph\">{\"@context\":\"https:\/\/schema.org\",\"@graph\":[{\"@type\":\"WebPage\",\"@id\":\"https:\/\/www.tafeldeko.de\/news\/eine-originelle-idee-die-deko-zum-picknick\/\",\"url\":\"https:\/\/www.tafeldeko.de\/news\/eine-originelle-idee-die-deko-zum-picknick\/\",\"name\":\"Eine originelle Idee - die Deko zum Picknick - Tafeldeko\",\"isPartOf\":{\"@id\":\"https:\/\/www.tafeldeko.de\/news\/#website\"},\"datePublished\":\"2012-08-23T07:32:43+00:00\",\"dateModified\":\"2012-08-23T07:32:43+00:00\",\"author\":{\"@id\":\"https:\/\/www.tafeldeko.de\/news\/#\/schema\/person\/d2acd86447ed0b6336089a8ba83164a0\"},\"description\":\"Ob Sie eine Deko f&#xFC;r ein Picknick oder eine Deko f&#xFC;r den Geburtstag, die Hochzeit oder die Taufe suchen, hier finden Sie alles.\",\"breadcrumb\":{\"@id\":\"https:\/\/www.tafeldeko.de\/news\/eine-originelle-idee-die-deko-zum-picknick\/#breadcrumb\"},\"inLanguage\":\"de-DE\",\"potentialAction\":[{\"@type\":\"ReadAction\",\"target\":[\"https:\/\/www.tafeldeko.de\/news\/eine-originelle-idee-die-deko-zum-picknick\/\"]}]},{\"@type\":\"BreadcrumbList\",\"@id\":\"https:\/\/www.tafeldeko.de\/news\/eine-originelle-idee-die-deko-zum-picknick\/#breadcrumb\",\"itemListElement\":[{\"@type\":\"ListItem\",\"position\":1,\"name\":\"Tafeldeko\",\"item\":\"https:\/\/www.tafeldeko.de\/news\/\"},{\"@type\":\"ListItem\",\"position\":2,\"name\":\"Alte Beitr\u00e4ge\",\"item\":\"https:\/\/www.tafeldeko.de\/news\/alte-beitraege\/\"},{\"@type\":\"ListItem\",\"position\":3,\"name\":\"Tischdeko - Blog\",\"item\":\"https:\/\/www.tafeldeko.de\/news\/alte-beitraege\/tischdeko-blog\/\"},{\"@type\":\"ListItem\",\"position\":4,\"name\":\"Eine originelle Idee &#8211; die Deko zum Picknick\"}]},{\"@type\":\"WebSite\",\"@id\":\"https:\/\/www.tafeldeko.de\/news\/#website\",\"url\":\"https:\/\/www.tafeldeko.de\/news\/\",\"name\":\"Tafeldeko\",\"description\":\"Blog mit Tischdeko und Tischdekoration Ideen\",\"potentialAction\":[{\"@type\":\"SearchAction\",\"target\":{\"@type\":\"EntryPoint\",\"urlTemplate\":\"https:\/\/www.tafeldeko.de\/news\/?s={search_term_string}\"},\"query-input\":\"required name=search_term_string\"}],\"inLanguage\":\"de-DE\"},{\"@type\":\"Person\",\"@id\":\"https:\/\/www.tafeldeko.de\/news\/#\/schema\/person\/d2acd86447ed0b6336089a8ba83164a0\",\"name\":\"Christiane Stein\",\"image\":{\"@type\":\"ImageObject\",\"inLanguage\":\"de-DE\",\"@id\":\"https:\/\/www.tafeldeko.de\/news\/#\/schema\/person\/image\/\",\"url\":\"https:\/\/secure.gravatar.com\/avatar\/2054729fbfd1ebc9d3cf1fd55361d0b6?s=96&d=mm&r=g\",\"contentUrl\":\"https:\/\/secure.gravatar.com\/avatar\/2054729fbfd1ebc9d3cf1fd55361d0b6?s=96&d=mm&r=g\",\"caption\":\"Christiane Stein\"}}]}<\/script>\n<!-- \/ Yoast SEO plugin. -->","yoast_head_json":{"title":"Eine originelle Idee - die Deko zum Picknick - Tafeldeko","description":"Ob Sie eine Deko f&#xFC;r ein Picknick oder eine Deko f&#xFC;r den Geburtstag, die Hochzeit oder die Taufe suchen, hier finden Sie alles.","robots":{"index":"index","follow":"follow","max-snippet":"max-snippet:-1","max-image-preview":"max-image-preview:large","max-video-preview":"max-video-preview:-1"},"canonical":"https:\/\/www.tafeldeko.de\/news\/eine-originelle-idee-die-deko-zum-picknick\/","og_locale":"de_DE","og_type":"article","og_title":"Eine originelle Idee - die Deko zum Picknick - Tafeldeko","og_description":"Ob Sie eine Deko f&#xFC;r ein Picknick oder eine Deko f&#xFC;r den Geburtstag, die Hochzeit oder die Taufe suchen, hier finden Sie alles.","og_url":"https:\/\/www.tafeldeko.de\/news\/eine-originelle-idee-die-deko-zum-picknick\/","og_site_name":"Tafeldeko","article_publisher":"https:\/\/www.facebook.com\/pages\/Tafeldeko-einzigartige-Tischdekoration\/174202655894","article_published_time":"2012-08-23T07:32:43+00:00","og_image":[{"width":448,"height":174,"url":"https:\/\/www.tafeldeko.de\/news\/wp-content\/uploads\/2014\/09\/tisch_orange.jpg","type":"image\/jpeg"}],"author":"Christiane Stein","twitter_misc":{"Verfasst von":"Christiane Stein","Gesch\u00e4tzte Lesezeit":"2 Minuten"},"schema":{"@context":"https:\/\/schema.org","@graph":[{"@type":"WebPage","@id":"https:\/\/www.tafeldeko.de\/news\/eine-originelle-idee-die-deko-zum-picknick\/","url":"https:\/\/www.tafeldeko.de\/news\/eine-originelle-idee-die-deko-zum-picknick\/","name":"Eine originelle Idee - die Deko zum Picknick - Tafeldeko","isPartOf":{"@id":"https:\/\/www.tafeldeko.de\/news\/#website"},"datePublished":"2012-08-23T07:32:43+00:00","dateModified":"2012-08-23T07:32:43+00:00","author":{"@id":"https:\/\/www.tafeldeko.de\/news\/#\/schema\/person\/d2acd86447ed0b6336089a8ba83164a0"},"description":"Ob Sie eine Deko f&#xFC;r ein Picknick oder eine Deko f&#xFC;r den Geburtstag, die Hochzeit oder die Taufe suchen, hier finden Sie alles.","breadcrumb":{"@id":"https:\/\/www.tafeldeko.de\/news\/eine-originelle-idee-die-deko-zum-picknick\/#breadcrumb"},"inLanguage":"de-DE","potentialAction":[{"@type":"ReadAction","target":["https:\/\/www.tafeldeko.de\/news\/eine-originelle-idee-die-deko-zum-picknick\/"]}]},{"@type":"BreadcrumbList","@id":"https:\/\/www.tafeldeko.de\/news\/eine-originelle-idee-die-deko-zum-picknick\/#breadcrumb","itemListElement":[{"@type":"ListItem","position":1,"name":"Tafeldeko","item":"https:\/\/www.tafeldeko.de\/news\/"},{"@type":"ListItem","position":2,"name":"Alte Beitr\u00e4ge","item":"https:\/\/www.tafeldeko.de\/news\/alte-beitraege\/"},{"@type":"ListItem","position":3,"name":"Tischdeko - Blog","item":"https:\/\/www.tafeldeko.de\/news\/alte-beitraege\/tischdeko-blog\/"},{"@type":"ListItem","position":4,"name":"Eine originelle Idee &#8211; die Deko zum Picknick"}]},{"@type":"WebSite","@id":"https:\/\/www.tafeldeko.de\/news\/#website","url":"https:\/\/www.tafeldeko.de\/news\/","name":"Tafeldeko","description":"Blog mit Tischdeko und Tischdekoration Ideen","potentialAction":[{"@type":"SearchAction","target":{"@type":"EntryPoint","urlTemplate":"https:\/\/www.tafeldeko.de\/news\/?s={search_term_string}"},"query-input":"required name=search_term_string"}],"inLanguage":"de-DE"},{"@type":"Person","@id":"https:\/\/www.tafeldeko.de\/news\/#\/schema\/person\/d2acd86447ed0b6336089a8ba83164a0","name":"Christiane Stein","image":{"@type":"ImageObject","inLanguage":"de-DE","@id":"https:\/\/www.tafeldeko.de\/news\/#\/schema\/person\/image\/","url":"https:\/\/secure.gravatar.com\/avatar\/2054729fbfd1ebc9d3cf1fd55361d0b6?s=96&d=mm&r=g","contentUrl":"https:\/\/secure.gravatar.com\/avatar\/2054729fbfd1ebc9d3cf1fd55361d0b6?s=96&d=mm&r=g","caption":"Christiane Stein"}}]}},"_links":{"self":[{"href":"https:\/\/www.tafeldeko.de\/news\/wp-json\/wp\/v2\/posts\/3221"}],"collection":[{"href":"https:\/\/www.tafeldeko.de\/news\/wp-json\/wp\/v2\/posts"}],"about":[{"href":"https:\/\/www.tafeldeko.de\/news\/wp-json\/wp\/v2\/types\/post"}],"author":[{"embeddable":true,"href":"https:\/\/www.tafeldeko.de\/news\/wp-json\/wp\/v2\/users\/2"}],"replies":[{"embeddable":true,"href":"https:\/\/www.tafeldeko.de\/news\/wp-json\/wp\/v2\/comments?post=3221"}],"version-history":[{"count":0,"href":"https:\/\/www.tafeldeko.de\/news\/wp-json\/wp\/v2\/posts\/3221\/revisions"}],"wp:featuredmedia":[{"embeddable":true,"href":"https:\/\/www.tafeldeko.de\/news\/wp-json\/wp\/v2\/media\/988"}],"wp:attachment":[{"href":"https:\/\/www.tafeldeko.de\/news\/wp-json\/wp\/v2\/media?parent=3221"}],"wp:term":[{"taxonomy":"category","embeddable":true,"href":"https:\/\/www.tafeldeko.de\/news\/wp-json\/wp\/v2\/categories?post=3221"},{"taxonomy":"post_tag","embeddable":true,"href":"https:\/\/www.tafeldeko.de\/news\/wp-json\/wp\/v2\/tags?post=3221"}],"curies":[{"name":"wp","href":"https:\/\/api.w.org\/{rel}","templated":true}]}}