{"id":3219,"date":"2012-08-17T16:44:12","date_gmt":"2012-08-17T14:44:12","guid":{"rendered":"http:\/\/www.tafeldeko.de\/news\/?p=3219"},"modified":"2012-08-17T16:44:12","modified_gmt":"2012-08-17T14:44:12","slug":"witzig-spritzig-die-spanische-tischdekoration","status":"publish","type":"post","link":"https:\/\/www.tafeldeko.de\/news\/witzig-spritzig-die-spanische-tischdekoration\/","title":{"rendered":"Witzig, spritzig \u2013 die spanische Tischdekoration"},"content":{"rendered":"<div class=\"textumfliessenrechts\"><img decoding=\"async\" loading=\"lazy\" src=\"https:\/\/www.tafeldeko.de\/news\/media\/users\/schnurchristian\/teelichthalter_holz_gelb.JPG\" alt=\"Teelichthalter aus Holz Gelb\" title=\"Teelichthalter aus Holz Gelb\" width=\"272\" height=\"272\"\/><br \/><a href=\"https:\/\/www.tafeldeko.de\/product_info.php\/products_id\/9983_Teelichthalter-aus-Holz-in-gelb.html\" title=\"Tischdeko spanischer Abend\"><b>Tischdeko spanischer Abend<\/b><\/a><\/div>\n<p> Wie hei\u00dft es so sch\u00f6n: \u201eDas Auge isst mit!\u201c<br \/>\nHat man G\u00e4ste zu einem netten Essen eingeladen, spielt nicht nur das Anrichten auf dem Teller eine Rolle, sondern auch das gesamte <b>Ambiente<\/b>. Das hei\u00dft, eine sch\u00f6ne Tischdeko sollte mit von der Partie sein.<br \/>\nEinladungen werden oftmals unter einem bestimmten Motto ausgesprochen, beispielsweise als <b>spanischer Abend<\/b>. In diesem Falle gibt es spanische K\u00f6stlichkeiten, serviert auf Tischen, die passend dekoriert wurden.<br \/>\nDenkt man an Spanien, denkt man nicht nur an dieses wundersch\u00f6ne Urlaubsziel, sondern auch an die spanischen Nationalfarben: rot und gelb.<br \/>\nNat\u00fcrlich kann man standesgem\u00e4\u00df in diesen Farben dekorieren, aufgepeppt mit dem einen oder anderen Mitbringsel aus dem letzten Urlaub. Eben so, wie auch teilweise die Tische in den Restaurants und Bodegas in Spanien eingedeckt sind. Dabei leitet die Tischdeko mit ihren Accessoires und in ihrer wundersch\u00f6nen Farbkombination direkt auf das Thema des Abends.<br \/>\nF\u00fcr die <b>spanische Tischdeko in den Landesfarben<\/b> dient eine rote Tischdecke als Basis, gelbe Akzente werden mit den <b><a href=\"https:\/\/www.tafeldeko.de\/index.php\/cat\/c1280_Duni-einfarbige-Servietten.html\" title=\"Servietten\">Servietten<\/a><\/b> gesetzt. W\u00e4hlt man bei den Accessoires ebenfalls gelbe Elemente aus, erh\u00e4lt man einen farbenfrohen Tisch, der die G\u00e4ste auf ansprechende Weise empf\u00e4ngt.<br \/>\nWas auch bei der spanischen Tischdeko nicht fehlen sollte, sind neben den Servietten die <b><a href=\"https:\/\/www.tafeldeko.de\/index.php\/cat\/c526_Kerzen---Kerzenhalter.html\" title=\"Kerzen\">Kerzen<\/a><\/b>.<br \/>\nEinen besonders <b>pfiffigen Blickfang<\/b> zaubern Sie mit dem Teelichthalter aus Holz in Gelb auf den Tisch. Eine etwas andere Art, die Tischdeko f\u00fcr den Spanienabend aufzuwerten und so f\u00fcr stimmungsvolles Licht zu sorgen. Als besonderer Blickfang kann ein rotes Teelicht den Farbverlauf der Tischdeko widerspiegeln.<br \/>\nZudem k\u00f6nnen auch Tomaten, Oliven, Knoblauch und Kr\u00e4uter als <b>sch\u00f6ne Akzente<\/b> in die Tischdeko eingebunden werden.<br \/>\nUnd was wird an dem spanischen Abend serviert?<br \/>\nTypisch spanische Gerichte, wie beispielsweise Paella und leckere Weine \u2013 so stellt man sich den spanischen Abend vor. <\/p>\n","protected":false},"excerpt":{"rendered":"<p>Wie hei\u00dft es so sch\u00f6n: \u201eDas Auge isst mit!\u201c<br \/>\nHat man G\u00e4ste zu einem netten Essen eingeladen, spielt nicht nur das Anrichten auf dem Teller eine Rolle, sondern auch das gesamte Ambiente. Das hei\u00dft, eine sch\u00f6ne Tischdeko sollte mit von der Partie sein.<br \/>\nEinladungen werden oftmals unter einem bestimmten Motto ausgesprochen, beispielsweise als spanischer Abend. In diesem Falle gibt es spanische K\u00f6stlichkeiten, serviert auf Tischen, die passend dekoriert wurden.<\/p>\n","protected":false},"author":2,"featured_media":3220,"comment_status":"open","ping_status":"open","sticky":false,"template":"","format":"standard","meta":{"footnotes":""},"categories":[1],"tags":[],"yoast_head":"<!-- This site is optimized with the Yoast SEO plugin v20.4 - https:\/\/yoast.com\/wordpress\/plugins\/seo\/ -->\n<title>Witzig, spritzig \u2013 die spanische Tischdekoration - Tafeldeko<\/title>\n<meta name=\"description\" content=\"F&#xFC;r die spanische Tischdeko in den Landesfarben dient eine rote Tischdecke als Basis, gelbe Akzente werden mit den Servietten gesetzt.\" \/>\n<meta name=\"robots\" content=\"index, follow, max-snippet:-1, max-image-preview:large, max-video-preview:-1\" \/>\n<link rel=\"canonical\" href=\"https:\/\/www.tafeldeko.de\/news\/witzig-spritzig-die-spanische-tischdekoration\/\" \/>\n<meta property=\"og:locale\" content=\"de_DE\" \/>\n<meta property=\"og:type\" content=\"article\" \/>\n<meta property=\"og:title\" content=\"Witzig, spritzig \u2013 die spanische Tischdekoration - Tafeldeko\" \/>\n<meta property=\"og:description\" content=\"F&#xFC;r die spanische Tischdeko in den Landesfarben dient eine rote Tischdecke als Basis, gelbe Akzente werden mit den Servietten gesetzt.\" \/>\n<meta property=\"og:url\" content=\"https:\/\/www.tafeldeko.de\/news\/witzig-spritzig-die-spanische-tischdekoration\/\" \/>\n<meta property=\"og:site_name\" content=\"Tafeldeko\" \/>\n<meta property=\"article:publisher\" content=\"https:\/\/www.facebook.com\/pages\/Tafeldeko-einzigartige-Tischdekoration\/174202655894\" \/>\n<meta property=\"article:published_time\" content=\"2012-08-17T14:44:12+00:00\" \/>\n<meta property=\"og:image\" content=\"https:\/\/www.tafeldeko.de\/news\/wp-content\/uploads\/2014\/09\/teelichthalter_holz_gelb.JPG\" \/>\n\t<meta property=\"og:image:width\" content=\"272\" \/>\n\t<meta property=\"og:image:height\" content=\"272\" \/>\n\t<meta property=\"og:image:type\" content=\"image\/jpeg\" \/>\n<meta name=\"author\" content=\"Christiane Stein\" \/>\n<meta name=\"twitter:label1\" content=\"Verfasst von\" \/>\n\t<meta name=\"twitter:data1\" content=\"Christiane Stein\" \/>\n\t<meta name=\"twitter:label2\" content=\"Gesch\u00e4tzte Lesezeit\" \/>\n\t<meta name=\"twitter:data2\" content=\"2 Minuten\" \/>\n<script type=\"application\/ld+json\" class=\"yoast-schema-graph\">{\"@context\":\"https:\/\/schema.org\",\"@graph\":[{\"@type\":\"WebPage\",\"@id\":\"https:\/\/www.tafeldeko.de\/news\/witzig-spritzig-die-spanische-tischdekoration\/\",\"url\":\"https:\/\/www.tafeldeko.de\/news\/witzig-spritzig-die-spanische-tischdekoration\/\",\"name\":\"Witzig, spritzig \u2013 die spanische Tischdekoration - Tafeldeko\",\"isPartOf\":{\"@id\":\"https:\/\/www.tafeldeko.de\/news\/#website\"},\"datePublished\":\"2012-08-17T14:44:12+00:00\",\"dateModified\":\"2012-08-17T14:44:12+00:00\",\"author\":{\"@id\":\"https:\/\/www.tafeldeko.de\/news\/#\/schema\/person\/d2acd86447ed0b6336089a8ba83164a0\"},\"description\":\"F&#xFC;r die spanische Tischdeko in den Landesfarben dient eine rote Tischdecke als Basis, gelbe Akzente werden mit den Servietten gesetzt.\",\"breadcrumb\":{\"@id\":\"https:\/\/www.tafeldeko.de\/news\/witzig-spritzig-die-spanische-tischdekoration\/#breadcrumb\"},\"inLanguage\":\"de-DE\",\"potentialAction\":[{\"@type\":\"ReadAction\",\"target\":[\"https:\/\/www.tafeldeko.de\/news\/witzig-spritzig-die-spanische-tischdekoration\/\"]}]},{\"@type\":\"BreadcrumbList\",\"@id\":\"https:\/\/www.tafeldeko.de\/news\/witzig-spritzig-die-spanische-tischdekoration\/#breadcrumb\",\"itemListElement\":[{\"@type\":\"ListItem\",\"position\":1,\"name\":\"Tafeldeko\",\"item\":\"https:\/\/www.tafeldeko.de\/news\/\"},{\"@type\":\"ListItem\",\"position\":2,\"name\":\"Alte Beitr\u00e4ge\",\"item\":\"https:\/\/www.tafeldeko.de\/news\/alte-beitraege\/\"},{\"@type\":\"ListItem\",\"position\":3,\"name\":\"Tischdeko - Blog\",\"item\":\"https:\/\/www.tafeldeko.de\/news\/alte-beitraege\/tischdeko-blog\/\"},{\"@type\":\"ListItem\",\"position\":4,\"name\":\"Witzig, spritzig \u2013 die spanische Tischdekoration\"}]},{\"@type\":\"WebSite\",\"@id\":\"https:\/\/www.tafeldeko.de\/news\/#website\",\"url\":\"https:\/\/www.tafeldeko.de\/news\/\",\"name\":\"Tafeldeko\",\"description\":\"Blog mit Tischdeko und Tischdekoration Ideen\",\"potentialAction\":[{\"@type\":\"SearchAction\",\"target\":{\"@type\":\"EntryPoint\",\"urlTemplate\":\"https:\/\/www.tafeldeko.de\/news\/?s={search_term_string}\"},\"query-input\":\"required name=search_term_string\"}],\"inLanguage\":\"de-DE\"},{\"@type\":\"Person\",\"@id\":\"https:\/\/www.tafeldeko.de\/news\/#\/schema\/person\/d2acd86447ed0b6336089a8ba83164a0\",\"name\":\"Christiane Stein\",\"image\":{\"@type\":\"ImageObject\",\"inLanguage\":\"de-DE\",\"@id\":\"https:\/\/www.tafeldeko.de\/news\/#\/schema\/person\/image\/\",\"url\":\"https:\/\/secure.gravatar.com\/avatar\/2054729fbfd1ebc9d3cf1fd55361d0b6?s=96&d=mm&r=g\",\"contentUrl\":\"https:\/\/secure.gravatar.com\/avatar\/2054729fbfd1ebc9d3cf1fd55361d0b6?s=96&d=mm&r=g\",\"caption\":\"Christiane Stein\"}}]}<\/script>\n<!-- \/ Yoast SEO plugin. -->","yoast_head_json":{"title":"Witzig, spritzig \u2013 die spanische Tischdekoration - Tafeldeko","description":"F&#xFC;r die spanische Tischdeko in den Landesfarben dient eine rote Tischdecke als Basis, gelbe Akzente werden mit den Servietten gesetzt.","robots":{"index":"index","follow":"follow","max-snippet":"max-snippet:-1","max-image-preview":"max-image-preview:large","max-video-preview":"max-video-preview:-1"},"canonical":"https:\/\/www.tafeldeko.de\/news\/witzig-spritzig-die-spanische-tischdekoration\/","og_locale":"de_DE","og_type":"article","og_title":"Witzig, spritzig \u2013 die spanische Tischdekoration - Tafeldeko","og_description":"F&#xFC;r die spanische Tischdeko in den Landesfarben dient eine rote Tischdecke als Basis, gelbe Akzente werden mit den Servietten gesetzt.","og_url":"https:\/\/www.tafeldeko.de\/news\/witzig-spritzig-die-spanische-tischdekoration\/","og_site_name":"Tafeldeko","article_publisher":"https:\/\/www.facebook.com\/pages\/Tafeldeko-einzigartige-Tischdekoration\/174202655894","article_published_time":"2012-08-17T14:44:12+00:00","og_image":[{"width":272,"height":272,"url":"https:\/\/www.tafeldeko.de\/news\/wp-content\/uploads\/2014\/09\/teelichthalter_holz_gelb.JPG","type":"image\/jpeg"}],"author":"Christiane Stein","twitter_misc":{"Verfasst von":"Christiane Stein","Gesch\u00e4tzte Lesezeit":"2 Minuten"},"schema":{"@context":"https:\/\/schema.org","@graph":[{"@type":"WebPage","@id":"https:\/\/www.tafeldeko.de\/news\/witzig-spritzig-die-spanische-tischdekoration\/","url":"https:\/\/www.tafeldeko.de\/news\/witzig-spritzig-die-spanische-tischdekoration\/","name":"Witzig, spritzig \u2013 die spanische Tischdekoration - Tafeldeko","isPartOf":{"@id":"https:\/\/www.tafeldeko.de\/news\/#website"},"datePublished":"2012-08-17T14:44:12+00:00","dateModified":"2012-08-17T14:44:12+00:00","author":{"@id":"https:\/\/www.tafeldeko.de\/news\/#\/schema\/person\/d2acd86447ed0b6336089a8ba83164a0"},"description":"F&#xFC;r die spanische Tischdeko in den Landesfarben dient eine rote Tischdecke als Basis, gelbe Akzente werden mit den Servietten gesetzt.","breadcrumb":{"@id":"https:\/\/www.tafeldeko.de\/news\/witzig-spritzig-die-spanische-tischdekoration\/#breadcrumb"},"inLanguage":"de-DE","potentialAction":[{"@type":"ReadAction","target":["https:\/\/www.tafeldeko.de\/news\/witzig-spritzig-die-spanische-tischdekoration\/"]}]},{"@type":"BreadcrumbList","@id":"https:\/\/www.tafeldeko.de\/news\/witzig-spritzig-die-spanische-tischdekoration\/#breadcrumb","itemListElement":[{"@type":"ListItem","position":1,"name":"Tafeldeko","item":"https:\/\/www.tafeldeko.de\/news\/"},{"@type":"ListItem","position":2,"name":"Alte Beitr\u00e4ge","item":"https:\/\/www.tafeldeko.de\/news\/alte-beitraege\/"},{"@type":"ListItem","position":3,"name":"Tischdeko - Blog","item":"https:\/\/www.tafeldeko.de\/news\/alte-beitraege\/tischdeko-blog\/"},{"@type":"ListItem","position":4,"name":"Witzig, spritzig \u2013 die spanische Tischdekoration"}]},{"@type":"WebSite","@id":"https:\/\/www.tafeldeko.de\/news\/#website","url":"https:\/\/www.tafeldeko.de\/news\/","name":"Tafeldeko","description":"Blog mit Tischdeko und Tischdekoration Ideen","potentialAction":[{"@type":"SearchAction","target":{"@type":"EntryPoint","urlTemplate":"https:\/\/www.tafeldeko.de\/news\/?s={search_term_string}"},"query-input":"required name=search_term_string"}],"inLanguage":"de-DE"},{"@type":"Person","@id":"https:\/\/www.tafeldeko.de\/news\/#\/schema\/person\/d2acd86447ed0b6336089a8ba83164a0","name":"Christiane Stein","image":{"@type":"ImageObject","inLanguage":"de-DE","@id":"https:\/\/www.tafeldeko.de\/news\/#\/schema\/person\/image\/","url":"https:\/\/secure.gravatar.com\/avatar\/2054729fbfd1ebc9d3cf1fd55361d0b6?s=96&d=mm&r=g","contentUrl":"https:\/\/secure.gravatar.com\/avatar\/2054729fbfd1ebc9d3cf1fd55361d0b6?s=96&d=mm&r=g","caption":"Christiane Stein"}}]}},"_links":{"self":[{"href":"https:\/\/www.tafeldeko.de\/news\/wp-json\/wp\/v2\/posts\/3219"}],"collection":[{"href":"https:\/\/www.tafeldeko.de\/news\/wp-json\/wp\/v2\/posts"}],"about":[{"href":"https:\/\/www.tafeldeko.de\/news\/wp-json\/wp\/v2\/types\/post"}],"author":[{"embeddable":true,"href":"https:\/\/www.tafeldeko.de\/news\/wp-json\/wp\/v2\/users\/2"}],"replies":[{"embeddable":true,"href":"https:\/\/www.tafeldeko.de\/news\/wp-json\/wp\/v2\/comments?post=3219"}],"version-history":[{"count":0,"href":"https:\/\/www.tafeldeko.de\/news\/wp-json\/wp\/v2\/posts\/3219\/revisions"}],"wp:featuredmedia":[{"embeddable":true,"href":"https:\/\/www.tafeldeko.de\/news\/wp-json\/wp\/v2\/media\/3220"}],"wp:attachment":[{"href":"https:\/\/www.tafeldeko.de\/news\/wp-json\/wp\/v2\/media?parent=3219"}],"wp:term":[{"taxonomy":"category","embeddable":true,"href":"https:\/\/www.tafeldeko.de\/news\/wp-json\/wp\/v2\/categories?post=3219"},{"taxonomy":"post_tag","embeddable":true,"href":"https:\/\/www.tafeldeko.de\/news\/wp-json\/wp\/v2\/tags?post=3219"}],"curies":[{"name":"wp","href":"https:\/\/api.w.org\/{rel}","templated":true}]}}