{"id":3204,"date":"2012-05-24T20:39:34","date_gmt":"2012-05-24T18:39:34","guid":{"rendered":"http:\/\/www.tafeldeko.de\/news\/?p=3204"},"modified":"2012-05-24T20:39:34","modified_gmt":"2012-05-24T18:39:34","slug":"schoene-tischdeko-fuer-das-kaffeekraenzchen-im-garten","status":"publish","type":"post","link":"https:\/\/www.tafeldeko.de\/news\/schoene-tischdeko-fuer-das-kaffeekraenzchen-im-garten\/","title":{"rendered":"Sch\u00f6ne Tischdeko f\u00fcr das Kaffeekr\u00e4nzchen im Garten"},"content":{"rendered":"<div class=\"textumfliessenrechts\"><img decoding=\"async\" loading=\"lazy\" src=\"https:\/\/www.tafeldeko.de\/news\/media\/users\/schnurchristian\/tischlaeufer_karo.jpg\" alt=\"Vlies Tischband orange-gr\u00fcn\" title=\"Vlies Tischband orange-gr\u00fcn\" width=\"181\" height=\"181\" \/><br \/><a href=\"https:\/\/www.tafeldeko.de\/product_info.php\/products_id\/9105_Deko%20Tischl%C3%A4ufer%20Grafik%20orange-gr%C3%BCn%20mit%20Glitzer.html\" title=\"Tischdeko Kaffeekr\u00e4nzchen\"><b>Tischdeko Kaffeekr\u00e4nzchen<\/b><\/a><\/div>\n<p> Kaffeekr\u00e4nzchen unter Freundinnen sind sehr beliebt. Man trifft sich ab und an, tauscht mal wieder Neuigkeiten und Nettigkeiten aus und untermalt das Ganze mit leckeren K\u00f6stlichkeiten. Au\u00dfergew\u00f6hnliche Torten, Muffins, Donuts und leckere Kuchen geh\u00f6ren meist zu dem Repertoire, das zum <b>Nachmittagskaffee <\/b>aufgetischt wird. Dazu gibt es Kaffee, Tee oder auch Kaltgetr\u00e4nke, auch das eine oder andere Gl\u00e4schen Sekt oder Prosecco wird sich auch schon mal geg\u00f6nnt. Ganz dem Motto: \u201eSo jung kommen wir nicht mehr zusammen!\u201c<br \/>\nUnd ganz ehrlich: solche Treffen sind immer wieder sch\u00f6n und schlie\u00dflich treffen sich die M\u00e4nner auch untereinander \u2013 doch meist in der Kneipe.<br \/>\nEin <b>Kaffeekr\u00e4nzchen <\/b>ist da schon gem\u00fctlicher und abwechslungsreicher, vor allen Dingen, wenn man sich im Garten ein Pl\u00e4tzchen sucht und dort die Zeit miteinander verbringt.<\/p>\n<p>Die Tischdekoration geh\u00f6rt auch zu einem <b>Kaffeekr\u00e4nzchen im Garten<\/b> \u2013 das ist ganz klar.<br \/>\nIm Gartenbereich sollte diese jedoch so ausgelegt sein, dass sie auch dem einen oder anderen Windhauch standh\u00e4lt und an der Stelle bleibt, wo sie bleiben soll.<br \/>\nMan kann nat\u00fcrlich auch mit Tischb\u00e4ndern und \u2013l\u00e4ufern arbeiten, man muss diese entsprechend mit Deko-Accessoires beschweren \u2013 dann bleibt die Tischdeko auch da, wo sie bleiben soll.<\/p>\n<p>Eine <b>wundersch\u00f6ne M\u00f6glichkeit<\/b> bietet das Vlies Tischband mit Grafik in orange und gr\u00fcn \u2013 mit leichtem Glitzer. Gerade in der Sonne wirkt dies ganz toll und macht die <b><a href=\"https:\/\/www.tafeldeko.de\" title=\"Tischdeko\">Tischdeko<\/a><\/b> zu etwas Besonderem.<br \/>\nKleine Blumenvasen mit Sommerblumen in orange oder gelb, machen sich hervorragend innerhalb der Tischdeko f\u00fcr das Kaffeekr\u00e4nzchen im Garten. Und dazu Kerzengl\u00e4ser in gelb, orange und gr\u00fcn auf der Tischmitte verteilt, l\u00e4sst die Kaffeekr\u00e4nzchentafel erstrahlen.<br \/>\nDer Vorteil der <b><a href=\"https:\/\/www.tafeldeko.de\/index.php\/cat\/c728_Tischl%C3%A4ufer.html\" title=\"Tischl\u00e4ufer\">Tischl\u00e4ufer<\/a><\/b> generell ist, dass man sie auf verschiedene Arten auf den Tischen drapieren kann \u2013 entweder l\u00e4ngs \u00fcber die Tischmitte oder quer aufgelegt, so dass die Sitzpl\u00e4tze der G\u00e4ste durch den L\u00e4ufer miteinander verbunden sind.<br \/>\n&#xD;<br \/>\nSchnell und dennoch stimmungsvoll ist die Tischdekoration f\u00fcr das Kaffeekr\u00e4nzchen gezaubert. <\/p>\n","protected":false},"excerpt":{"rendered":"<p>Kaffeekr\u00e4nzchen unter Freundinnen sind sehr beliebt. Man trifft sich ab und an, tauscht mal wieder Neuigkeiten und Nettigkeiten aus und untermalt das Ganze mit leckeren K\u00f6stlichkeiten. Au\u00dfergew\u00f6hnliche Torten, Muffins, Donuts und leckere Kuchen geh\u00f6ren meist zu dem Repertoire, das zum Nachmittagskaffee aufgetischt wird. Dazu gibt es Kaffee, Tee oder auch Kaltgetr\u00e4nke, auch das eine oder andere Gl\u00e4schen Sekt oder Prosecco wird sich auch schon mal geg\u00f6nnt. Ganz dem Motto: \u201eSo jung kommen wir nicht mehr zusammen!\u201c<br \/>\nUnd ganz ehrlich: solche Treffen sind immer wieder sch\u00f6n und schlie\u00dflich treffen sich die M\u00e4nner auch untereinander \u2013 doch meist in der Kneipe.<\/p>\n","protected":false},"author":2,"featured_media":3205,"comment_status":"open","ping_status":"open","sticky":false,"template":"","format":"standard","meta":{"footnotes":""},"categories":[1],"tags":[],"yoast_head":"<!-- This site is optimized with the Yoast SEO plugin v20.4 - https:\/\/yoast.com\/wordpress\/plugins\/seo\/ -->\n<title>Sch\u00f6ne Tischdeko f\u00fcr das Kaffeekr\u00e4nzchen im Garten - Tafeldeko<\/title>\n<meta name=\"description\" content=\"Eine Tischdekoration geh&#xF6;rt auch zu einem Kaffeekr&#xE4;nzchen im Garten. Mit tollen Accessoires l&#xE4;sst sich im Handumdrehen ein sch&#xF6;nes Arrangement zaubern.\" \/>\n<meta name=\"robots\" content=\"index, follow, max-snippet:-1, max-image-preview:large, max-video-preview:-1\" \/>\n<link rel=\"canonical\" href=\"https:\/\/www.tafeldeko.de\/news\/schoene-tischdeko-fuer-das-kaffeekraenzchen-im-garten\/\" \/>\n<meta property=\"og:locale\" content=\"de_DE\" \/>\n<meta property=\"og:type\" content=\"article\" \/>\n<meta property=\"og:title\" content=\"Sch\u00f6ne Tischdeko f\u00fcr das Kaffeekr\u00e4nzchen im Garten - Tafeldeko\" \/>\n<meta property=\"og:description\" content=\"Eine Tischdekoration geh&#xF6;rt auch zu einem Kaffeekr&#xE4;nzchen im Garten. Mit tollen Accessoires l&#xE4;sst sich im Handumdrehen ein sch&#xF6;nes Arrangement zaubern.\" \/>\n<meta property=\"og:url\" content=\"https:\/\/www.tafeldeko.de\/news\/schoene-tischdeko-fuer-das-kaffeekraenzchen-im-garten\/\" \/>\n<meta property=\"og:site_name\" content=\"Tafeldeko\" \/>\n<meta property=\"article:publisher\" content=\"https:\/\/www.facebook.com\/pages\/Tafeldeko-einzigartige-Tischdekoration\/174202655894\" \/>\n<meta property=\"article:published_time\" content=\"2012-05-24T18:39:34+00:00\" \/>\n<meta property=\"og:image\" content=\"https:\/\/www.tafeldeko.de\/news\/wp-content\/uploads\/2014\/09\/tischlaeufer_karo.jpg\" \/>\n\t<meta property=\"og:image:width\" content=\"181\" \/>\n\t<meta property=\"og:image:height\" content=\"181\" \/>\n\t<meta property=\"og:image:type\" content=\"image\/jpeg\" \/>\n<meta name=\"author\" content=\"Christiane Stein\" \/>\n<meta name=\"twitter:label1\" content=\"Verfasst von\" \/>\n\t<meta name=\"twitter:data1\" content=\"Christiane Stein\" \/>\n\t<meta name=\"twitter:label2\" content=\"Gesch\u00e4tzte Lesezeit\" \/>\n\t<meta name=\"twitter:data2\" content=\"2 Minuten\" \/>\n<script type=\"application\/ld+json\" class=\"yoast-schema-graph\">{\"@context\":\"https:\/\/schema.org\",\"@graph\":[{\"@type\":\"WebPage\",\"@id\":\"https:\/\/www.tafeldeko.de\/news\/schoene-tischdeko-fuer-das-kaffeekraenzchen-im-garten\/\",\"url\":\"https:\/\/www.tafeldeko.de\/news\/schoene-tischdeko-fuer-das-kaffeekraenzchen-im-garten\/\",\"name\":\"Sch\u00f6ne Tischdeko f\u00fcr das Kaffeekr\u00e4nzchen im Garten - Tafeldeko\",\"isPartOf\":{\"@id\":\"https:\/\/www.tafeldeko.de\/news\/#website\"},\"datePublished\":\"2012-05-24T18:39:34+00:00\",\"dateModified\":\"2012-05-24T18:39:34+00:00\",\"author\":{\"@id\":\"https:\/\/www.tafeldeko.de\/news\/#\/schema\/person\/d2acd86447ed0b6336089a8ba83164a0\"},\"description\":\"Eine Tischdekoration geh&#xF6;rt auch zu einem Kaffeekr&#xE4;nzchen im Garten. Mit tollen Accessoires l&#xE4;sst sich im Handumdrehen ein sch&#xF6;nes Arrangement zaubern.\",\"breadcrumb\":{\"@id\":\"https:\/\/www.tafeldeko.de\/news\/schoene-tischdeko-fuer-das-kaffeekraenzchen-im-garten\/#breadcrumb\"},\"inLanguage\":\"de-DE\",\"potentialAction\":[{\"@type\":\"ReadAction\",\"target\":[\"https:\/\/www.tafeldeko.de\/news\/schoene-tischdeko-fuer-das-kaffeekraenzchen-im-garten\/\"]}]},{\"@type\":\"BreadcrumbList\",\"@id\":\"https:\/\/www.tafeldeko.de\/news\/schoene-tischdeko-fuer-das-kaffeekraenzchen-im-garten\/#breadcrumb\",\"itemListElement\":[{\"@type\":\"ListItem\",\"position\":1,\"name\":\"Tafeldeko\",\"item\":\"https:\/\/www.tafeldeko.de\/news\/\"},{\"@type\":\"ListItem\",\"position\":2,\"name\":\"Alte Beitr\u00e4ge\",\"item\":\"https:\/\/www.tafeldeko.de\/news\/alte-beitraege\/\"},{\"@type\":\"ListItem\",\"position\":3,\"name\":\"Tischdeko - Blog\",\"item\":\"https:\/\/www.tafeldeko.de\/news\/alte-beitraege\/tischdeko-blog\/\"},{\"@type\":\"ListItem\",\"position\":4,\"name\":\"Sch\u00f6ne Tischdeko f\u00fcr das Kaffeekr\u00e4nzchen im Garten\"}]},{\"@type\":\"WebSite\",\"@id\":\"https:\/\/www.tafeldeko.de\/news\/#website\",\"url\":\"https:\/\/www.tafeldeko.de\/news\/\",\"name\":\"Tafeldeko\",\"description\":\"Blog mit Tischdeko und Tischdekoration Ideen\",\"potentialAction\":[{\"@type\":\"SearchAction\",\"target\":{\"@type\":\"EntryPoint\",\"urlTemplate\":\"https:\/\/www.tafeldeko.de\/news\/?s={search_term_string}\"},\"query-input\":\"required name=search_term_string\"}],\"inLanguage\":\"de-DE\"},{\"@type\":\"Person\",\"@id\":\"https:\/\/www.tafeldeko.de\/news\/#\/schema\/person\/d2acd86447ed0b6336089a8ba83164a0\",\"name\":\"Christiane Stein\",\"image\":{\"@type\":\"ImageObject\",\"inLanguage\":\"de-DE\",\"@id\":\"https:\/\/www.tafeldeko.de\/news\/#\/schema\/person\/image\/\",\"url\":\"https:\/\/secure.gravatar.com\/avatar\/2054729fbfd1ebc9d3cf1fd55361d0b6?s=96&d=mm&r=g\",\"contentUrl\":\"https:\/\/secure.gravatar.com\/avatar\/2054729fbfd1ebc9d3cf1fd55361d0b6?s=96&d=mm&r=g\",\"caption\":\"Christiane Stein\"}}]}<\/script>\n<!-- \/ Yoast SEO plugin. -->","yoast_head_json":{"title":"Sch\u00f6ne Tischdeko f\u00fcr das Kaffeekr\u00e4nzchen im Garten - Tafeldeko","description":"Eine Tischdekoration geh&#xF6;rt auch zu einem Kaffeekr&#xE4;nzchen im Garten. Mit tollen Accessoires l&#xE4;sst sich im Handumdrehen ein sch&#xF6;nes Arrangement zaubern.","robots":{"index":"index","follow":"follow","max-snippet":"max-snippet:-1","max-image-preview":"max-image-preview:large","max-video-preview":"max-video-preview:-1"},"canonical":"https:\/\/www.tafeldeko.de\/news\/schoene-tischdeko-fuer-das-kaffeekraenzchen-im-garten\/","og_locale":"de_DE","og_type":"article","og_title":"Sch\u00f6ne Tischdeko f\u00fcr das Kaffeekr\u00e4nzchen im Garten - Tafeldeko","og_description":"Eine Tischdekoration geh&#xF6;rt auch zu einem Kaffeekr&#xE4;nzchen im Garten. Mit tollen Accessoires l&#xE4;sst sich im Handumdrehen ein sch&#xF6;nes Arrangement zaubern.","og_url":"https:\/\/www.tafeldeko.de\/news\/schoene-tischdeko-fuer-das-kaffeekraenzchen-im-garten\/","og_site_name":"Tafeldeko","article_publisher":"https:\/\/www.facebook.com\/pages\/Tafeldeko-einzigartige-Tischdekoration\/174202655894","article_published_time":"2012-05-24T18:39:34+00:00","og_image":[{"width":181,"height":181,"url":"https:\/\/www.tafeldeko.de\/news\/wp-content\/uploads\/2014\/09\/tischlaeufer_karo.jpg","type":"image\/jpeg"}],"author":"Christiane Stein","twitter_misc":{"Verfasst von":"Christiane Stein","Gesch\u00e4tzte Lesezeit":"2 Minuten"},"schema":{"@context":"https:\/\/schema.org","@graph":[{"@type":"WebPage","@id":"https:\/\/www.tafeldeko.de\/news\/schoene-tischdeko-fuer-das-kaffeekraenzchen-im-garten\/","url":"https:\/\/www.tafeldeko.de\/news\/schoene-tischdeko-fuer-das-kaffeekraenzchen-im-garten\/","name":"Sch\u00f6ne Tischdeko f\u00fcr das Kaffeekr\u00e4nzchen im Garten - Tafeldeko","isPartOf":{"@id":"https:\/\/www.tafeldeko.de\/news\/#website"},"datePublished":"2012-05-24T18:39:34+00:00","dateModified":"2012-05-24T18:39:34+00:00","author":{"@id":"https:\/\/www.tafeldeko.de\/news\/#\/schema\/person\/d2acd86447ed0b6336089a8ba83164a0"},"description":"Eine Tischdekoration geh&#xF6;rt auch zu einem Kaffeekr&#xE4;nzchen im Garten. Mit tollen Accessoires l&#xE4;sst sich im Handumdrehen ein sch&#xF6;nes Arrangement zaubern.","breadcrumb":{"@id":"https:\/\/www.tafeldeko.de\/news\/schoene-tischdeko-fuer-das-kaffeekraenzchen-im-garten\/#breadcrumb"},"inLanguage":"de-DE","potentialAction":[{"@type":"ReadAction","target":["https:\/\/www.tafeldeko.de\/news\/schoene-tischdeko-fuer-das-kaffeekraenzchen-im-garten\/"]}]},{"@type":"BreadcrumbList","@id":"https:\/\/www.tafeldeko.de\/news\/schoene-tischdeko-fuer-das-kaffeekraenzchen-im-garten\/#breadcrumb","itemListElement":[{"@type":"ListItem","position":1,"name":"Tafeldeko","item":"https:\/\/www.tafeldeko.de\/news\/"},{"@type":"ListItem","position":2,"name":"Alte Beitr\u00e4ge","item":"https:\/\/www.tafeldeko.de\/news\/alte-beitraege\/"},{"@type":"ListItem","position":3,"name":"Tischdeko - Blog","item":"https:\/\/www.tafeldeko.de\/news\/alte-beitraege\/tischdeko-blog\/"},{"@type":"ListItem","position":4,"name":"Sch\u00f6ne Tischdeko f\u00fcr das Kaffeekr\u00e4nzchen im Garten"}]},{"@type":"WebSite","@id":"https:\/\/www.tafeldeko.de\/news\/#website","url":"https:\/\/www.tafeldeko.de\/news\/","name":"Tafeldeko","description":"Blog mit Tischdeko und Tischdekoration Ideen","potentialAction":[{"@type":"SearchAction","target":{"@type":"EntryPoint","urlTemplate":"https:\/\/www.tafeldeko.de\/news\/?s={search_term_string}"},"query-input":"required name=search_term_string"}],"inLanguage":"de-DE"},{"@type":"Person","@id":"https:\/\/www.tafeldeko.de\/news\/#\/schema\/person\/d2acd86447ed0b6336089a8ba83164a0","name":"Christiane Stein","image":{"@type":"ImageObject","inLanguage":"de-DE","@id":"https:\/\/www.tafeldeko.de\/news\/#\/schema\/person\/image\/","url":"https:\/\/secure.gravatar.com\/avatar\/2054729fbfd1ebc9d3cf1fd55361d0b6?s=96&d=mm&r=g","contentUrl":"https:\/\/secure.gravatar.com\/avatar\/2054729fbfd1ebc9d3cf1fd55361d0b6?s=96&d=mm&r=g","caption":"Christiane Stein"}}]}},"_links":{"self":[{"href":"https:\/\/www.tafeldeko.de\/news\/wp-json\/wp\/v2\/posts\/3204"}],"collection":[{"href":"https:\/\/www.tafeldeko.de\/news\/wp-json\/wp\/v2\/posts"}],"about":[{"href":"https:\/\/www.tafeldeko.de\/news\/wp-json\/wp\/v2\/types\/post"}],"author":[{"embeddable":true,"href":"https:\/\/www.tafeldeko.de\/news\/wp-json\/wp\/v2\/users\/2"}],"replies":[{"embeddable":true,"href":"https:\/\/www.tafeldeko.de\/news\/wp-json\/wp\/v2\/comments?post=3204"}],"version-history":[{"count":0,"href":"https:\/\/www.tafeldeko.de\/news\/wp-json\/wp\/v2\/posts\/3204\/revisions"}],"wp:featuredmedia":[{"embeddable":true,"href":"https:\/\/www.tafeldeko.de\/news\/wp-json\/wp\/v2\/media\/3205"}],"wp:attachment":[{"href":"https:\/\/www.tafeldeko.de\/news\/wp-json\/wp\/v2\/media?parent=3204"}],"wp:term":[{"taxonomy":"category","embeddable":true,"href":"https:\/\/www.tafeldeko.de\/news\/wp-json\/wp\/v2\/categories?post=3204"},{"taxonomy":"post_tag","embeddable":true,"href":"https:\/\/www.tafeldeko.de\/news\/wp-json\/wp\/v2\/tags?post=3204"}],"curies":[{"name":"wp","href":"https:\/\/api.w.org\/{rel}","templated":true}]}}