{"id":3197,"date":"2012-01-05T20:57:33","date_gmt":"2012-01-05T18:57:33","guid":{"rendered":"http:\/\/www.tafeldeko.de\/news\/?p=3197"},"modified":"2012-01-05T20:57:33","modified_gmt":"2012-01-05T18:57:33","slug":"die-tischdeko-fuer-verliebte-zum-valentinstag","status":"publish","type":"post","link":"https:\/\/www.tafeldeko.de\/news\/die-tischdeko-fuer-verliebte-zum-valentinstag\/","title":{"rendered":"Die Tischdeko f\u00fcr Verliebte zum Valentinstag"},"content":{"rendered":"<div class=\"textumfliessenrechts\"><img decoding=\"async\" loading=\"lazy\" src=\"https:\/\/www.tafeldeko.de\/news\/media\/users\/schnurchristian\/dekoherz_rot_neu.jpg\" alt=\"Dekoherz rot\" title=\"Dekoherz rot\" width=\"199\" height=\"199\" \/><br \/><a href=\"https:\/\/www.tafeldeko.de\/product_info.php\/products_id\/5674_Dekoherzen-in-rot-matt-und-rot-gl%C3%A4nzend.html\" title=\"Valentinstag-Tischdeko\"><b>Valentinstag-Tischdeko<\/b><\/a><\/div>\n<p> Das neue Jahr ist gerade einige Tage jung und schon planen wir bereits f\u00fcr die n\u00e4chsten Wochen und Monate. Verschiedene Anl\u00e4sse erfordern eine mehr oder weniger kleine oder gro\u00dfe Feier, teils mit der Familie und Freunden, teils auch nur zu zweit.<br \/>\nEin solcher Anlass, der ganz romantisch gestaltet wird, ist der <b>Valentinstag<\/b>.<br \/>\nDer Tag der Verliebten, er wird Jahr f&#xFC;r Jahr zelebriert und ist f\u00fcr alle Liebenden etwas Besonderes.<br \/>\nEin romantisches Abendessen zu zweit, zu Hause oder im Restaurant, alles um sich herum vergessen und nur die Zweisamkeit genie\u00dfen \u2013 so stellt man sich den Valentinstag vor. Und meist verw\u00f6hnt man die Partnerin oder den Partner mit einem kleinen Geschenk \u2013 einem Geschenk, das die Liebe zueinander ausdr\u00fcckt. In der Regel handelt es sich dabei um einen Blumenstrau\u00df f\u00fcr die Liebste oder Parfum oder eine andere Nettigkeit, die ganz romantisch ist.<br \/>\nGanz gleich, ob man den Valentinstag zu Hause verbringt oder ins Restaurant geht, eine <b>herzige und romantische Tischdeko<\/b> darf auf keinen Fall fehlen.<br \/>\nRomantisch wird es durch Herzen und Kerzen \u2013 eine Kombination, die selbstverst\u00e4ndlich in der Farbe der Liebe ausgestattet sein sollte.<br \/>\nDas hei\u00dft: rote Herzen wohin man blickt und rote Kerzen \u2013 vielleicht auch in Herzform \u2013 schm\u00fccken den Tisch zum Valentinstag.<br \/>\nDas Dekoherz in rot aus Keramik ist eines dieser wundersch\u00f6nen Accessoires, die f\u00fcr die Tischdeko zum Valentinstag hervorragend geeignet sind. Mehrere dieser Herzen werden auf dem Tisch verteilt, dazu Streudekoherzen in rot, Kerzen in rot und um das Gesamtbild der romantischen Tischdeko zu komplettieren, werden ebenfalls rote Servietten oder Servietten mit Herzen aufgetischt.<br \/>\nDurch und durch romantisch zeigt sich die Tischdeko \u2013 die perfekte Basis f\u00fcr einen sch\u00f6nen Abend zu zweit.<br \/>\nDie Tischdeko f\u00fcr Verliebte zum Valentinstag \u2013 sie ist schnell gezaubert, doch die Wirkung ist auf jeden Fall romantisch und die Basis f\u00fcr einen wundersch\u00f6nen Abend am Valentinstag. <\/p>\n","protected":false},"excerpt":{"rendered":"<p>Das neue Jahr ist gerade einige Tage jung und schon planen wir bereits f\u00fcr die n\u00e4chsten Wochen und Monate. Verschiedene Anl\u00e4sse erfordern eine mehr oder weniger kleine oder gro\u00dfe Feier, teils mit der Familie und Freunden, teils auch nur zu zweit.<br \/>\nEin solcher Anlass, der ganz romantisch gestaltet wird, ist der Valentinstag.<br \/>\nDer Tag der Verliebten, er wird Jahr f\u00fcr Jahr zelebriert und ist f\u00fcr alle Liebenden etwas Besonderes.<\/p>\n","protected":false},"author":2,"featured_media":3198,"comment_status":"open","ping_status":"open","sticky":false,"template":"","format":"standard","meta":{"footnotes":""},"categories":[1],"tags":[],"yoast_head":"<!-- This site is optimized with the Yoast SEO plugin v20.4 - https:\/\/yoast.com\/wordpress\/plugins\/seo\/ -->\n<title>Die Tischdeko f\u00fcr Verliebte zum Valentinstag - Tafeldeko<\/title>\n<meta name=\"description\" content=\"Romantisch wird die Tischdeko zur Verlobung durch Herzen und Kerzen &#x2013; eine Kombination, die selbstverst&#xE4;ndlich in der Farbe der Liebe ausgestattet sein sollte.\" \/>\n<meta name=\"robots\" content=\"index, follow, max-snippet:-1, max-image-preview:large, max-video-preview:-1\" \/>\n<link rel=\"canonical\" href=\"https:\/\/www.tafeldeko.de\/news\/die-tischdeko-fuer-verliebte-zum-valentinstag\/\" \/>\n<meta property=\"og:locale\" content=\"de_DE\" \/>\n<meta property=\"og:type\" content=\"article\" \/>\n<meta property=\"og:title\" content=\"Die Tischdeko f\u00fcr Verliebte zum Valentinstag - Tafeldeko\" \/>\n<meta property=\"og:description\" content=\"Romantisch wird die Tischdeko zur Verlobung durch Herzen und Kerzen &#x2013; eine Kombination, die selbstverst&#xE4;ndlich in der Farbe der Liebe ausgestattet sein sollte.\" \/>\n<meta property=\"og:url\" content=\"https:\/\/www.tafeldeko.de\/news\/die-tischdeko-fuer-verliebte-zum-valentinstag\/\" \/>\n<meta property=\"og:site_name\" content=\"Tafeldeko\" \/>\n<meta property=\"article:publisher\" content=\"https:\/\/www.facebook.com\/pages\/Tafeldeko-einzigartige-Tischdekoration\/174202655894\" \/>\n<meta property=\"article:published_time\" content=\"2012-01-05T18:57:33+00:00\" \/>\n<meta property=\"og:image\" content=\"https:\/\/www.tafeldeko.de\/news\/wp-content\/uploads\/2014\/09\/dekoherz_rot_neu.jpg\" \/>\n\t<meta property=\"og:image:width\" content=\"199\" \/>\n\t<meta property=\"og:image:height\" content=\"199\" \/>\n\t<meta property=\"og:image:type\" content=\"image\/jpeg\" \/>\n<meta name=\"author\" content=\"Christiane Stein\" \/>\n<meta name=\"twitter:label1\" content=\"Verfasst von\" \/>\n\t<meta name=\"twitter:data1\" content=\"Christiane Stein\" \/>\n\t<meta name=\"twitter:label2\" content=\"Gesch\u00e4tzte Lesezeit\" \/>\n\t<meta name=\"twitter:data2\" content=\"2 Minuten\" \/>\n<script type=\"application\/ld+json\" class=\"yoast-schema-graph\">{\"@context\":\"https:\/\/schema.org\",\"@graph\":[{\"@type\":\"WebPage\",\"@id\":\"https:\/\/www.tafeldeko.de\/news\/die-tischdeko-fuer-verliebte-zum-valentinstag\/\",\"url\":\"https:\/\/www.tafeldeko.de\/news\/die-tischdeko-fuer-verliebte-zum-valentinstag\/\",\"name\":\"Die Tischdeko f\u00fcr Verliebte zum Valentinstag - Tafeldeko\",\"isPartOf\":{\"@id\":\"https:\/\/www.tafeldeko.de\/news\/#website\"},\"datePublished\":\"2012-01-05T18:57:33+00:00\",\"dateModified\":\"2012-01-05T18:57:33+00:00\",\"author\":{\"@id\":\"https:\/\/www.tafeldeko.de\/news\/#\/schema\/person\/d2acd86447ed0b6336089a8ba83164a0\"},\"description\":\"Romantisch wird die Tischdeko zur Verlobung durch Herzen und Kerzen &#x2013; eine Kombination, die selbstverst&#xE4;ndlich in der Farbe der Liebe ausgestattet sein sollte.\",\"breadcrumb\":{\"@id\":\"https:\/\/www.tafeldeko.de\/news\/die-tischdeko-fuer-verliebte-zum-valentinstag\/#breadcrumb\"},\"inLanguage\":\"de-DE\",\"potentialAction\":[{\"@type\":\"ReadAction\",\"target\":[\"https:\/\/www.tafeldeko.de\/news\/die-tischdeko-fuer-verliebte-zum-valentinstag\/\"]}]},{\"@type\":\"BreadcrumbList\",\"@id\":\"https:\/\/www.tafeldeko.de\/news\/die-tischdeko-fuer-verliebte-zum-valentinstag\/#breadcrumb\",\"itemListElement\":[{\"@type\":\"ListItem\",\"position\":1,\"name\":\"Tafeldeko\",\"item\":\"https:\/\/www.tafeldeko.de\/news\/\"},{\"@type\":\"ListItem\",\"position\":2,\"name\":\"Alte Beitr\u00e4ge\",\"item\":\"https:\/\/www.tafeldeko.de\/news\/alte-beitraege\/\"},{\"@type\":\"ListItem\",\"position\":3,\"name\":\"Tischdeko - Blog\",\"item\":\"https:\/\/www.tafeldeko.de\/news\/alte-beitraege\/tischdeko-blog\/\"},{\"@type\":\"ListItem\",\"position\":4,\"name\":\"Die Tischdeko f\u00fcr Verliebte zum Valentinstag\"}]},{\"@type\":\"WebSite\",\"@id\":\"https:\/\/www.tafeldeko.de\/news\/#website\",\"url\":\"https:\/\/www.tafeldeko.de\/news\/\",\"name\":\"Tafeldeko\",\"description\":\"Blog mit Tischdeko und Tischdekoration Ideen\",\"potentialAction\":[{\"@type\":\"SearchAction\",\"target\":{\"@type\":\"EntryPoint\",\"urlTemplate\":\"https:\/\/www.tafeldeko.de\/news\/?s={search_term_string}\"},\"query-input\":\"required name=search_term_string\"}],\"inLanguage\":\"de-DE\"},{\"@type\":\"Person\",\"@id\":\"https:\/\/www.tafeldeko.de\/news\/#\/schema\/person\/d2acd86447ed0b6336089a8ba83164a0\",\"name\":\"Christiane Stein\",\"image\":{\"@type\":\"ImageObject\",\"inLanguage\":\"de-DE\",\"@id\":\"https:\/\/www.tafeldeko.de\/news\/#\/schema\/person\/image\/\",\"url\":\"https:\/\/secure.gravatar.com\/avatar\/2054729fbfd1ebc9d3cf1fd55361d0b6?s=96&d=mm&r=g\",\"contentUrl\":\"https:\/\/secure.gravatar.com\/avatar\/2054729fbfd1ebc9d3cf1fd55361d0b6?s=96&d=mm&r=g\",\"caption\":\"Christiane Stein\"}}]}<\/script>\n<!-- \/ Yoast SEO plugin. -->","yoast_head_json":{"title":"Die Tischdeko f\u00fcr Verliebte zum Valentinstag - Tafeldeko","description":"Romantisch wird die Tischdeko zur Verlobung durch Herzen und Kerzen &#x2013; eine Kombination, die selbstverst&#xE4;ndlich in der Farbe der Liebe ausgestattet sein sollte.","robots":{"index":"index","follow":"follow","max-snippet":"max-snippet:-1","max-image-preview":"max-image-preview:large","max-video-preview":"max-video-preview:-1"},"canonical":"https:\/\/www.tafeldeko.de\/news\/die-tischdeko-fuer-verliebte-zum-valentinstag\/","og_locale":"de_DE","og_type":"article","og_title":"Die Tischdeko f\u00fcr Verliebte zum Valentinstag - Tafeldeko","og_description":"Romantisch wird die Tischdeko zur Verlobung durch Herzen und Kerzen &#x2013; eine Kombination, die selbstverst&#xE4;ndlich in der Farbe der Liebe ausgestattet sein sollte.","og_url":"https:\/\/www.tafeldeko.de\/news\/die-tischdeko-fuer-verliebte-zum-valentinstag\/","og_site_name":"Tafeldeko","article_publisher":"https:\/\/www.facebook.com\/pages\/Tafeldeko-einzigartige-Tischdekoration\/174202655894","article_published_time":"2012-01-05T18:57:33+00:00","og_image":[{"width":199,"height":199,"url":"https:\/\/www.tafeldeko.de\/news\/wp-content\/uploads\/2014\/09\/dekoherz_rot_neu.jpg","type":"image\/jpeg"}],"author":"Christiane Stein","twitter_misc":{"Verfasst von":"Christiane Stein","Gesch\u00e4tzte Lesezeit":"2 Minuten"},"schema":{"@context":"https:\/\/schema.org","@graph":[{"@type":"WebPage","@id":"https:\/\/www.tafeldeko.de\/news\/die-tischdeko-fuer-verliebte-zum-valentinstag\/","url":"https:\/\/www.tafeldeko.de\/news\/die-tischdeko-fuer-verliebte-zum-valentinstag\/","name":"Die Tischdeko f\u00fcr Verliebte zum Valentinstag - Tafeldeko","isPartOf":{"@id":"https:\/\/www.tafeldeko.de\/news\/#website"},"datePublished":"2012-01-05T18:57:33+00:00","dateModified":"2012-01-05T18:57:33+00:00","author":{"@id":"https:\/\/www.tafeldeko.de\/news\/#\/schema\/person\/d2acd86447ed0b6336089a8ba83164a0"},"description":"Romantisch wird die Tischdeko zur Verlobung durch Herzen und Kerzen &#x2013; eine Kombination, die selbstverst&#xE4;ndlich in der Farbe der Liebe ausgestattet sein sollte.","breadcrumb":{"@id":"https:\/\/www.tafeldeko.de\/news\/die-tischdeko-fuer-verliebte-zum-valentinstag\/#breadcrumb"},"inLanguage":"de-DE","potentialAction":[{"@type":"ReadAction","target":["https:\/\/www.tafeldeko.de\/news\/die-tischdeko-fuer-verliebte-zum-valentinstag\/"]}]},{"@type":"BreadcrumbList","@id":"https:\/\/www.tafeldeko.de\/news\/die-tischdeko-fuer-verliebte-zum-valentinstag\/#breadcrumb","itemListElement":[{"@type":"ListItem","position":1,"name":"Tafeldeko","item":"https:\/\/www.tafeldeko.de\/news\/"},{"@type":"ListItem","position":2,"name":"Alte Beitr\u00e4ge","item":"https:\/\/www.tafeldeko.de\/news\/alte-beitraege\/"},{"@type":"ListItem","position":3,"name":"Tischdeko - Blog","item":"https:\/\/www.tafeldeko.de\/news\/alte-beitraege\/tischdeko-blog\/"},{"@type":"ListItem","position":4,"name":"Die Tischdeko f\u00fcr Verliebte zum Valentinstag"}]},{"@type":"WebSite","@id":"https:\/\/www.tafeldeko.de\/news\/#website","url":"https:\/\/www.tafeldeko.de\/news\/","name":"Tafeldeko","description":"Blog mit Tischdeko und Tischdekoration Ideen","potentialAction":[{"@type":"SearchAction","target":{"@type":"EntryPoint","urlTemplate":"https:\/\/www.tafeldeko.de\/news\/?s={search_term_string}"},"query-input":"required name=search_term_string"}],"inLanguage":"de-DE"},{"@type":"Person","@id":"https:\/\/www.tafeldeko.de\/news\/#\/schema\/person\/d2acd86447ed0b6336089a8ba83164a0","name":"Christiane Stein","image":{"@type":"ImageObject","inLanguage":"de-DE","@id":"https:\/\/www.tafeldeko.de\/news\/#\/schema\/person\/image\/","url":"https:\/\/secure.gravatar.com\/avatar\/2054729fbfd1ebc9d3cf1fd55361d0b6?s=96&d=mm&r=g","contentUrl":"https:\/\/secure.gravatar.com\/avatar\/2054729fbfd1ebc9d3cf1fd55361d0b6?s=96&d=mm&r=g","caption":"Christiane Stein"}}]}},"_links":{"self":[{"href":"https:\/\/www.tafeldeko.de\/news\/wp-json\/wp\/v2\/posts\/3197"}],"collection":[{"href":"https:\/\/www.tafeldeko.de\/news\/wp-json\/wp\/v2\/posts"}],"about":[{"href":"https:\/\/www.tafeldeko.de\/news\/wp-json\/wp\/v2\/types\/post"}],"author":[{"embeddable":true,"href":"https:\/\/www.tafeldeko.de\/news\/wp-json\/wp\/v2\/users\/2"}],"replies":[{"embeddable":true,"href":"https:\/\/www.tafeldeko.de\/news\/wp-json\/wp\/v2\/comments?post=3197"}],"version-history":[{"count":0,"href":"https:\/\/www.tafeldeko.de\/news\/wp-json\/wp\/v2\/posts\/3197\/revisions"}],"wp:featuredmedia":[{"embeddable":true,"href":"https:\/\/www.tafeldeko.de\/news\/wp-json\/wp\/v2\/media\/3198"}],"wp:attachment":[{"href":"https:\/\/www.tafeldeko.de\/news\/wp-json\/wp\/v2\/media?parent=3197"}],"wp:term":[{"taxonomy":"category","embeddable":true,"href":"https:\/\/www.tafeldeko.de\/news\/wp-json\/wp\/v2\/categories?post=3197"},{"taxonomy":"post_tag","embeddable":true,"href":"https:\/\/www.tafeldeko.de\/news\/wp-json\/wp\/v2\/tags?post=3197"}],"curies":[{"name":"wp","href":"https:\/\/api.w.org\/{rel}","templated":true}]}}