{"id":3183,"date":"2011-10-23T13:44:05","date_gmt":"2011-10-23T11:44:05","guid":{"rendered":"http:\/\/www.tafeldeko.de\/news\/?p=3183"},"modified":"2011-10-23T13:44:05","modified_gmt":"2011-10-23T11:44:05","slug":"tischdekoration-im-herbst-mit-steinen-und-naturmaterialien","status":"publish","type":"post","link":"https:\/\/www.tafeldeko.de\/news\/tischdekoration-im-herbst-mit-steinen-und-naturmaterialien\/","title":{"rendered":"Tischdekoration im Herbst \u2013 mit Steinen und Naturmaterialien"},"content":{"rendered":"<div class=\"textumfliessenrechts\"><img decoding=\"async\" loading=\"lazy\" src=\"https:\/\/www.tafeldeko.de\/news\/media\/users\/schnurchristian\/deko_marbles.jpg\" alt=\"Deko Marbles\" title=\"Deko Marbles\" width=\"238\" height=\"238\" \/><br \/><a href=\"https:\/\/www.tafeldeko.de\/product_info.php\/products_id\/3174_Nuggets-in-23-Farben.html\" title=\"herbstliche Tischdeko\"><b>herbstliche Tischdeko<\/b><\/a><\/div>\n<p> Die Tischdeko im Herbst \u2013 sie geh\u00f6rt ebenso zu dieser Jahreszeit wie die Tischdekorationen im Fr\u00fchjahr oder Sommer. Auch wenn f\u00fcr manche unter uns der Herbst grau in grau erscheint, auf die ansprechende Deko sollte man gerade aus diesem Grund nicht verzichten.<br \/>\nMit der wundersch\u00f6nen Deko im Herbst kann man im Wohnbereich <b>Blickpunkte setzen<\/b> und so den grauen Herbst drau\u00dfen vor der T\u00fcr lassen, W\u00e4rme und Behaglichkeit in den eigenen vier W\u00e4nden sind wesentlich angenehmer.<br \/>\nAus diesem Grund sollte man auf die Deko nicht verzichten und auch auf die Tischdeko bei einer Feier.<br \/>\nWelchen Eindruck erhalten die G\u00e4ste, wenn sie an kahlen Tischen Platz nehmen sollen und an diesen kahlen Tischen auch die Speisen und Getr\u00e4nke serviert bekommen? Der Eindruck wird nicht der beste und angenehmste sein.<br \/>\nDeshalb: auch bei einer Feier im <b><a href=\"https:\/\/www.tafeldeko.de\/index.php\/cat\/c49_Tischdeko-Herbst.html\" title=\"Herbst\">Herbst<\/a><\/b> geh\u00f6rt die Tischdeko dazu.<br \/>\nWie kann die Tischdeko aussehen?<br \/>\nEine M\u00f6glichkeit ist die, dass man die Accessoires f\u00fcr die Tischdeko so ausw\u00e4hlt, dass man auch nach der Feier das Ganze noch weiter als Deko verwenden kann und vielleicht sogar noch mit der Option, andere Dinge damit zu gestalten.<br \/>\nNehmen wir die Deko Marbles \u2013 wundersch\u00f6ne Dekosteine, mit denen man vieles \u201eanstellen\u201c kann. In verschiedenen Farben erh\u00e4ltlich, passen sie zu wohl jeder Deko.<br \/>\nEine M\u00f6glichkeit, die Tischdekoration zur Feier aufzupeppen, ist die, dass man Schalen \u2013 Farbe sollte auf die Tischdeko abgestimmt sein \u2013 mit K\u00fcrbissen und anderen <b><a href=\"https:\/\/www.tafeldeko.de\/index.php\/cat\/c1329_Naturdeko.html\" title=\"Naturmaterialien\">Naturmaterialien<\/a><\/b> bef\u00fcllt und dazu die Deko Marbles gibt. Ein Mix aus verschiedenen Farben der Deko Marbles gibt nat\u00fcrlich einen besonderen Blickfang. Und im Anschluss an die Feier k\u00f6nnen die Schalen-Arrangements auf dem Wohnzimmertisch, auf dem Esszimmertisch oder auf M\u00f6beln ihre neuen Pl\u00e4tze einnehmen.<br \/>\nIst der Herbst vor\u00fcber, werden die K\u00fcrbisse beispielsweise von winterlichen Figuren abgel\u00f6st.<br \/>\nDie Deko Marbles sind somit nicht nur wundersch\u00f6ne Accessoires f\u00fcr den Herbst, sondern f\u00fcr das gesamte Jahr. <\/p>\n","protected":false},"excerpt":{"rendered":"<p>Die Tischdeko im Herbst \u2013 sie geh\u00f6rt ebenso zu dieser Jahreszeit wie die Tischdekorationen im Fr\u00fchjahr oder Sommer. Auch wenn f\u00fcr manche unter uns der Herbst grau in grau erscheint, auf die ansprechende Deko sollte man gerade aus diesem Grund nicht verzichten.<br \/>\nMit der wundersch\u00f6nen Deko im Herbst kann man im Wohnbereich Blickpunkte setzen und so den grauen Herbst drau\u00dfen vor der T\u00fcr lassen, W\u00e4rme und Behaglichkeit in den eigenen vier W\u00e4nden sind wesentlich angenehmer.<br \/>\nAus diesem Grund sollte man auf die Deko nicht verzichten und auch auf die Tischdeko bei einer Feier.<\/p>\n","protected":false},"author":2,"featured_media":3184,"comment_status":"open","ping_status":"open","sticky":false,"template":"","format":"standard","meta":{"footnotes":""},"categories":[1],"tags":[],"yoast_head":"<!-- This site is optimized with the Yoast SEO plugin v20.4 - https:\/\/yoast.com\/wordpress\/plugins\/seo\/ -->\n<title>Tischdekoration im Herbst \u2013 mit Steinen und Naturmaterialien - Tafeldeko<\/title>\n<meta name=\"description\" content=\"Mit der wundersch&#xF6;nen Deko im Herbst kann man im Wohnbereich Blickpunkte setzen und so den grauen Herbst drau&#xDF;en vor der T&#xFC;r lassen\" \/>\n<meta name=\"robots\" content=\"index, follow, max-snippet:-1, max-image-preview:large, max-video-preview:-1\" \/>\n<link rel=\"canonical\" href=\"https:\/\/www.tafeldeko.de\/news\/tischdekoration-im-herbst-mit-steinen-und-naturmaterialien\/\" \/>\n<meta property=\"og:locale\" content=\"de_DE\" \/>\n<meta property=\"og:type\" content=\"article\" \/>\n<meta property=\"og:title\" content=\"Tischdekoration im Herbst \u2013 mit Steinen und Naturmaterialien - Tafeldeko\" \/>\n<meta property=\"og:description\" content=\"Mit der wundersch&#xF6;nen Deko im Herbst kann man im Wohnbereich Blickpunkte setzen und so den grauen Herbst drau&#xDF;en vor der T&#xFC;r lassen\" \/>\n<meta property=\"og:url\" content=\"https:\/\/www.tafeldeko.de\/news\/tischdekoration-im-herbst-mit-steinen-und-naturmaterialien\/\" \/>\n<meta property=\"og:site_name\" content=\"Tafeldeko\" \/>\n<meta property=\"article:publisher\" content=\"https:\/\/www.facebook.com\/pages\/Tafeldeko-einzigartige-Tischdekoration\/174202655894\" \/>\n<meta property=\"article:published_time\" content=\"2011-10-23T11:44:05+00:00\" \/>\n<meta property=\"og:image\" content=\"https:\/\/www.tafeldeko.de\/news\/wp-content\/uploads\/2014\/09\/deko_marbles.jpg\" \/>\n\t<meta property=\"og:image:width\" content=\"238\" \/>\n\t<meta property=\"og:image:height\" content=\"238\" \/>\n\t<meta property=\"og:image:type\" content=\"image\/jpeg\" \/>\n<meta name=\"author\" content=\"Christiane Stein\" \/>\n<meta name=\"twitter:label1\" content=\"Verfasst von\" \/>\n\t<meta name=\"twitter:data1\" content=\"Christiane Stein\" \/>\n\t<meta name=\"twitter:label2\" content=\"Gesch\u00e4tzte Lesezeit\" \/>\n\t<meta name=\"twitter:data2\" content=\"2 Minuten\" \/>\n<script type=\"application\/ld+json\" class=\"yoast-schema-graph\">{\"@context\":\"https:\/\/schema.org\",\"@graph\":[{\"@type\":\"WebPage\",\"@id\":\"https:\/\/www.tafeldeko.de\/news\/tischdekoration-im-herbst-mit-steinen-und-naturmaterialien\/\",\"url\":\"https:\/\/www.tafeldeko.de\/news\/tischdekoration-im-herbst-mit-steinen-und-naturmaterialien\/\",\"name\":\"Tischdekoration im Herbst \u2013 mit Steinen und Naturmaterialien - Tafeldeko\",\"isPartOf\":{\"@id\":\"https:\/\/www.tafeldeko.de\/news\/#website\"},\"datePublished\":\"2011-10-23T11:44:05+00:00\",\"dateModified\":\"2011-10-23T11:44:05+00:00\",\"author\":{\"@id\":\"https:\/\/www.tafeldeko.de\/news\/#\/schema\/person\/d2acd86447ed0b6336089a8ba83164a0\"},\"description\":\"Mit der wundersch&#xF6;nen Deko im Herbst kann man im Wohnbereich Blickpunkte setzen und so den grauen Herbst drau&#xDF;en vor der T&#xFC;r lassen\",\"breadcrumb\":{\"@id\":\"https:\/\/www.tafeldeko.de\/news\/tischdekoration-im-herbst-mit-steinen-und-naturmaterialien\/#breadcrumb\"},\"inLanguage\":\"de-DE\",\"potentialAction\":[{\"@type\":\"ReadAction\",\"target\":[\"https:\/\/www.tafeldeko.de\/news\/tischdekoration-im-herbst-mit-steinen-und-naturmaterialien\/\"]}]},{\"@type\":\"BreadcrumbList\",\"@id\":\"https:\/\/www.tafeldeko.de\/news\/tischdekoration-im-herbst-mit-steinen-und-naturmaterialien\/#breadcrumb\",\"itemListElement\":[{\"@type\":\"ListItem\",\"position\":1,\"name\":\"Tafeldeko\",\"item\":\"https:\/\/www.tafeldeko.de\/news\/\"},{\"@type\":\"ListItem\",\"position\":2,\"name\":\"Alte Beitr\u00e4ge\",\"item\":\"https:\/\/www.tafeldeko.de\/news\/alte-beitraege\/\"},{\"@type\":\"ListItem\",\"position\":3,\"name\":\"Tischdeko - Blog\",\"item\":\"https:\/\/www.tafeldeko.de\/news\/alte-beitraege\/tischdeko-blog\/\"},{\"@type\":\"ListItem\",\"position\":4,\"name\":\"Tischdekoration im Herbst \u2013 mit Steinen und Naturmaterialien\"}]},{\"@type\":\"WebSite\",\"@id\":\"https:\/\/www.tafeldeko.de\/news\/#website\",\"url\":\"https:\/\/www.tafeldeko.de\/news\/\",\"name\":\"Tafeldeko\",\"description\":\"Blog mit Tischdeko und Tischdekoration Ideen\",\"potentialAction\":[{\"@type\":\"SearchAction\",\"target\":{\"@type\":\"EntryPoint\",\"urlTemplate\":\"https:\/\/www.tafeldeko.de\/news\/?s={search_term_string}\"},\"query-input\":\"required name=search_term_string\"}],\"inLanguage\":\"de-DE\"},{\"@type\":\"Person\",\"@id\":\"https:\/\/www.tafeldeko.de\/news\/#\/schema\/person\/d2acd86447ed0b6336089a8ba83164a0\",\"name\":\"Christiane Stein\",\"image\":{\"@type\":\"ImageObject\",\"inLanguage\":\"de-DE\",\"@id\":\"https:\/\/www.tafeldeko.de\/news\/#\/schema\/person\/image\/\",\"url\":\"https:\/\/secure.gravatar.com\/avatar\/2054729fbfd1ebc9d3cf1fd55361d0b6?s=96&d=mm&r=g\",\"contentUrl\":\"https:\/\/secure.gravatar.com\/avatar\/2054729fbfd1ebc9d3cf1fd55361d0b6?s=96&d=mm&r=g\",\"caption\":\"Christiane Stein\"}}]}<\/script>\n<!-- \/ Yoast SEO plugin. -->","yoast_head_json":{"title":"Tischdekoration im Herbst \u2013 mit Steinen und Naturmaterialien - Tafeldeko","description":"Mit der wundersch&#xF6;nen Deko im Herbst kann man im Wohnbereich Blickpunkte setzen und so den grauen Herbst drau&#xDF;en vor der T&#xFC;r lassen","robots":{"index":"index","follow":"follow","max-snippet":"max-snippet:-1","max-image-preview":"max-image-preview:large","max-video-preview":"max-video-preview:-1"},"canonical":"https:\/\/www.tafeldeko.de\/news\/tischdekoration-im-herbst-mit-steinen-und-naturmaterialien\/","og_locale":"de_DE","og_type":"article","og_title":"Tischdekoration im Herbst \u2013 mit Steinen und Naturmaterialien - Tafeldeko","og_description":"Mit der wundersch&#xF6;nen Deko im Herbst kann man im Wohnbereich Blickpunkte setzen und so den grauen Herbst drau&#xDF;en vor der T&#xFC;r lassen","og_url":"https:\/\/www.tafeldeko.de\/news\/tischdekoration-im-herbst-mit-steinen-und-naturmaterialien\/","og_site_name":"Tafeldeko","article_publisher":"https:\/\/www.facebook.com\/pages\/Tafeldeko-einzigartige-Tischdekoration\/174202655894","article_published_time":"2011-10-23T11:44:05+00:00","og_image":[{"width":238,"height":238,"url":"https:\/\/www.tafeldeko.de\/news\/wp-content\/uploads\/2014\/09\/deko_marbles.jpg","type":"image\/jpeg"}],"author":"Christiane Stein","twitter_misc":{"Verfasst von":"Christiane Stein","Gesch\u00e4tzte Lesezeit":"2 Minuten"},"schema":{"@context":"https:\/\/schema.org","@graph":[{"@type":"WebPage","@id":"https:\/\/www.tafeldeko.de\/news\/tischdekoration-im-herbst-mit-steinen-und-naturmaterialien\/","url":"https:\/\/www.tafeldeko.de\/news\/tischdekoration-im-herbst-mit-steinen-und-naturmaterialien\/","name":"Tischdekoration im Herbst \u2013 mit Steinen und Naturmaterialien - Tafeldeko","isPartOf":{"@id":"https:\/\/www.tafeldeko.de\/news\/#website"},"datePublished":"2011-10-23T11:44:05+00:00","dateModified":"2011-10-23T11:44:05+00:00","author":{"@id":"https:\/\/www.tafeldeko.de\/news\/#\/schema\/person\/d2acd86447ed0b6336089a8ba83164a0"},"description":"Mit der wundersch&#xF6;nen Deko im Herbst kann man im Wohnbereich Blickpunkte setzen und so den grauen Herbst drau&#xDF;en vor der T&#xFC;r lassen","breadcrumb":{"@id":"https:\/\/www.tafeldeko.de\/news\/tischdekoration-im-herbst-mit-steinen-und-naturmaterialien\/#breadcrumb"},"inLanguage":"de-DE","potentialAction":[{"@type":"ReadAction","target":["https:\/\/www.tafeldeko.de\/news\/tischdekoration-im-herbst-mit-steinen-und-naturmaterialien\/"]}]},{"@type":"BreadcrumbList","@id":"https:\/\/www.tafeldeko.de\/news\/tischdekoration-im-herbst-mit-steinen-und-naturmaterialien\/#breadcrumb","itemListElement":[{"@type":"ListItem","position":1,"name":"Tafeldeko","item":"https:\/\/www.tafeldeko.de\/news\/"},{"@type":"ListItem","position":2,"name":"Alte Beitr\u00e4ge","item":"https:\/\/www.tafeldeko.de\/news\/alte-beitraege\/"},{"@type":"ListItem","position":3,"name":"Tischdeko - Blog","item":"https:\/\/www.tafeldeko.de\/news\/alte-beitraege\/tischdeko-blog\/"},{"@type":"ListItem","position":4,"name":"Tischdekoration im Herbst \u2013 mit Steinen und Naturmaterialien"}]},{"@type":"WebSite","@id":"https:\/\/www.tafeldeko.de\/news\/#website","url":"https:\/\/www.tafeldeko.de\/news\/","name":"Tafeldeko","description":"Blog mit Tischdeko und Tischdekoration Ideen","potentialAction":[{"@type":"SearchAction","target":{"@type":"EntryPoint","urlTemplate":"https:\/\/www.tafeldeko.de\/news\/?s={search_term_string}"},"query-input":"required name=search_term_string"}],"inLanguage":"de-DE"},{"@type":"Person","@id":"https:\/\/www.tafeldeko.de\/news\/#\/schema\/person\/d2acd86447ed0b6336089a8ba83164a0","name":"Christiane Stein","image":{"@type":"ImageObject","inLanguage":"de-DE","@id":"https:\/\/www.tafeldeko.de\/news\/#\/schema\/person\/image\/","url":"https:\/\/secure.gravatar.com\/avatar\/2054729fbfd1ebc9d3cf1fd55361d0b6?s=96&d=mm&r=g","contentUrl":"https:\/\/secure.gravatar.com\/avatar\/2054729fbfd1ebc9d3cf1fd55361d0b6?s=96&d=mm&r=g","caption":"Christiane Stein"}}]}},"_links":{"self":[{"href":"https:\/\/www.tafeldeko.de\/news\/wp-json\/wp\/v2\/posts\/3183"}],"collection":[{"href":"https:\/\/www.tafeldeko.de\/news\/wp-json\/wp\/v2\/posts"}],"about":[{"href":"https:\/\/www.tafeldeko.de\/news\/wp-json\/wp\/v2\/types\/post"}],"author":[{"embeddable":true,"href":"https:\/\/www.tafeldeko.de\/news\/wp-json\/wp\/v2\/users\/2"}],"replies":[{"embeddable":true,"href":"https:\/\/www.tafeldeko.de\/news\/wp-json\/wp\/v2\/comments?post=3183"}],"version-history":[{"count":0,"href":"https:\/\/www.tafeldeko.de\/news\/wp-json\/wp\/v2\/posts\/3183\/revisions"}],"wp:featuredmedia":[{"embeddable":true,"href":"https:\/\/www.tafeldeko.de\/news\/wp-json\/wp\/v2\/media\/3184"}],"wp:attachment":[{"href":"https:\/\/www.tafeldeko.de\/news\/wp-json\/wp\/v2\/media?parent=3183"}],"wp:term":[{"taxonomy":"category","embeddable":true,"href":"https:\/\/www.tafeldeko.de\/news\/wp-json\/wp\/v2\/categories?post=3183"},{"taxonomy":"post_tag","embeddable":true,"href":"https:\/\/www.tafeldeko.de\/news\/wp-json\/wp\/v2\/tags?post=3183"}],"curies":[{"name":"wp","href":"https:\/\/api.w.org\/{rel}","templated":true}]}}