{"id":3181,"date":"2011-10-21T08:42:22","date_gmt":"2011-10-21T06:42:22","guid":{"rendered":"http:\/\/www.tafeldeko.de\/news\/?p=3181"},"modified":"2011-10-21T08:42:22","modified_gmt":"2011-10-21T06:42:22","slug":"die-tischdekoration-im-dezember","status":"publish","type":"post","link":"https:\/\/www.tafeldeko.de\/news\/die-tischdekoration-im-dezember\/","title":{"rendered":"Die Tischdekoration im Dezember"},"content":{"rendered":"<div class=\"textumfliessenrechts\"><img decoding=\"async\" loading=\"lazy\" src=\"https:\/\/www.tafeldeko.de\/news\/media\/users\/schnurchristian\/froezen_wintertime.jpg\" alt=\"Servietten Eiskristalle\" title=\"Servietten Eiskristalle\" width=\"199\" height=\"199\" \/><br \/><a href=\"https:\/\/www.tafeldeko.de\/product_info.php\/products_id\/12471_20er-Pack-Servietten-Eiskristalle-in-Blau-33-x-33-cm.html\" title=\"Tischdeko im Dezember\"><b>Tischdeko im Dezember<\/b><\/a><\/div>\n<p> Der Dezember \u2013 ein Monat, der bei vielen unter uns einerseits beliebt und andererseits gef\u00fcrchtet ist. Beliebt \u2013 weil es mit schnellen Schritten in Richtung Weihnachten geht und die Hoffnung auf Schnee steigt und man sich auf die diversen Feiern im Kreise der Lieben freut.<br \/>\nGef\u00fcrchtet bei den Personen, die von den Wintermonaten nicht angetan sind, weil es eben kalt ist und eventuell sich Eisgl\u00e4tte und Schneeflocken anmelden. Und vielleicht auch, weil bald Weihnachten ist und man noch keine Geschenke hat und man noch alles in diesem Monat erledigen muss.<br \/>\nAuch wenn vieles hektisch ist, die Weihnachtsvorbereitungen im vollen Gange sind, ist der Dezember ein sch\u00f6ner Monat. Weihnachtsfeiern in den Betrieben, in Vereinen und das eine oder andere gem\u00fctliche Treffen zu Hause ist auch noch angesagt. Und schaut man sich die wundersch\u00f6nen Dekorationen in den St\u00e4dten an, die leise Musik, die aus den Lautsprechern in den Gesch\u00e4ften rieselt, dann merkt man, dass wirklich bald <b><a href=\"https:\/\/www.tafeldeko.de\/index.php\/cat\/c48_Tischdeko-Weihnachten.html\" title=\"Weihnachten\">Weihnachten<\/a><\/b> ist.<br \/>\nF\u00fcr die Weihnachtsfeier im Betrieb oder die kleine vorweihnachtliche Einladung zu Hause ben\u00f6tigt man auch im Dezember eine ansprechende Tischdeko. Doch gerade im Dezember, in der <b>Vorweihnachtszeit<\/b>, m\u00f6chte man nicht schon mit einer weihnachtlichen Tischdeko aufwarten und ist deshalb auf der Suche nach einer Alternative.<br \/>\nEine wundersch\u00f6ne M\u00f6glichkeit, die Tische im Dezember zu dekorieren, bieten die Servietten Frozen Wintertime \u2013 eine Serviette mit vier verschiedenen Motiven, die winterliche Motive enth\u00e4lt.<br \/>\nMit dieser Serviette ist der erste Schritt f\u00fcr die Tischdeko im Dezember gemacht und nun ben\u00f6tigt man nur noch eventuell eine Tischdecke oder einfach nur eine Mitteldecke und diverse <b><a href=\"https:\/\/www.tafeldeko.de\/index.php\/cat\/c487_Weihnacht-Accessoires.html\" title=\"Accessoires\">Accessoires<\/a><\/b>, um einen Blickfang aus der Tischdeko zu zaubern.<br \/>\nDurch die verschiedenen Farben ist es relativ einfach, passende Deko-Elemente f\u00fcr diese Tischdeko zu finden. Kerzen geh\u00f6ren auf jeden Fall dazu. Je nachdem, wie man eindeckt, wird die Farbe der Kerze gew\u00e4hlt. Verzichtet man zum Beispiel auf eine Tischdecke und legt die Servietten ausgebreitet in die Tischmitte, dann passen hellblaue und braune Kerzen hervorragend dazu. Auf Spiegeluntersetzern oder Glasuntersetzern ergibt sich hier ein tolles Bild. <\/p>\n","protected":false},"excerpt":{"rendered":"<p>Der Dezember \u2013 ein Monat, der bei vielen unter uns einerseits beliebt und andererseits gef\u00fcrchtet ist. Beliebt \u2013 weil es mit schnellen Schritten in Richtung Weihnachten geht und die Hoffnung auf Schnee steigt und man sich auf die diversen Feiern im Kreise der Lieben freut.<br \/>\nGef\u00fcrchtet bei den Personen, die von den Wintermonaten nicht angetan sind, weil es eben kalt ist und eventuell sich Eisgl\u00e4tte und Schneeflocken anmelden. Und vielleicht auch, weil bald Weihnachten ist und man noch keine Geschenke hat und man noch alles in diesem Monat erledigen muss.<\/p>\n","protected":false},"author":2,"featured_media":3182,"comment_status":"open","ping_status":"open","sticky":false,"template":"","format":"standard","meta":{"footnotes":""},"categories":[1],"tags":[],"yoast_head":"<!-- This site is optimized with the Yoast SEO plugin v20.4 - https:\/\/yoast.com\/wordpress\/plugins\/seo\/ -->\n<title>Die Tischdekoration im Dezember - Tafeldeko<\/title>\n<meta name=\"description\" content=\"F&#xFC;r die kleine vorweihnachtliche Einladung zu Hause ben&#xF6;tigt man auch im Dezember eine ansprechende Tischdeko. Winterlich, weihnachtlich, einfach sch&#xF6;n.\" \/>\n<meta name=\"robots\" content=\"index, follow, max-snippet:-1, max-image-preview:large, max-video-preview:-1\" \/>\n<link rel=\"canonical\" href=\"https:\/\/www.tafeldeko.de\/news\/die-tischdekoration-im-dezember\/\" \/>\n<meta property=\"og:locale\" content=\"de_DE\" \/>\n<meta property=\"og:type\" content=\"article\" \/>\n<meta property=\"og:title\" content=\"Die Tischdekoration im Dezember - Tafeldeko\" \/>\n<meta property=\"og:description\" content=\"F&#xFC;r die kleine vorweihnachtliche Einladung zu Hause ben&#xF6;tigt man auch im Dezember eine ansprechende Tischdeko. Winterlich, weihnachtlich, einfach sch&#xF6;n.\" \/>\n<meta property=\"og:url\" content=\"https:\/\/www.tafeldeko.de\/news\/die-tischdekoration-im-dezember\/\" \/>\n<meta property=\"og:site_name\" content=\"Tafeldeko\" \/>\n<meta property=\"article:publisher\" content=\"https:\/\/www.facebook.com\/pages\/Tafeldeko-einzigartige-Tischdekoration\/174202655894\" \/>\n<meta property=\"article:published_time\" content=\"2011-10-21T06:42:22+00:00\" \/>\n<meta property=\"og:image\" content=\"https:\/\/www.tafeldeko.de\/news\/wp-content\/uploads\/2014\/09\/froezen_wintertime.jpg\" \/>\n\t<meta property=\"og:image:width\" content=\"149\" \/>\n\t<meta property=\"og:image:height\" content=\"149\" \/>\n\t<meta property=\"og:image:type\" content=\"image\/jpeg\" \/>\n<meta name=\"author\" content=\"Christiane Stein\" \/>\n<meta name=\"twitter:label1\" content=\"Verfasst von\" \/>\n\t<meta name=\"twitter:data1\" content=\"Christiane Stein\" \/>\n\t<meta name=\"twitter:label2\" content=\"Gesch\u00e4tzte Lesezeit\" \/>\n\t<meta name=\"twitter:data2\" content=\"2 Minuten\" \/>\n<script type=\"application\/ld+json\" class=\"yoast-schema-graph\">{\"@context\":\"https:\/\/schema.org\",\"@graph\":[{\"@type\":\"WebPage\",\"@id\":\"https:\/\/www.tafeldeko.de\/news\/die-tischdekoration-im-dezember\/\",\"url\":\"https:\/\/www.tafeldeko.de\/news\/die-tischdekoration-im-dezember\/\",\"name\":\"Die Tischdekoration im Dezember - Tafeldeko\",\"isPartOf\":{\"@id\":\"https:\/\/www.tafeldeko.de\/news\/#website\"},\"datePublished\":\"2011-10-21T06:42:22+00:00\",\"dateModified\":\"2011-10-21T06:42:22+00:00\",\"author\":{\"@id\":\"https:\/\/www.tafeldeko.de\/news\/#\/schema\/person\/d2acd86447ed0b6336089a8ba83164a0\"},\"description\":\"F&#xFC;r die kleine vorweihnachtliche Einladung zu Hause ben&#xF6;tigt man auch im Dezember eine ansprechende Tischdeko. Winterlich, weihnachtlich, einfach sch&#xF6;n.\",\"breadcrumb\":{\"@id\":\"https:\/\/www.tafeldeko.de\/news\/die-tischdekoration-im-dezember\/#breadcrumb\"},\"inLanguage\":\"de-DE\",\"potentialAction\":[{\"@type\":\"ReadAction\",\"target\":[\"https:\/\/www.tafeldeko.de\/news\/die-tischdekoration-im-dezember\/\"]}]},{\"@type\":\"BreadcrumbList\",\"@id\":\"https:\/\/www.tafeldeko.de\/news\/die-tischdekoration-im-dezember\/#breadcrumb\",\"itemListElement\":[{\"@type\":\"ListItem\",\"position\":1,\"name\":\"Tafeldeko\",\"item\":\"https:\/\/www.tafeldeko.de\/news\/\"},{\"@type\":\"ListItem\",\"position\":2,\"name\":\"Alte Beitr\u00e4ge\",\"item\":\"https:\/\/www.tafeldeko.de\/news\/alte-beitraege\/\"},{\"@type\":\"ListItem\",\"position\":3,\"name\":\"Tischdeko - Blog\",\"item\":\"https:\/\/www.tafeldeko.de\/news\/alte-beitraege\/tischdeko-blog\/\"},{\"@type\":\"ListItem\",\"position\":4,\"name\":\"Die Tischdekoration im Dezember\"}]},{\"@type\":\"WebSite\",\"@id\":\"https:\/\/www.tafeldeko.de\/news\/#website\",\"url\":\"https:\/\/www.tafeldeko.de\/news\/\",\"name\":\"Tafeldeko\",\"description\":\"Blog mit Tischdeko und Tischdekoration Ideen\",\"potentialAction\":[{\"@type\":\"SearchAction\",\"target\":{\"@type\":\"EntryPoint\",\"urlTemplate\":\"https:\/\/www.tafeldeko.de\/news\/?s={search_term_string}\"},\"query-input\":\"required name=search_term_string\"}],\"inLanguage\":\"de-DE\"},{\"@type\":\"Person\",\"@id\":\"https:\/\/www.tafeldeko.de\/news\/#\/schema\/person\/d2acd86447ed0b6336089a8ba83164a0\",\"name\":\"Christiane Stein\",\"image\":{\"@type\":\"ImageObject\",\"inLanguage\":\"de-DE\",\"@id\":\"https:\/\/www.tafeldeko.de\/news\/#\/schema\/person\/image\/\",\"url\":\"https:\/\/secure.gravatar.com\/avatar\/2054729fbfd1ebc9d3cf1fd55361d0b6?s=96&d=mm&r=g\",\"contentUrl\":\"https:\/\/secure.gravatar.com\/avatar\/2054729fbfd1ebc9d3cf1fd55361d0b6?s=96&d=mm&r=g\",\"caption\":\"Christiane Stein\"}}]}<\/script>\n<!-- \/ Yoast SEO plugin. -->","yoast_head_json":{"title":"Die Tischdekoration im Dezember - Tafeldeko","description":"F&#xFC;r die kleine vorweihnachtliche Einladung zu Hause ben&#xF6;tigt man auch im Dezember eine ansprechende Tischdeko. Winterlich, weihnachtlich, einfach sch&#xF6;n.","robots":{"index":"index","follow":"follow","max-snippet":"max-snippet:-1","max-image-preview":"max-image-preview:large","max-video-preview":"max-video-preview:-1"},"canonical":"https:\/\/www.tafeldeko.de\/news\/die-tischdekoration-im-dezember\/","og_locale":"de_DE","og_type":"article","og_title":"Die Tischdekoration im Dezember - Tafeldeko","og_description":"F&#xFC;r die kleine vorweihnachtliche Einladung zu Hause ben&#xF6;tigt man auch im Dezember eine ansprechende Tischdeko. Winterlich, weihnachtlich, einfach sch&#xF6;n.","og_url":"https:\/\/www.tafeldeko.de\/news\/die-tischdekoration-im-dezember\/","og_site_name":"Tafeldeko","article_publisher":"https:\/\/www.facebook.com\/pages\/Tafeldeko-einzigartige-Tischdekoration\/174202655894","article_published_time":"2011-10-21T06:42:22+00:00","og_image":[{"width":149,"height":149,"url":"https:\/\/www.tafeldeko.de\/news\/wp-content\/uploads\/2014\/09\/froezen_wintertime.jpg","type":"image\/jpeg"}],"author":"Christiane Stein","twitter_misc":{"Verfasst von":"Christiane Stein","Gesch\u00e4tzte Lesezeit":"2 Minuten"},"schema":{"@context":"https:\/\/schema.org","@graph":[{"@type":"WebPage","@id":"https:\/\/www.tafeldeko.de\/news\/die-tischdekoration-im-dezember\/","url":"https:\/\/www.tafeldeko.de\/news\/die-tischdekoration-im-dezember\/","name":"Die Tischdekoration im Dezember - Tafeldeko","isPartOf":{"@id":"https:\/\/www.tafeldeko.de\/news\/#website"},"datePublished":"2011-10-21T06:42:22+00:00","dateModified":"2011-10-21T06:42:22+00:00","author":{"@id":"https:\/\/www.tafeldeko.de\/news\/#\/schema\/person\/d2acd86447ed0b6336089a8ba83164a0"},"description":"F&#xFC;r die kleine vorweihnachtliche Einladung zu Hause ben&#xF6;tigt man auch im Dezember eine ansprechende Tischdeko. Winterlich, weihnachtlich, einfach sch&#xF6;n.","breadcrumb":{"@id":"https:\/\/www.tafeldeko.de\/news\/die-tischdekoration-im-dezember\/#breadcrumb"},"inLanguage":"de-DE","potentialAction":[{"@type":"ReadAction","target":["https:\/\/www.tafeldeko.de\/news\/die-tischdekoration-im-dezember\/"]}]},{"@type":"BreadcrumbList","@id":"https:\/\/www.tafeldeko.de\/news\/die-tischdekoration-im-dezember\/#breadcrumb","itemListElement":[{"@type":"ListItem","position":1,"name":"Tafeldeko","item":"https:\/\/www.tafeldeko.de\/news\/"},{"@type":"ListItem","position":2,"name":"Alte Beitr\u00e4ge","item":"https:\/\/www.tafeldeko.de\/news\/alte-beitraege\/"},{"@type":"ListItem","position":3,"name":"Tischdeko - Blog","item":"https:\/\/www.tafeldeko.de\/news\/alte-beitraege\/tischdeko-blog\/"},{"@type":"ListItem","position":4,"name":"Die Tischdekoration im Dezember"}]},{"@type":"WebSite","@id":"https:\/\/www.tafeldeko.de\/news\/#website","url":"https:\/\/www.tafeldeko.de\/news\/","name":"Tafeldeko","description":"Blog mit Tischdeko und Tischdekoration Ideen","potentialAction":[{"@type":"SearchAction","target":{"@type":"EntryPoint","urlTemplate":"https:\/\/www.tafeldeko.de\/news\/?s={search_term_string}"},"query-input":"required name=search_term_string"}],"inLanguage":"de-DE"},{"@type":"Person","@id":"https:\/\/www.tafeldeko.de\/news\/#\/schema\/person\/d2acd86447ed0b6336089a8ba83164a0","name":"Christiane Stein","image":{"@type":"ImageObject","inLanguage":"de-DE","@id":"https:\/\/www.tafeldeko.de\/news\/#\/schema\/person\/image\/","url":"https:\/\/secure.gravatar.com\/avatar\/2054729fbfd1ebc9d3cf1fd55361d0b6?s=96&d=mm&r=g","contentUrl":"https:\/\/secure.gravatar.com\/avatar\/2054729fbfd1ebc9d3cf1fd55361d0b6?s=96&d=mm&r=g","caption":"Christiane Stein"}}]}},"_links":{"self":[{"href":"https:\/\/www.tafeldeko.de\/news\/wp-json\/wp\/v2\/posts\/3181"}],"collection":[{"href":"https:\/\/www.tafeldeko.de\/news\/wp-json\/wp\/v2\/posts"}],"about":[{"href":"https:\/\/www.tafeldeko.de\/news\/wp-json\/wp\/v2\/types\/post"}],"author":[{"embeddable":true,"href":"https:\/\/www.tafeldeko.de\/news\/wp-json\/wp\/v2\/users\/2"}],"replies":[{"embeddable":true,"href":"https:\/\/www.tafeldeko.de\/news\/wp-json\/wp\/v2\/comments?post=3181"}],"version-history":[{"count":0,"href":"https:\/\/www.tafeldeko.de\/news\/wp-json\/wp\/v2\/posts\/3181\/revisions"}],"wp:featuredmedia":[{"embeddable":true,"href":"https:\/\/www.tafeldeko.de\/news\/wp-json\/wp\/v2\/media\/3182"}],"wp:attachment":[{"href":"https:\/\/www.tafeldeko.de\/news\/wp-json\/wp\/v2\/media?parent=3181"}],"wp:term":[{"taxonomy":"category","embeddable":true,"href":"https:\/\/www.tafeldeko.de\/news\/wp-json\/wp\/v2\/categories?post=3181"},{"taxonomy":"post_tag","embeddable":true,"href":"https:\/\/www.tafeldeko.de\/news\/wp-json\/wp\/v2\/tags?post=3181"}],"curies":[{"name":"wp","href":"https:\/\/api.w.org\/{rel}","templated":true}]}}