{"id":3180,"date":"2011-10-20T09:19:30","date_gmt":"2011-10-20T07:19:30","guid":{"rendered":"http:\/\/www.tafeldeko.de\/news\/?p=3180"},"modified":"2011-10-20T09:19:30","modified_gmt":"2011-10-20T07:19:30","slug":"die-tischdekoration-im-november","status":"publish","type":"post","link":"https:\/\/www.tafeldeko.de\/news\/die-tischdekoration-im-november\/","title":{"rendered":"Die Tischdekoration im November"},"content":{"rendered":"<div class=\"textumfliessenrechts\"><img decoding=\"async\" loading=\"lazy\" src=\"https:\/\/www.tafeldeko.de\/news\/media\/users\/schnurchristian\/cietta_flower.jpg\" alt=\"Duni Cietta Flower\" title=\"Duni Cietta Flower\" width=\"169\" height=\"169\"  \/><br \/><a href=\"https:\/\/www.tafeldeko.de\/index.php\/cat\/c180_Duni-Themenwelt.html\" title=\"Tischdeko im November\"><b>Tischdeko im November<\/b><\/a><\/div>\n<p> Der November \u2013 Halloween ist vor\u00fcber, und bis Weihnachten ist noch bisschen bis hin. Steht nun ein Fest bevor, dann stellt man sich die Frage, in welcher Stilrichtung und Machart man die Tischdekoration ausrichten kann.<br \/>\nK\u00fcrbisse, Mais und Co sind nun out und f\u00fcr weihnachtliche Dekorationen ist es noch zu fr\u00fch. Deshalb muss eine Tischdekoration her, die genau in den November passt. Nicht zu bunt, dezent und passend zum Herbst \u2013 und mit welcher Serie gelingt dies besser als mit der Serie Duni Cietta Flower. Ein Traum aus zartem Rosa, gepaart mit Braunt\u00f6nen und zartem Hellblau, und \u2013 je nach Accessoires \u2013 mit Petrol.<br \/>\nWundersch\u00f6n anzuschauen ist eine Tischdeko, die mit Duni Cietta Flower ausgestattet wurde.<br \/>\nWas gibt es aus der Serie?<br \/>\nMitteldecken und Servietten in verschiedenen Gr\u00f6\u00dfen und Materialien stehen uns f\u00fcr die November-Tischdeko mit Duni Cietta Flower zur Verf\u00fcgung \u2013 und mehr muss auch nicht sein.<br \/>\nEntweder kann eine wei\u00dfe <b><a href=\"https:\/\/www.tafeldeko.de\/index.php\/cat\/c2024_Mitteldecken.html\" title=\"Mitteldecke\">Mitteldecke<\/a><\/b> die Grundlage der Tischdeko bilden oder die Mitteldecke von Duni Cietta Flower \u2013 es ist eine Frage des Geschmacks. Mag man es etwas dezenter, sollte man eine Uni-farbene Mitteldecke w\u00e4hlen, wer es bunter und farbenfroher auf dem Tisch haben m\u00f6chte, w\u00e4hlt die Mitteldecke Duni Cietta Flower.<br \/>\nNat\u00fcrlich sind die passenden Servietten dieser Serie Pflicht \u2013 sie k\u00f6nnen entweder gefaltet auf oder neben die Teller gelegt werden oder mit einer unifarbenen Serviette in Kombination <b>einen sch\u00f6nen Blickfang<\/b> am Platz eines jeden Gastes abgeben.<br \/>\nPassend und nicht ganz so bunt, wirken rosafarbene <b><a href=\"https:\/\/www.tafeldeko.de\/index.php\/cat\/c526_Kerzen---Kerzenhalter.html\" title=\"Kerzen\">Kerzen<\/a><\/b> innerhalb dieser Tischdekoration. In Kombination mit den Braunt\u00f6nen sieht die rosafarbene Kerze sehr sch\u00f6n aus. Wem das Rosa der Kerze zu \u201ewild\u201c wirken sollte, kann beigefarbene oder braune Kerzen ausw\u00e4hlen. Werden die Kerzen auf Glasuntersetzer gestellt, sieht dies wundersch\u00f6n aus und zudem lenken wuchtige oder gro\u00dfe Kerzenst\u00e4nder nur von der eigentlichen Tischdeko im November ab.<br \/>\nAus diesem Grund gilt bei der Tischdeko mit Duni Cietta Flower: weniger ist mehr und so strahlt die <b>Tischdeko im November<\/b> in warmen, dezenten Farben. <\/p>\n","protected":false},"excerpt":{"rendered":"<p>Der November \u2013 Halloween ist vor\u00fcber, und bis Weihnachten ist noch bisschen bis hin. Steht nun ein Fest bevor, dann stellt man sich die Frage, in welcher Stilrichtung und Machart man die Tischdekoration ausrichten kann.<br \/>\nK\u00fcrbisse, Mais und Co sind nun out und f\u00fcr weihnachtliche Dekorationen ist es noch zu fr\u00fch. Deshalb muss eine Tischdekoration her, die genau in den November passt. Nicht zu bunt, dezent und passend zum Herbst \u2013 und mit welcher Serie gelingt dies besser als mit der Serie Duni Cietta Flower. Ein Traum aus zartem Rosa, gepaart mit Braunt\u00f6nen und zartem Hellblau, und \u2013 je nach Accessoires \u2013 mit Petrol.<br \/>\nWundersch\u00f6n anzuschauen ist eine Tischdeko, die mit Duni Cietta Flower ausgestattet wurde.<br \/>\nWas gibt es aus der Serie?<\/p>\n","protected":false},"author":2,"featured_media":3170,"comment_status":"open","ping_status":"open","sticky":false,"template":"","format":"standard","meta":{"footnotes":""},"categories":[1],"tags":[],"yoast_head":"<!-- This site is optimized with the Yoast SEO plugin v20.4 - https:\/\/yoast.com\/wordpress\/plugins\/seo\/ -->\n<title>Die Tischdekoration im November - Tafeldeko<\/title>\n<meta name=\"description\" content=\"Duni und tolle Accessoires auf dem Tisch - weniger ist mehr und so strahlt die Tischdeko im November in warmen, dezenten Farben.\" \/>\n<meta name=\"robots\" content=\"index, follow, max-snippet:-1, max-image-preview:large, max-video-preview:-1\" \/>\n<link rel=\"canonical\" href=\"https:\/\/www.tafeldeko.de\/news\/die-tischdekoration-im-november\/\" \/>\n<meta property=\"og:locale\" content=\"de_DE\" \/>\n<meta property=\"og:type\" content=\"article\" \/>\n<meta property=\"og:title\" content=\"Die Tischdekoration im November - Tafeldeko\" \/>\n<meta property=\"og:description\" content=\"Duni und tolle Accessoires auf dem Tisch - weniger ist mehr und so strahlt die Tischdeko im November in warmen, dezenten Farben.\" \/>\n<meta property=\"og:url\" content=\"https:\/\/www.tafeldeko.de\/news\/die-tischdekoration-im-november\/\" \/>\n<meta property=\"og:site_name\" content=\"Tafeldeko\" \/>\n<meta property=\"article:publisher\" content=\"https:\/\/www.facebook.com\/pages\/Tafeldeko-einzigartige-Tischdekoration\/174202655894\" \/>\n<meta property=\"article:published_time\" content=\"2011-10-20T07:19:30+00:00\" \/>\n<meta property=\"og:image\" content=\"https:\/\/www.tafeldeko.de\/news\/wp-content\/uploads\/2014\/09\/cietta_flower.jpg\" \/>\n\t<meta property=\"og:image:width\" content=\"169\" \/>\n\t<meta property=\"og:image:height\" content=\"169\" \/>\n\t<meta property=\"og:image:type\" content=\"image\/jpeg\" \/>\n<meta name=\"author\" content=\"Christiane Stein\" \/>\n<meta name=\"twitter:label1\" content=\"Verfasst von\" \/>\n\t<meta name=\"twitter:data1\" content=\"Christiane Stein\" \/>\n\t<meta name=\"twitter:label2\" content=\"Gesch\u00e4tzte Lesezeit\" \/>\n\t<meta name=\"twitter:data2\" content=\"2 Minuten\" \/>\n<script type=\"application\/ld+json\" class=\"yoast-schema-graph\">{\"@context\":\"https:\/\/schema.org\",\"@graph\":[{\"@type\":\"WebPage\",\"@id\":\"https:\/\/www.tafeldeko.de\/news\/die-tischdekoration-im-november\/\",\"url\":\"https:\/\/www.tafeldeko.de\/news\/die-tischdekoration-im-november\/\",\"name\":\"Die Tischdekoration im November - Tafeldeko\",\"isPartOf\":{\"@id\":\"https:\/\/www.tafeldeko.de\/news\/#website\"},\"datePublished\":\"2011-10-20T07:19:30+00:00\",\"dateModified\":\"2011-10-20T07:19:30+00:00\",\"author\":{\"@id\":\"https:\/\/www.tafeldeko.de\/news\/#\/schema\/person\/d2acd86447ed0b6336089a8ba83164a0\"},\"description\":\"Duni und tolle Accessoires auf dem Tisch - weniger ist mehr und so strahlt die Tischdeko im November in warmen, dezenten Farben.\",\"breadcrumb\":{\"@id\":\"https:\/\/www.tafeldeko.de\/news\/die-tischdekoration-im-november\/#breadcrumb\"},\"inLanguage\":\"de-DE\",\"potentialAction\":[{\"@type\":\"ReadAction\",\"target\":[\"https:\/\/www.tafeldeko.de\/news\/die-tischdekoration-im-november\/\"]}]},{\"@type\":\"BreadcrumbList\",\"@id\":\"https:\/\/www.tafeldeko.de\/news\/die-tischdekoration-im-november\/#breadcrumb\",\"itemListElement\":[{\"@type\":\"ListItem\",\"position\":1,\"name\":\"Tafeldeko\",\"item\":\"https:\/\/www.tafeldeko.de\/news\/\"},{\"@type\":\"ListItem\",\"position\":2,\"name\":\"Alte Beitr\u00e4ge\",\"item\":\"https:\/\/www.tafeldeko.de\/news\/alte-beitraege\/\"},{\"@type\":\"ListItem\",\"position\":3,\"name\":\"Tischdeko - Blog\",\"item\":\"https:\/\/www.tafeldeko.de\/news\/alte-beitraege\/tischdeko-blog\/\"},{\"@type\":\"ListItem\",\"position\":4,\"name\":\"Die Tischdekoration im November\"}]},{\"@type\":\"WebSite\",\"@id\":\"https:\/\/www.tafeldeko.de\/news\/#website\",\"url\":\"https:\/\/www.tafeldeko.de\/news\/\",\"name\":\"Tafeldeko\",\"description\":\"Blog mit Tischdeko und Tischdekoration Ideen\",\"potentialAction\":[{\"@type\":\"SearchAction\",\"target\":{\"@type\":\"EntryPoint\",\"urlTemplate\":\"https:\/\/www.tafeldeko.de\/news\/?s={search_term_string}\"},\"query-input\":\"required name=search_term_string\"}],\"inLanguage\":\"de-DE\"},{\"@type\":\"Person\",\"@id\":\"https:\/\/www.tafeldeko.de\/news\/#\/schema\/person\/d2acd86447ed0b6336089a8ba83164a0\",\"name\":\"Christiane Stein\",\"image\":{\"@type\":\"ImageObject\",\"inLanguage\":\"de-DE\",\"@id\":\"https:\/\/www.tafeldeko.de\/news\/#\/schema\/person\/image\/\",\"url\":\"https:\/\/secure.gravatar.com\/avatar\/2054729fbfd1ebc9d3cf1fd55361d0b6?s=96&d=mm&r=g\",\"contentUrl\":\"https:\/\/secure.gravatar.com\/avatar\/2054729fbfd1ebc9d3cf1fd55361d0b6?s=96&d=mm&r=g\",\"caption\":\"Christiane Stein\"}}]}<\/script>\n<!-- \/ Yoast SEO plugin. -->","yoast_head_json":{"title":"Die Tischdekoration im November - Tafeldeko","description":"Duni und tolle Accessoires auf dem Tisch - weniger ist mehr und so strahlt die Tischdeko im November in warmen, dezenten Farben.","robots":{"index":"index","follow":"follow","max-snippet":"max-snippet:-1","max-image-preview":"max-image-preview:large","max-video-preview":"max-video-preview:-1"},"canonical":"https:\/\/www.tafeldeko.de\/news\/die-tischdekoration-im-november\/","og_locale":"de_DE","og_type":"article","og_title":"Die Tischdekoration im November - Tafeldeko","og_description":"Duni und tolle Accessoires auf dem Tisch - weniger ist mehr und so strahlt die Tischdeko im November in warmen, dezenten Farben.","og_url":"https:\/\/www.tafeldeko.de\/news\/die-tischdekoration-im-november\/","og_site_name":"Tafeldeko","article_publisher":"https:\/\/www.facebook.com\/pages\/Tafeldeko-einzigartige-Tischdekoration\/174202655894","article_published_time":"2011-10-20T07:19:30+00:00","og_image":[{"width":169,"height":169,"url":"https:\/\/www.tafeldeko.de\/news\/wp-content\/uploads\/2014\/09\/cietta_flower.jpg","type":"image\/jpeg"}],"author":"Christiane Stein","twitter_misc":{"Verfasst von":"Christiane Stein","Gesch\u00e4tzte Lesezeit":"2 Minuten"},"schema":{"@context":"https:\/\/schema.org","@graph":[{"@type":"WebPage","@id":"https:\/\/www.tafeldeko.de\/news\/die-tischdekoration-im-november\/","url":"https:\/\/www.tafeldeko.de\/news\/die-tischdekoration-im-november\/","name":"Die Tischdekoration im November - Tafeldeko","isPartOf":{"@id":"https:\/\/www.tafeldeko.de\/news\/#website"},"datePublished":"2011-10-20T07:19:30+00:00","dateModified":"2011-10-20T07:19:30+00:00","author":{"@id":"https:\/\/www.tafeldeko.de\/news\/#\/schema\/person\/d2acd86447ed0b6336089a8ba83164a0"},"description":"Duni und tolle Accessoires auf dem Tisch - weniger ist mehr und so strahlt die Tischdeko im November in warmen, dezenten Farben.","breadcrumb":{"@id":"https:\/\/www.tafeldeko.de\/news\/die-tischdekoration-im-november\/#breadcrumb"},"inLanguage":"de-DE","potentialAction":[{"@type":"ReadAction","target":["https:\/\/www.tafeldeko.de\/news\/die-tischdekoration-im-november\/"]}]},{"@type":"BreadcrumbList","@id":"https:\/\/www.tafeldeko.de\/news\/die-tischdekoration-im-november\/#breadcrumb","itemListElement":[{"@type":"ListItem","position":1,"name":"Tafeldeko","item":"https:\/\/www.tafeldeko.de\/news\/"},{"@type":"ListItem","position":2,"name":"Alte Beitr\u00e4ge","item":"https:\/\/www.tafeldeko.de\/news\/alte-beitraege\/"},{"@type":"ListItem","position":3,"name":"Tischdeko - Blog","item":"https:\/\/www.tafeldeko.de\/news\/alte-beitraege\/tischdeko-blog\/"},{"@type":"ListItem","position":4,"name":"Die Tischdekoration im November"}]},{"@type":"WebSite","@id":"https:\/\/www.tafeldeko.de\/news\/#website","url":"https:\/\/www.tafeldeko.de\/news\/","name":"Tafeldeko","description":"Blog mit Tischdeko und Tischdekoration Ideen","potentialAction":[{"@type":"SearchAction","target":{"@type":"EntryPoint","urlTemplate":"https:\/\/www.tafeldeko.de\/news\/?s={search_term_string}"},"query-input":"required name=search_term_string"}],"inLanguage":"de-DE"},{"@type":"Person","@id":"https:\/\/www.tafeldeko.de\/news\/#\/schema\/person\/d2acd86447ed0b6336089a8ba83164a0","name":"Christiane Stein","image":{"@type":"ImageObject","inLanguage":"de-DE","@id":"https:\/\/www.tafeldeko.de\/news\/#\/schema\/person\/image\/","url":"https:\/\/secure.gravatar.com\/avatar\/2054729fbfd1ebc9d3cf1fd55361d0b6?s=96&d=mm&r=g","contentUrl":"https:\/\/secure.gravatar.com\/avatar\/2054729fbfd1ebc9d3cf1fd55361d0b6?s=96&d=mm&r=g","caption":"Christiane Stein"}}]}},"_links":{"self":[{"href":"https:\/\/www.tafeldeko.de\/news\/wp-json\/wp\/v2\/posts\/3180"}],"collection":[{"href":"https:\/\/www.tafeldeko.de\/news\/wp-json\/wp\/v2\/posts"}],"about":[{"href":"https:\/\/www.tafeldeko.de\/news\/wp-json\/wp\/v2\/types\/post"}],"author":[{"embeddable":true,"href":"https:\/\/www.tafeldeko.de\/news\/wp-json\/wp\/v2\/users\/2"}],"replies":[{"embeddable":true,"href":"https:\/\/www.tafeldeko.de\/news\/wp-json\/wp\/v2\/comments?post=3180"}],"version-history":[{"count":0,"href":"https:\/\/www.tafeldeko.de\/news\/wp-json\/wp\/v2\/posts\/3180\/revisions"}],"wp:featuredmedia":[{"embeddable":true,"href":"https:\/\/www.tafeldeko.de\/news\/wp-json\/wp\/v2\/media\/3170"}],"wp:attachment":[{"href":"https:\/\/www.tafeldeko.de\/news\/wp-json\/wp\/v2\/media?parent=3180"}],"wp:term":[{"taxonomy":"category","embeddable":true,"href":"https:\/\/www.tafeldeko.de\/news\/wp-json\/wp\/v2\/categories?post=3180"},{"taxonomy":"post_tag","embeddable":true,"href":"https:\/\/www.tafeldeko.de\/news\/wp-json\/wp\/v2\/tags?post=3180"}],"curies":[{"name":"wp","href":"https:\/\/api.w.org\/{rel}","templated":true}]}}