{"id":2901,"date":"2014-03-28T17:47:08","date_gmt":"2014-03-28T15:47:08","guid":{"rendered":"http:\/\/www.tafeldeko.de\/news\/?p=2901"},"modified":"2023-02-20T09:27:53","modified_gmt":"2023-02-20T08:27:53","slug":"ein-fest-ganz-im-zeichen-der-liebe-die-hochzeit","status":"publish","type":"post","link":"https:\/\/www.tafeldeko.de\/news\/ein-fest-ganz-im-zeichen-der-liebe-die-hochzeit\/","title":{"rendered":"Ein Fest ganz im Zeichen der Liebe &#8211; die Hochzeit"},"content":{"rendered":"<p>Verliebt, verlobt, verheiratet. Und heiraten geht man im <b>Wonnemonat Mai<\/b>. Zumindest eine Vielzahl der Paare.<br \/>\nSchon seit eh und je ist der Mai als Hochzeitsmonat so beliebt und viele Paare treten vor den Traualtar. Schon in alten \u00dcberlieferungen ist zu lesen, dass sich viele Paare damals schon im Wonnemonat das Ja-Wort gaben. Nat\u00fcrlich sind auch die sch\u00f6nen Sommermonate beliebt, um vor den Traualtar zu treten. Heute haben wir euch einen Mustertisch zur Hochzeit in Gr\u00fcn und Wei\u00df mitgebracht.<\/p>\n<p><img decoding=\"async\" loading=\"lazy\" src=\"https:\/\/www.tafeldeko.de\/news\/wp-content\/uploads\/2014\/09\/hochzeit_gruenweiss.jpg\" sizes=\"(max-width: 448px) 100vw, 448px\" srcset=\"https:\/\/www.tafeldeko.de\/news\/wp-content\/uploads\/2014\/09\/hochzeit_gruenweiss.jpg 448w, https:\/\/www.tafeldeko.de\/news\/wp-content\/uploads\/2014\/09\/hochzeit_gruenweiss-300x192.jpg 300w\" alt=\"Mustertisch zur Hochzeit in Gr\u00fcn und Wei\u00df\" width=\"448\" height=\"287\" \/><\/p>\n<h2>Mustertisch zur Hochzeit in Gr\u00fcn und Wei\u00df\u00a0 &#8211; so geht&#8217;s<\/h2>\n<p>F\u00fcr die Hochzeit w\u00fcnscht man sich einen perfekten Tag, das hei\u00dft, die Sonne lacht vom Himmel und erfreut Brautpaar und G\u00e4ste mit wunderbarem Wetter. So kann man den Tag vollends genie\u00dfen, Hochzeitsbilder im Freien machen lassen und vielleicht sogar den <b>Sektempfang <\/b>nach der kirchlichen Trauung in den Garten verlegen. M\u00f6glichkeiten und vor allem Ideen haben die heiratswilligen Paare viele, mitunter inspiriert durch die Fernsehsendung &#8220;Traumhochzeit&#8221;.<br \/>\nDamit es nicht bei einem Wunschdenken bleibt, wird bereits fr\u00fchzeitig mit der Hochzeitsplanung und den Vorbereitungen begonnen. Einladungen, G\u00e4steliste, Hochzeitskleidung, <b><a title=\"Tischdeko\" href=\"https:\/\/www.tafeldeko.de\/index.php\/cat\/c45_Tischdeko-Hochzeit.html\">Tischdeko<\/a><\/b>, Brautstrau\u00df und vieles mehr sind Bestandteile der Hochzeitsplanung und werden gr\u00fcndlichst abgearbeitet.<br \/>\nDas Hauptaugenmerk richtet die Braut auf die Hochzeitskleidung, auf den Brautstrau\u00df und die Tischdeko &#8211; alles muss aufeinander abgestimmt sein, muss zueinander passen. Heiratet die Braut in einem wei\u00dfen Kleid, sieht eine gr\u00fcne Deko wundersch\u00f6n dazu aus. Gr\u00fcn als die Farbe der Hoffnung passt also auch perfekt zu solch einem Anlass.<br \/>\nDer Mustertisch zur Hochzeit in Gr\u00fcn und Wei\u00df verk\u00f6rpert die Art von Tischdeko, die man sich anl\u00e4sslich der eigenen Hochzeit w\u00fcnscht. Rosenk\u00f6pfe, Papier Bl\u00fctenbl\u00e4tter, Glassteine in Hellgr\u00fcn, Heuherzen und Sisal Herzen sind nur einige der Elemente, mit denen der Tisch seine Leichtigkeit erh\u00e4lt.<br \/>\nAnmutige und edle Blickpunkte k\u00f6nnen Sie der Hochzeitstafel mit <b><a title=\"Tischb\u00e4ndern\" href=\"https:\/\/www.tafeldeko.de\/index.php\/cat\/c470_B%C3%A4nder.html\">Tischb\u00e4ndern<\/a><\/b> aus Satin, Sizoflor und einem Trendy Perlenband verleihen. Servietten und Kerzen werden nicht nur farblich auf die Tischdeko abgestimmt, sondern auch in Punkto Motiven. Die Kerzen und die Servietten haben ein Rosenmotiv, welches einfach nur perfekt ist f\u00fcr diesen Anlass. Ein wundersch\u00f6n eingedeckter Tisch &#8211; das richtige<b> Ambiente f\u00fcr die Traumhochzeit<\/b>.<\/p>\n<p><a role=\"button\" href=\"https:\/\/www.tafeldeko.de\/tischdeko-ideen\/hochzeit-tischdeko\/\"><br \/>\n&gt;&gt; Zu den Mustertischen &lt;&lt;<br \/>\n<\/a><\/p>\n<h2>Weitere Beitr\u00e4ge:<\/h2>\n<h2>Dekoartikel von A-Z<\/h2>\n<p><a href=\"https:\/\/www.tafeldeko.de\/tischdeko-artikel\/\"><br \/>\nJetzt entdecken <\/a><\/p>\n","protected":false},"excerpt":{"rendered":"<p>Verliebt, verlobt, verheiratet. Und heiraten geht man im Wonnemonat Mai. Zumindest eine Vielzahl der Paare.<br \/>\nSchon seit eh und je ist der Mai als Hochzeitsmonat so beliebt und viele Paare treten vor den Traualtar. Schon in alten \u00dcberlieferungen ist zu lesen, dass sich viele Paare damals schon im Wonnemonat das Ja-Wort gaben. Nat\u00fcrlich sind auch die sch\u00f6nen Sommermonate beliebt, um vor den Traualtar zu treten.<\/p>\n","protected":false},"author":2,"featured_media":2902,"comment_status":"open","ping_status":"open","sticky":false,"template":"","format":"standard","meta":{"footnotes":""},"categories":[1],"tags":[],"yoast_head":"<!-- This site is optimized with the Yoast SEO plugin v20.4 - https:\/\/yoast.com\/wordpress\/plugins\/seo\/ -->\n<title>Ein Fest ganz im Zeichen der Liebe - die Hochzeit - Tafeldeko<\/title>\n<meta name=\"description\" content=\"Der Mustertisch zur Hochzeit in Gr\u00fcn und Wei\u00df verk\u00f6rpert die Art von Tischdeko, die man sich anl\u00e4sslich der eigenen Hochzeit w\u00fcnscht.\" \/>\n<meta name=\"robots\" content=\"index, follow, max-snippet:-1, max-image-preview:large, max-video-preview:-1\" \/>\n<link rel=\"canonical\" href=\"https:\/\/www.tafeldeko.de\/news\/ein-fest-ganz-im-zeichen-der-liebe-die-hochzeit\/\" \/>\n<meta property=\"og:locale\" content=\"de_DE\" \/>\n<meta property=\"og:type\" content=\"article\" \/>\n<meta property=\"og:title\" content=\"Ein Fest ganz im Zeichen der Liebe - die Hochzeit - Tafeldeko\" \/>\n<meta property=\"og:description\" content=\"Der Mustertisch zur Hochzeit in Gr\u00fcn und Wei\u00df verk\u00f6rpert die Art von Tischdeko, die man sich anl\u00e4sslich der eigenen Hochzeit w\u00fcnscht.\" \/>\n<meta property=\"og:url\" content=\"https:\/\/www.tafeldeko.de\/news\/ein-fest-ganz-im-zeichen-der-liebe-die-hochzeit\/\" \/>\n<meta property=\"og:site_name\" content=\"Tafeldeko\" \/>\n<meta property=\"article:publisher\" content=\"https:\/\/www.facebook.com\/pages\/Tafeldeko-einzigartige-Tischdekoration\/174202655894\" \/>\n<meta property=\"article:published_time\" content=\"2014-03-28T15:47:08+00:00\" \/>\n<meta property=\"article:modified_time\" content=\"2023-02-20T08:27:53+00:00\" \/>\n<meta property=\"og:image\" content=\"https:\/\/www.tafeldeko.de\/news\/wp-content\/uploads\/2014\/09\/hochzeit_gruenweiss.jpg\" \/>\n\t<meta property=\"og:image:width\" content=\"448\" \/>\n\t<meta property=\"og:image:height\" content=\"287\" \/>\n\t<meta property=\"og:image:type\" content=\"image\/jpeg\" \/>\n<meta name=\"author\" content=\"Christiane Stein\" \/>\n<meta name=\"twitter:label1\" content=\"Verfasst von\" \/>\n\t<meta name=\"twitter:data1\" content=\"Christiane Stein\" \/>\n\t<meta name=\"twitter:label2\" content=\"Gesch\u00e4tzte Lesezeit\" \/>\n\t<meta name=\"twitter:data2\" content=\"3 Minuten\" \/>\n<script type=\"application\/ld+json\" class=\"yoast-schema-graph\">{\"@context\":\"https:\/\/schema.org\",\"@graph\":[{\"@type\":\"WebPage\",\"@id\":\"https:\/\/www.tafeldeko.de\/news\/ein-fest-ganz-im-zeichen-der-liebe-die-hochzeit\/\",\"url\":\"https:\/\/www.tafeldeko.de\/news\/ein-fest-ganz-im-zeichen-der-liebe-die-hochzeit\/\",\"name\":\"Ein Fest ganz im Zeichen der Liebe - die Hochzeit - Tafeldeko\",\"isPartOf\":{\"@id\":\"https:\/\/www.tafeldeko.de\/news\/#website\"},\"datePublished\":\"2014-03-28T15:47:08+00:00\",\"dateModified\":\"2023-02-20T08:27:53+00:00\",\"author\":{\"@id\":\"https:\/\/www.tafeldeko.de\/news\/#\/schema\/person\/d2acd86447ed0b6336089a8ba83164a0\"},\"description\":\"Der Mustertisch zur Hochzeit in Gr\u00fcn und Wei\u00df verk\u00f6rpert die Art von Tischdeko, die man sich anl\u00e4sslich der eigenen Hochzeit w\u00fcnscht.\",\"breadcrumb\":{\"@id\":\"https:\/\/www.tafeldeko.de\/news\/ein-fest-ganz-im-zeichen-der-liebe-die-hochzeit\/#breadcrumb\"},\"inLanguage\":\"de-DE\",\"potentialAction\":[{\"@type\":\"ReadAction\",\"target\":[\"https:\/\/www.tafeldeko.de\/news\/ein-fest-ganz-im-zeichen-der-liebe-die-hochzeit\/\"]}]},{\"@type\":\"BreadcrumbList\",\"@id\":\"https:\/\/www.tafeldeko.de\/news\/ein-fest-ganz-im-zeichen-der-liebe-die-hochzeit\/#breadcrumb\",\"itemListElement\":[{\"@type\":\"ListItem\",\"position\":1,\"name\":\"Tafeldeko\",\"item\":\"https:\/\/www.tafeldeko.de\/news\/\"},{\"@type\":\"ListItem\",\"position\":2,\"name\":\"Alte Beitr\u00e4ge\",\"item\":\"https:\/\/www.tafeldeko.de\/news\/alte-beitraege\/\"},{\"@type\":\"ListItem\",\"position\":3,\"name\":\"Tischdeko - Blog\",\"item\":\"https:\/\/www.tafeldeko.de\/news\/alte-beitraege\/tischdeko-blog\/\"},{\"@type\":\"ListItem\",\"position\":4,\"name\":\"Ein Fest ganz im Zeichen der Liebe &#8211; die Hochzeit\"}]},{\"@type\":\"WebSite\",\"@id\":\"https:\/\/www.tafeldeko.de\/news\/#website\",\"url\":\"https:\/\/www.tafeldeko.de\/news\/\",\"name\":\"Tafeldeko\",\"description\":\"Blog mit Tischdeko und Tischdekoration Ideen\",\"potentialAction\":[{\"@type\":\"SearchAction\",\"target\":{\"@type\":\"EntryPoint\",\"urlTemplate\":\"https:\/\/www.tafeldeko.de\/news\/?s={search_term_string}\"},\"query-input\":\"required name=search_term_string\"}],\"inLanguage\":\"de-DE\"},{\"@type\":\"Person\",\"@id\":\"https:\/\/www.tafeldeko.de\/news\/#\/schema\/person\/d2acd86447ed0b6336089a8ba83164a0\",\"name\":\"Christiane Stein\",\"image\":{\"@type\":\"ImageObject\",\"inLanguage\":\"de-DE\",\"@id\":\"https:\/\/www.tafeldeko.de\/news\/#\/schema\/person\/image\/\",\"url\":\"https:\/\/secure.gravatar.com\/avatar\/2054729fbfd1ebc9d3cf1fd55361d0b6?s=96&d=mm&r=g\",\"contentUrl\":\"https:\/\/secure.gravatar.com\/avatar\/2054729fbfd1ebc9d3cf1fd55361d0b6?s=96&d=mm&r=g\",\"caption\":\"Christiane Stein\"}}]}<\/script>\n<!-- \/ Yoast SEO plugin. -->","yoast_head_json":{"title":"Ein Fest ganz im Zeichen der Liebe - die Hochzeit - Tafeldeko","description":"Der Mustertisch zur Hochzeit in Gr\u00fcn und Wei\u00df verk\u00f6rpert die Art von Tischdeko, die man sich anl\u00e4sslich der eigenen Hochzeit w\u00fcnscht.","robots":{"index":"index","follow":"follow","max-snippet":"max-snippet:-1","max-image-preview":"max-image-preview:large","max-video-preview":"max-video-preview:-1"},"canonical":"https:\/\/www.tafeldeko.de\/news\/ein-fest-ganz-im-zeichen-der-liebe-die-hochzeit\/","og_locale":"de_DE","og_type":"article","og_title":"Ein Fest ganz im Zeichen der Liebe - die Hochzeit - Tafeldeko","og_description":"Der Mustertisch zur Hochzeit in Gr\u00fcn und Wei\u00df verk\u00f6rpert die Art von Tischdeko, die man sich anl\u00e4sslich der eigenen Hochzeit w\u00fcnscht.","og_url":"https:\/\/www.tafeldeko.de\/news\/ein-fest-ganz-im-zeichen-der-liebe-die-hochzeit\/","og_site_name":"Tafeldeko","article_publisher":"https:\/\/www.facebook.com\/pages\/Tafeldeko-einzigartige-Tischdekoration\/174202655894","article_published_time":"2014-03-28T15:47:08+00:00","article_modified_time":"2023-02-20T08:27:53+00:00","og_image":[{"width":448,"height":287,"url":"https:\/\/www.tafeldeko.de\/news\/wp-content\/uploads\/2014\/09\/hochzeit_gruenweiss.jpg","type":"image\/jpeg"}],"author":"Christiane Stein","twitter_misc":{"Verfasst von":"Christiane Stein","Gesch\u00e4tzte Lesezeit":"3 Minuten"},"schema":{"@context":"https:\/\/schema.org","@graph":[{"@type":"WebPage","@id":"https:\/\/www.tafeldeko.de\/news\/ein-fest-ganz-im-zeichen-der-liebe-die-hochzeit\/","url":"https:\/\/www.tafeldeko.de\/news\/ein-fest-ganz-im-zeichen-der-liebe-die-hochzeit\/","name":"Ein Fest ganz im Zeichen der Liebe - die Hochzeit - Tafeldeko","isPartOf":{"@id":"https:\/\/www.tafeldeko.de\/news\/#website"},"datePublished":"2014-03-28T15:47:08+00:00","dateModified":"2023-02-20T08:27:53+00:00","author":{"@id":"https:\/\/www.tafeldeko.de\/news\/#\/schema\/person\/d2acd86447ed0b6336089a8ba83164a0"},"description":"Der Mustertisch zur Hochzeit in Gr\u00fcn und Wei\u00df verk\u00f6rpert die Art von Tischdeko, die man sich anl\u00e4sslich der eigenen Hochzeit w\u00fcnscht.","breadcrumb":{"@id":"https:\/\/www.tafeldeko.de\/news\/ein-fest-ganz-im-zeichen-der-liebe-die-hochzeit\/#breadcrumb"},"inLanguage":"de-DE","potentialAction":[{"@type":"ReadAction","target":["https:\/\/www.tafeldeko.de\/news\/ein-fest-ganz-im-zeichen-der-liebe-die-hochzeit\/"]}]},{"@type":"BreadcrumbList","@id":"https:\/\/www.tafeldeko.de\/news\/ein-fest-ganz-im-zeichen-der-liebe-die-hochzeit\/#breadcrumb","itemListElement":[{"@type":"ListItem","position":1,"name":"Tafeldeko","item":"https:\/\/www.tafeldeko.de\/news\/"},{"@type":"ListItem","position":2,"name":"Alte Beitr\u00e4ge","item":"https:\/\/www.tafeldeko.de\/news\/alte-beitraege\/"},{"@type":"ListItem","position":3,"name":"Tischdeko - Blog","item":"https:\/\/www.tafeldeko.de\/news\/alte-beitraege\/tischdeko-blog\/"},{"@type":"ListItem","position":4,"name":"Ein Fest ganz im Zeichen der Liebe &#8211; die Hochzeit"}]},{"@type":"WebSite","@id":"https:\/\/www.tafeldeko.de\/news\/#website","url":"https:\/\/www.tafeldeko.de\/news\/","name":"Tafeldeko","description":"Blog mit Tischdeko und Tischdekoration Ideen","potentialAction":[{"@type":"SearchAction","target":{"@type":"EntryPoint","urlTemplate":"https:\/\/www.tafeldeko.de\/news\/?s={search_term_string}"},"query-input":"required name=search_term_string"}],"inLanguage":"de-DE"},{"@type":"Person","@id":"https:\/\/www.tafeldeko.de\/news\/#\/schema\/person\/d2acd86447ed0b6336089a8ba83164a0","name":"Christiane Stein","image":{"@type":"ImageObject","inLanguage":"de-DE","@id":"https:\/\/www.tafeldeko.de\/news\/#\/schema\/person\/image\/","url":"https:\/\/secure.gravatar.com\/avatar\/2054729fbfd1ebc9d3cf1fd55361d0b6?s=96&d=mm&r=g","contentUrl":"https:\/\/secure.gravatar.com\/avatar\/2054729fbfd1ebc9d3cf1fd55361d0b6?s=96&d=mm&r=g","caption":"Christiane Stein"}}]}},"_links":{"self":[{"href":"https:\/\/www.tafeldeko.de\/news\/wp-json\/wp\/v2\/posts\/2901"}],"collection":[{"href":"https:\/\/www.tafeldeko.de\/news\/wp-json\/wp\/v2\/posts"}],"about":[{"href":"https:\/\/www.tafeldeko.de\/news\/wp-json\/wp\/v2\/types\/post"}],"author":[{"embeddable":true,"href":"https:\/\/www.tafeldeko.de\/news\/wp-json\/wp\/v2\/users\/2"}],"replies":[{"embeddable":true,"href":"https:\/\/www.tafeldeko.de\/news\/wp-json\/wp\/v2\/comments?post=2901"}],"version-history":[{"count":5,"href":"https:\/\/www.tafeldeko.de\/news\/wp-json\/wp\/v2\/posts\/2901\/revisions"}],"predecessor-version":[{"id":23779,"href":"https:\/\/www.tafeldeko.de\/news\/wp-json\/wp\/v2\/posts\/2901\/revisions\/23779"}],"wp:featuredmedia":[{"embeddable":true,"href":"https:\/\/www.tafeldeko.de\/news\/wp-json\/wp\/v2\/media\/2902"}],"wp:attachment":[{"href":"https:\/\/www.tafeldeko.de\/news\/wp-json\/wp\/v2\/media?parent=2901"}],"wp:term":[{"taxonomy":"category","embeddable":true,"href":"https:\/\/www.tafeldeko.de\/news\/wp-json\/wp\/v2\/categories?post=2901"},{"taxonomy":"post_tag","embeddable":true,"href":"https:\/\/www.tafeldeko.de\/news\/wp-json\/wp\/v2\/tags?post=2901"}],"curies":[{"name":"wp","href":"https:\/\/api.w.org\/{rel}","templated":true}]}}