{"id":2859,"date":"2013-11-22T10:45:48","date_gmt":"2013-11-22T08:45:48","guid":{"rendered":"http:\/\/www.tafeldeko.de\/news\/?p=2859"},"modified":"2023-02-20T14:00:23","modified_gmt":"2023-02-20T13:00:23","slug":"tischdeko-gastronomie-in-der-weihnachtszeit","status":"publish","type":"post","link":"https:\/\/www.tafeldeko.de\/news\/tischdeko-gastronomie-in-der-weihnachtszeit\/","title":{"rendered":"Tischdeko Gastronomie in der Weihnachtszeit"},"content":{"rendered":"<p>Ihre G\u00e4ste sollen sich wohlf\u00fchlen und in einem sch\u00f6nen Ambiente empfangen werden? Mit einer sch\u00f6nen Tischdekoration gelingt das im Handumdrehen und die G\u00e4ste erwartet ein perfektes Gesamtbild. Denn nicht nur das gute Essen ist entscheidend, sondern auch die <b>Tischdeko Gastronomie<\/b> auch in der Weihnachtszeit. Wer mit Liebe zum Detail die Tische dekoriert und zudem leckere K\u00f6stlichkeiten bietet, wird dies von den G\u00e4sten gedankt bekommen.<\/p>\n<p><img decoding=\"async\" loading=\"lazy\" src=\"https:\/\/www.tafeldeko.de\/news\/wp-content\/uploads\/2014\/09\/duni_julkristalblack.jpg\" alt=\"Tischdeko Gastronomie Weihnachtszeit\" width=\"188\" height=\"131\" \/><\/p>\n<h2>Tischdeko Gastronomie zur Weihnachtszeit &#8211; ein Hingucker<\/h2>\n<p>Gerade in der Vorweihnachtszeit, wenn es drau\u00dfen hektisch zugeht, jeder auf der Suche nach Weihnachtsgeschenken ist, freut man sich auf etwas Ruhe. Diese Ruhe findet man bei einer Tasse Kaffee oder einem netten Abendessen.<br \/>\nWird der Gast mit einer vorweihnachtlich gestalteten Tischdeko empfangen, ist dies sozusagen perfekt. Eine tolle M\u00f6glichkeit, die Tische in der Gastronomie ausdrucksstark zu dekorieren, bietet die Duni Serie Jul Kristal Black.<br \/>\nWie das Musterbeispiel zeigt, sorgt die Serie f\u00fcr eine <b>tolle Wirkung<\/b> auf dem Tisch. In Kombination mit silbernen und goldfarbenen Accessoires k\u00f6nnen Sie Ihren G\u00e4sten eine <i>glitzernde, schillernde Tischdekoration<\/i> pr\u00e4sentieren.<br \/>\nIn dieser Serie erh\u00e4ltlich sind Tischl\u00e4ufer Jul Kristal black und Duni Dunilin Servietten Jul Kristal black. Selbst mit diesen beiden Accessoires k\u00f6nnen Sie eine besondere Tischdekoration kreieren. Wie? Indem Sie gl\u00e4nzende Accessoires wie Weihnachtskugeln oder Raindrops Deko Tautropfen in Schalen oder auf Tellern arrangieren und die Tischmitte damit dekorieren.<br \/>\nDenn gerade in der Gastronomie muss eine Tischdeko schnell gewechselt sein und mit Duni Jul Kristal black ist dies gar kein Problem. Und wenn man sich die Tischdeko so betrachtet, dann muss man wohl auch ehrlich zugeben, dass sie wunderbar ist.<br \/>\nVerleihen Sie Ihrem Restaurant das <b>vorweihnachtliche Ambiente<\/b>, empfangen Sie die G\u00e4ste mit einer au\u00dfergew\u00f6hnlichen und stilvollen <b><a title=\"Tischdekoration\" href=\"https:\/\/www.tafeldeko.de\">Tischdekoration<\/a><\/b>.<\/p>\n<p><a role=\"button\" href=\"https:\/\/www.tafeldeko.de\/tischdeko-ideen\/weihnachts-tischdeko\/\"><br \/>\n&gt;&gt; Zu den Mustertischen &lt;&lt;<br \/>\n<\/a><\/p>\n<h2>Weitere Beitr\u00e4ge:<\/h2>\n<h2>Dekoartikel von A-Z<\/h2>\n<p><a href=\"https:\/\/www.tafeldeko.de\/tischdeko-artikel\/\"><br \/>\nJetzt entdecken <\/a><\/p>\n","protected":false},"excerpt":{"rendered":"<p>Ihre G\u00e4ste sollen sich wohlf\u00fchlen und in einem sch\u00f6nen Ambiente empfangen werden? Mit einer sch\u00f6nen Tischdekoration gelingt das im Handumdrehen und die G\u00e4ste erwartet ein perfektes Gesamtbild. Denn nicht nur das gute Essen ist entscheidend, sondern auch die Deko der Gastronomie. Wer mit Liebe zum Detail die Tische dekoriert und zudem leckere K\u00f6stlichkeiten bietet, wird dies von den G\u00e4sten gedankt bekommen.<\/p>\n","protected":false},"author":2,"featured_media":2860,"comment_status":"open","ping_status":"open","sticky":false,"template":"","format":"standard","meta":{"footnotes":""},"categories":[1],"tags":[],"yoast_head":"<!-- This site is optimized with the Yoast SEO plugin v20.4 - https:\/\/yoast.com\/wordpress\/plugins\/seo\/ -->\n<title>Tischdeko Gastronomie in der Weihnachtszeit - Tafeldeko<\/title>\n<meta name=\"description\" content=\"Tischdekoration zu Weihnachten mit Duni Jul Kristal black. Wir zeigen euch die perfekte Tischdeko f\u00fcr die Gastronomie zur Weihnachtszeit...\" \/>\n<meta name=\"robots\" content=\"index, follow, max-snippet:-1, max-image-preview:large, max-video-preview:-1\" \/>\n<link rel=\"canonical\" href=\"https:\/\/www.tafeldeko.de\/news\/tischdeko-gastronomie-in-der-weihnachtszeit\/\" \/>\n<meta property=\"og:locale\" content=\"de_DE\" \/>\n<meta property=\"og:type\" content=\"article\" \/>\n<meta property=\"og:title\" content=\"Tischdeko Gastronomie in der Weihnachtszeit - Tafeldeko\" \/>\n<meta property=\"og:description\" content=\"Tischdekoration zu Weihnachten mit Duni Jul Kristal black. Wir zeigen euch die perfekte Tischdeko f\u00fcr die Gastronomie zur Weihnachtszeit...\" \/>\n<meta property=\"og:url\" content=\"https:\/\/www.tafeldeko.de\/news\/tischdeko-gastronomie-in-der-weihnachtszeit\/\" \/>\n<meta property=\"og:site_name\" content=\"Tafeldeko\" \/>\n<meta property=\"article:publisher\" content=\"https:\/\/www.facebook.com\/pages\/Tafeldeko-einzigartige-Tischdekoration\/174202655894\" \/>\n<meta property=\"article:published_time\" content=\"2013-11-22T08:45:48+00:00\" \/>\n<meta property=\"article:modified_time\" content=\"2023-02-20T13:00:23+00:00\" \/>\n<meta property=\"og:image\" content=\"https:\/\/www.tafeldeko.de\/news\/wp-content\/uploads\/2014\/09\/duni_julkristalblack.jpg\" \/>\n\t<meta property=\"og:image:width\" content=\"188\" \/>\n\t<meta property=\"og:image:height\" content=\"131\" \/>\n\t<meta property=\"og:image:type\" content=\"image\/jpeg\" \/>\n<meta name=\"author\" content=\"Christiane Stein\" \/>\n<meta name=\"twitter:label1\" content=\"Verfasst von\" \/>\n\t<meta name=\"twitter:data1\" content=\"Christiane Stein\" \/>\n\t<meta name=\"twitter:label2\" content=\"Gesch\u00e4tzte Lesezeit\" \/>\n\t<meta name=\"twitter:data2\" content=\"2 Minuten\" \/>\n<script type=\"application\/ld+json\" class=\"yoast-schema-graph\">{\"@context\":\"https:\/\/schema.org\",\"@graph\":[{\"@type\":\"WebPage\",\"@id\":\"https:\/\/www.tafeldeko.de\/news\/tischdeko-gastronomie-in-der-weihnachtszeit\/\",\"url\":\"https:\/\/www.tafeldeko.de\/news\/tischdeko-gastronomie-in-der-weihnachtszeit\/\",\"name\":\"Tischdeko Gastronomie in der Weihnachtszeit - Tafeldeko\",\"isPartOf\":{\"@id\":\"https:\/\/www.tafeldeko.de\/news\/#website\"},\"datePublished\":\"2013-11-22T08:45:48+00:00\",\"dateModified\":\"2023-02-20T13:00:23+00:00\",\"author\":{\"@id\":\"https:\/\/www.tafeldeko.de\/news\/#\/schema\/person\/d2acd86447ed0b6336089a8ba83164a0\"},\"description\":\"Tischdekoration zu Weihnachten mit Duni Jul Kristal black. Wir zeigen euch die perfekte Tischdeko f\u00fcr die Gastronomie zur Weihnachtszeit...\",\"breadcrumb\":{\"@id\":\"https:\/\/www.tafeldeko.de\/news\/tischdeko-gastronomie-in-der-weihnachtszeit\/#breadcrumb\"},\"inLanguage\":\"de-DE\",\"potentialAction\":[{\"@type\":\"ReadAction\",\"target\":[\"https:\/\/www.tafeldeko.de\/news\/tischdeko-gastronomie-in-der-weihnachtszeit\/\"]}]},{\"@type\":\"BreadcrumbList\",\"@id\":\"https:\/\/www.tafeldeko.de\/news\/tischdeko-gastronomie-in-der-weihnachtszeit\/#breadcrumb\",\"itemListElement\":[{\"@type\":\"ListItem\",\"position\":1,\"name\":\"Tafeldeko\",\"item\":\"https:\/\/www.tafeldeko.de\/news\/\"},{\"@type\":\"ListItem\",\"position\":2,\"name\":\"Alte Beitr\u00e4ge\",\"item\":\"https:\/\/www.tafeldeko.de\/news\/alte-beitraege\/\"},{\"@type\":\"ListItem\",\"position\":3,\"name\":\"Tischdeko - Blog\",\"item\":\"https:\/\/www.tafeldeko.de\/news\/alte-beitraege\/tischdeko-blog\/\"},{\"@type\":\"ListItem\",\"position\":4,\"name\":\"Tischdeko Gastronomie in der Weihnachtszeit\"}]},{\"@type\":\"WebSite\",\"@id\":\"https:\/\/www.tafeldeko.de\/news\/#website\",\"url\":\"https:\/\/www.tafeldeko.de\/news\/\",\"name\":\"Tafeldeko\",\"description\":\"Blog mit Tischdeko und Tischdekoration Ideen\",\"potentialAction\":[{\"@type\":\"SearchAction\",\"target\":{\"@type\":\"EntryPoint\",\"urlTemplate\":\"https:\/\/www.tafeldeko.de\/news\/?s={search_term_string}\"},\"query-input\":\"required name=search_term_string\"}],\"inLanguage\":\"de-DE\"},{\"@type\":\"Person\",\"@id\":\"https:\/\/www.tafeldeko.de\/news\/#\/schema\/person\/d2acd86447ed0b6336089a8ba83164a0\",\"name\":\"Christiane Stein\",\"image\":{\"@type\":\"ImageObject\",\"inLanguage\":\"de-DE\",\"@id\":\"https:\/\/www.tafeldeko.de\/news\/#\/schema\/person\/image\/\",\"url\":\"https:\/\/secure.gravatar.com\/avatar\/2054729fbfd1ebc9d3cf1fd55361d0b6?s=96&d=mm&r=g\",\"contentUrl\":\"https:\/\/secure.gravatar.com\/avatar\/2054729fbfd1ebc9d3cf1fd55361d0b6?s=96&d=mm&r=g\",\"caption\":\"Christiane Stein\"}}]}<\/script>\n<!-- \/ Yoast SEO plugin. -->","yoast_head_json":{"title":"Tischdeko Gastronomie in der Weihnachtszeit - Tafeldeko","description":"Tischdekoration zu Weihnachten mit Duni Jul Kristal black. Wir zeigen euch die perfekte Tischdeko f\u00fcr die Gastronomie zur Weihnachtszeit...","robots":{"index":"index","follow":"follow","max-snippet":"max-snippet:-1","max-image-preview":"max-image-preview:large","max-video-preview":"max-video-preview:-1"},"canonical":"https:\/\/www.tafeldeko.de\/news\/tischdeko-gastronomie-in-der-weihnachtszeit\/","og_locale":"de_DE","og_type":"article","og_title":"Tischdeko Gastronomie in der Weihnachtszeit - Tafeldeko","og_description":"Tischdekoration zu Weihnachten mit Duni Jul Kristal black. Wir zeigen euch die perfekte Tischdeko f\u00fcr die Gastronomie zur Weihnachtszeit...","og_url":"https:\/\/www.tafeldeko.de\/news\/tischdeko-gastronomie-in-der-weihnachtszeit\/","og_site_name":"Tafeldeko","article_publisher":"https:\/\/www.facebook.com\/pages\/Tafeldeko-einzigartige-Tischdekoration\/174202655894","article_published_time":"2013-11-22T08:45:48+00:00","article_modified_time":"2023-02-20T13:00:23+00:00","og_image":[{"width":188,"height":131,"url":"https:\/\/www.tafeldeko.de\/news\/wp-content\/uploads\/2014\/09\/duni_julkristalblack.jpg","type":"image\/jpeg"}],"author":"Christiane Stein","twitter_misc":{"Verfasst von":"Christiane Stein","Gesch\u00e4tzte Lesezeit":"2 Minuten"},"schema":{"@context":"https:\/\/schema.org","@graph":[{"@type":"WebPage","@id":"https:\/\/www.tafeldeko.de\/news\/tischdeko-gastronomie-in-der-weihnachtszeit\/","url":"https:\/\/www.tafeldeko.de\/news\/tischdeko-gastronomie-in-der-weihnachtszeit\/","name":"Tischdeko Gastronomie in der Weihnachtszeit - Tafeldeko","isPartOf":{"@id":"https:\/\/www.tafeldeko.de\/news\/#website"},"datePublished":"2013-11-22T08:45:48+00:00","dateModified":"2023-02-20T13:00:23+00:00","author":{"@id":"https:\/\/www.tafeldeko.de\/news\/#\/schema\/person\/d2acd86447ed0b6336089a8ba83164a0"},"description":"Tischdekoration zu Weihnachten mit Duni Jul Kristal black. Wir zeigen euch die perfekte Tischdeko f\u00fcr die Gastronomie zur Weihnachtszeit...","breadcrumb":{"@id":"https:\/\/www.tafeldeko.de\/news\/tischdeko-gastronomie-in-der-weihnachtszeit\/#breadcrumb"},"inLanguage":"de-DE","potentialAction":[{"@type":"ReadAction","target":["https:\/\/www.tafeldeko.de\/news\/tischdeko-gastronomie-in-der-weihnachtszeit\/"]}]},{"@type":"BreadcrumbList","@id":"https:\/\/www.tafeldeko.de\/news\/tischdeko-gastronomie-in-der-weihnachtszeit\/#breadcrumb","itemListElement":[{"@type":"ListItem","position":1,"name":"Tafeldeko","item":"https:\/\/www.tafeldeko.de\/news\/"},{"@type":"ListItem","position":2,"name":"Alte Beitr\u00e4ge","item":"https:\/\/www.tafeldeko.de\/news\/alte-beitraege\/"},{"@type":"ListItem","position":3,"name":"Tischdeko - Blog","item":"https:\/\/www.tafeldeko.de\/news\/alte-beitraege\/tischdeko-blog\/"},{"@type":"ListItem","position":4,"name":"Tischdeko Gastronomie in der Weihnachtszeit"}]},{"@type":"WebSite","@id":"https:\/\/www.tafeldeko.de\/news\/#website","url":"https:\/\/www.tafeldeko.de\/news\/","name":"Tafeldeko","description":"Blog mit Tischdeko und Tischdekoration Ideen","potentialAction":[{"@type":"SearchAction","target":{"@type":"EntryPoint","urlTemplate":"https:\/\/www.tafeldeko.de\/news\/?s={search_term_string}"},"query-input":"required name=search_term_string"}],"inLanguage":"de-DE"},{"@type":"Person","@id":"https:\/\/www.tafeldeko.de\/news\/#\/schema\/person\/d2acd86447ed0b6336089a8ba83164a0","name":"Christiane Stein","image":{"@type":"ImageObject","inLanguage":"de-DE","@id":"https:\/\/www.tafeldeko.de\/news\/#\/schema\/person\/image\/","url":"https:\/\/secure.gravatar.com\/avatar\/2054729fbfd1ebc9d3cf1fd55361d0b6?s=96&d=mm&r=g","contentUrl":"https:\/\/secure.gravatar.com\/avatar\/2054729fbfd1ebc9d3cf1fd55361d0b6?s=96&d=mm&r=g","caption":"Christiane Stein"}}]}},"_links":{"self":[{"href":"https:\/\/www.tafeldeko.de\/news\/wp-json\/wp\/v2\/posts\/2859"}],"collection":[{"href":"https:\/\/www.tafeldeko.de\/news\/wp-json\/wp\/v2\/posts"}],"about":[{"href":"https:\/\/www.tafeldeko.de\/news\/wp-json\/wp\/v2\/types\/post"}],"author":[{"embeddable":true,"href":"https:\/\/www.tafeldeko.de\/news\/wp-json\/wp\/v2\/users\/2"}],"replies":[{"embeddable":true,"href":"https:\/\/www.tafeldeko.de\/news\/wp-json\/wp\/v2\/comments?post=2859"}],"version-history":[{"count":5,"href":"https:\/\/www.tafeldeko.de\/news\/wp-json\/wp\/v2\/posts\/2859\/revisions"}],"predecessor-version":[{"id":24035,"href":"https:\/\/www.tafeldeko.de\/news\/wp-json\/wp\/v2\/posts\/2859\/revisions\/24035"}],"wp:featuredmedia":[{"embeddable":true,"href":"https:\/\/www.tafeldeko.de\/news\/wp-json\/wp\/v2\/media\/2860"}],"wp:attachment":[{"href":"https:\/\/www.tafeldeko.de\/news\/wp-json\/wp\/v2\/media?parent=2859"}],"wp:term":[{"taxonomy":"category","embeddable":true,"href":"https:\/\/www.tafeldeko.de\/news\/wp-json\/wp\/v2\/categories?post=2859"},{"taxonomy":"post_tag","embeddable":true,"href":"https:\/\/www.tafeldeko.de\/news\/wp-json\/wp\/v2\/tags?post=2859"}],"curies":[{"name":"wp","href":"https:\/\/api.w.org\/{rel}","templated":true}]}}