{"id":2771,"date":"2012-04-30T20:10:06","date_gmt":"2012-04-30T18:10:06","guid":{"rendered":"http:\/\/www.tafeldeko.de\/news\/?p=2771"},"modified":"2012-04-30T20:10:06","modified_gmt":"2012-04-30T18:10:06","slug":"tischdeko-fuer-die-gartenparty-bald-ist-es-wieder-so-weit","status":"publish","type":"post","link":"https:\/\/www.tafeldeko.de\/news\/tischdeko-fuer-die-gartenparty-bald-ist-es-wieder-so-weit\/","title":{"rendered":"Tischdeko f\u00fcr die Gartenparty \u2013 bald ist es wieder so weit"},"content":{"rendered":"<div class=\"textumfliessenrechts\"><img decoding=\"async\" loading=\"lazy\" src=\"https:\/\/www.tafeldeko.de\/news\/media\/users\/schnurchristian\/duni_rio.jpg\" alt=\"Duni Rio\" title=\"Duni Rio\" width=\"250\" height=\"175\" \/><br \/><a href=\"https:\/\/www.tafeldeko.de\/index.php\/cat\/c52_Tischdeko-Sommer.html\" title=\"Tischdeko f\u00fcr die Gartenparty\"><b>Tischdeko f\u00fcr die Gartenparty<\/b><\/a><\/div>\n<p> Die Tage werden wieder l\u00e4nger und ab und an l\u00e4sst sich auch mal wieder die Sonne blicken. Und mit der Sonne und den steigenden Temperaturen gehen auch wieder die vielen Gartenpartys einher. Gemeinsam mit Freunden, Bekannten oder der Familie zusammenzusitzen, zu grillen, zu schwenken und das eine oder andere Gl\u00e4schen Alkoholisches dazu trinken, ist immer wieder sch\u00f6n.<br \/>\nAls Gastgeber ist man nat\u00fcrlich stets bem\u00fcht, den G\u00e4sten neben den K\u00f6stlichkeiten vom Grill auch etwas f\u00fcrs Auge zu liefern. Die Rede ist von der <b>Tischdekoration<\/b>.<br \/>\nSch\u00f6n eingedeckte Tische, auch im Au\u00dfenbereich, geh\u00f6ren zu einem sch\u00f6nen Fest dazu \u2013 ganz gleich, wie viele G\u00e4ste da sind. <b>Liebevoll ausgew\u00e4hlte Accessoires<\/b>, die gekonnt f\u00fcr die <b><a href=\"https:\/\/www.tafeldeko.de\" title=\"Tischdeko\">Tischdeko<\/a><\/b> eingesetzt werden, geh\u00f6ren sozusagen schon zur Tagesordnung.<br \/>\nUnd deshalb stellt sich auch so oft die Frage: wie kann ich die Tischdeko f\u00fcr die Gartenparty mit Freunden ausstatten? Welche Accessoires sind geeignet und mit welchen Accessoires kann ich <b>Akzente setzen<\/b>.<br \/>\nDuni hat eine neue Serie herausgebracht, die mit ihrer Farbe und Gestaltung sozusagen \u201eins Schwarze trifft\u201c. Kr\u00e4ftige Farbkombinationen mit Pink und Gr\u00fcn, kombiniert mit wundersch\u00f6nen Bl\u00fctenmotiven, \u00fcberzeugen bei der Serie Duni Rio.<br \/>\nAus der Serie sind erh\u00e4ltlich: Tischl\u00e4ufer, Mitteldecken, Tischsets und Servietten \u2013 auch im Gro\u00dfpack f\u00fcr die Gastronomie.<br \/>\nSommerlich pr\u00e4sentiert sich die Tischdekoration mit Duni Rio.<br \/>\nDie Farben und die Gestaltung der Duni-Accessoires machen weitere Accessoires nicht unbedingt erforderlich. Doch wenn es sich um die <b>Gartenparty <\/b>handelt, die in den Abendstunden stattfindet, sind <b><a href=\"https:\/\/www.tafeldeko.de\/index.php\/cat\/c527_Kerzengl%C3%A4ser.html\" title=\"Kerzen\">Kerzen<\/a><\/b> nicht nur sch\u00f6n, sondern auch effektiv. Romantisches Licht, kombiniert mit einer ansprechenden Tischdekoration und dazu leckere Speisen machen die Gartenparty f\u00fcr Gastgeber und G\u00e4ste zu einem herrlichen Erlebnis.<br \/>\nLassen Sie sich von dem Mustertisch von Duni Rio inspirieren und statten Sie Ihren Tisch bei der n\u00e4chsten Gartenparty damit aus. Ihre G\u00e4ste werden begeistert sein.<br \/>\nWenn man solche sch\u00f6n eingedeckten Tische sieht, steigt nat\u00fcrlich auch die Vorfreude auf die langen Abende bei der Gartenparty.<\/p>\n","protected":false},"excerpt":{"rendered":"<p>Die Tage werden wieder l\u00e4nger und ab und an l\u00e4sst sich auch mal wieder die Sonne blicken. Und mit der Sonne und den steigenden Temperaturen gehen auch wieder die vielen Gartenpartys einher. Gemeinsam mit Freunden, Bekannten oder der Familie zusammenzusitzen, zu grillen, zu schwenken und das eine oder andere Gl\u00e4schen Alkoholisches dazu trinken, ist immer wieder sch\u00f6n.<br \/>\nAls Gastgeber ist man nat\u00fcrlich stets bem\u00fcht, den G\u00e4sten neben den K\u00f6stlichkeiten vom Grill auch etwas f\u00fcrs Auge zu liefern. Die Rede ist von der Tischdekoration.<\/p>\n","protected":false},"author":2,"featured_media":754,"comment_status":"open","ping_status":"open","sticky":false,"template":"","format":"standard","meta":{"footnotes":""},"categories":[1],"tags":[],"yoast_head":"<!-- This site is optimized with the Yoast SEO plugin v20.4 - https:\/\/yoast.com\/wordpress\/plugins\/seo\/ -->\n<title>Tischdeko f\u00fcr die Gartenparty \u2013 bald ist es wieder so weit - Tafeldeko<\/title>\n<meta name=\"description\" content=\"Sch&#xF6;n eingedeckte Tische, auch im Au&#xDF;enbereich, geh&#xF6;ren zu einem sch&#xF6;nen Fest dazu. Die Ideen und Accessoires finden Sie hier.\" \/>\n<meta name=\"robots\" content=\"index, follow, max-snippet:-1, max-image-preview:large, max-video-preview:-1\" \/>\n<link rel=\"canonical\" href=\"https:\/\/www.tafeldeko.de\/news\/tischdeko-fuer-die-gartenparty-bald-ist-es-wieder-so-weit\/\" \/>\n<meta property=\"og:locale\" content=\"de_DE\" \/>\n<meta property=\"og:type\" content=\"article\" \/>\n<meta property=\"og:title\" content=\"Tischdeko f\u00fcr die Gartenparty \u2013 bald ist es wieder so weit - Tafeldeko\" \/>\n<meta property=\"og:description\" content=\"Sch&#xF6;n eingedeckte Tische, auch im Au&#xDF;enbereich, geh&#xF6;ren zu einem sch&#xF6;nen Fest dazu. Die Ideen und Accessoires finden Sie hier.\" \/>\n<meta property=\"og:url\" content=\"https:\/\/www.tafeldeko.de\/news\/tischdeko-fuer-die-gartenparty-bald-ist-es-wieder-so-weit\/\" \/>\n<meta property=\"og:site_name\" content=\"Tafeldeko\" \/>\n<meta property=\"article:publisher\" content=\"https:\/\/www.facebook.com\/pages\/Tafeldeko-einzigartige-Tischdekoration\/174202655894\" \/>\n<meta property=\"article:published_time\" content=\"2012-04-30T18:10:06+00:00\" \/>\n<meta property=\"og:image\" content=\"https:\/\/www.tafeldeko.de\/news\/wp-content\/uploads\/2014\/09\/duni_rio.jpg\" \/>\n\t<meta property=\"og:image:width\" content=\"250\" \/>\n\t<meta property=\"og:image:height\" content=\"175\" \/>\n\t<meta property=\"og:image:type\" content=\"image\/jpeg\" \/>\n<meta name=\"author\" content=\"Christiane Stein\" \/>\n<meta name=\"twitter:label1\" content=\"Verfasst von\" \/>\n\t<meta name=\"twitter:data1\" content=\"Christiane Stein\" \/>\n\t<meta name=\"twitter:label2\" content=\"Gesch\u00e4tzte Lesezeit\" \/>\n\t<meta name=\"twitter:data2\" content=\"2 Minuten\" \/>\n<script type=\"application\/ld+json\" class=\"yoast-schema-graph\">{\"@context\":\"https:\/\/schema.org\",\"@graph\":[{\"@type\":\"WebPage\",\"@id\":\"https:\/\/www.tafeldeko.de\/news\/tischdeko-fuer-die-gartenparty-bald-ist-es-wieder-so-weit\/\",\"url\":\"https:\/\/www.tafeldeko.de\/news\/tischdeko-fuer-die-gartenparty-bald-ist-es-wieder-so-weit\/\",\"name\":\"Tischdeko f\u00fcr die Gartenparty \u2013 bald ist es wieder so weit - Tafeldeko\",\"isPartOf\":{\"@id\":\"https:\/\/www.tafeldeko.de\/news\/#website\"},\"datePublished\":\"2012-04-30T18:10:06+00:00\",\"dateModified\":\"2012-04-30T18:10:06+00:00\",\"author\":{\"@id\":\"https:\/\/www.tafeldeko.de\/news\/#\/schema\/person\/d2acd86447ed0b6336089a8ba83164a0\"},\"description\":\"Sch&#xF6;n eingedeckte Tische, auch im Au&#xDF;enbereich, geh&#xF6;ren zu einem sch&#xF6;nen Fest dazu. Die Ideen und Accessoires finden Sie hier.\",\"breadcrumb\":{\"@id\":\"https:\/\/www.tafeldeko.de\/news\/tischdeko-fuer-die-gartenparty-bald-ist-es-wieder-so-weit\/#breadcrumb\"},\"inLanguage\":\"de-DE\",\"potentialAction\":[{\"@type\":\"ReadAction\",\"target\":[\"https:\/\/www.tafeldeko.de\/news\/tischdeko-fuer-die-gartenparty-bald-ist-es-wieder-so-weit\/\"]}]},{\"@type\":\"BreadcrumbList\",\"@id\":\"https:\/\/www.tafeldeko.de\/news\/tischdeko-fuer-die-gartenparty-bald-ist-es-wieder-so-weit\/#breadcrumb\",\"itemListElement\":[{\"@type\":\"ListItem\",\"position\":1,\"name\":\"Tafeldeko\",\"item\":\"https:\/\/www.tafeldeko.de\/news\/\"},{\"@type\":\"ListItem\",\"position\":2,\"name\":\"Alte Beitr\u00e4ge\",\"item\":\"https:\/\/www.tafeldeko.de\/news\/alte-beitraege\/\"},{\"@type\":\"ListItem\",\"position\":3,\"name\":\"Tischdeko - Blog\",\"item\":\"https:\/\/www.tafeldeko.de\/news\/alte-beitraege\/tischdeko-blog\/\"},{\"@type\":\"ListItem\",\"position\":4,\"name\":\"Tischdeko f\u00fcr die Gartenparty \u2013 bald ist es wieder so weit\"}]},{\"@type\":\"WebSite\",\"@id\":\"https:\/\/www.tafeldeko.de\/news\/#website\",\"url\":\"https:\/\/www.tafeldeko.de\/news\/\",\"name\":\"Tafeldeko\",\"description\":\"Blog mit Tischdeko und Tischdekoration Ideen\",\"potentialAction\":[{\"@type\":\"SearchAction\",\"target\":{\"@type\":\"EntryPoint\",\"urlTemplate\":\"https:\/\/www.tafeldeko.de\/news\/?s={search_term_string}\"},\"query-input\":\"required name=search_term_string\"}],\"inLanguage\":\"de-DE\"},{\"@type\":\"Person\",\"@id\":\"https:\/\/www.tafeldeko.de\/news\/#\/schema\/person\/d2acd86447ed0b6336089a8ba83164a0\",\"name\":\"Christiane Stein\",\"image\":{\"@type\":\"ImageObject\",\"inLanguage\":\"de-DE\",\"@id\":\"https:\/\/www.tafeldeko.de\/news\/#\/schema\/person\/image\/\",\"url\":\"https:\/\/secure.gravatar.com\/avatar\/2054729fbfd1ebc9d3cf1fd55361d0b6?s=96&d=mm&r=g\",\"contentUrl\":\"https:\/\/secure.gravatar.com\/avatar\/2054729fbfd1ebc9d3cf1fd55361d0b6?s=96&d=mm&r=g\",\"caption\":\"Christiane Stein\"}}]}<\/script>\n<!-- \/ Yoast SEO plugin. -->","yoast_head_json":{"title":"Tischdeko f\u00fcr die Gartenparty \u2013 bald ist es wieder so weit - Tafeldeko","description":"Sch&#xF6;n eingedeckte Tische, auch im Au&#xDF;enbereich, geh&#xF6;ren zu einem sch&#xF6;nen Fest dazu. Die Ideen und Accessoires finden Sie hier.","robots":{"index":"index","follow":"follow","max-snippet":"max-snippet:-1","max-image-preview":"max-image-preview:large","max-video-preview":"max-video-preview:-1"},"canonical":"https:\/\/www.tafeldeko.de\/news\/tischdeko-fuer-die-gartenparty-bald-ist-es-wieder-so-weit\/","og_locale":"de_DE","og_type":"article","og_title":"Tischdeko f\u00fcr die Gartenparty \u2013 bald ist es wieder so weit - Tafeldeko","og_description":"Sch&#xF6;n eingedeckte Tische, auch im Au&#xDF;enbereich, geh&#xF6;ren zu einem sch&#xF6;nen Fest dazu. Die Ideen und Accessoires finden Sie hier.","og_url":"https:\/\/www.tafeldeko.de\/news\/tischdeko-fuer-die-gartenparty-bald-ist-es-wieder-so-weit\/","og_site_name":"Tafeldeko","article_publisher":"https:\/\/www.facebook.com\/pages\/Tafeldeko-einzigartige-Tischdekoration\/174202655894","article_published_time":"2012-04-30T18:10:06+00:00","og_image":[{"width":250,"height":175,"url":"https:\/\/www.tafeldeko.de\/news\/wp-content\/uploads\/2014\/09\/duni_rio.jpg","type":"image\/jpeg"}],"author":"Christiane Stein","twitter_misc":{"Verfasst von":"Christiane Stein","Gesch\u00e4tzte Lesezeit":"2 Minuten"},"schema":{"@context":"https:\/\/schema.org","@graph":[{"@type":"WebPage","@id":"https:\/\/www.tafeldeko.de\/news\/tischdeko-fuer-die-gartenparty-bald-ist-es-wieder-so-weit\/","url":"https:\/\/www.tafeldeko.de\/news\/tischdeko-fuer-die-gartenparty-bald-ist-es-wieder-so-weit\/","name":"Tischdeko f\u00fcr die Gartenparty \u2013 bald ist es wieder so weit - Tafeldeko","isPartOf":{"@id":"https:\/\/www.tafeldeko.de\/news\/#website"},"datePublished":"2012-04-30T18:10:06+00:00","dateModified":"2012-04-30T18:10:06+00:00","author":{"@id":"https:\/\/www.tafeldeko.de\/news\/#\/schema\/person\/d2acd86447ed0b6336089a8ba83164a0"},"description":"Sch&#xF6;n eingedeckte Tische, auch im Au&#xDF;enbereich, geh&#xF6;ren zu einem sch&#xF6;nen Fest dazu. Die Ideen und Accessoires finden Sie hier.","breadcrumb":{"@id":"https:\/\/www.tafeldeko.de\/news\/tischdeko-fuer-die-gartenparty-bald-ist-es-wieder-so-weit\/#breadcrumb"},"inLanguage":"de-DE","potentialAction":[{"@type":"ReadAction","target":["https:\/\/www.tafeldeko.de\/news\/tischdeko-fuer-die-gartenparty-bald-ist-es-wieder-so-weit\/"]}]},{"@type":"BreadcrumbList","@id":"https:\/\/www.tafeldeko.de\/news\/tischdeko-fuer-die-gartenparty-bald-ist-es-wieder-so-weit\/#breadcrumb","itemListElement":[{"@type":"ListItem","position":1,"name":"Tafeldeko","item":"https:\/\/www.tafeldeko.de\/news\/"},{"@type":"ListItem","position":2,"name":"Alte Beitr\u00e4ge","item":"https:\/\/www.tafeldeko.de\/news\/alte-beitraege\/"},{"@type":"ListItem","position":3,"name":"Tischdeko - Blog","item":"https:\/\/www.tafeldeko.de\/news\/alte-beitraege\/tischdeko-blog\/"},{"@type":"ListItem","position":4,"name":"Tischdeko f\u00fcr die Gartenparty \u2013 bald ist es wieder so weit"}]},{"@type":"WebSite","@id":"https:\/\/www.tafeldeko.de\/news\/#website","url":"https:\/\/www.tafeldeko.de\/news\/","name":"Tafeldeko","description":"Blog mit Tischdeko und Tischdekoration Ideen","potentialAction":[{"@type":"SearchAction","target":{"@type":"EntryPoint","urlTemplate":"https:\/\/www.tafeldeko.de\/news\/?s={search_term_string}"},"query-input":"required name=search_term_string"}],"inLanguage":"de-DE"},{"@type":"Person","@id":"https:\/\/www.tafeldeko.de\/news\/#\/schema\/person\/d2acd86447ed0b6336089a8ba83164a0","name":"Christiane Stein","image":{"@type":"ImageObject","inLanguage":"de-DE","@id":"https:\/\/www.tafeldeko.de\/news\/#\/schema\/person\/image\/","url":"https:\/\/secure.gravatar.com\/avatar\/2054729fbfd1ebc9d3cf1fd55361d0b6?s=96&d=mm&r=g","contentUrl":"https:\/\/secure.gravatar.com\/avatar\/2054729fbfd1ebc9d3cf1fd55361d0b6?s=96&d=mm&r=g","caption":"Christiane Stein"}}]}},"_links":{"self":[{"href":"https:\/\/www.tafeldeko.de\/news\/wp-json\/wp\/v2\/posts\/2771"}],"collection":[{"href":"https:\/\/www.tafeldeko.de\/news\/wp-json\/wp\/v2\/posts"}],"about":[{"href":"https:\/\/www.tafeldeko.de\/news\/wp-json\/wp\/v2\/types\/post"}],"author":[{"embeddable":true,"href":"https:\/\/www.tafeldeko.de\/news\/wp-json\/wp\/v2\/users\/2"}],"replies":[{"embeddable":true,"href":"https:\/\/www.tafeldeko.de\/news\/wp-json\/wp\/v2\/comments?post=2771"}],"version-history":[{"count":0,"href":"https:\/\/www.tafeldeko.de\/news\/wp-json\/wp\/v2\/posts\/2771\/revisions"}],"wp:featuredmedia":[{"embeddable":true,"href":"https:\/\/www.tafeldeko.de\/news\/wp-json\/wp\/v2\/media\/754"}],"wp:attachment":[{"href":"https:\/\/www.tafeldeko.de\/news\/wp-json\/wp\/v2\/media?parent=2771"}],"wp:term":[{"taxonomy":"category","embeddable":true,"href":"https:\/\/www.tafeldeko.de\/news\/wp-json\/wp\/v2\/categories?post=2771"},{"taxonomy":"post_tag","embeddable":true,"href":"https:\/\/www.tafeldeko.de\/news\/wp-json\/wp\/v2\/tags?post=2771"}],"curies":[{"name":"wp","href":"https:\/\/api.w.org\/{rel}","templated":true}]}}