{"id":2768,"date":"2012-03-31T16:23:06","date_gmt":"2012-03-31T14:23:06","guid":{"rendered":"http:\/\/www.tafeldeko.de\/news\/?p=2768"},"modified":"2012-03-31T16:23:06","modified_gmt":"2012-03-31T14:23:06","slug":"die-besondere-tischdeko-fuer-alle-arten-von-feiern","status":"publish","type":"post","link":"https:\/\/www.tafeldeko.de\/news\/die-besondere-tischdeko-fuer-alle-arten-von-feiern\/","title":{"rendered":"Die besondere Tischdeko f\u00fcr alle Arten von Feiern"},"content":{"rendered":"<div class=\"textumfliessenrechts\"><img decoding=\"async\" loading=\"lazy\" src=\"https:\/\/www.tafeldeko.de\/news\/media\/users\/schnurchristian\/primavera_ausschnitt.jpg\" alt=\"Duni Primavera\" title=\"Duni Primavera\" width=\"235\" height=\"354\" \/><br \/><a href=\"https:\/\/www.tafeldeko.de\/index.php\/cat\/c933_Duni-Servietten.html\" title=\"Hier Duni Fr\u00fchling\"><b>Hier Duni Fr\u00fchling<\/b><\/a><\/div>\n<p> Es gibt immer wieder Feste und Feiern, die sehr beliebt sind. Die Deutschen sind ein Volk mit Feierlaune und deshalb wird auch das eine oder andere Fest ohne einen ersichtlichen Grund gefeiert.<br \/>\nEine kleine Feier ist schlie\u00dflich auch immer wieder sch\u00f6n. Man trifft sich mit Freunden, genie\u00dft die gemeinsamen Stunden, freut sich, sich mal wieder in aller Ruhe miteinander unterhalten zu k\u00f6nnen \u2013 man pflegt sozusagen die Freundschaft. Und dann gibt es noch die Feste, die anl\u00e4sslich der Jahreszeiten sozusagen \u201eins Leben gerufen\u201c werden.<br \/>\nFr\u00fchlingsfest. Sommerfest, Cocktailabend, Grillfest und weitere Anl\u00e4sse geben den Grund, wieder einmal ein kleines Fest zu feiern.<br \/>\nDie jetzige Jahreszeit bietet sich nat\u00fcrlich an, ein Fr\u00fchlingsfest zu starten.<br \/>\nEin <b>Fr\u00fchlingsfest<\/b>, wenn auch noch im Innenbereich, weil es drau\u00dfen doch noch etwas k\u00fchl ist, das den Fr\u00fchling willkommen hei\u00dft.<br \/>\nLeckeres Essen, leckere Getr\u00e4nke und gute Gespr\u00e4chsthemen reichen vollkommen aus, um dieses Fest zu einem besonderen Anlass werden zu lassen.<br \/>\nDoch eines ist auch bei den kleineren Festivit\u00e4ten immer wieder sch\u00f6n: eine <b><a href=\"https:\/\/www.tafeldeko.de\" title=\"Tischdeko\">Tischdeko<\/a><\/b>, die passend zum Anlass ausgew\u00e4hlt und ausgestattet wurde.<br \/>\nAls Gastgeberin hat man heute schon die \u201eQual der Wahl\u201c, wie man die Tische dekoriert \u2013 so gro\u00df ist die Auswahl. Neue Trends, p\u00fcnktlich zu den verschiedenen Jahreszeiten, zeigen, wie die Tische zu den Festen erstrahlen k\u00f6nnen, mit welchen farbenfrohen und <b>eindrucksvollen Accessoires <\/b>man die Tische eindecken kann.<br \/>\nEine M\u00f6glichkeit, die Tische sch\u00f6n und fr\u00fchlingshaft zu schm\u00fccken, bietet uns die neue Duni-Serie \u201ePrimavera\u201c. Hier bilden die typischen Fr\u00fchlingsfarben die Basis, gelbe Narzissen hei\u00dfen den Fr\u00fchling willkommen. Ein Traum in gr\u00fcn und gelb \u2013 so kann die Primavera-Serie von Duni kurz beschrieben werden.<br \/>\nTische, die mit den Mitteldecken, Tischl\u00e4ufern und Servietten der Serie ausgestattet werden, strahlen die G\u00e4ste regelrecht an. Kleine Schmetterlinge und Narzissen auf den Tischl\u00e4ufern geben einem das Gef\u00fchl, inmitten einer Blumenwiese zu sitzen.<br \/>\nMit dieser <b>eindrucksvollen Tischdeko<\/b> hei\u00dfen Sie auf jeden Fall den Fr\u00fchling willkommen. <\/p>\n","protected":false},"excerpt":{"rendered":"<p>Es gibt immer wieder Feste und Feiern, die sehr beliebt sind. Die Deutschen sind ein Volk mit Feierlaune und deshalb wird auch das eine oder andere Fest ohne einen ersichtlichen Grund gefeiert.<br \/>\nEine kleine Feier ist schlie\u00dflich auch immer wieder sch\u00f6n. Man trifft sich mit Freunden, genie\u00dft die gemeinsamen Stunden, freut sich, sich mal wieder in aller Ruhe miteinander unterhalten zu k\u00f6nnen \u2013 man pflegt sozusagen die Freundschaft. Und dann gibt es noch die Feste, die anl\u00e4sslich der Jahreszeiten sozusagen \u201eins Leben gerufen\u201c werden.<br \/>\nFr\u00fchlingsfest. Sommerfest, Cocktailabend, Grillfest und weitere Anl\u00e4sse geben den Grund, wieder einmal ein kleines Fest zu feiern.<br \/>\nDie jetzige Jahreszeit bietet sich nat\u00fcrlich an, ein Fr\u00fchlingsfest zu starten.<\/p>\n","protected":false},"author":2,"featured_media":2769,"comment_status":"open","ping_status":"open","sticky":false,"template":"","format":"standard","meta":{"footnotes":""},"categories":[1],"tags":[],"yoast_head":"<!-- This site is optimized with the Yoast SEO plugin v20.4 - https:\/\/yoast.com\/wordpress\/plugins\/seo\/ -->\n<title>Die besondere Tischdeko f\u00fcr alle Arten von Feiern - Tafeldeko<\/title>\n<meta name=\"description\" content=\"Tische, die mit den Mitteldecken, Tischl&#xE4;ufern und Servietten der Serie ausgestattet werden, strahlen die G&#xE4;ste regelrecht an - eine sch&#xF6;ne Basis im Fr&#xFC;hling.\" \/>\n<meta name=\"robots\" content=\"index, follow, max-snippet:-1, max-image-preview:large, max-video-preview:-1\" \/>\n<link rel=\"canonical\" href=\"https:\/\/www.tafeldeko.de\/news\/die-besondere-tischdeko-fuer-alle-arten-von-feiern\/\" \/>\n<meta property=\"og:locale\" content=\"de_DE\" \/>\n<meta property=\"og:type\" content=\"article\" \/>\n<meta property=\"og:title\" content=\"Die besondere Tischdeko f\u00fcr alle Arten von Feiern - Tafeldeko\" \/>\n<meta property=\"og:description\" content=\"Tische, die mit den Mitteldecken, Tischl&#xE4;ufern und Servietten der Serie ausgestattet werden, strahlen die G&#xE4;ste regelrecht an - eine sch&#xF6;ne Basis im Fr&#xFC;hling.\" \/>\n<meta property=\"og:url\" content=\"https:\/\/www.tafeldeko.de\/news\/die-besondere-tischdeko-fuer-alle-arten-von-feiern\/\" \/>\n<meta property=\"og:site_name\" content=\"Tafeldeko\" \/>\n<meta property=\"article:publisher\" content=\"https:\/\/www.facebook.com\/pages\/Tafeldeko-einzigartige-Tischdekoration\/174202655894\" \/>\n<meta property=\"article:published_time\" content=\"2012-03-31T14:23:06+00:00\" \/>\n<meta property=\"og:image\" content=\"https:\/\/www.tafeldeko.de\/news\/wp-content\/uploads\/2014\/09\/primavera_ausschnitt.jpg\" \/>\n\t<meta property=\"og:image:width\" content=\"235\" \/>\n\t<meta property=\"og:image:height\" content=\"354\" \/>\n\t<meta property=\"og:image:type\" content=\"image\/jpeg\" \/>\n<meta name=\"author\" content=\"Christiane Stein\" \/>\n<meta name=\"twitter:label1\" content=\"Verfasst von\" \/>\n\t<meta name=\"twitter:data1\" content=\"Christiane Stein\" \/>\n\t<meta name=\"twitter:label2\" content=\"Gesch\u00e4tzte Lesezeit\" \/>\n\t<meta name=\"twitter:data2\" content=\"2 Minuten\" \/>\n<script type=\"application\/ld+json\" class=\"yoast-schema-graph\">{\"@context\":\"https:\/\/schema.org\",\"@graph\":[{\"@type\":\"WebPage\",\"@id\":\"https:\/\/www.tafeldeko.de\/news\/die-besondere-tischdeko-fuer-alle-arten-von-feiern\/\",\"url\":\"https:\/\/www.tafeldeko.de\/news\/die-besondere-tischdeko-fuer-alle-arten-von-feiern\/\",\"name\":\"Die besondere Tischdeko f\u00fcr alle Arten von Feiern - Tafeldeko\",\"isPartOf\":{\"@id\":\"https:\/\/www.tafeldeko.de\/news\/#website\"},\"datePublished\":\"2012-03-31T14:23:06+00:00\",\"dateModified\":\"2012-03-31T14:23:06+00:00\",\"author\":{\"@id\":\"https:\/\/www.tafeldeko.de\/news\/#\/schema\/person\/d2acd86447ed0b6336089a8ba83164a0\"},\"description\":\"Tische, die mit den Mitteldecken, Tischl&#xE4;ufern und Servietten der Serie ausgestattet werden, strahlen die G&#xE4;ste regelrecht an - eine sch&#xF6;ne Basis im Fr&#xFC;hling.\",\"breadcrumb\":{\"@id\":\"https:\/\/www.tafeldeko.de\/news\/die-besondere-tischdeko-fuer-alle-arten-von-feiern\/#breadcrumb\"},\"inLanguage\":\"de-DE\",\"potentialAction\":[{\"@type\":\"ReadAction\",\"target\":[\"https:\/\/www.tafeldeko.de\/news\/die-besondere-tischdeko-fuer-alle-arten-von-feiern\/\"]}]},{\"@type\":\"BreadcrumbList\",\"@id\":\"https:\/\/www.tafeldeko.de\/news\/die-besondere-tischdeko-fuer-alle-arten-von-feiern\/#breadcrumb\",\"itemListElement\":[{\"@type\":\"ListItem\",\"position\":1,\"name\":\"Tafeldeko\",\"item\":\"https:\/\/www.tafeldeko.de\/news\/\"},{\"@type\":\"ListItem\",\"position\":2,\"name\":\"Alte Beitr\u00e4ge\",\"item\":\"https:\/\/www.tafeldeko.de\/news\/alte-beitraege\/\"},{\"@type\":\"ListItem\",\"position\":3,\"name\":\"Tischdeko - Blog\",\"item\":\"https:\/\/www.tafeldeko.de\/news\/alte-beitraege\/tischdeko-blog\/\"},{\"@type\":\"ListItem\",\"position\":4,\"name\":\"Die besondere Tischdeko f\u00fcr alle Arten von Feiern\"}]},{\"@type\":\"WebSite\",\"@id\":\"https:\/\/www.tafeldeko.de\/news\/#website\",\"url\":\"https:\/\/www.tafeldeko.de\/news\/\",\"name\":\"Tafeldeko\",\"description\":\"Blog mit Tischdeko und Tischdekoration Ideen\",\"potentialAction\":[{\"@type\":\"SearchAction\",\"target\":{\"@type\":\"EntryPoint\",\"urlTemplate\":\"https:\/\/www.tafeldeko.de\/news\/?s={search_term_string}\"},\"query-input\":\"required name=search_term_string\"}],\"inLanguage\":\"de-DE\"},{\"@type\":\"Person\",\"@id\":\"https:\/\/www.tafeldeko.de\/news\/#\/schema\/person\/d2acd86447ed0b6336089a8ba83164a0\",\"name\":\"Christiane Stein\",\"image\":{\"@type\":\"ImageObject\",\"inLanguage\":\"de-DE\",\"@id\":\"https:\/\/www.tafeldeko.de\/news\/#\/schema\/person\/image\/\",\"url\":\"https:\/\/secure.gravatar.com\/avatar\/2054729fbfd1ebc9d3cf1fd55361d0b6?s=96&d=mm&r=g\",\"contentUrl\":\"https:\/\/secure.gravatar.com\/avatar\/2054729fbfd1ebc9d3cf1fd55361d0b6?s=96&d=mm&r=g\",\"caption\":\"Christiane Stein\"}}]}<\/script>\n<!-- \/ Yoast SEO plugin. -->","yoast_head_json":{"title":"Die besondere Tischdeko f\u00fcr alle Arten von Feiern - Tafeldeko","description":"Tische, die mit den Mitteldecken, Tischl&#xE4;ufern und Servietten der Serie ausgestattet werden, strahlen die G&#xE4;ste regelrecht an - eine sch&#xF6;ne Basis im Fr&#xFC;hling.","robots":{"index":"index","follow":"follow","max-snippet":"max-snippet:-1","max-image-preview":"max-image-preview:large","max-video-preview":"max-video-preview:-1"},"canonical":"https:\/\/www.tafeldeko.de\/news\/die-besondere-tischdeko-fuer-alle-arten-von-feiern\/","og_locale":"de_DE","og_type":"article","og_title":"Die besondere Tischdeko f\u00fcr alle Arten von Feiern - Tafeldeko","og_description":"Tische, die mit den Mitteldecken, Tischl&#xE4;ufern und Servietten der Serie ausgestattet werden, strahlen die G&#xE4;ste regelrecht an - eine sch&#xF6;ne Basis im Fr&#xFC;hling.","og_url":"https:\/\/www.tafeldeko.de\/news\/die-besondere-tischdeko-fuer-alle-arten-von-feiern\/","og_site_name":"Tafeldeko","article_publisher":"https:\/\/www.facebook.com\/pages\/Tafeldeko-einzigartige-Tischdekoration\/174202655894","article_published_time":"2012-03-31T14:23:06+00:00","og_image":[{"width":235,"height":354,"url":"https:\/\/www.tafeldeko.de\/news\/wp-content\/uploads\/2014\/09\/primavera_ausschnitt.jpg","type":"image\/jpeg"}],"author":"Christiane Stein","twitter_misc":{"Verfasst von":"Christiane Stein","Gesch\u00e4tzte Lesezeit":"2 Minuten"},"schema":{"@context":"https:\/\/schema.org","@graph":[{"@type":"WebPage","@id":"https:\/\/www.tafeldeko.de\/news\/die-besondere-tischdeko-fuer-alle-arten-von-feiern\/","url":"https:\/\/www.tafeldeko.de\/news\/die-besondere-tischdeko-fuer-alle-arten-von-feiern\/","name":"Die besondere Tischdeko f\u00fcr alle Arten von Feiern - Tafeldeko","isPartOf":{"@id":"https:\/\/www.tafeldeko.de\/news\/#website"},"datePublished":"2012-03-31T14:23:06+00:00","dateModified":"2012-03-31T14:23:06+00:00","author":{"@id":"https:\/\/www.tafeldeko.de\/news\/#\/schema\/person\/d2acd86447ed0b6336089a8ba83164a0"},"description":"Tische, die mit den Mitteldecken, Tischl&#xE4;ufern und Servietten der Serie ausgestattet werden, strahlen die G&#xE4;ste regelrecht an - eine sch&#xF6;ne Basis im Fr&#xFC;hling.","breadcrumb":{"@id":"https:\/\/www.tafeldeko.de\/news\/die-besondere-tischdeko-fuer-alle-arten-von-feiern\/#breadcrumb"},"inLanguage":"de-DE","potentialAction":[{"@type":"ReadAction","target":["https:\/\/www.tafeldeko.de\/news\/die-besondere-tischdeko-fuer-alle-arten-von-feiern\/"]}]},{"@type":"BreadcrumbList","@id":"https:\/\/www.tafeldeko.de\/news\/die-besondere-tischdeko-fuer-alle-arten-von-feiern\/#breadcrumb","itemListElement":[{"@type":"ListItem","position":1,"name":"Tafeldeko","item":"https:\/\/www.tafeldeko.de\/news\/"},{"@type":"ListItem","position":2,"name":"Alte Beitr\u00e4ge","item":"https:\/\/www.tafeldeko.de\/news\/alte-beitraege\/"},{"@type":"ListItem","position":3,"name":"Tischdeko - Blog","item":"https:\/\/www.tafeldeko.de\/news\/alte-beitraege\/tischdeko-blog\/"},{"@type":"ListItem","position":4,"name":"Die besondere Tischdeko f\u00fcr alle Arten von Feiern"}]},{"@type":"WebSite","@id":"https:\/\/www.tafeldeko.de\/news\/#website","url":"https:\/\/www.tafeldeko.de\/news\/","name":"Tafeldeko","description":"Blog mit Tischdeko und Tischdekoration Ideen","potentialAction":[{"@type":"SearchAction","target":{"@type":"EntryPoint","urlTemplate":"https:\/\/www.tafeldeko.de\/news\/?s={search_term_string}"},"query-input":"required name=search_term_string"}],"inLanguage":"de-DE"},{"@type":"Person","@id":"https:\/\/www.tafeldeko.de\/news\/#\/schema\/person\/d2acd86447ed0b6336089a8ba83164a0","name":"Christiane Stein","image":{"@type":"ImageObject","inLanguage":"de-DE","@id":"https:\/\/www.tafeldeko.de\/news\/#\/schema\/person\/image\/","url":"https:\/\/secure.gravatar.com\/avatar\/2054729fbfd1ebc9d3cf1fd55361d0b6?s=96&d=mm&r=g","contentUrl":"https:\/\/secure.gravatar.com\/avatar\/2054729fbfd1ebc9d3cf1fd55361d0b6?s=96&d=mm&r=g","caption":"Christiane Stein"}}]}},"_links":{"self":[{"href":"https:\/\/www.tafeldeko.de\/news\/wp-json\/wp\/v2\/posts\/2768"}],"collection":[{"href":"https:\/\/www.tafeldeko.de\/news\/wp-json\/wp\/v2\/posts"}],"about":[{"href":"https:\/\/www.tafeldeko.de\/news\/wp-json\/wp\/v2\/types\/post"}],"author":[{"embeddable":true,"href":"https:\/\/www.tafeldeko.de\/news\/wp-json\/wp\/v2\/users\/2"}],"replies":[{"embeddable":true,"href":"https:\/\/www.tafeldeko.de\/news\/wp-json\/wp\/v2\/comments?post=2768"}],"version-history":[{"count":0,"href":"https:\/\/www.tafeldeko.de\/news\/wp-json\/wp\/v2\/posts\/2768\/revisions"}],"wp:featuredmedia":[{"embeddable":true,"href":"https:\/\/www.tafeldeko.de\/news\/wp-json\/wp\/v2\/media\/2769"}],"wp:attachment":[{"href":"https:\/\/www.tafeldeko.de\/news\/wp-json\/wp\/v2\/media?parent=2768"}],"wp:term":[{"taxonomy":"category","embeddable":true,"href":"https:\/\/www.tafeldeko.de\/news\/wp-json\/wp\/v2\/categories?post=2768"},{"taxonomy":"post_tag","embeddable":true,"href":"https:\/\/www.tafeldeko.de\/news\/wp-json\/wp\/v2\/tags?post=2768"}],"curies":[{"name":"wp","href":"https:\/\/api.w.org\/{rel}","templated":true}]}}