{"id":2625,"date":"2012-05-21T16:37:42","date_gmt":"2012-05-21T14:37:42","guid":{"rendered":"http:\/\/www.tafeldeko.de\/news\/?p=2625"},"modified":"2012-05-21T16:37:42","modified_gmt":"2012-05-21T14:37:42","slug":"die-tischdeko-fuer-den-kindergeburtstag-soll-zum-motto-der-party-passen","status":"publish","type":"post","link":"https:\/\/www.tafeldeko.de\/news\/die-tischdeko-fuer-den-kindergeburtstag-soll-zum-motto-der-party-passen\/","title":{"rendered":"Die Tischdeko f\u00fcr den Kindergeburtstag soll zum Motto der Party passen"},"content":{"rendered":"<div class=\"textumfliessenrechts\"><img decoding=\"async\" loading=\"lazy\" src=\"https:\/\/www.tafeldeko.de\/news\/media\/users\/schnurchristian\/kindergeburtstag_rosa.jpg\" alt=\"Tischdeko Kindergeburtstag\" title=\"Tischdeko Kindergeburtstag\" width=\"303\" height=\"201\" \/><br \/><a href=\"https:\/\/www.tafeldeko.de\/mustertische\/index.php?t=3&#038;c=10&#038;lang=2\" title=\"Tischdeko Kindergeburtstag\"><b>Tischdeko Kindergeburtstag<\/b><\/a><\/div>\n<p> Geburtstage sind etwas Sch\u00f6nes und f\u00fcr Kinder erst recht. Kindergeburtstage sind unbeschreiblich sch\u00f6n f\u00fcr die Spr\u00f6sslinge und bereits Wochen zuvor, ist die Aufregung gro\u00df. F\u00fcr die Eltern herrscht in dieser Zeit h\u00e4ufig ein Ausnahmezustand und bedeutet nicht nur Arbeit, sondern auch Stress. Jedoch nimmt man dies gerne auf sich, denn man m\u00f6chte seinem Kind schlie\u00dflich eine Freude bereiten. Ob M\u00e4dchen oder Junge &#8211; der <b><a href=\"https:\/\/www.tafeldeko.de\/index.php\/cat\/c1787_Artikel-f%C3%BCr-M%C3%A4dchen.html\" title=\"Kindergeburtstag\">Kindergeburtstag<\/a> <\/b>darf unter keinen Umst\u00e4nden ausfallen und sollte kindgerecht gestaltet sein.<br \/>\nF\u00fcr den Kindergeburtstag m\u00fcssen gewisse Dinge vorbereitet werden, wie zum Beispiel die Einladungskarten, die Geburtstagstorte, die Gastgeschenke oder auch die Tischdeko f\u00fcr den Kindergeburtstag.<br \/>\nUm seiner Tochter einen Wunsch zu erf\u00fcllen, kann man auch eine <b>Prinzessinnen-Party<\/b> auf die Beine stellen. Fast jedes M\u00e4dchen tr\u00e4umt davon, einmal in seinem Leben eine Prinzessin zu sein.<br \/>\nDie Tischdeko f\u00fcr den Kindergeburtstag und somit f\u00fcr die Prinzessinnen-Party sollte sich an der Farbe rosa orientieren. Hierf\u00fcr k\u00f6nnen Utensilien vom Zauberstab bis zum Prinzessinnen-Button in Frage kommen. Der Mustertisch zeigt ein sehr <b>sch\u00f6nes Gesamtbild<\/b> und diese Tischdekoration wird jedem M\u00e4dchen gefallen. Au\u00dferdem kann man zu bunten Papptellern und Pappbecher tendieren. Zum einen kommen diese gut bei den Kindern an und zum anderen erspart man sich einen Teil Arbeit.<br \/>\nDes Weiteren sollte eine Geburtstagstorte mit Kerzen nicht fehlen, damit man Kerzen zum Auspusten hat. Die Torte geh\u00f6rt genauso zum Geburtstag, wie ein tolles Geschenk oder ein Geburtstagsst\u00e4ndchen.<br \/>\nDer Kindergeburtstag unter dem Motto \u201ePrinzessin\u201c kommt nat\u00fcrlich nur f\u00fcr M\u00e4dchen in Betracht, allerdings kann man f\u00fcr Jungs auch eine Mottoparty starten. Jungs bevorzugen eher einen <b><a href=\"https:\/\/www.tafeldeko.de\/index.php\/cat\/c1788_Artikel-f%C3%BCr-Jungen.html\" title=\"Piratengeburtstag\">Piratengeburtstag<\/a><\/b> oder eine Fu\u00dfball-Party. Gleichg\u00fcltig, f\u00fcr welches Motto man sich entscheidet, wichtig ist, dass man mit Freude dabei ist und seinem Kind einen <b>unvergesslichen Tag<\/b> beschert.<\/p>\n","protected":false},"excerpt":{"rendered":"<p>Geburtstage sind etwas Sch\u00f6nes und f\u00fcr Kinder erst recht. Kindergeburtstage sind unbeschreiblich sch\u00f6n f\u00fcr die Spr\u00f6sslinge und bereits Wochen zuvor, ist die Aufregung gro\u00df. F\u00fcr die Eltern herrscht in dieser Zeit h\u00e4ufig ein Ausnahmezustand und bedeutet nicht nur Arbeit, sondern auch Stress. Jedoch nimmt man dies gerne auf sich, denn man m\u00f6chte seinem Kind schlie\u00dflich eine Freude bereiten. Ob M\u00e4dchen oder Junge &#8211; der  darf unter keinen Umst\u00e4nden ausfallen und sollte kindgerecht gestaltet sein.<\/p>\n","protected":false},"author":2,"featured_media":2626,"comment_status":"open","ping_status":"open","sticky":false,"template":"","format":"standard","meta":{"footnotes":""},"categories":[1],"tags":[],"yoast_head":"<!-- This site is optimized with the Yoast SEO plugin v20.4 - https:\/\/yoast.com\/wordpress\/plugins\/seo\/ -->\n<title>Die Tischdeko f\u00fcr den Kindergeburtstag soll zum Motto der Party passen - Tafeldeko<\/title>\n<meta name=\"description\" content=\"Die Tischdeko f&#xFC;r den Kindergeburtstag und somit f&#xFC;r die Prinzessinnen-Party sollte sich an der Farbe rosa orientieren.\" \/>\n<meta name=\"robots\" content=\"index, follow, max-snippet:-1, max-image-preview:large, max-video-preview:-1\" \/>\n<link rel=\"canonical\" href=\"https:\/\/www.tafeldeko.de\/news\/die-tischdeko-fuer-den-kindergeburtstag-soll-zum-motto-der-party-passen\/\" \/>\n<meta property=\"og:locale\" content=\"de_DE\" \/>\n<meta property=\"og:type\" content=\"article\" \/>\n<meta property=\"og:title\" content=\"Die Tischdeko f\u00fcr den Kindergeburtstag soll zum Motto der Party passen - Tafeldeko\" \/>\n<meta property=\"og:description\" content=\"Die Tischdeko f&#xFC;r den Kindergeburtstag und somit f&#xFC;r die Prinzessinnen-Party sollte sich an der Farbe rosa orientieren.\" \/>\n<meta property=\"og:url\" content=\"https:\/\/www.tafeldeko.de\/news\/die-tischdeko-fuer-den-kindergeburtstag-soll-zum-motto-der-party-passen\/\" \/>\n<meta property=\"og:site_name\" content=\"Tafeldeko\" \/>\n<meta property=\"article:publisher\" content=\"https:\/\/www.facebook.com\/pages\/Tafeldeko-einzigartige-Tischdekoration\/174202655894\" \/>\n<meta property=\"article:published_time\" content=\"2012-05-21T14:37:42+00:00\" \/>\n<meta property=\"og:image\" content=\"https:\/\/www.tafeldeko.de\/news\/wp-content\/uploads\/2014\/09\/kindergeburtstag_rosa.jpg\" \/>\n\t<meta property=\"og:image:width\" content=\"403\" \/>\n\t<meta property=\"og:image:height\" content=\"291\" \/>\n\t<meta property=\"og:image:type\" content=\"image\/jpeg\" \/>\n<meta name=\"author\" content=\"Christiane Stein\" \/>\n<meta name=\"twitter:label1\" content=\"Verfasst von\" \/>\n\t<meta name=\"twitter:data1\" content=\"Christiane Stein\" \/>\n\t<meta name=\"twitter:label2\" content=\"Gesch\u00e4tzte Lesezeit\" \/>\n\t<meta name=\"twitter:data2\" content=\"2 Minuten\" \/>\n<script type=\"application\/ld+json\" class=\"yoast-schema-graph\">{\"@context\":\"https:\/\/schema.org\",\"@graph\":[{\"@type\":\"WebPage\",\"@id\":\"https:\/\/www.tafeldeko.de\/news\/die-tischdeko-fuer-den-kindergeburtstag-soll-zum-motto-der-party-passen\/\",\"url\":\"https:\/\/www.tafeldeko.de\/news\/die-tischdeko-fuer-den-kindergeburtstag-soll-zum-motto-der-party-passen\/\",\"name\":\"Die Tischdeko f\u00fcr den Kindergeburtstag soll zum Motto der Party passen - Tafeldeko\",\"isPartOf\":{\"@id\":\"https:\/\/www.tafeldeko.de\/news\/#website\"},\"datePublished\":\"2012-05-21T14:37:42+00:00\",\"dateModified\":\"2012-05-21T14:37:42+00:00\",\"author\":{\"@id\":\"https:\/\/www.tafeldeko.de\/news\/#\/schema\/person\/d2acd86447ed0b6336089a8ba83164a0\"},\"description\":\"Die Tischdeko f&#xFC;r den Kindergeburtstag und somit f&#xFC;r die Prinzessinnen-Party sollte sich an der Farbe rosa orientieren.\",\"breadcrumb\":{\"@id\":\"https:\/\/www.tafeldeko.de\/news\/die-tischdeko-fuer-den-kindergeburtstag-soll-zum-motto-der-party-passen\/#breadcrumb\"},\"inLanguage\":\"de-DE\",\"potentialAction\":[{\"@type\":\"ReadAction\",\"target\":[\"https:\/\/www.tafeldeko.de\/news\/die-tischdeko-fuer-den-kindergeburtstag-soll-zum-motto-der-party-passen\/\"]}]},{\"@type\":\"BreadcrumbList\",\"@id\":\"https:\/\/www.tafeldeko.de\/news\/die-tischdeko-fuer-den-kindergeburtstag-soll-zum-motto-der-party-passen\/#breadcrumb\",\"itemListElement\":[{\"@type\":\"ListItem\",\"position\":1,\"name\":\"Tafeldeko\",\"item\":\"https:\/\/www.tafeldeko.de\/news\/\"},{\"@type\":\"ListItem\",\"position\":2,\"name\":\"Alte Beitr\u00e4ge\",\"item\":\"https:\/\/www.tafeldeko.de\/news\/alte-beitraege\/\"},{\"@type\":\"ListItem\",\"position\":3,\"name\":\"Tischdeko - Blog\",\"item\":\"https:\/\/www.tafeldeko.de\/news\/alte-beitraege\/tischdeko-blog\/\"},{\"@type\":\"ListItem\",\"position\":4,\"name\":\"Die Tischdeko f\u00fcr den Kindergeburtstag soll zum Motto der Party passen\"}]},{\"@type\":\"WebSite\",\"@id\":\"https:\/\/www.tafeldeko.de\/news\/#website\",\"url\":\"https:\/\/www.tafeldeko.de\/news\/\",\"name\":\"Tafeldeko\",\"description\":\"Blog mit Tischdeko und Tischdekoration Ideen\",\"potentialAction\":[{\"@type\":\"SearchAction\",\"target\":{\"@type\":\"EntryPoint\",\"urlTemplate\":\"https:\/\/www.tafeldeko.de\/news\/?s={search_term_string}\"},\"query-input\":\"required name=search_term_string\"}],\"inLanguage\":\"de-DE\"},{\"@type\":\"Person\",\"@id\":\"https:\/\/www.tafeldeko.de\/news\/#\/schema\/person\/d2acd86447ed0b6336089a8ba83164a0\",\"name\":\"Christiane Stein\",\"image\":{\"@type\":\"ImageObject\",\"inLanguage\":\"de-DE\",\"@id\":\"https:\/\/www.tafeldeko.de\/news\/#\/schema\/person\/image\/\",\"url\":\"https:\/\/secure.gravatar.com\/avatar\/2054729fbfd1ebc9d3cf1fd55361d0b6?s=96&d=mm&r=g\",\"contentUrl\":\"https:\/\/secure.gravatar.com\/avatar\/2054729fbfd1ebc9d3cf1fd55361d0b6?s=96&d=mm&r=g\",\"caption\":\"Christiane Stein\"}}]}<\/script>\n<!-- \/ Yoast SEO plugin. -->","yoast_head_json":{"title":"Die Tischdeko f\u00fcr den Kindergeburtstag soll zum Motto der Party passen - Tafeldeko","description":"Die Tischdeko f&#xFC;r den Kindergeburtstag und somit f&#xFC;r die Prinzessinnen-Party sollte sich an der Farbe rosa orientieren.","robots":{"index":"index","follow":"follow","max-snippet":"max-snippet:-1","max-image-preview":"max-image-preview:large","max-video-preview":"max-video-preview:-1"},"canonical":"https:\/\/www.tafeldeko.de\/news\/die-tischdeko-fuer-den-kindergeburtstag-soll-zum-motto-der-party-passen\/","og_locale":"de_DE","og_type":"article","og_title":"Die Tischdeko f\u00fcr den Kindergeburtstag soll zum Motto der Party passen - Tafeldeko","og_description":"Die Tischdeko f&#xFC;r den Kindergeburtstag und somit f&#xFC;r die Prinzessinnen-Party sollte sich an der Farbe rosa orientieren.","og_url":"https:\/\/www.tafeldeko.de\/news\/die-tischdeko-fuer-den-kindergeburtstag-soll-zum-motto-der-party-passen\/","og_site_name":"Tafeldeko","article_publisher":"https:\/\/www.facebook.com\/pages\/Tafeldeko-einzigartige-Tischdekoration\/174202655894","article_published_time":"2012-05-21T14:37:42+00:00","og_image":[{"width":403,"height":291,"url":"https:\/\/www.tafeldeko.de\/news\/wp-content\/uploads\/2014\/09\/kindergeburtstag_rosa.jpg","type":"image\/jpeg"}],"author":"Christiane Stein","twitter_misc":{"Verfasst von":"Christiane Stein","Gesch\u00e4tzte Lesezeit":"2 Minuten"},"schema":{"@context":"https:\/\/schema.org","@graph":[{"@type":"WebPage","@id":"https:\/\/www.tafeldeko.de\/news\/die-tischdeko-fuer-den-kindergeburtstag-soll-zum-motto-der-party-passen\/","url":"https:\/\/www.tafeldeko.de\/news\/die-tischdeko-fuer-den-kindergeburtstag-soll-zum-motto-der-party-passen\/","name":"Die Tischdeko f\u00fcr den Kindergeburtstag soll zum Motto der Party passen - Tafeldeko","isPartOf":{"@id":"https:\/\/www.tafeldeko.de\/news\/#website"},"datePublished":"2012-05-21T14:37:42+00:00","dateModified":"2012-05-21T14:37:42+00:00","author":{"@id":"https:\/\/www.tafeldeko.de\/news\/#\/schema\/person\/d2acd86447ed0b6336089a8ba83164a0"},"description":"Die Tischdeko f&#xFC;r den Kindergeburtstag und somit f&#xFC;r die Prinzessinnen-Party sollte sich an der Farbe rosa orientieren.","breadcrumb":{"@id":"https:\/\/www.tafeldeko.de\/news\/die-tischdeko-fuer-den-kindergeburtstag-soll-zum-motto-der-party-passen\/#breadcrumb"},"inLanguage":"de-DE","potentialAction":[{"@type":"ReadAction","target":["https:\/\/www.tafeldeko.de\/news\/die-tischdeko-fuer-den-kindergeburtstag-soll-zum-motto-der-party-passen\/"]}]},{"@type":"BreadcrumbList","@id":"https:\/\/www.tafeldeko.de\/news\/die-tischdeko-fuer-den-kindergeburtstag-soll-zum-motto-der-party-passen\/#breadcrumb","itemListElement":[{"@type":"ListItem","position":1,"name":"Tafeldeko","item":"https:\/\/www.tafeldeko.de\/news\/"},{"@type":"ListItem","position":2,"name":"Alte Beitr\u00e4ge","item":"https:\/\/www.tafeldeko.de\/news\/alte-beitraege\/"},{"@type":"ListItem","position":3,"name":"Tischdeko - Blog","item":"https:\/\/www.tafeldeko.de\/news\/alte-beitraege\/tischdeko-blog\/"},{"@type":"ListItem","position":4,"name":"Die Tischdeko f\u00fcr den Kindergeburtstag soll zum Motto der Party passen"}]},{"@type":"WebSite","@id":"https:\/\/www.tafeldeko.de\/news\/#website","url":"https:\/\/www.tafeldeko.de\/news\/","name":"Tafeldeko","description":"Blog mit Tischdeko und Tischdekoration Ideen","potentialAction":[{"@type":"SearchAction","target":{"@type":"EntryPoint","urlTemplate":"https:\/\/www.tafeldeko.de\/news\/?s={search_term_string}"},"query-input":"required name=search_term_string"}],"inLanguage":"de-DE"},{"@type":"Person","@id":"https:\/\/www.tafeldeko.de\/news\/#\/schema\/person\/d2acd86447ed0b6336089a8ba83164a0","name":"Christiane Stein","image":{"@type":"ImageObject","inLanguage":"de-DE","@id":"https:\/\/www.tafeldeko.de\/news\/#\/schema\/person\/image\/","url":"https:\/\/secure.gravatar.com\/avatar\/2054729fbfd1ebc9d3cf1fd55361d0b6?s=96&d=mm&r=g","contentUrl":"https:\/\/secure.gravatar.com\/avatar\/2054729fbfd1ebc9d3cf1fd55361d0b6?s=96&d=mm&r=g","caption":"Christiane Stein"}}]}},"_links":{"self":[{"href":"https:\/\/www.tafeldeko.de\/news\/wp-json\/wp\/v2\/posts\/2625"}],"collection":[{"href":"https:\/\/www.tafeldeko.de\/news\/wp-json\/wp\/v2\/posts"}],"about":[{"href":"https:\/\/www.tafeldeko.de\/news\/wp-json\/wp\/v2\/types\/post"}],"author":[{"embeddable":true,"href":"https:\/\/www.tafeldeko.de\/news\/wp-json\/wp\/v2\/users\/2"}],"replies":[{"embeddable":true,"href":"https:\/\/www.tafeldeko.de\/news\/wp-json\/wp\/v2\/comments?post=2625"}],"version-history":[{"count":0,"href":"https:\/\/www.tafeldeko.de\/news\/wp-json\/wp\/v2\/posts\/2625\/revisions"}],"wp:featuredmedia":[{"embeddable":true,"href":"https:\/\/www.tafeldeko.de\/news\/wp-json\/wp\/v2\/media\/2626"}],"wp:attachment":[{"href":"https:\/\/www.tafeldeko.de\/news\/wp-json\/wp\/v2\/media?parent=2625"}],"wp:term":[{"taxonomy":"category","embeddable":true,"href":"https:\/\/www.tafeldeko.de\/news\/wp-json\/wp\/v2\/categories?post=2625"},{"taxonomy":"post_tag","embeddable":true,"href":"https:\/\/www.tafeldeko.de\/news\/wp-json\/wp\/v2\/tags?post=2625"}],"curies":[{"name":"wp","href":"https:\/\/api.w.org\/{rel}","templated":true}]}}