{"id":2542,"date":"2013-12-02T19:02:57","date_gmt":"2013-12-02T17:02:57","guid":{"rendered":"http:\/\/www.tafeldeko.de\/news\/?p=2542"},"modified":"2023-02-20T12:47:43","modified_gmt":"2023-02-20T11:47:43","slug":"tischdeko-zum-weihnachtlichen-brunch","status":"publish","type":"post","link":"https:\/\/www.tafeldeko.de\/news\/tischdeko-zum-weihnachtlichen-brunch\/","title":{"rendered":"Tischdeko zum weihnachtlichen Brunch"},"content":{"rendered":"<p>Man soll die Feste feiern wie sie fallen &#8211; das gilt auch f\u00fcr die Feierlichkeiten um die Weihnachtszeit. Auch wenn wir bereits mit Weihnachten und Silvester einige Festtage vor uns haben, einen anderen Anlass sollte man deshalb nicht ausfallen lassen. Gerade Geburtstage sind tolle Anl\u00e4sse, die dem Geburtstagskind mit der gesamten G\u00e4steschar Freude bereiten &#8211; und das zu jeder Zeit.<br \/>\nDas Sch\u00f6ne an einer <b>Geburtstagsfeier vor Weihnachten<\/b> &#8211; man kann die Deko mit einem weihnachtlichen Touch versehen, wodurch ein toller Effekt entsteht.<\/p>\n<p><img decoding=\"async\" loading=\"lazy\" src=\"https:\/\/www.tafeldeko.de\/news\/wp-content\/uploads\/2014\/09\/sammy_bordeaux.jpg\" alt=\"Tischdeko weihnachtlichen Brunch\" width=\"226\" height=\"154\" \/><\/p>\n<h2>Tischdeko zum weihnachtlichen Brunch &#8211; so geht&#8217;s<\/h2>\n<p>Vor allem k\u00f6nnen Lichterketten oder unz\u00e4hlige <b><a title=\"Kerzen\" href=\"https:\/\/www.tafeldeko.de\/index.php\/cat\/c526_Kerzen---Kerzengl%C3%A4ser.html\">Kerzen<\/a><\/b> f\u00fcr das gewisse Etwas auf dem Tisch sorgen.<br \/>\nEine etwas andere Feier k\u00f6nnen Sie Ihren G\u00e4sten mit einem gem\u00fctlichen, vorweihnachtlichen Brunch bereiten. Inmitten einer sch\u00f6nen Weihnachtsdeko wird der Geburtstag mit einem leckeren Brunch gefeiert. Alles ganz locker, ohne feste Zeitangaben k\u00f6nnen die G\u00e4ste erscheinen. Gerade in einer kleinen Wohnung ist ein Brunch sehr angenehm.<br \/>\nAuch eine Geburtstagsfeier mit Brunch ben\u00f6tigt ein sch\u00f6nes Ambiente. Und was passt da besser als eine sch\u00f6ne Tischdekoration mit weihnachtlichem Flair. <b>Aus dem Hause Mank<\/b> kommt eine tolle Serie p\u00fcnktlich zur Weihnachtszeit &#8211; Sammy in Bordeaux oder Braun. Je nachdem, ob man die Tischdeko lieber etwas gedeckter oder farbenfroher haben m\u00f6chte, f\u00e4llt man die Wahl. Eines ist sicher: ganz gleich, wie die Wahl ausf\u00e4llt, diese Tischdeko wird ihre Bewunderer erhalten. Oder wie w\u00e4re es aus einer Kombination beider Farben? Ein toller Akzent, mit dem Sie die Tischdeko zum Geburtstagsbrunch in der Vorweihnachtszeit ausstatten k\u00f6nnen.<br \/>\nElche sind das Hauptmotiv dieser Mank-Serie und sind mal ein etwas anderes Motiv f\u00fcr die Accessoires der Tischdekoration. Ein Hauch nordischen Flairs liegt in der Luft, kombiniert mit wundersch\u00f6nen Farben und einer au\u00dfergew\u00f6hnlichen Qualit\u00e4t. Mank-Produkte verf\u00fcgen \u00fcber den <b>Textilcharakter<\/b>, der der Serie nicht nur den edlen Aspekt verleiht, sondern ein Wohlf\u00fchlgef\u00fchl verleiht.<\/p>\n<p><a role=\"button\" href=\"https:\/\/www.tafeldeko.de\/tischdeko-ideen\/weihnachts-tischdeko\/\"><br \/>\n&gt;&gt; Zu den Mustertischen &lt;&lt;<br \/>\n<\/a><\/p>\n<h2>Weitere Beitr\u00e4ge:<\/h2>\n<h2>Dekoartikel von A-Z<\/h2>\n<p><a href=\"https:\/\/www.tafeldeko.de\/tischdeko-artikel\/\"><br \/>\nJetzt entdecken <\/a><\/p>\n","protected":false},"excerpt":{"rendered":"<p>Man soll die Feste wie sie feiern &#8211; das gilt auch f\u00fcr die Feierlichkeiten um die Weihnachtszeit. Auch wenn wir bereits mit Weihnachten und Silvester einige Festtage vor uns haben, einen anderen Anlass sollte man deshalb nicht ausfallen lassen. Gerade Geburtstage sind tolle Anl\u00e4sse, die dem Geburtstagskind mit der gesamten G\u00e4steschar Freude bereiten &#8211; und das zu jeder Zeit.<br \/>\nDas Sch\u00f6ne an einer Geburtstagsfeier vor Weihnachten &#8211; man kann die Deko mit einem weihnachtlichen Touch versehen, wodurch ein toller Effekt entsteht.<\/p>\n","protected":false},"author":2,"featured_media":2543,"comment_status":"open","ping_status":"open","sticky":false,"template":"","format":"standard","meta":{"footnotes":""},"categories":[1],"tags":[],"yoast_head":"<!-- This site is optimized with the Yoast SEO plugin v20.4 - https:\/\/yoast.com\/wordpress\/plugins\/seo\/ -->\n<title>Tischdeko zum weihnachtlichen Brunch - Tafeldeko<\/title>\n<meta name=\"description\" content=\"Tischdeko zum weihnachtlichen Brunch bietet ein tolles Ambiente. Mit den Servietten Sammy Bordeaux von Mank sorgen Sie f\u00fcr das...\" \/>\n<meta name=\"robots\" content=\"index, follow, max-snippet:-1, max-image-preview:large, max-video-preview:-1\" \/>\n<link rel=\"canonical\" href=\"https:\/\/www.tafeldeko.de\/news\/tischdeko-zum-weihnachtlichen-brunch\/\" \/>\n<meta property=\"og:locale\" content=\"de_DE\" \/>\n<meta property=\"og:type\" content=\"article\" \/>\n<meta property=\"og:title\" content=\"Tischdeko zum weihnachtlichen Brunch - Tafeldeko\" \/>\n<meta property=\"og:description\" content=\"Tischdeko zum weihnachtlichen Brunch bietet ein tolles Ambiente. Mit den Servietten Sammy Bordeaux von Mank sorgen Sie f\u00fcr das...\" \/>\n<meta property=\"og:url\" content=\"https:\/\/www.tafeldeko.de\/news\/tischdeko-zum-weihnachtlichen-brunch\/\" \/>\n<meta property=\"og:site_name\" content=\"Tafeldeko\" \/>\n<meta property=\"article:publisher\" content=\"https:\/\/www.facebook.com\/pages\/Tafeldeko-einzigartige-Tischdekoration\/174202655894\" \/>\n<meta property=\"article:published_time\" content=\"2013-12-02T17:02:57+00:00\" \/>\n<meta property=\"article:modified_time\" content=\"2023-02-20T11:47:43+00:00\" \/>\n<meta property=\"og:image\" content=\"https:\/\/www.tafeldeko.de\/news\/wp-content\/uploads\/2014\/09\/sammy_bordeaux.jpg\" \/>\n\t<meta property=\"og:image:width\" content=\"226\" \/>\n\t<meta property=\"og:image:height\" content=\"154\" \/>\n\t<meta property=\"og:image:type\" content=\"image\/jpeg\" \/>\n<meta name=\"author\" content=\"Christiane Stein\" \/>\n<meta name=\"twitter:label1\" content=\"Verfasst von\" \/>\n\t<meta name=\"twitter:data1\" content=\"Christiane Stein\" \/>\n\t<meta name=\"twitter:label2\" content=\"Gesch\u00e4tzte Lesezeit\" \/>\n\t<meta name=\"twitter:data2\" content=\"2 Minuten\" \/>\n<script type=\"application\/ld+json\" class=\"yoast-schema-graph\">{\"@context\":\"https:\/\/schema.org\",\"@graph\":[{\"@type\":\"WebPage\",\"@id\":\"https:\/\/www.tafeldeko.de\/news\/tischdeko-zum-weihnachtlichen-brunch\/\",\"url\":\"https:\/\/www.tafeldeko.de\/news\/tischdeko-zum-weihnachtlichen-brunch\/\",\"name\":\"Tischdeko zum weihnachtlichen Brunch - Tafeldeko\",\"isPartOf\":{\"@id\":\"https:\/\/www.tafeldeko.de\/news\/#website\"},\"datePublished\":\"2013-12-02T17:02:57+00:00\",\"dateModified\":\"2023-02-20T11:47:43+00:00\",\"author\":{\"@id\":\"https:\/\/www.tafeldeko.de\/news\/#\/schema\/person\/d2acd86447ed0b6336089a8ba83164a0\"},\"description\":\"Tischdeko zum weihnachtlichen Brunch bietet ein tolles Ambiente. Mit den Servietten Sammy Bordeaux von Mank sorgen Sie f\u00fcr das...\",\"breadcrumb\":{\"@id\":\"https:\/\/www.tafeldeko.de\/news\/tischdeko-zum-weihnachtlichen-brunch\/#breadcrumb\"},\"inLanguage\":\"de-DE\",\"potentialAction\":[{\"@type\":\"ReadAction\",\"target\":[\"https:\/\/www.tafeldeko.de\/news\/tischdeko-zum-weihnachtlichen-brunch\/\"]}]},{\"@type\":\"BreadcrumbList\",\"@id\":\"https:\/\/www.tafeldeko.de\/news\/tischdeko-zum-weihnachtlichen-brunch\/#breadcrumb\",\"itemListElement\":[{\"@type\":\"ListItem\",\"position\":1,\"name\":\"Tafeldeko\",\"item\":\"https:\/\/www.tafeldeko.de\/news\/\"},{\"@type\":\"ListItem\",\"position\":2,\"name\":\"Alte Beitr\u00e4ge\",\"item\":\"https:\/\/www.tafeldeko.de\/news\/alte-beitraege\/\"},{\"@type\":\"ListItem\",\"position\":3,\"name\":\"Tischdeko - Blog\",\"item\":\"https:\/\/www.tafeldeko.de\/news\/alte-beitraege\/tischdeko-blog\/\"},{\"@type\":\"ListItem\",\"position\":4,\"name\":\"Tischdeko zum weihnachtlichen Brunch\"}]},{\"@type\":\"WebSite\",\"@id\":\"https:\/\/www.tafeldeko.de\/news\/#website\",\"url\":\"https:\/\/www.tafeldeko.de\/news\/\",\"name\":\"Tafeldeko\",\"description\":\"Blog mit Tischdeko und Tischdekoration Ideen\",\"potentialAction\":[{\"@type\":\"SearchAction\",\"target\":{\"@type\":\"EntryPoint\",\"urlTemplate\":\"https:\/\/www.tafeldeko.de\/news\/?s={search_term_string}\"},\"query-input\":\"required name=search_term_string\"}],\"inLanguage\":\"de-DE\"},{\"@type\":\"Person\",\"@id\":\"https:\/\/www.tafeldeko.de\/news\/#\/schema\/person\/d2acd86447ed0b6336089a8ba83164a0\",\"name\":\"Christiane Stein\",\"image\":{\"@type\":\"ImageObject\",\"inLanguage\":\"de-DE\",\"@id\":\"https:\/\/www.tafeldeko.de\/news\/#\/schema\/person\/image\/\",\"url\":\"https:\/\/secure.gravatar.com\/avatar\/2054729fbfd1ebc9d3cf1fd55361d0b6?s=96&d=mm&r=g\",\"contentUrl\":\"https:\/\/secure.gravatar.com\/avatar\/2054729fbfd1ebc9d3cf1fd55361d0b6?s=96&d=mm&r=g\",\"caption\":\"Christiane Stein\"}}]}<\/script>\n<!-- \/ Yoast SEO plugin. -->","yoast_head_json":{"title":"Tischdeko zum weihnachtlichen Brunch - Tafeldeko","description":"Tischdeko zum weihnachtlichen Brunch bietet ein tolles Ambiente. Mit den Servietten Sammy Bordeaux von Mank sorgen Sie f\u00fcr das...","robots":{"index":"index","follow":"follow","max-snippet":"max-snippet:-1","max-image-preview":"max-image-preview:large","max-video-preview":"max-video-preview:-1"},"canonical":"https:\/\/www.tafeldeko.de\/news\/tischdeko-zum-weihnachtlichen-brunch\/","og_locale":"de_DE","og_type":"article","og_title":"Tischdeko zum weihnachtlichen Brunch - Tafeldeko","og_description":"Tischdeko zum weihnachtlichen Brunch bietet ein tolles Ambiente. Mit den Servietten Sammy Bordeaux von Mank sorgen Sie f\u00fcr das...","og_url":"https:\/\/www.tafeldeko.de\/news\/tischdeko-zum-weihnachtlichen-brunch\/","og_site_name":"Tafeldeko","article_publisher":"https:\/\/www.facebook.com\/pages\/Tafeldeko-einzigartige-Tischdekoration\/174202655894","article_published_time":"2013-12-02T17:02:57+00:00","article_modified_time":"2023-02-20T11:47:43+00:00","og_image":[{"width":226,"height":154,"url":"https:\/\/www.tafeldeko.de\/news\/wp-content\/uploads\/2014\/09\/sammy_bordeaux.jpg","type":"image\/jpeg"}],"author":"Christiane Stein","twitter_misc":{"Verfasst von":"Christiane Stein","Gesch\u00e4tzte Lesezeit":"2 Minuten"},"schema":{"@context":"https:\/\/schema.org","@graph":[{"@type":"WebPage","@id":"https:\/\/www.tafeldeko.de\/news\/tischdeko-zum-weihnachtlichen-brunch\/","url":"https:\/\/www.tafeldeko.de\/news\/tischdeko-zum-weihnachtlichen-brunch\/","name":"Tischdeko zum weihnachtlichen Brunch - Tafeldeko","isPartOf":{"@id":"https:\/\/www.tafeldeko.de\/news\/#website"},"datePublished":"2013-12-02T17:02:57+00:00","dateModified":"2023-02-20T11:47:43+00:00","author":{"@id":"https:\/\/www.tafeldeko.de\/news\/#\/schema\/person\/d2acd86447ed0b6336089a8ba83164a0"},"description":"Tischdeko zum weihnachtlichen Brunch bietet ein tolles Ambiente. Mit den Servietten Sammy Bordeaux von Mank sorgen Sie f\u00fcr das...","breadcrumb":{"@id":"https:\/\/www.tafeldeko.de\/news\/tischdeko-zum-weihnachtlichen-brunch\/#breadcrumb"},"inLanguage":"de-DE","potentialAction":[{"@type":"ReadAction","target":["https:\/\/www.tafeldeko.de\/news\/tischdeko-zum-weihnachtlichen-brunch\/"]}]},{"@type":"BreadcrumbList","@id":"https:\/\/www.tafeldeko.de\/news\/tischdeko-zum-weihnachtlichen-brunch\/#breadcrumb","itemListElement":[{"@type":"ListItem","position":1,"name":"Tafeldeko","item":"https:\/\/www.tafeldeko.de\/news\/"},{"@type":"ListItem","position":2,"name":"Alte Beitr\u00e4ge","item":"https:\/\/www.tafeldeko.de\/news\/alte-beitraege\/"},{"@type":"ListItem","position":3,"name":"Tischdeko - Blog","item":"https:\/\/www.tafeldeko.de\/news\/alte-beitraege\/tischdeko-blog\/"},{"@type":"ListItem","position":4,"name":"Tischdeko zum weihnachtlichen Brunch"}]},{"@type":"WebSite","@id":"https:\/\/www.tafeldeko.de\/news\/#website","url":"https:\/\/www.tafeldeko.de\/news\/","name":"Tafeldeko","description":"Blog mit Tischdeko und Tischdekoration Ideen","potentialAction":[{"@type":"SearchAction","target":{"@type":"EntryPoint","urlTemplate":"https:\/\/www.tafeldeko.de\/news\/?s={search_term_string}"},"query-input":"required name=search_term_string"}],"inLanguage":"de-DE"},{"@type":"Person","@id":"https:\/\/www.tafeldeko.de\/news\/#\/schema\/person\/d2acd86447ed0b6336089a8ba83164a0","name":"Christiane Stein","image":{"@type":"ImageObject","inLanguage":"de-DE","@id":"https:\/\/www.tafeldeko.de\/news\/#\/schema\/person\/image\/","url":"https:\/\/secure.gravatar.com\/avatar\/2054729fbfd1ebc9d3cf1fd55361d0b6?s=96&d=mm&r=g","contentUrl":"https:\/\/secure.gravatar.com\/avatar\/2054729fbfd1ebc9d3cf1fd55361d0b6?s=96&d=mm&r=g","caption":"Christiane Stein"}}]}},"_links":{"self":[{"href":"https:\/\/www.tafeldeko.de\/news\/wp-json\/wp\/v2\/posts\/2542"}],"collection":[{"href":"https:\/\/www.tafeldeko.de\/news\/wp-json\/wp\/v2\/posts"}],"about":[{"href":"https:\/\/www.tafeldeko.de\/news\/wp-json\/wp\/v2\/types\/post"}],"author":[{"embeddable":true,"href":"https:\/\/www.tafeldeko.de\/news\/wp-json\/wp\/v2\/users\/2"}],"replies":[{"embeddable":true,"href":"https:\/\/www.tafeldeko.de\/news\/wp-json\/wp\/v2\/comments?post=2542"}],"version-history":[{"count":5,"href":"https:\/\/www.tafeldeko.de\/news\/wp-json\/wp\/v2\/posts\/2542\/revisions"}],"predecessor-version":[{"id":23981,"href":"https:\/\/www.tafeldeko.de\/news\/wp-json\/wp\/v2\/posts\/2542\/revisions\/23981"}],"wp:featuredmedia":[{"embeddable":true,"href":"https:\/\/www.tafeldeko.de\/news\/wp-json\/wp\/v2\/media\/2543"}],"wp:attachment":[{"href":"https:\/\/www.tafeldeko.de\/news\/wp-json\/wp\/v2\/media?parent=2542"}],"wp:term":[{"taxonomy":"category","embeddable":true,"href":"https:\/\/www.tafeldeko.de\/news\/wp-json\/wp\/v2\/categories?post=2542"},{"taxonomy":"post_tag","embeddable":true,"href":"https:\/\/www.tafeldeko.de\/news\/wp-json\/wp\/v2\/tags?post=2542"}],"curies":[{"name":"wp","href":"https:\/\/api.w.org\/{rel}","templated":true}]}}