{"id":2541,"date":"2013-11-27T18:43:25","date_gmt":"2013-11-27T16:43:25","guid":{"rendered":"http:\/\/www.tafeldeko.de\/news\/?p=2541"},"modified":"2023-02-20T13:29:35","modified_gmt":"2023-02-20T12:29:35","slug":"tolle-tischdeko-ideen-fuer-jeden-anlass","status":"publish","type":"post","link":"https:\/\/www.tafeldeko.de\/news\/tolle-tischdeko-ideen-fuer-jeden-anlass\/","title":{"rendered":"Tolle Tischdeko Ideen f\u00fcr jeden Anlass"},"content":{"rendered":"<p>Originelle und sch\u00f6ne <b>Tischdeko Ideen <\/b>sind meistens dann gefragt, wenn man f\u00fcr einen besonderen Anlass oder f\u00fcr ein bestimmtes Event G\u00e4ste geladen hat. Gerade dann m\u00f6chte man f\u00fcr Gem\u00fctlichkeit sorgen und da ist eine Tischdeko genau das Richtige. Schlie\u00dflich kommt durch eine sch\u00f6ne Deko erst eine tolle Stimmung auf und die G\u00e4ste k\u00f6nnen sich an einen liebevoll gedeckten Tisch setzen.Sucht man Tischdeko Ideen zum Thema <b>Weihnachten<\/b>, kann man auf der Internetseite von Tafeldeko st\u00f6bern. Auf dieser Internetseite findet man unz\u00e4hlige Mustertische, die nicht nur in den Farben Rot, Gold und Silber gehalten. Diese Farben sind zwar die Klassiker schlechthin, aber das hei\u00dft noch lange nicht, dass es nur diese Farben sein d\u00fcrfen.<\/p>\n<p><img decoding=\"async\" loading=\"lazy\" src=\"https:\/\/www.tafeldeko.de\/news\/wp-content\/uploads\/2014\/09\/weihnachten_braun-aubergine.jpg\" sizes=\"(max-width: 481px) 100vw, 481px\" srcset=\"https:\/\/www.tafeldeko.de\/news\/wp-content\/uploads\/2014\/09\/weihnachten_braun-aubergine.jpg 481w, https:\/\/www.tafeldeko.de\/news\/wp-content\/uploads\/2014\/09\/weihnachten_braun-aubergine-300x190.jpg 300w\" alt=\"Tolle Tischdeko Ideen\" width=\"481\" height=\"305\" \/><\/p>\n<h2>Tolle Tischdeko Ideen<\/h2>\n<p>Es gibt durchaus sch\u00f6ne Alternativen, wie zum Beispiel die Farbkombination Braun und Aubergine. Dieser <a title=\"Mustertisch\" href=\"https:\/\/www.tafeldeko.de\/weihnachts-tischdeko\/\"><b>Mustertisch<\/b><\/a> setzt die unterschiedlichen dekorative Accessoires gekonnt in Szene und zaubert so ein sch\u00f6nes Gesamtbild auf den Tisch.<br \/>\nDie Kombination aus dem Adventskranzgestell Nordic mit 4 Kerzentellern und den wei\u00dfen Kugelkerzen, den Serviettenringen mit Strass und den Kunstblumen Allium in Lila sorgen f\u00fcr <b>einen tollen Blickfang<\/b>. Diese Auswahl schafft eine sch\u00f6ne und farbenfrohe Grundlage, die gewiss ihre Blicke auf sich ziehen wird. Dar\u00fcber hinaus sind Rattan Kugeln, getrocknete Orangen Scheiben und ein Windlicht zum Einsatz gekommen, die hervorragend zur <b>Tischdeko zur Weihnachtszeit <\/b>passen.<br \/>\nTischdeko Ideen gibt es rund um Weihnachten, aber auch zu anderen Anl\u00e4ssen findet am Netz. Hat man ein sch\u00f6nes Beispiel entdeckt, kann man sich \u00fcberlegen, welche dekorativen Accessoires ben\u00f6tigt werden und dann kann man diese in Nu umsetzen. Jeder kann eine sch\u00f6ne und originelle Tischdekoration kreieren &#8211; man muss sich nur dieser kreativen Herausforderung stellen.<\/p>\n<p><a role=\"button\" href=\"https:\/\/www.tafeldeko.de\/tischdeko-ideen\/\"><br \/>\n&gt;&gt; Zu den Mustertischen &lt;&lt;<br \/>\n<\/a><\/p>\n<h2>Weitere Beitr\u00e4ge:<\/h2>\n<h2>Dekoartikel von A-Z<\/h2>\n<p><a href=\"https:\/\/www.tafeldeko.de\/tischdeko-artikel\/\"><br \/>\nJetzt entdecken <\/a><\/p>\n","protected":false},"excerpt":{"rendered":"<p>Originelle und sch\u00f6ne Tischdeko Ideen sind meistens dann gefragt, wenn man f\u00fcr einen besonderen Anlass oder f\u00fcr ein bestimmtes Event G\u00e4ste geladen hat. Gerade dann m\u00f6chte man f\u00fcr Gem\u00fctlichkeit sorgen und da ist eine Tischdeko genau das Richtige.<\/p>\n","protected":false},"author":2,"featured_media":2409,"comment_status":"open","ping_status":"open","sticky":false,"template":"","format":"standard","meta":{"footnotes":""},"categories":[1],"tags":[],"yoast_head":"<!-- This site is optimized with the Yoast SEO plugin v20.4 - https:\/\/yoast.com\/wordpress\/plugins\/seo\/ -->\n<title>Tolle Tischdeko Ideen f\u00fcr jeden Anlass - Tafeldeko<\/title>\n<meta name=\"description\" content=\"Wundersch\u00f6ne Tischdeko zu Weihnachten in Braun und Aubergine - ein echter Blickfang. Diese Farbkombination hat es in sich.\" \/>\n<meta name=\"robots\" content=\"index, follow, max-snippet:-1, max-image-preview:large, max-video-preview:-1\" \/>\n<link rel=\"canonical\" href=\"https:\/\/www.tafeldeko.de\/news\/tolle-tischdeko-ideen-fuer-jeden-anlass\/\" \/>\n<meta property=\"og:locale\" content=\"de_DE\" \/>\n<meta property=\"og:type\" content=\"article\" \/>\n<meta property=\"og:title\" content=\"Tolle Tischdeko Ideen f\u00fcr jeden Anlass - Tafeldeko\" \/>\n<meta property=\"og:description\" content=\"Wundersch\u00f6ne Tischdeko zu Weihnachten in Braun und Aubergine - ein echter Blickfang. Diese Farbkombination hat es in sich.\" \/>\n<meta property=\"og:url\" content=\"https:\/\/www.tafeldeko.de\/news\/tolle-tischdeko-ideen-fuer-jeden-anlass\/\" \/>\n<meta property=\"og:site_name\" content=\"Tafeldeko\" \/>\n<meta property=\"article:publisher\" content=\"https:\/\/www.facebook.com\/pages\/Tafeldeko-einzigartige-Tischdekoration\/174202655894\" \/>\n<meta property=\"article:published_time\" content=\"2013-11-27T16:43:25+00:00\" \/>\n<meta property=\"article:modified_time\" content=\"2023-02-20T12:29:35+00:00\" \/>\n<meta property=\"og:image\" content=\"https:\/\/www.tafeldeko.de\/news\/wp-content\/uploads\/2014\/09\/weihnachten_braun-aubergine.jpg\" \/>\n\t<meta property=\"og:image:width\" content=\"481\" \/>\n\t<meta property=\"og:image:height\" content=\"305\" \/>\n\t<meta property=\"og:image:type\" content=\"image\/jpeg\" \/>\n<meta name=\"author\" content=\"Christiane Stein\" \/>\n<meta name=\"twitter:label1\" content=\"Verfasst von\" \/>\n\t<meta name=\"twitter:data1\" content=\"Christiane Stein\" \/>\n\t<meta name=\"twitter:label2\" content=\"Gesch\u00e4tzte Lesezeit\" \/>\n\t<meta name=\"twitter:data2\" content=\"2 Minuten\" \/>\n<script type=\"application\/ld+json\" class=\"yoast-schema-graph\">{\"@context\":\"https:\/\/schema.org\",\"@graph\":[{\"@type\":\"WebPage\",\"@id\":\"https:\/\/www.tafeldeko.de\/news\/tolle-tischdeko-ideen-fuer-jeden-anlass\/\",\"url\":\"https:\/\/www.tafeldeko.de\/news\/tolle-tischdeko-ideen-fuer-jeden-anlass\/\",\"name\":\"Tolle Tischdeko Ideen f\u00fcr jeden Anlass - Tafeldeko\",\"isPartOf\":{\"@id\":\"https:\/\/www.tafeldeko.de\/news\/#website\"},\"datePublished\":\"2013-11-27T16:43:25+00:00\",\"dateModified\":\"2023-02-20T12:29:35+00:00\",\"author\":{\"@id\":\"https:\/\/www.tafeldeko.de\/news\/#\/schema\/person\/d2acd86447ed0b6336089a8ba83164a0\"},\"description\":\"Wundersch\u00f6ne Tischdeko zu Weihnachten in Braun und Aubergine - ein echter Blickfang. Diese Farbkombination hat es in sich.\",\"breadcrumb\":{\"@id\":\"https:\/\/www.tafeldeko.de\/news\/tolle-tischdeko-ideen-fuer-jeden-anlass\/#breadcrumb\"},\"inLanguage\":\"de-DE\",\"potentialAction\":[{\"@type\":\"ReadAction\",\"target\":[\"https:\/\/www.tafeldeko.de\/news\/tolle-tischdeko-ideen-fuer-jeden-anlass\/\"]}]},{\"@type\":\"BreadcrumbList\",\"@id\":\"https:\/\/www.tafeldeko.de\/news\/tolle-tischdeko-ideen-fuer-jeden-anlass\/#breadcrumb\",\"itemListElement\":[{\"@type\":\"ListItem\",\"position\":1,\"name\":\"Tafeldeko\",\"item\":\"https:\/\/www.tafeldeko.de\/news\/\"},{\"@type\":\"ListItem\",\"position\":2,\"name\":\"Alte Beitr\u00e4ge\",\"item\":\"https:\/\/www.tafeldeko.de\/news\/alte-beitraege\/\"},{\"@type\":\"ListItem\",\"position\":3,\"name\":\"Tischdeko - Blog\",\"item\":\"https:\/\/www.tafeldeko.de\/news\/alte-beitraege\/tischdeko-blog\/\"},{\"@type\":\"ListItem\",\"position\":4,\"name\":\"Tolle Tischdeko Ideen f\u00fcr jeden Anlass\"}]},{\"@type\":\"WebSite\",\"@id\":\"https:\/\/www.tafeldeko.de\/news\/#website\",\"url\":\"https:\/\/www.tafeldeko.de\/news\/\",\"name\":\"Tafeldeko\",\"description\":\"Blog mit Tischdeko und Tischdekoration Ideen\",\"potentialAction\":[{\"@type\":\"SearchAction\",\"target\":{\"@type\":\"EntryPoint\",\"urlTemplate\":\"https:\/\/www.tafeldeko.de\/news\/?s={search_term_string}\"},\"query-input\":\"required name=search_term_string\"}],\"inLanguage\":\"de-DE\"},{\"@type\":\"Person\",\"@id\":\"https:\/\/www.tafeldeko.de\/news\/#\/schema\/person\/d2acd86447ed0b6336089a8ba83164a0\",\"name\":\"Christiane Stein\",\"image\":{\"@type\":\"ImageObject\",\"inLanguage\":\"de-DE\",\"@id\":\"https:\/\/www.tafeldeko.de\/news\/#\/schema\/person\/image\/\",\"url\":\"https:\/\/secure.gravatar.com\/avatar\/2054729fbfd1ebc9d3cf1fd55361d0b6?s=96&d=mm&r=g\",\"contentUrl\":\"https:\/\/secure.gravatar.com\/avatar\/2054729fbfd1ebc9d3cf1fd55361d0b6?s=96&d=mm&r=g\",\"caption\":\"Christiane Stein\"}}]}<\/script>\n<!-- \/ Yoast SEO plugin. -->","yoast_head_json":{"title":"Tolle Tischdeko Ideen f\u00fcr jeden Anlass - Tafeldeko","description":"Wundersch\u00f6ne Tischdeko zu Weihnachten in Braun und Aubergine - ein echter Blickfang. Diese Farbkombination hat es in sich.","robots":{"index":"index","follow":"follow","max-snippet":"max-snippet:-1","max-image-preview":"max-image-preview:large","max-video-preview":"max-video-preview:-1"},"canonical":"https:\/\/www.tafeldeko.de\/news\/tolle-tischdeko-ideen-fuer-jeden-anlass\/","og_locale":"de_DE","og_type":"article","og_title":"Tolle Tischdeko Ideen f\u00fcr jeden Anlass - Tafeldeko","og_description":"Wundersch\u00f6ne Tischdeko zu Weihnachten in Braun und Aubergine - ein echter Blickfang. Diese Farbkombination hat es in sich.","og_url":"https:\/\/www.tafeldeko.de\/news\/tolle-tischdeko-ideen-fuer-jeden-anlass\/","og_site_name":"Tafeldeko","article_publisher":"https:\/\/www.facebook.com\/pages\/Tafeldeko-einzigartige-Tischdekoration\/174202655894","article_published_time":"2013-11-27T16:43:25+00:00","article_modified_time":"2023-02-20T12:29:35+00:00","og_image":[{"width":481,"height":305,"url":"https:\/\/www.tafeldeko.de\/news\/wp-content\/uploads\/2014\/09\/weihnachten_braun-aubergine.jpg","type":"image\/jpeg"}],"author":"Christiane Stein","twitter_misc":{"Verfasst von":"Christiane Stein","Gesch\u00e4tzte Lesezeit":"2 Minuten"},"schema":{"@context":"https:\/\/schema.org","@graph":[{"@type":"WebPage","@id":"https:\/\/www.tafeldeko.de\/news\/tolle-tischdeko-ideen-fuer-jeden-anlass\/","url":"https:\/\/www.tafeldeko.de\/news\/tolle-tischdeko-ideen-fuer-jeden-anlass\/","name":"Tolle Tischdeko Ideen f\u00fcr jeden Anlass - Tafeldeko","isPartOf":{"@id":"https:\/\/www.tafeldeko.de\/news\/#website"},"datePublished":"2013-11-27T16:43:25+00:00","dateModified":"2023-02-20T12:29:35+00:00","author":{"@id":"https:\/\/www.tafeldeko.de\/news\/#\/schema\/person\/d2acd86447ed0b6336089a8ba83164a0"},"description":"Wundersch\u00f6ne Tischdeko zu Weihnachten in Braun und Aubergine - ein echter Blickfang. Diese Farbkombination hat es in sich.","breadcrumb":{"@id":"https:\/\/www.tafeldeko.de\/news\/tolle-tischdeko-ideen-fuer-jeden-anlass\/#breadcrumb"},"inLanguage":"de-DE","potentialAction":[{"@type":"ReadAction","target":["https:\/\/www.tafeldeko.de\/news\/tolle-tischdeko-ideen-fuer-jeden-anlass\/"]}]},{"@type":"BreadcrumbList","@id":"https:\/\/www.tafeldeko.de\/news\/tolle-tischdeko-ideen-fuer-jeden-anlass\/#breadcrumb","itemListElement":[{"@type":"ListItem","position":1,"name":"Tafeldeko","item":"https:\/\/www.tafeldeko.de\/news\/"},{"@type":"ListItem","position":2,"name":"Alte Beitr\u00e4ge","item":"https:\/\/www.tafeldeko.de\/news\/alte-beitraege\/"},{"@type":"ListItem","position":3,"name":"Tischdeko - Blog","item":"https:\/\/www.tafeldeko.de\/news\/alte-beitraege\/tischdeko-blog\/"},{"@type":"ListItem","position":4,"name":"Tolle Tischdeko Ideen f\u00fcr jeden Anlass"}]},{"@type":"WebSite","@id":"https:\/\/www.tafeldeko.de\/news\/#website","url":"https:\/\/www.tafeldeko.de\/news\/","name":"Tafeldeko","description":"Blog mit Tischdeko und Tischdekoration Ideen","potentialAction":[{"@type":"SearchAction","target":{"@type":"EntryPoint","urlTemplate":"https:\/\/www.tafeldeko.de\/news\/?s={search_term_string}"},"query-input":"required name=search_term_string"}],"inLanguage":"de-DE"},{"@type":"Person","@id":"https:\/\/www.tafeldeko.de\/news\/#\/schema\/person\/d2acd86447ed0b6336089a8ba83164a0","name":"Christiane Stein","image":{"@type":"ImageObject","inLanguage":"de-DE","@id":"https:\/\/www.tafeldeko.de\/news\/#\/schema\/person\/image\/","url":"https:\/\/secure.gravatar.com\/avatar\/2054729fbfd1ebc9d3cf1fd55361d0b6?s=96&d=mm&r=g","contentUrl":"https:\/\/secure.gravatar.com\/avatar\/2054729fbfd1ebc9d3cf1fd55361d0b6?s=96&d=mm&r=g","caption":"Christiane Stein"}}]}},"_links":{"self":[{"href":"https:\/\/www.tafeldeko.de\/news\/wp-json\/wp\/v2\/posts\/2541"}],"collection":[{"href":"https:\/\/www.tafeldeko.de\/news\/wp-json\/wp\/v2\/posts"}],"about":[{"href":"https:\/\/www.tafeldeko.de\/news\/wp-json\/wp\/v2\/types\/post"}],"author":[{"embeddable":true,"href":"https:\/\/www.tafeldeko.de\/news\/wp-json\/wp\/v2\/users\/2"}],"replies":[{"embeddable":true,"href":"https:\/\/www.tafeldeko.de\/news\/wp-json\/wp\/v2\/comments?post=2541"}],"version-history":[{"count":5,"href":"https:\/\/www.tafeldeko.de\/news\/wp-json\/wp\/v2\/posts\/2541\/revisions"}],"predecessor-version":[{"id":24003,"href":"https:\/\/www.tafeldeko.de\/news\/wp-json\/wp\/v2\/posts\/2541\/revisions\/24003"}],"wp:featuredmedia":[{"embeddable":true,"href":"https:\/\/www.tafeldeko.de\/news\/wp-json\/wp\/v2\/media\/2409"}],"wp:attachment":[{"href":"https:\/\/www.tafeldeko.de\/news\/wp-json\/wp\/v2\/media?parent=2541"}],"wp:term":[{"taxonomy":"category","embeddable":true,"href":"https:\/\/www.tafeldeko.de\/news\/wp-json\/wp\/v2\/categories?post=2541"},{"taxonomy":"post_tag","embeddable":true,"href":"https:\/\/www.tafeldeko.de\/news\/wp-json\/wp\/v2\/tags?post=2541"}],"curies":[{"name":"wp","href":"https:\/\/api.w.org\/{rel}","templated":true}]}}